{"id":81289,"date":"2023-07-19T21:00:45","date_gmt":"2023-07-20T03:00:45","guid":{"rendered":"https:\/\/www.aliados17.com\/?p=81289"},"modified":"2023-07-19T21:00:45","modified_gmt":"2023-07-20T03:00:45","slug":"16-de-septiembre-se-convertira-en-corredor-de-prioridad-peatonal-en-puebla-capital","status":"publish","type":"post","link":"https:\/\/www.aliadospuebla.com\/?p=81289","title":{"rendered":"16 DE SEPTIEMBRE SE CONVERTIR\u00c1 EN CORREDOR DE PRIORIDAD PEATONAL EN PUEBLA CAPITAL"},"content":{"rendered":"<h4>Las obras comenzar\u00e1n el pr\u00f3ximo lunes 24 de julio y considera la peatonalizaci\u00f3n permanente del tramo que va de la 7 Oriente-Poniente a la Avenida Juan de Palafox y Mendoza.<\/h4>\n<p>Con una inversi\u00f3n de 24 millones de pesos, el Gobierno del Municipio de Puebla<\/p>\n<p>intervendr\u00e1 de forma integral la 16 de Septiembre, a fin de mejorar su infraestructura<\/p>\n<p>y condiciones de seguridad vial mediante un nuevo dise\u00f1o urbano<\/p>\n<p>que ir\u00e1 desde la calle 17 Oriente-Poniente hasta la avenida Juan de Palafox y Mendoza.<\/p>\n<p>As\u00ed lo detall\u00f3 en rueda de prensa Ad\u00e1n Dom\u00ednguez S\u00e1nchez, Gerente Municipal,<\/p>\n<p>luego de aclarar que tal y como ya se socializ\u00f3 con comit\u00e9s vecinales, asociaciones civiles,<\/p>\n<p>comercios, restaurantes, hoteles, consejos ciudadanos del Centro Hist\u00f3rico, de Movilidad,<\/p>\n<p>Turismo, Personas a favor de la accesibilidad universal, c\u00e1maras como CANIRAC y CANACO,<\/p>\n<p>entre otros actores del sector; el proyecto considera la peatonalizaci\u00f3n permanente<\/p>\n<p>del tramo que va de la 7 Oriente-Poniente a Juan de Palafox y Mendoza.<\/p>\n<p>Bajo un nuevo dise\u00f1o de calle, la 16 de Septiembre se convertir\u00e1<\/p>\n<p>en un corredor de prioridad peatonal con un solo carril vehicular central<\/p>\n<p>de la 17 a la 7 Oriente-Poniente, arbolado, jardines de lluvia, mobiliario urbano,<\/p>\n<p>delimitaci\u00f3n de \u00e1reas peatonales, as\u00ed como de carga y descarga, bah\u00edas de ascenso y descenso,<\/p>\n<p>consolidando la zona 30 en esta v\u00eda, apunt\u00f3 Berenice Vidal Castel\u00e1n,<\/p>\n<p>Gerente del Centro Hist\u00f3rico y Patrimonio Cultural.<\/p>\n<p>Ser\u00e1 as\u00ed que los 24 millones de pesos se utilizar\u00e1n para restituir el pavimento, fortalecer la red de drenaje y dar mantenimiento a luminarias, detallaron conjuntamente Edgar V\u00e9lez Tirado y Armando Barrientos Lezama, Secretario y Subsecretario de Infraestructura, por lo que las obras comenzar\u00e1n este 24 de julio, desarroll\u00e1ndose en cuatro etapas:<br \/>\n&#8211; 1) De la 17 a la 13 Oriente-Poniente<br \/>\n&#8211; 2) De la 13 a la 9 Oriente-Poniente<br \/>\n&#8211; 3) De la 9 a la 5 Oriente-Poniente<br \/>\n&#8211; 4) De la 5 Oriente-Poniente a Juan de Palafox y Mendoza<\/p>\n<p>A lo largo del mes y medio que durar\u00e1 esta intervenci\u00f3n la Direcci\u00f3n de Control de Tr\u00e1nsito, que comanda Mar\u00eda del Rayo Ram\u00edrez Polo, garantizar\u00e1 que la 4, 5 y 9 Sur, 11 Norte &#8211; Sur, as\u00ed como el bulevar 5 de Mayo, funjan como v\u00edas alternas. Adem\u00e1s, de acuerdo con Rub\u00ed V\u00e1zquez Cruz, Subsecretaria de Movilidad, las Rutas 4 y 77A del transporte p\u00fablico tendr\u00e1n desv\u00edos en sus recorridos:<br \/>\n&#8211; La ruta 4 tendr\u00e1 un nuevo recorrido sobre la 16 de Septiembre, dando vuelta a la derecha sobre 17 Oriente, vuelta a la izquierda en 4 Sur, vuelta a la izquierda en 11 Poniente y vuelta a la izquierda sobre 3 Sur para continuar con su ruta cotidiana.<br \/>\n&#8211; La ruta 77A transitar\u00e1 sobre 16 de Septiembre, dando vuelta a la izquierda en 19 Oriente, vuelta a la derecha sobre 5 Sur y vuelta a la izquierda en 11 Oriente para continuar su recorrido habitual.<\/p>\n<p>Con estas acciones el Ayuntamiento de Puebla que preside Eduardo Rivera P\u00e9rez busca mejorar la movilidad, la habitabilidad y la valoraci\u00f3n patrimonial del corredor de la 16 de Septiembre, as\u00ed como el impulso a la econom\u00eda local.<\/p>\n","protected":false},"excerpt":{"rendered":"<p>Las obras comenzar\u00e1n el pr\u00f3ximo lunes 24 de julio y considera la peatonalizaci\u00f3n permanente del tramo que va de la 7 Oriente-Poniente a la Avenida Juan de Palafox y Mendoza. Con una inversi\u00f3n de 24 millones de pesos, el Gobierno del Municipio de Puebla intervendr\u00e1 de forma integral la 16 de Septiembre, a fin de mejorar su infraestructura y condiciones de seguridad vial mediante un nuevo dise\u00f1o urbano que ir\u00e1 desde la calle 17 Oriente-Poniente hasta la avenida Juan de Palafox y Mendoza. As\u00ed lo detall\u00f3 en rueda de prensa Ad\u00e1n Dom\u00ednguez S\u00e1nchez, Gerente Municipal, luego de aclarar que tal y como ya se socializ\u00f3 con comit\u00e9s vecinales, asociaciones civiles, comercios, restaurantes, hoteles, consejos ciudadanos del Centro Hist\u00f3rico, de Movilidad, Turismo, Personas a favor de&hellip;<\/p>\n<p class=\"excerpt-more\"><a class=\"blog-excerpt button\" href=\"https:\/\/www.aliadospuebla.com\/?p=81289\">Leer m\u00e1s&#8230;<\/a><\/p>\n","protected":false},"author":2,"featured_media":81290,"comment_status":"open","ping_status":"open","sticky":false,"template":"","format":"standard","meta":{"_monsterinsights_skip_tracking":false,"footnotes":""},"categories":[62],"tags":[16442,17131,337,22033],"class_list":["post-81289","post","type-post","status-publish","format-standard","has-post-thumbnail","hentry","category-capital","tag-16-de-septiembre","tag-adan-dominguez","tag-infraestructura","tag-peatonalizacion"],"yoast_head":"<!-- This site is optimized with the Yoast SEO plugin v28.4 - https:\/\/yoast.com\/product\/yoast-seo-wordpress\/ -->\n<title>16 DE SEPTIEMBRE SE CONVERTIR\u00c1 EN CORREDOR DE PRIORIDAD PEATONAL EN PUEBLA CAPITAL - AliadosPuebla<\/title>\n<meta name=\"robots\" content=\"index, follow, max-snippet:-1, max-image-preview:large, max-video-preview:-1\" \/>\n<link rel=\"canonical\" href=\"https:\/\/www.aliadospuebla.com\/?p=81289\" \/>\n<meta property=\"og:locale\" content=\"es_ES\" \/>\n<meta property=\"og:type\" content=\"article\" \/>\n<meta property=\"og:title\" content=\"16 DE SEPTIEMBRE SE CONVERTIR\u00c1 EN CORREDOR DE PRIORIDAD PEATONAL EN PUEBLA CAPITAL - AliadosPuebla\" \/>\n<meta property=\"og:description\" content=\"Las obras comenzar\u00e1n el pr\u00f3ximo lunes 24 de julio y considera la peatonalizaci\u00f3n permanente del tramo que va de la 7 Oriente-Poniente a la Avenida Juan de Palafox y Mendoza. Con una inversi\u00f3n de 24 millones de pesos, el Gobierno del Municipio de Puebla intervendr\u00e1 de forma integral la 16 de Septiembre, a fin de mejorar su infraestructura y condiciones de seguridad vial mediante un nuevo dise\u00f1o urbano que ir\u00e1 desde la calle 17 Oriente-Poniente hasta la avenida Juan de Palafox y Mendoza. As\u00ed lo detall\u00f3 en rueda de prensa Ad\u00e1n Dom\u00ednguez S\u00e1nchez, Gerente Municipal, luego de aclarar que tal y como ya se socializ\u00f3 con comit\u00e9s vecinales, asociaciones civiles, comercios, restaurantes, hoteles, consejos ciudadanos del Centro Hist\u00f3rico, de Movilidad, Turismo, Personas a favor de&hellip;Leer m\u00e1s...\" \/>\n<meta property=\"og:url\" content=\"https:\/\/www.aliadospuebla.com\/?p=81289\" \/>\n<meta property=\"og:site_name\" content=\"AliadosPuebla\" \/>\n<meta property=\"article:author\" content=\"https:\/\/www.facebook.com\/Aliados17Pue\" \/>\n<meta property=\"article:published_time\" content=\"2023-07-20T03:00:45+00:00\" \/>\n<meta property=\"og:image\" content=\"https:\/\/www.aliadospuebla.com\/web2017\/wp-content\/uploads\/2023\/07\/74.jpg\" \/>\n\t<meta property=\"og:image:width\" content=\"600\" \/>\n\t<meta property=\"og:image:height\" content=\"450\" \/>\n\t<meta property=\"og:image:type\" content=\"image\/jpeg\" \/>\n<meta name=\"author\" content=\"Aliados17\" \/>\n<meta name=\"twitter:card\" content=\"summary_large_image\" \/>\n<meta name=\"twitter:creator\" content=\"@AliadosPuebla\" \/>\n<meta name=\"twitter:label1\" content=\"Escrito por\" \/>\n\t<meta name=\"twitter:data1\" content=\"Aliados17\" \/>\n\t<meta name=\"twitter:label2\" content=\"Tiempo de lectura\" \/>\n\t<meta name=\"twitter:data2\" content=\"3 minutos\" \/>\n<script type=\"application\/ld+json\" class=\"yoast-schema-graph\">{\"@context\":\"https:\\\/\\\/schema.org\",\"@graph\":[{\"@type\":\"Article\",\"@id\":\"https:\\\/\\\/www.aliadospuebla.com\\\/?p=81289#article\",\"isPartOf\":{\"@id\":\"https:\\\/\\\/www.aliadospuebla.com\\\/?p=81289\"},\"author\":{\"name\":\"Aliados17\",\"@id\":\"https:\\\/\\\/www.aliadospuebla.com\\\/#\\\/schema\\\/person\\\/5da7dd09320bd4f392b710017ed5f8ad\"},\"headline\":\"16 DE SEPTIEMBRE SE CONVERTIR\u00c1 EN CORREDOR DE PRIORIDAD PEATONAL EN PUEBLA CAPITAL\",\"datePublished\":\"2023-07-20T03:00:45+00:00\",\"mainEntityOfPage\":{\"@id\":\"https:\\\/\\\/www.aliadospuebla.com\\\/?p=81289\"},\"wordCount\":520,\"commentCount\":0,\"image\":{\"@id\":\"https:\\\/\\\/www.aliadospuebla.com\\\/?p=81289#primaryimage\"},\"thumbnailUrl\":\"https:\\\/\\\/www.aliadospuebla.com\\\/web2017\\\/wp-content\\\/uploads\\\/2023\\\/07\\\/74.jpg\",\"keywords\":[\"16 DE SEPTIEMBRE\",\"Ad\u00e1n Dom\u00ednguez\",\"INFRAESTRUCTURA\",\"peatonalizaci\u00f3n\"],\"articleSection\":[\"Capital\"],\"inLanguage\":\"es\",\"potentialAction\":[{\"@type\":\"CommentAction\",\"name\":\"Comment\",\"target\":[\"https:\\\/\\\/www.aliadospuebla.com\\\/?p=81289#respond\"]}]},{\"@type\":\"WebPage\",\"@id\":\"https:\\\/\\\/www.aliadospuebla.com\\\/?p=81289\",\"url\":\"https:\\\/\\\/www.aliadospuebla.com\\\/?p=81289\",\"name\":\"16 DE SEPTIEMBRE SE CONVERTIR\u00c1 EN CORREDOR DE PRIORIDAD PEATONAL EN PUEBLA CAPITAL - AliadosPuebla\",\"isPartOf\":{\"@id\":\"https:\\\/\\\/www.aliadospuebla.com\\\/#website\"},\"primaryImageOfPage\":{\"@id\":\"https:\\\/\\\/www.aliadospuebla.com\\\/?p=81289#primaryimage\"},\"image\":{\"@id\":\"https:\\\/\\\/www.aliadospuebla.com\\\/?p=81289#primaryimage\"},\"thumbnailUrl\":\"https:\\\/\\\/www.aliadospuebla.com\\\/web2017\\\/wp-content\\\/uploads\\\/2023\\\/07\\\/74.jpg\",\"datePublished\":\"2023-07-20T03:00:45+00:00\",\"author\":{\"@id\":\"https:\\\/\\\/www.aliadospuebla.com\\\/#\\\/schema\\\/person\\\/5da7dd09320bd4f392b710017ed5f8ad\"},\"breadcrumb\":{\"@id\":\"https:\\\/\\\/www.aliadospuebla.com\\\/?p=81289#breadcrumb\"},\"inLanguage\":\"es\",\"potentialAction\":[{\"@type\":\"ReadAction\",\"target\":[\"https:\\\/\\\/www.aliadospuebla.com\\\/?p=81289\"]}]},{\"@type\":\"ImageObject\",\"inLanguage\":\"es\",\"@id\":\"https:\\\/\\\/www.aliadospuebla.com\\\/?p=81289#primaryimage\",\"url\":\"https:\\\/\\\/www.aliadospuebla.com\\\/web2017\\\/wp-content\\\/uploads\\\/2023\\\/07\\\/74.jpg\",\"contentUrl\":\"https:\\\/\\\/www.aliadospuebla.com\\\/web2017\\\/wp-content\\\/uploads\\\/2023\\\/07\\\/74.jpg\",\"width\":600,\"height\":450},{\"@type\":\"BreadcrumbList\",\"@id\":\"https:\\\/\\\/www.aliadospuebla.com\\\/?p=81289#breadcrumb\",\"itemListElement\":[{\"@type\":\"ListItem\",\"position\":1,\"name\":\"Portada\",\"item\":\"https:\\\/\\\/www.aliadospuebla.com\\\/\"},{\"@type\":\"ListItem\",\"position\":2,\"name\":\"16 DE SEPTIEMBRE SE CONVERTIR\u00c1 EN CORREDOR DE PRIORIDAD PEATONAL EN PUEBLA CAPITAL\"}]},{\"@type\":\"WebSite\",\"@id\":\"https:\\\/\\\/www.aliadospuebla.com\\\/#website\",\"url\":\"https:\\\/\\\/www.aliadospuebla.com\\\/\",\"name\":\"AliadosPuebla\",\"description\":\"La informaci\u00f3n en tus manos\",\"potentialAction\":[{\"@type\":\"SearchAction\",\"target\":{\"@type\":\"EntryPoint\",\"urlTemplate\":\"https:\\\/\\\/www.aliadospuebla.com\\\/?s={search_term_string}\"},\"query-input\":{\"@type\":\"PropertyValueSpecification\",\"valueRequired\":true,\"valueName\":\"search_term_string\"}}],\"inLanguage\":\"es\"},{\"@type\":\"Person\",\"@id\":\"https:\\\/\\\/www.aliadospuebla.com\\\/#\\\/schema\\\/person\\\/5da7dd09320bd4f392b710017ed5f8ad\",\"name\":\"Aliados17\",\"image\":{\"@type\":\"ImageObject\",\"inLanguage\":\"es\",\"@id\":\"https:\\\/\\\/www.aliadospuebla.com\\\/web2017\\\/wp-content\\\/uploads\\\/2025\\\/03\\\/cropped-para-perfil-8-anos-1-96x96.jpg\",\"url\":\"https:\\\/\\\/www.aliadospuebla.com\\\/web2017\\\/wp-content\\\/uploads\\\/2025\\\/03\\\/cropped-para-perfil-8-anos-1-96x96.jpg\",\"contentUrl\":\"https:\\\/\\\/www.aliadospuebla.com\\\/web2017\\\/wp-content\\\/uploads\\\/2025\\\/03\\\/cropped-para-perfil-8-anos-1-96x96.jpg\",\"caption\":\"Aliados17\"},\"sameAs\":[\"https:\\\/\\\/www.aliados17.com\",\"https:\\\/\\\/www.facebook.com\\\/Aliados17Pue\",\"https:\\\/\\\/x.com\\\/AliadosPuebla\"],\"url\":\"https:\\\/\\\/www.aliadospuebla.com\\\/?author=2\"}]}<\/script>\n<!-- \/ Yoast SEO plugin. -->","yoast_head_json":{"title":"16 DE SEPTIEMBRE SE CONVERTIR\u00c1 EN CORREDOR DE PRIORIDAD PEATONAL EN PUEBLA CAPITAL - AliadosPuebla","robots":{"index":"index","follow":"follow","max-snippet":"max-snippet:-1","max-image-preview":"max-image-preview:large","max-video-preview":"max-video-preview:-1"},"canonical":"https:\/\/www.aliadospuebla.com\/?p=81289","og_locale":"es_ES","og_type":"article","og_title":"16 DE SEPTIEMBRE SE CONVERTIR\u00c1 EN CORREDOR DE PRIORIDAD PEATONAL EN PUEBLA CAPITAL - AliadosPuebla","og_description":"Las obras comenzar\u00e1n el pr\u00f3ximo lunes 24 de julio y considera la peatonalizaci\u00f3n permanente del tramo que va de la 7 Oriente-Poniente a la Avenida Juan de Palafox y Mendoza. Con una inversi\u00f3n de 24 millones de pesos, el Gobierno del Municipio de Puebla intervendr\u00e1 de forma integral la 16 de Septiembre, a fin de mejorar su infraestructura y condiciones de seguridad vial mediante un nuevo dise\u00f1o urbano que ir\u00e1 desde la calle 17 Oriente-Poniente hasta la avenida Juan de Palafox y Mendoza. As\u00ed lo detall\u00f3 en rueda de prensa Ad\u00e1n Dom\u00ednguez S\u00e1nchez, Gerente Municipal, luego de aclarar que tal y como ya se socializ\u00f3 con comit\u00e9s vecinales, asociaciones civiles, comercios, restaurantes, hoteles, consejos ciudadanos del Centro Hist\u00f3rico, de Movilidad, Turismo, Personas a favor de&hellip;Leer m\u00e1s...","og_url":"https:\/\/www.aliadospuebla.com\/?p=81289","og_site_name":"AliadosPuebla","article_author":"https:\/\/www.facebook.com\/Aliados17Pue","article_published_time":"2023-07-20T03:00:45+00:00","og_image":[{"width":600,"height":450,"url":"https:\/\/www.aliadospuebla.com\/web2017\/wp-content\/uploads\/2023\/07\/74.jpg","type":"image\/jpeg"}],"author":"Aliados17","twitter_card":"summary_large_image","twitter_creator":"@AliadosPuebla","twitter_misc":{"Escrito por":"Aliados17","Tiempo de lectura":"3 minutos"},"schema":{"@context":"https:\/\/schema.org","@graph":[{"@type":"Article","@id":"https:\/\/www.aliadospuebla.com\/?p=81289#article","isPartOf":{"@id":"https:\/\/www.aliadospuebla.com\/?p=81289"},"author":{"name":"Aliados17","@id":"https:\/\/www.aliadospuebla.com\/#\/schema\/person\/5da7dd09320bd4f392b710017ed5f8ad"},"headline":"16 DE SEPTIEMBRE SE CONVERTIR\u00c1 EN CORREDOR DE PRIORIDAD PEATONAL EN PUEBLA CAPITAL","datePublished":"2023-07-20T03:00:45+00:00","mainEntityOfPage":{"@id":"https:\/\/www.aliadospuebla.com\/?p=81289"},"wordCount":520,"commentCount":0,"image":{"@id":"https:\/\/www.aliadospuebla.com\/?p=81289#primaryimage"},"thumbnailUrl":"https:\/\/www.aliadospuebla.com\/web2017\/wp-content\/uploads\/2023\/07\/74.jpg","keywords":["16 DE SEPTIEMBRE","Ad\u00e1n Dom\u00ednguez","INFRAESTRUCTURA","peatonalizaci\u00f3n"],"articleSection":["Capital"],"inLanguage":"es","potentialAction":[{"@type":"CommentAction","name":"Comment","target":["https:\/\/www.aliadospuebla.com\/?p=81289#respond"]}]},{"@type":"WebPage","@id":"https:\/\/www.aliadospuebla.com\/?p=81289","url":"https:\/\/www.aliadospuebla.com\/?p=81289","name":"16 DE SEPTIEMBRE SE CONVERTIR\u00c1 EN CORREDOR DE PRIORIDAD PEATONAL EN PUEBLA CAPITAL - AliadosPuebla","isPartOf":{"@id":"https:\/\/www.aliadospuebla.com\/#website"},"primaryImageOfPage":{"@id":"https:\/\/www.aliadospuebla.com\/?p=81289#primaryimage"},"image":{"@id":"https:\/\/www.aliadospuebla.com\/?p=81289#primaryimage"},"thumbnailUrl":"https:\/\/www.aliadospuebla.com\/web2017\/wp-content\/uploads\/2023\/07\/74.jpg","datePublished":"2023-07-20T03:00:45+00:00","author":{"@id":"https:\/\/www.aliadospuebla.com\/#\/schema\/person\/5da7dd09320bd4f392b710017ed5f8ad"},"breadcrumb":{"@id":"https:\/\/www.aliadospuebla.com\/?p=81289#breadcrumb"},"inLanguage":"es","potentialAction":[{"@type":"ReadAction","target":["https:\/\/www.aliadospuebla.com\/?p=81289"]}]},{"@type":"ImageObject","inLanguage":"es","@id":"https:\/\/www.aliadospuebla.com\/?p=81289#primaryimage","url":"https:\/\/www.aliadospuebla.com\/web2017\/wp-content\/uploads\/2023\/07\/74.jpg","contentUrl":"https:\/\/www.aliadospuebla.com\/web2017\/wp-content\/uploads\/2023\/07\/74.jpg","width":600,"height":450},{"@type":"BreadcrumbList","@id":"https:\/\/www.aliadospuebla.com\/?p=81289#breadcrumb","itemListElement":[{"@type":"ListItem","position":1,"name":"Portada","item":"https:\/\/www.aliadospuebla.com\/"},{"@type":"ListItem","position":2,"name":"16 DE SEPTIEMBRE SE CONVERTIR\u00c1 EN CORREDOR DE PRIORIDAD PEATONAL EN PUEBLA CAPITAL"}]},{"@type":"WebSite","@id":"https:\/\/www.aliadospuebla.com\/#website","url":"https:\/\/www.aliadospuebla.com\/","name":"AliadosPuebla","description":"La informaci\u00f3n en tus manos","potentialAction":[{"@type":"SearchAction","target":{"@type":"EntryPoint","urlTemplate":"https:\/\/www.aliadospuebla.com\/?s={search_term_string}"},"query-input":{"@type":"PropertyValueSpecification","valueRequired":true,"valueName":"search_term_string"}}],"inLanguage":"es"},{"@type":"Person","@id":"https:\/\/www.aliadospuebla.com\/#\/schema\/person\/5da7dd09320bd4f392b710017ed5f8ad","name":"Aliados17","image":{"@type":"ImageObject","inLanguage":"es","@id":"https:\/\/www.aliadospuebla.com\/web2017\/wp-content\/uploads\/2025\/03\/cropped-para-perfil-8-anos-1-96x96.jpg","url":"https:\/\/www.aliadospuebla.com\/web2017\/wp-content\/uploads\/2025\/03\/cropped-para-perfil-8-anos-1-96x96.jpg","contentUrl":"https:\/\/www.aliadospuebla.com\/web2017\/wp-content\/uploads\/2025\/03\/cropped-para-perfil-8-anos-1-96x96.jpg","caption":"Aliados17"},"sameAs":["https:\/\/www.aliados17.com","https:\/\/www.facebook.com\/Aliados17Pue","https:\/\/x.com\/AliadosPuebla"],"url":"https:\/\/www.aliadospuebla.com\/?author=2"}]}},"views":6,"_links":{"self":[{"href":"https:\/\/www.aliadospuebla.com\/index.php?rest_route=\/wp\/v2\/posts\/81289","targetHints":{"allow":["GET"]}}],"collection":[{"href":"https:\/\/www.aliadospuebla.com\/index.php?rest_route=\/wp\/v2\/posts"}],"about":[{"href":"https:\/\/www.aliadospuebla.com\/index.php?rest_route=\/wp\/v2\/types\/post"}],"author":[{"embeddable":true,"href":"https:\/\/www.aliadospuebla.com\/index.php?rest_route=\/wp\/v2\/users\/2"}],"replies":[{"embeddable":true,"href":"https:\/\/www.aliadospuebla.com\/index.php?rest_route=%2Fwp%2Fv2%2Fcomments&post=81289"}],"version-history":[{"count":1,"href":"https:\/\/www.aliadospuebla.com\/index.php?rest_route=\/wp\/v2\/posts\/81289\/revisions"}],"predecessor-version":[{"id":81291,"href":"https:\/\/www.aliadospuebla.com\/index.php?rest_route=\/wp\/v2\/posts\/81289\/revisions\/81291"}],"wp:featuredmedia":[{"embeddable":true,"href":"https:\/\/www.aliadospuebla.com\/index.php?rest_route=\/wp\/v2\/media\/81290"}],"wp:attachment":[{"href":"https:\/\/www.aliadospuebla.com\/index.php?rest_route=%2Fwp%2Fv2%2Fmedia&parent=81289"}],"wp:term":[{"taxonomy":"category","embeddable":true,"href":"https:\/\/www.aliadospuebla.com\/index.php?rest_route=%2Fwp%2Fv2%2Fcategories&post=81289"},{"taxonomy":"post_tag","embeddable":true,"href":"https:\/\/www.aliadospuebla.com\/index.php?rest_route=%2Fwp%2Fv2%2Ftags&post=81289"}],"curies":[{"name":"wp","href":"https:\/\/api.w.org\/{rel}","templated":true}]}}