{"id":81160,"date":"2023-07-12T21:16:35","date_gmt":"2023-07-13T03:16:35","guid":{"rendered":"https:\/\/www.aliados17.com\/?p=81160"},"modified":"2023-07-12T21:16:35","modified_gmt":"2023-07-13T03:16:35","slug":"productoras-agricolas-y-mujeres-emprendedoras-de-la-region-del-izta-popo-se-unen-a-las-cruzadas-por-la-salud-que-encabeza-ceci-arellano","status":"publish","type":"post","link":"https:\/\/www.aliadospuebla.com\/?p=81160","title":{"rendered":"Productoras agr\u00edcolas y mujeres emprendedoras de la regi\u00f3n del Izta-Popo se unen a las Cruzadas por la Salud que encabeza Ceci Arellano"},"content":{"rendered":"<p>Puebla. Teniendo como marco la presentaci\u00f3n del libro \u201cLa Pandemia de los Edulcorantes en M\u00e9xico\u201d escrito por su esposo el Senador Alejandro Armenta, Ceci Arellano encabez\u00f3 una cruzada por la salud dirigida a mujeres emprendedoras y productoras agr\u00edcolas de las regiones de Puebla capital y del Izta-Popo.<\/p>\n<p>Durante la jornada las asistentes plantearon las alternativas de autoconsumo y producci\u00f3n agr\u00edcola como una opci\u00f3n sostenible para garantizar la calidad de los alimentos que consumimos y fomentar la autonom\u00eda alimentaria de las familias poblanas.<\/p>\n<p>Durante su intervenci\u00f3n, Ceci Arellano motiv\u00f3 a las productoras a seguir consumiendo alimentos frescos y saludables de origen local, con la finalidad de contrarrestar los efectos nocivos que tienen los alimentos procesados en la salud y replicar estos esfuerzos en otras comunidades para beneficiar a un mayor n\u00famero de familias a trav\u00e9s del autoconsumo de alimentos org\u00e1nicos.<\/p>\n<p>De la mano de un especialista en nutrici\u00f3n las asistentes recibieron informaci\u00f3n sobre los efectos da\u00f1inos que el consumo de alimentos provoca en la salud y como estos h\u00e1bitos se pueden convertir en padecimientos como la diabetes, la osteoporosis, enfermedades cardiovasculares y sobrepeso.<\/p>\n<p>Con estas acciones se promueve el autoconsumo de alimentos saludables, se fortalece la econom\u00eda y se fomenta el cambio hacia un sistema alimentario sostenible.<\/p>\n","protected":false},"excerpt":{"rendered":"<p>Puebla. Teniendo como marco la presentaci\u00f3n del libro \u201cLa Pandemia de los Edulcorantes en M\u00e9xico\u201d escrito por su esposo el Senador Alejandro Armenta, Ceci Arellano encabez\u00f3 una cruzada por la salud dirigida a mujeres emprendedoras y productoras agr\u00edcolas de las regiones de Puebla capital y del Izta-Popo. Durante la jornada las asistentes plantearon las alternativas de autoconsumo y producci\u00f3n agr\u00edcola como una opci\u00f3n sostenible para garantizar la calidad de los alimentos que consumimos y fomentar la autonom\u00eda alimentaria de las familias poblanas. Durante su intervenci\u00f3n, Ceci Arellano motiv\u00f3 a las productoras a seguir consumiendo alimentos frescos y saludables de origen local, con la finalidad de contrarrestar los efectos nocivos que tienen los alimentos procesados en la salud y replicar estos esfuerzos en otras comunidades para&hellip;<\/p>\n<p class=\"excerpt-more\"><a class=\"blog-excerpt button\" href=\"https:\/\/www.aliadospuebla.com\/?p=81160\">Leer m\u00e1s&#8230;<\/a><\/p>\n","protected":false},"author":2,"featured_media":81162,"comment_status":"open","ping_status":"open","sticky":false,"template":"","format":"standard","meta":{"_monsterinsights_skip_tracking":false,"footnotes":""},"categories":[6],"tags":[4780,12197,21821,3101,21987,17588],"class_list":["post-81160","post","type-post","status-publish","format-standard","has-post-thumbnail","hentry","category-politica","tag-alejandro-armenta","tag-autoconsumo","tag-ceci-arellano","tag-mujeres-emprendedoras","tag-productoras-agricolas","tag-region-izta-popo"],"yoast_head":"<!-- This site is optimized with the Yoast SEO plugin v28.3 - https:\/\/yoast.com\/product\/yoast-seo-wordpress\/ -->\n<title>Productoras agr\u00edcolas y mujeres emprendedoras de la regi\u00f3n del Izta-Popo se unen a las Cruzadas por la Salud que encabeza Ceci Arellano - AliadosPuebla<\/title>\n<meta name=\"robots\" content=\"index, follow, max-snippet:-1, max-image-preview:large, max-video-preview:-1\" \/>\n<link rel=\"canonical\" href=\"https:\/\/www.aliadospuebla.com\/?p=81160\" \/>\n<meta property=\"og:locale\" content=\"es_ES\" \/>\n<meta property=\"og:type\" content=\"article\" \/>\n<meta property=\"og:title\" content=\"Productoras agr\u00edcolas y mujeres emprendedoras de la regi\u00f3n del Izta-Popo se unen a las Cruzadas por la Salud que encabeza Ceci Arellano - AliadosPuebla\" \/>\n<meta property=\"og:description\" content=\"Puebla. Teniendo como marco la presentaci\u00f3n del libro \u201cLa Pandemia de los Edulcorantes en M\u00e9xico\u201d escrito por su esposo el Senador Alejandro Armenta, Ceci Arellano encabez\u00f3 una cruzada por la salud dirigida a mujeres emprendedoras y productoras agr\u00edcolas de las regiones de Puebla capital y del Izta-Popo. Durante la jornada las asistentes plantearon las alternativas de autoconsumo y producci\u00f3n agr\u00edcola como una opci\u00f3n sostenible para garantizar la calidad de los alimentos que consumimos y fomentar la autonom\u00eda alimentaria de las familias poblanas. Durante su intervenci\u00f3n, Ceci Arellano motiv\u00f3 a las productoras a seguir consumiendo alimentos frescos y saludables de origen local, con la finalidad de contrarrestar los efectos nocivos que tienen los alimentos procesados en la salud y replicar estos esfuerzos en otras comunidades para&hellip;Leer m\u00e1s...\" \/>\n<meta property=\"og:url\" content=\"https:\/\/www.aliadospuebla.com\/?p=81160\" \/>\n<meta property=\"og:site_name\" content=\"AliadosPuebla\" \/>\n<meta property=\"article:author\" content=\"https:\/\/www.facebook.com\/Aliados17Pue\" \/>\n<meta property=\"article:published_time\" content=\"2023-07-13T03:16:35+00:00\" \/>\n<meta property=\"og:image\" content=\"https:\/\/www.aliadospuebla.com\/web2017\/wp-content\/uploads\/2023\/07\/34.jpg\" \/>\n\t<meta property=\"og:image:width\" content=\"600\" \/>\n\t<meta property=\"og:image:height\" content=\"450\" \/>\n\t<meta property=\"og:image:type\" content=\"image\/jpeg\" \/>\n<meta name=\"author\" content=\"Aliados17\" \/>\n<meta name=\"twitter:card\" content=\"summary_large_image\" \/>\n<meta name=\"twitter:creator\" content=\"@AliadosPuebla\" \/>\n<meta name=\"twitter:label1\" content=\"Escrito por\" \/>\n\t<meta name=\"twitter:data1\" content=\"Aliados17\" \/>\n\t<meta name=\"twitter:label2\" content=\"Tiempo de lectura\" \/>\n\t<meta name=\"twitter:data2\" content=\"1 minuto\" \/>\n<script type=\"application\/ld+json\" class=\"yoast-schema-graph\">{\"@context\":\"https:\\\/\\\/schema.org\",\"@graph\":[{\"@type\":\"Article\",\"@id\":\"https:\\\/\\\/www.aliadospuebla.com\\\/?p=81160#article\",\"isPartOf\":{\"@id\":\"https:\\\/\\\/www.aliadospuebla.com\\\/?p=81160\"},\"author\":{\"name\":\"Aliados17\",\"@id\":\"https:\\\/\\\/www.aliadospuebla.com\\\/#\\\/schema\\\/person\\\/5da7dd09320bd4f392b710017ed5f8ad\"},\"headline\":\"Productoras agr\u00edcolas y mujeres emprendedoras de la regi\u00f3n del Izta-Popo se unen a las Cruzadas por la Salud que encabeza Ceci Arellano\",\"datePublished\":\"2023-07-13T03:16:35+00:00\",\"mainEntityOfPage\":{\"@id\":\"https:\\\/\\\/www.aliadospuebla.com\\\/?p=81160\"},\"wordCount\":246,\"commentCount\":0,\"image\":{\"@id\":\"https:\\\/\\\/www.aliadospuebla.com\\\/?p=81160#primaryimage\"},\"thumbnailUrl\":\"https:\\\/\\\/www.aliadospuebla.com\\\/web2017\\\/wp-content\\\/uploads\\\/2023\\\/07\\\/34.jpg\",\"keywords\":[\"ALEJANDRO ARMENTA\",\"autoconsumo\",\"Ceci Arellano\",\"MUJERES EMPRENDEDORAS\",\"productoras agr\u00edcolas\",\"regi\u00f3n Izta-Popo\"],\"articleSection\":[\"Pol\u00edtica\"],\"inLanguage\":\"es\",\"potentialAction\":[{\"@type\":\"CommentAction\",\"name\":\"Comment\",\"target\":[\"https:\\\/\\\/www.aliadospuebla.com\\\/?p=81160#respond\"]}]},{\"@type\":\"WebPage\",\"@id\":\"https:\\\/\\\/www.aliadospuebla.com\\\/?p=81160\",\"url\":\"https:\\\/\\\/www.aliadospuebla.com\\\/?p=81160\",\"name\":\"Productoras agr\u00edcolas y mujeres emprendedoras de la regi\u00f3n del Izta-Popo se unen a las Cruzadas por la Salud que encabeza Ceci Arellano - AliadosPuebla\",\"isPartOf\":{\"@id\":\"https:\\\/\\\/www.aliadospuebla.com\\\/#website\"},\"primaryImageOfPage\":{\"@id\":\"https:\\\/\\\/www.aliadospuebla.com\\\/?p=81160#primaryimage\"},\"image\":{\"@id\":\"https:\\\/\\\/www.aliadospuebla.com\\\/?p=81160#primaryimage\"},\"thumbnailUrl\":\"https:\\\/\\\/www.aliadospuebla.com\\\/web2017\\\/wp-content\\\/uploads\\\/2023\\\/07\\\/34.jpg\",\"datePublished\":\"2023-07-13T03:16:35+00:00\",\"author\":{\"@id\":\"https:\\\/\\\/www.aliadospuebla.com\\\/#\\\/schema\\\/person\\\/5da7dd09320bd4f392b710017ed5f8ad\"},\"breadcrumb\":{\"@id\":\"https:\\\/\\\/www.aliadospuebla.com\\\/?p=81160#breadcrumb\"},\"inLanguage\":\"es\",\"potentialAction\":[{\"@type\":\"ReadAction\",\"target\":[\"https:\\\/\\\/www.aliadospuebla.com\\\/?p=81160\"]}]},{\"@type\":\"ImageObject\",\"inLanguage\":\"es\",\"@id\":\"https:\\\/\\\/www.aliadospuebla.com\\\/?p=81160#primaryimage\",\"url\":\"https:\\\/\\\/www.aliadospuebla.com\\\/web2017\\\/wp-content\\\/uploads\\\/2023\\\/07\\\/34.jpg\",\"contentUrl\":\"https:\\\/\\\/www.aliadospuebla.com\\\/web2017\\\/wp-content\\\/uploads\\\/2023\\\/07\\\/34.jpg\",\"width\":600,\"height\":450},{\"@type\":\"BreadcrumbList\",\"@id\":\"https:\\\/\\\/www.aliadospuebla.com\\\/?p=81160#breadcrumb\",\"itemListElement\":[{\"@type\":\"ListItem\",\"position\":1,\"name\":\"Portada\",\"item\":\"https:\\\/\\\/www.aliadospuebla.com\\\/\"},{\"@type\":\"ListItem\",\"position\":2,\"name\":\"Productoras agr\u00edcolas y mujeres emprendedoras de la regi\u00f3n del Izta-Popo se unen a las Cruzadas por la Salud que encabeza Ceci Arellano\"}]},{\"@type\":\"WebSite\",\"@id\":\"https:\\\/\\\/www.aliadospuebla.com\\\/#website\",\"url\":\"https:\\\/\\\/www.aliadospuebla.com\\\/\",\"name\":\"AliadosPuebla\",\"description\":\"La informaci\u00f3n en tus manos\",\"potentialAction\":[{\"@type\":\"SearchAction\",\"target\":{\"@type\":\"EntryPoint\",\"urlTemplate\":\"https:\\\/\\\/www.aliadospuebla.com\\\/?s={search_term_string}\"},\"query-input\":{\"@type\":\"PropertyValueSpecification\",\"valueRequired\":true,\"valueName\":\"search_term_string\"}}],\"inLanguage\":\"es\"},{\"@type\":\"Person\",\"@id\":\"https:\\\/\\\/www.aliadospuebla.com\\\/#\\\/schema\\\/person\\\/5da7dd09320bd4f392b710017ed5f8ad\",\"name\":\"Aliados17\",\"image\":{\"@type\":\"ImageObject\",\"inLanguage\":\"es\",\"@id\":\"https:\\\/\\\/www.aliadospuebla.com\\\/web2017\\\/wp-content\\\/uploads\\\/2025\\\/03\\\/cropped-para-perfil-8-anos-1-96x96.jpg\",\"url\":\"https:\\\/\\\/www.aliadospuebla.com\\\/web2017\\\/wp-content\\\/uploads\\\/2025\\\/03\\\/cropped-para-perfil-8-anos-1-96x96.jpg\",\"contentUrl\":\"https:\\\/\\\/www.aliadospuebla.com\\\/web2017\\\/wp-content\\\/uploads\\\/2025\\\/03\\\/cropped-para-perfil-8-anos-1-96x96.jpg\",\"caption\":\"Aliados17\"},\"sameAs\":[\"https:\\\/\\\/www.aliados17.com\",\"https:\\\/\\\/www.facebook.com\\\/Aliados17Pue\",\"https:\\\/\\\/x.com\\\/AliadosPuebla\"],\"url\":\"https:\\\/\\\/www.aliadospuebla.com\\\/?author=2\"}]}<\/script>\n<!-- \/ Yoast SEO plugin. -->","yoast_head_json":{"title":"Productoras agr\u00edcolas y mujeres emprendedoras de la regi\u00f3n del Izta-Popo se unen a las Cruzadas por la Salud que encabeza Ceci Arellano - AliadosPuebla","robots":{"index":"index","follow":"follow","max-snippet":"max-snippet:-1","max-image-preview":"max-image-preview:large","max-video-preview":"max-video-preview:-1"},"canonical":"https:\/\/www.aliadospuebla.com\/?p=81160","og_locale":"es_ES","og_type":"article","og_title":"Productoras agr\u00edcolas y mujeres emprendedoras de la regi\u00f3n del Izta-Popo se unen a las Cruzadas por la Salud que encabeza Ceci Arellano - AliadosPuebla","og_description":"Puebla. Teniendo como marco la presentaci\u00f3n del libro \u201cLa Pandemia de los Edulcorantes en M\u00e9xico\u201d escrito por su esposo el Senador Alejandro Armenta, Ceci Arellano encabez\u00f3 una cruzada por la salud dirigida a mujeres emprendedoras y productoras agr\u00edcolas de las regiones de Puebla capital y del Izta-Popo. Durante la jornada las asistentes plantearon las alternativas de autoconsumo y producci\u00f3n agr\u00edcola como una opci\u00f3n sostenible para garantizar la calidad de los alimentos que consumimos y fomentar la autonom\u00eda alimentaria de las familias poblanas. Durante su intervenci\u00f3n, Ceci Arellano motiv\u00f3 a las productoras a seguir consumiendo alimentos frescos y saludables de origen local, con la finalidad de contrarrestar los efectos nocivos que tienen los alimentos procesados en la salud y replicar estos esfuerzos en otras comunidades para&hellip;Leer m\u00e1s...","og_url":"https:\/\/www.aliadospuebla.com\/?p=81160","og_site_name":"AliadosPuebla","article_author":"https:\/\/www.facebook.com\/Aliados17Pue","article_published_time":"2023-07-13T03:16:35+00:00","og_image":[{"width":600,"height":450,"url":"https:\/\/www.aliadospuebla.com\/web2017\/wp-content\/uploads\/2023\/07\/34.jpg","type":"image\/jpeg"}],"author":"Aliados17","twitter_card":"summary_large_image","twitter_creator":"@AliadosPuebla","twitter_misc":{"Escrito por":"Aliados17","Tiempo de lectura":"1 minuto"},"schema":{"@context":"https:\/\/schema.org","@graph":[{"@type":"Article","@id":"https:\/\/www.aliadospuebla.com\/?p=81160#article","isPartOf":{"@id":"https:\/\/www.aliadospuebla.com\/?p=81160"},"author":{"name":"Aliados17","@id":"https:\/\/www.aliadospuebla.com\/#\/schema\/person\/5da7dd09320bd4f392b710017ed5f8ad"},"headline":"Productoras agr\u00edcolas y mujeres emprendedoras de la regi\u00f3n del Izta-Popo se unen a las Cruzadas por la Salud que encabeza Ceci Arellano","datePublished":"2023-07-13T03:16:35+00:00","mainEntityOfPage":{"@id":"https:\/\/www.aliadospuebla.com\/?p=81160"},"wordCount":246,"commentCount":0,"image":{"@id":"https:\/\/www.aliadospuebla.com\/?p=81160#primaryimage"},"thumbnailUrl":"https:\/\/www.aliadospuebla.com\/web2017\/wp-content\/uploads\/2023\/07\/34.jpg","keywords":["ALEJANDRO ARMENTA","autoconsumo","Ceci Arellano","MUJERES EMPRENDEDORAS","productoras agr\u00edcolas","regi\u00f3n Izta-Popo"],"articleSection":["Pol\u00edtica"],"inLanguage":"es","potentialAction":[{"@type":"CommentAction","name":"Comment","target":["https:\/\/www.aliadospuebla.com\/?p=81160#respond"]}]},{"@type":"WebPage","@id":"https:\/\/www.aliadospuebla.com\/?p=81160","url":"https:\/\/www.aliadospuebla.com\/?p=81160","name":"Productoras agr\u00edcolas y mujeres emprendedoras de la regi\u00f3n del Izta-Popo se unen a las Cruzadas por la Salud que encabeza Ceci Arellano - AliadosPuebla","isPartOf":{"@id":"https:\/\/www.aliadospuebla.com\/#website"},"primaryImageOfPage":{"@id":"https:\/\/www.aliadospuebla.com\/?p=81160#primaryimage"},"image":{"@id":"https:\/\/www.aliadospuebla.com\/?p=81160#primaryimage"},"thumbnailUrl":"https:\/\/www.aliadospuebla.com\/web2017\/wp-content\/uploads\/2023\/07\/34.jpg","datePublished":"2023-07-13T03:16:35+00:00","author":{"@id":"https:\/\/www.aliadospuebla.com\/#\/schema\/person\/5da7dd09320bd4f392b710017ed5f8ad"},"breadcrumb":{"@id":"https:\/\/www.aliadospuebla.com\/?p=81160#breadcrumb"},"inLanguage":"es","potentialAction":[{"@type":"ReadAction","target":["https:\/\/www.aliadospuebla.com\/?p=81160"]}]},{"@type":"ImageObject","inLanguage":"es","@id":"https:\/\/www.aliadospuebla.com\/?p=81160#primaryimage","url":"https:\/\/www.aliadospuebla.com\/web2017\/wp-content\/uploads\/2023\/07\/34.jpg","contentUrl":"https:\/\/www.aliadospuebla.com\/web2017\/wp-content\/uploads\/2023\/07\/34.jpg","width":600,"height":450},{"@type":"BreadcrumbList","@id":"https:\/\/www.aliadospuebla.com\/?p=81160#breadcrumb","itemListElement":[{"@type":"ListItem","position":1,"name":"Portada","item":"https:\/\/www.aliadospuebla.com\/"},{"@type":"ListItem","position":2,"name":"Productoras agr\u00edcolas y mujeres emprendedoras de la regi\u00f3n del Izta-Popo se unen a las Cruzadas por la Salud que encabeza Ceci Arellano"}]},{"@type":"WebSite","@id":"https:\/\/www.aliadospuebla.com\/#website","url":"https:\/\/www.aliadospuebla.com\/","name":"AliadosPuebla","description":"La informaci\u00f3n en tus manos","potentialAction":[{"@type":"SearchAction","target":{"@type":"EntryPoint","urlTemplate":"https:\/\/www.aliadospuebla.com\/?s={search_term_string}"},"query-input":{"@type":"PropertyValueSpecification","valueRequired":true,"valueName":"search_term_string"}}],"inLanguage":"es"},{"@type":"Person","@id":"https:\/\/www.aliadospuebla.com\/#\/schema\/person\/5da7dd09320bd4f392b710017ed5f8ad","name":"Aliados17","image":{"@type":"ImageObject","inLanguage":"es","@id":"https:\/\/www.aliadospuebla.com\/web2017\/wp-content\/uploads\/2025\/03\/cropped-para-perfil-8-anos-1-96x96.jpg","url":"https:\/\/www.aliadospuebla.com\/web2017\/wp-content\/uploads\/2025\/03\/cropped-para-perfil-8-anos-1-96x96.jpg","contentUrl":"https:\/\/www.aliadospuebla.com\/web2017\/wp-content\/uploads\/2025\/03\/cropped-para-perfil-8-anos-1-96x96.jpg","caption":"Aliados17"},"sameAs":["https:\/\/www.aliados17.com","https:\/\/www.facebook.com\/Aliados17Pue","https:\/\/x.com\/AliadosPuebla"],"url":"https:\/\/www.aliadospuebla.com\/?author=2"}]}},"views":9,"_links":{"self":[{"href":"https:\/\/www.aliadospuebla.com\/index.php?rest_route=\/wp\/v2\/posts\/81160","targetHints":{"allow":["GET"]}}],"collection":[{"href":"https:\/\/www.aliadospuebla.com\/index.php?rest_route=\/wp\/v2\/posts"}],"about":[{"href":"https:\/\/www.aliadospuebla.com\/index.php?rest_route=\/wp\/v2\/types\/post"}],"author":[{"embeddable":true,"href":"https:\/\/www.aliadospuebla.com\/index.php?rest_route=\/wp\/v2\/users\/2"}],"replies":[{"embeddable":true,"href":"https:\/\/www.aliadospuebla.com\/index.php?rest_route=%2Fwp%2Fv2%2Fcomments&post=81160"}],"version-history":[{"count":1,"href":"https:\/\/www.aliadospuebla.com\/index.php?rest_route=\/wp\/v2\/posts\/81160\/revisions"}],"predecessor-version":[{"id":81163,"href":"https:\/\/www.aliadospuebla.com\/index.php?rest_route=\/wp\/v2\/posts\/81160\/revisions\/81163"}],"wp:featuredmedia":[{"embeddable":true,"href":"https:\/\/www.aliadospuebla.com\/index.php?rest_route=\/wp\/v2\/media\/81162"}],"wp:attachment":[{"href":"https:\/\/www.aliadospuebla.com\/index.php?rest_route=%2Fwp%2Fv2%2Fmedia&parent=81160"}],"wp:term":[{"taxonomy":"category","embeddable":true,"href":"https:\/\/www.aliadospuebla.com\/index.php?rest_route=%2Fwp%2Fv2%2Fcategories&post=81160"},{"taxonomy":"post_tag","embeddable":true,"href":"https:\/\/www.aliadospuebla.com\/index.php?rest_route=%2Fwp%2Fv2%2Ftags&post=81160"}],"curies":[{"name":"wp","href":"https:\/\/api.w.org\/{rel}","templated":true}]}}