{"id":80969,"date":"2023-06-28T15:59:46","date_gmt":"2023-06-28T21:59:46","guid":{"rendered":"https:\/\/www.aliados17.com\/?p=80969"},"modified":"2023-06-28T15:59:46","modified_gmt":"2023-06-28T21:59:46","slug":"teep-forma-parte-de-la-lucha-para-erradicar-la-violencia-de-genero-en-puebla","status":"publish","type":"post","link":"https:\/\/www.aliadospuebla.com\/?p=80969","title":{"rendered":"TEEP forma parte de la lucha para erradicar la violencia de g\u00e9nero en Puebla"},"content":{"rendered":"<h4>Rinden protesta nuevas integrantes del colectivo 50 m\u00e1s 1, capitulo Puebla.<\/h4>\n<p>Se debe incentivar la participaci\u00f3n pol\u00edtica femenina.<\/p>\n<p>Este d\u00eda en las instalaciones de la IBERO Puebla, el colectivo 50 m\u00e1s 1 cap\u00edtulo Puebla rindi\u00f3 protesta a las nuevas integrantes que a partir de hoy formar\u00e1n parte de su comit\u00e9 organizacional.<\/p>\n<p>Fue Margarita Palomino Ovando Presidenta de la organizaci\u00f3n capitulo Puebla la encargada de dar la bienvenida a las y los asistentes al evento protocolario, entre las personalidades que formaron parte del pres\u00eddium, se cont\u00f3 con la participaci\u00f3n de la Presidenta Nacional de la Organizaci\u00f3n 50+1, Claudia Corichi, as\u00ed como de los consejeros del INE Rita Bell y Jorge Monta\u00f1o quienes celebraron la lucha que se refuerza en puebla para luchar en favor de los derechos de las mujeres.<\/p>\n<p>Idamis Pastor Betancourt, Presidenta del Tribunal Electoral del Estado de Puebla, quien forma parte de la organizaci\u00f3n, este d\u00eda rindi\u00f3 protesta como secretaria de finanzas del colectivo, desde donde con orgullo y dignidad contribuye siempre en la lucha diaria y desde su trinchera en favor de los derechos de las mujeres.<\/p>\n<p>&nbsp;<\/p>\n<p>Por su parte, Claudia Corichi, presidenta nacional del colectivo, indic\u00f3 que<\/p>\n<h4 style=\"text-align: left;\">un empoderamiento econ\u00f3mico permite a las mujeres salir de c\u00edrculos de violencia,<\/h4>\n<p>es por eso que se debe apoyar, promover y exhortar que existan los mismos derechos y espacios para las mujeres, as\u00ed tambi\u00e9n destac\u00f3 el avance reciente de las leyes en materia de protecci\u00f3n a las mujeres que finalmente sirven como parteaguas para romper el techo de cristal e incentivar la participaci\u00f3n pol\u00edtica femenina.<\/p>\n<p>&nbsp;<\/p>\n<p>Finalmente es preciso mencionar que la paridad de g\u00e9nero y la violencia pol\u00edtica son dos temas que unieron hace dos a\u00f1os a las mujeres que hoy integran el Colectivo 50+1, el cual agrupa a pol\u00edticas, acad\u00e9micas y especialistas que buscan impulsar una agenda de g\u00e9nero desde los puestos de decisi\u00f3n para garantizar as\u00ed los derechos de esta poblaci\u00f3n.<\/p>\n","protected":false},"excerpt":{"rendered":"<p>Rinden protesta nuevas integrantes del colectivo 50 m\u00e1s 1, capitulo Puebla. Se debe incentivar la participaci\u00f3n pol\u00edtica femenina. Este d\u00eda en las instalaciones de la IBERO Puebla, el colectivo 50 m\u00e1s 1 cap\u00edtulo Puebla rindi\u00f3 protesta a las nuevas integrantes que a partir de hoy formar\u00e1n parte de su comit\u00e9 organizacional. Fue Margarita Palomino Ovando Presidenta de la organizaci\u00f3n capitulo Puebla la encargada de dar la bienvenida a las y los asistentes al evento protocolario, entre las personalidades que formaron parte del pres\u00eddium, se cont\u00f3 con la participaci\u00f3n de la Presidenta Nacional de la Organizaci\u00f3n 50+1, Claudia Corichi, as\u00ed como de los consejeros del INE Rita Bell y Jorge Monta\u00f1o quienes celebraron la lucha que se refuerza en puebla para luchar en favor de los&hellip;<\/p>\n<p class=\"excerpt-more\"><a class=\"blog-excerpt button\" href=\"https:\/\/www.aliadospuebla.com\/?p=80969\">Leer m\u00e1s&#8230;<\/a><\/p>\n","protected":false},"author":2,"featured_media":80971,"comment_status":"open","ping_status":"open","sticky":false,"template":"","format":"standard","meta":{"_monsterinsights_skip_tracking":false,"footnotes":""},"categories":[6],"tags":[20920,836,9164,3430],"class_list":["post-80969","post","type-post","status-publish","format-standard","has-post-thumbnail","hentry","category-politica","tag-idamis-pastor","tag-igualdad","tag-proteccion-a-mujeres","tag-teep"],"yoast_head":"<!-- This site is optimized with the Yoast SEO plugin v28.3 - https:\/\/yoast.com\/product\/yoast-seo-wordpress\/ -->\n<title>TEEP forma parte de la lucha para erradicar la violencia de g\u00e9nero en Puebla - AliadosPuebla<\/title>\n<meta name=\"robots\" content=\"index, follow, max-snippet:-1, max-image-preview:large, max-video-preview:-1\" \/>\n<link rel=\"canonical\" href=\"https:\/\/www.aliadospuebla.com\/?p=80969\" \/>\n<meta property=\"og:locale\" content=\"es_ES\" \/>\n<meta property=\"og:type\" content=\"article\" \/>\n<meta property=\"og:title\" content=\"TEEP forma parte de la lucha para erradicar la violencia de g\u00e9nero en Puebla - AliadosPuebla\" \/>\n<meta property=\"og:description\" content=\"Rinden protesta nuevas integrantes del colectivo 50 m\u00e1s 1, capitulo Puebla. Se debe incentivar la participaci\u00f3n pol\u00edtica femenina. Este d\u00eda en las instalaciones de la IBERO Puebla, el colectivo 50 m\u00e1s 1 cap\u00edtulo Puebla rindi\u00f3 protesta a las nuevas integrantes que a partir de hoy formar\u00e1n parte de su comit\u00e9 organizacional. Fue Margarita Palomino Ovando Presidenta de la organizaci\u00f3n capitulo Puebla la encargada de dar la bienvenida a las y los asistentes al evento protocolario, entre las personalidades que formaron parte del pres\u00eddium, se cont\u00f3 con la participaci\u00f3n de la Presidenta Nacional de la Organizaci\u00f3n 50+1, Claudia Corichi, as\u00ed como de los consejeros del INE Rita Bell y Jorge Monta\u00f1o quienes celebraron la lucha que se refuerza en puebla para luchar en favor de los&hellip;Leer m\u00e1s...\" \/>\n<meta property=\"og:url\" content=\"https:\/\/www.aliadospuebla.com\/?p=80969\" \/>\n<meta property=\"og:site_name\" content=\"AliadosPuebla\" \/>\n<meta property=\"article:author\" content=\"https:\/\/www.facebook.com\/Aliados17Pue\" \/>\n<meta property=\"article:published_time\" content=\"2023-06-28T21:59:46+00:00\" \/>\n<meta property=\"og:image\" content=\"https:\/\/www.aliadospuebla.com\/web2017\/wp-content\/uploads\/2023\/06\/PSX_20230628_155632.jpg\" \/>\n\t<meta property=\"og:image:width\" content=\"600\" \/>\n\t<meta property=\"og:image:height\" content=\"449\" \/>\n\t<meta property=\"og:image:type\" content=\"image\/jpeg\" \/>\n<meta name=\"author\" content=\"Aliados17\" \/>\n<meta name=\"twitter:card\" content=\"summary_large_image\" \/>\n<meta name=\"twitter:creator\" content=\"@AliadosPuebla\" \/>\n<meta name=\"twitter:label1\" content=\"Escrito por\" \/>\n\t<meta name=\"twitter:data1\" content=\"Aliados17\" \/>\n\t<meta name=\"twitter:label2\" content=\"Tiempo de lectura\" \/>\n\t<meta name=\"twitter:data2\" content=\"2 minutos\" \/>\n<script type=\"application\/ld+json\" class=\"yoast-schema-graph\">{\"@context\":\"https:\\\/\\\/schema.org\",\"@graph\":[{\"@type\":\"Article\",\"@id\":\"https:\\\/\\\/www.aliadospuebla.com\\\/?p=80969#article\",\"isPartOf\":{\"@id\":\"https:\\\/\\\/www.aliadospuebla.com\\\/?p=80969\"},\"author\":{\"name\":\"Aliados17\",\"@id\":\"https:\\\/\\\/www.aliadospuebla.com\\\/#\\\/schema\\\/person\\\/5da7dd09320bd4f392b710017ed5f8ad\"},\"headline\":\"TEEP forma parte de la lucha para erradicar la violencia de g\u00e9nero en Puebla\",\"datePublished\":\"2023-06-28T21:59:46+00:00\",\"mainEntityOfPage\":{\"@id\":\"https:\\\/\\\/www.aliadospuebla.com\\\/?p=80969\"},\"wordCount\":353,\"commentCount\":0,\"image\":{\"@id\":\"https:\\\/\\\/www.aliadospuebla.com\\\/?p=80969#primaryimage\"},\"thumbnailUrl\":\"https:\\\/\\\/www.aliadospuebla.com\\\/web2017\\\/wp-content\\\/uploads\\\/2023\\\/06\\\/PSX_20230628_155632.jpg\",\"keywords\":[\"Idamis Pastor\",\"IGUALDAD\",\"protecci\u00f3n a mujeres\",\"TEEP\"],\"articleSection\":[\"Pol\u00edtica\"],\"inLanguage\":\"es\",\"potentialAction\":[{\"@type\":\"CommentAction\",\"name\":\"Comment\",\"target\":[\"https:\\\/\\\/www.aliadospuebla.com\\\/?p=80969#respond\"]}]},{\"@type\":\"WebPage\",\"@id\":\"https:\\\/\\\/www.aliadospuebla.com\\\/?p=80969\",\"url\":\"https:\\\/\\\/www.aliadospuebla.com\\\/?p=80969\",\"name\":\"TEEP forma parte de la lucha para erradicar la violencia de g\u00e9nero en Puebla - AliadosPuebla\",\"isPartOf\":{\"@id\":\"https:\\\/\\\/www.aliadospuebla.com\\\/#website\"},\"primaryImageOfPage\":{\"@id\":\"https:\\\/\\\/www.aliadospuebla.com\\\/?p=80969#primaryimage\"},\"image\":{\"@id\":\"https:\\\/\\\/www.aliadospuebla.com\\\/?p=80969#primaryimage\"},\"thumbnailUrl\":\"https:\\\/\\\/www.aliadospuebla.com\\\/web2017\\\/wp-content\\\/uploads\\\/2023\\\/06\\\/PSX_20230628_155632.jpg\",\"datePublished\":\"2023-06-28T21:59:46+00:00\",\"author\":{\"@id\":\"https:\\\/\\\/www.aliadospuebla.com\\\/#\\\/schema\\\/person\\\/5da7dd09320bd4f392b710017ed5f8ad\"},\"breadcrumb\":{\"@id\":\"https:\\\/\\\/www.aliadospuebla.com\\\/?p=80969#breadcrumb\"},\"inLanguage\":\"es\",\"potentialAction\":[{\"@type\":\"ReadAction\",\"target\":[\"https:\\\/\\\/www.aliadospuebla.com\\\/?p=80969\"]}]},{\"@type\":\"ImageObject\",\"inLanguage\":\"es\",\"@id\":\"https:\\\/\\\/www.aliadospuebla.com\\\/?p=80969#primaryimage\",\"url\":\"https:\\\/\\\/www.aliadospuebla.com\\\/web2017\\\/wp-content\\\/uploads\\\/2023\\\/06\\\/PSX_20230628_155632.jpg\",\"contentUrl\":\"https:\\\/\\\/www.aliadospuebla.com\\\/web2017\\\/wp-content\\\/uploads\\\/2023\\\/06\\\/PSX_20230628_155632.jpg\",\"width\":600,\"height\":449},{\"@type\":\"BreadcrumbList\",\"@id\":\"https:\\\/\\\/www.aliadospuebla.com\\\/?p=80969#breadcrumb\",\"itemListElement\":[{\"@type\":\"ListItem\",\"position\":1,\"name\":\"Portada\",\"item\":\"https:\\\/\\\/www.aliadospuebla.com\\\/\"},{\"@type\":\"ListItem\",\"position\":2,\"name\":\"TEEP forma parte de la lucha para erradicar la violencia de g\u00e9nero en Puebla\"}]},{\"@type\":\"WebSite\",\"@id\":\"https:\\\/\\\/www.aliadospuebla.com\\\/#website\",\"url\":\"https:\\\/\\\/www.aliadospuebla.com\\\/\",\"name\":\"AliadosPuebla\",\"description\":\"La informaci\u00f3n en tus manos\",\"potentialAction\":[{\"@type\":\"SearchAction\",\"target\":{\"@type\":\"EntryPoint\",\"urlTemplate\":\"https:\\\/\\\/www.aliadospuebla.com\\\/?s={search_term_string}\"},\"query-input\":{\"@type\":\"PropertyValueSpecification\",\"valueRequired\":true,\"valueName\":\"search_term_string\"}}],\"inLanguage\":\"es\"},{\"@type\":\"Person\",\"@id\":\"https:\\\/\\\/www.aliadospuebla.com\\\/#\\\/schema\\\/person\\\/5da7dd09320bd4f392b710017ed5f8ad\",\"name\":\"Aliados17\",\"image\":{\"@type\":\"ImageObject\",\"inLanguage\":\"es\",\"@id\":\"https:\\\/\\\/www.aliadospuebla.com\\\/web2017\\\/wp-content\\\/uploads\\\/2025\\\/03\\\/cropped-para-perfil-8-anos-1-96x96.jpg\",\"url\":\"https:\\\/\\\/www.aliadospuebla.com\\\/web2017\\\/wp-content\\\/uploads\\\/2025\\\/03\\\/cropped-para-perfil-8-anos-1-96x96.jpg\",\"contentUrl\":\"https:\\\/\\\/www.aliadospuebla.com\\\/web2017\\\/wp-content\\\/uploads\\\/2025\\\/03\\\/cropped-para-perfil-8-anos-1-96x96.jpg\",\"caption\":\"Aliados17\"},\"sameAs\":[\"https:\\\/\\\/www.aliados17.com\",\"https:\\\/\\\/www.facebook.com\\\/Aliados17Pue\",\"https:\\\/\\\/x.com\\\/AliadosPuebla\"],\"url\":\"https:\\\/\\\/www.aliadospuebla.com\\\/?author=2\"}]}<\/script>\n<!-- \/ Yoast SEO plugin. -->","yoast_head_json":{"title":"TEEP forma parte de la lucha para erradicar la violencia de g\u00e9nero en Puebla - AliadosPuebla","robots":{"index":"index","follow":"follow","max-snippet":"max-snippet:-1","max-image-preview":"max-image-preview:large","max-video-preview":"max-video-preview:-1"},"canonical":"https:\/\/www.aliadospuebla.com\/?p=80969","og_locale":"es_ES","og_type":"article","og_title":"TEEP forma parte de la lucha para erradicar la violencia de g\u00e9nero en Puebla - AliadosPuebla","og_description":"Rinden protesta nuevas integrantes del colectivo 50 m\u00e1s 1, capitulo Puebla. Se debe incentivar la participaci\u00f3n pol\u00edtica femenina. Este d\u00eda en las instalaciones de la IBERO Puebla, el colectivo 50 m\u00e1s 1 cap\u00edtulo Puebla rindi\u00f3 protesta a las nuevas integrantes que a partir de hoy formar\u00e1n parte de su comit\u00e9 organizacional. Fue Margarita Palomino Ovando Presidenta de la organizaci\u00f3n capitulo Puebla la encargada de dar la bienvenida a las y los asistentes al evento protocolario, entre las personalidades que formaron parte del pres\u00eddium, se cont\u00f3 con la participaci\u00f3n de la Presidenta Nacional de la Organizaci\u00f3n 50+1, Claudia Corichi, as\u00ed como de los consejeros del INE Rita Bell y Jorge Monta\u00f1o quienes celebraron la lucha que se refuerza en puebla para luchar en favor de los&hellip;Leer m\u00e1s...","og_url":"https:\/\/www.aliadospuebla.com\/?p=80969","og_site_name":"AliadosPuebla","article_author":"https:\/\/www.facebook.com\/Aliados17Pue","article_published_time":"2023-06-28T21:59:46+00:00","og_image":[{"width":600,"height":449,"url":"https:\/\/www.aliadospuebla.com\/web2017\/wp-content\/uploads\/2023\/06\/PSX_20230628_155632.jpg","type":"image\/jpeg"}],"author":"Aliados17","twitter_card":"summary_large_image","twitter_creator":"@AliadosPuebla","twitter_misc":{"Escrito por":"Aliados17","Tiempo de lectura":"2 minutos"},"schema":{"@context":"https:\/\/schema.org","@graph":[{"@type":"Article","@id":"https:\/\/www.aliadospuebla.com\/?p=80969#article","isPartOf":{"@id":"https:\/\/www.aliadospuebla.com\/?p=80969"},"author":{"name":"Aliados17","@id":"https:\/\/www.aliadospuebla.com\/#\/schema\/person\/5da7dd09320bd4f392b710017ed5f8ad"},"headline":"TEEP forma parte de la lucha para erradicar la violencia de g\u00e9nero en Puebla","datePublished":"2023-06-28T21:59:46+00:00","mainEntityOfPage":{"@id":"https:\/\/www.aliadospuebla.com\/?p=80969"},"wordCount":353,"commentCount":0,"image":{"@id":"https:\/\/www.aliadospuebla.com\/?p=80969#primaryimage"},"thumbnailUrl":"https:\/\/www.aliadospuebla.com\/web2017\/wp-content\/uploads\/2023\/06\/PSX_20230628_155632.jpg","keywords":["Idamis Pastor","IGUALDAD","protecci\u00f3n a mujeres","TEEP"],"articleSection":["Pol\u00edtica"],"inLanguage":"es","potentialAction":[{"@type":"CommentAction","name":"Comment","target":["https:\/\/www.aliadospuebla.com\/?p=80969#respond"]}]},{"@type":"WebPage","@id":"https:\/\/www.aliadospuebla.com\/?p=80969","url":"https:\/\/www.aliadospuebla.com\/?p=80969","name":"TEEP forma parte de la lucha para erradicar la violencia de g\u00e9nero en Puebla - AliadosPuebla","isPartOf":{"@id":"https:\/\/www.aliadospuebla.com\/#website"},"primaryImageOfPage":{"@id":"https:\/\/www.aliadospuebla.com\/?p=80969#primaryimage"},"image":{"@id":"https:\/\/www.aliadospuebla.com\/?p=80969#primaryimage"},"thumbnailUrl":"https:\/\/www.aliadospuebla.com\/web2017\/wp-content\/uploads\/2023\/06\/PSX_20230628_155632.jpg","datePublished":"2023-06-28T21:59:46+00:00","author":{"@id":"https:\/\/www.aliadospuebla.com\/#\/schema\/person\/5da7dd09320bd4f392b710017ed5f8ad"},"breadcrumb":{"@id":"https:\/\/www.aliadospuebla.com\/?p=80969#breadcrumb"},"inLanguage":"es","potentialAction":[{"@type":"ReadAction","target":["https:\/\/www.aliadospuebla.com\/?p=80969"]}]},{"@type":"ImageObject","inLanguage":"es","@id":"https:\/\/www.aliadospuebla.com\/?p=80969#primaryimage","url":"https:\/\/www.aliadospuebla.com\/web2017\/wp-content\/uploads\/2023\/06\/PSX_20230628_155632.jpg","contentUrl":"https:\/\/www.aliadospuebla.com\/web2017\/wp-content\/uploads\/2023\/06\/PSX_20230628_155632.jpg","width":600,"height":449},{"@type":"BreadcrumbList","@id":"https:\/\/www.aliadospuebla.com\/?p=80969#breadcrumb","itemListElement":[{"@type":"ListItem","position":1,"name":"Portada","item":"https:\/\/www.aliadospuebla.com\/"},{"@type":"ListItem","position":2,"name":"TEEP forma parte de la lucha para erradicar la violencia de g\u00e9nero en Puebla"}]},{"@type":"WebSite","@id":"https:\/\/www.aliadospuebla.com\/#website","url":"https:\/\/www.aliadospuebla.com\/","name":"AliadosPuebla","description":"La informaci\u00f3n en tus manos","potentialAction":[{"@type":"SearchAction","target":{"@type":"EntryPoint","urlTemplate":"https:\/\/www.aliadospuebla.com\/?s={search_term_string}"},"query-input":{"@type":"PropertyValueSpecification","valueRequired":true,"valueName":"search_term_string"}}],"inLanguage":"es"},{"@type":"Person","@id":"https:\/\/www.aliadospuebla.com\/#\/schema\/person\/5da7dd09320bd4f392b710017ed5f8ad","name":"Aliados17","image":{"@type":"ImageObject","inLanguage":"es","@id":"https:\/\/www.aliadospuebla.com\/web2017\/wp-content\/uploads\/2025\/03\/cropped-para-perfil-8-anos-1-96x96.jpg","url":"https:\/\/www.aliadospuebla.com\/web2017\/wp-content\/uploads\/2025\/03\/cropped-para-perfil-8-anos-1-96x96.jpg","contentUrl":"https:\/\/www.aliadospuebla.com\/web2017\/wp-content\/uploads\/2025\/03\/cropped-para-perfil-8-anos-1-96x96.jpg","caption":"Aliados17"},"sameAs":["https:\/\/www.aliados17.com","https:\/\/www.facebook.com\/Aliados17Pue","https:\/\/x.com\/AliadosPuebla"],"url":"https:\/\/www.aliadospuebla.com\/?author=2"}]}},"views":9,"_links":{"self":[{"href":"https:\/\/www.aliadospuebla.com\/index.php?rest_route=\/wp\/v2\/posts\/80969","targetHints":{"allow":["GET"]}}],"collection":[{"href":"https:\/\/www.aliadospuebla.com\/index.php?rest_route=\/wp\/v2\/posts"}],"about":[{"href":"https:\/\/www.aliadospuebla.com\/index.php?rest_route=\/wp\/v2\/types\/post"}],"author":[{"embeddable":true,"href":"https:\/\/www.aliadospuebla.com\/index.php?rest_route=\/wp\/v2\/users\/2"}],"replies":[{"embeddable":true,"href":"https:\/\/www.aliadospuebla.com\/index.php?rest_route=%2Fwp%2Fv2%2Fcomments&post=80969"}],"version-history":[{"count":1,"href":"https:\/\/www.aliadospuebla.com\/index.php?rest_route=\/wp\/v2\/posts\/80969\/revisions"}],"predecessor-version":[{"id":80972,"href":"https:\/\/www.aliadospuebla.com\/index.php?rest_route=\/wp\/v2\/posts\/80969\/revisions\/80972"}],"wp:featuredmedia":[{"embeddable":true,"href":"https:\/\/www.aliadospuebla.com\/index.php?rest_route=\/wp\/v2\/media\/80971"}],"wp:attachment":[{"href":"https:\/\/www.aliadospuebla.com\/index.php?rest_route=%2Fwp%2Fv2%2Fmedia&parent=80969"}],"wp:term":[{"taxonomy":"category","embeddable":true,"href":"https:\/\/www.aliadospuebla.com\/index.php?rest_route=%2Fwp%2Fv2%2Fcategories&post=80969"},{"taxonomy":"post_tag","embeddable":true,"href":"https:\/\/www.aliadospuebla.com\/index.php?rest_route=%2Fwp%2Fv2%2Ftags&post=80969"}],"curies":[{"name":"wp","href":"https:\/\/api.w.org\/{rel}","templated":true}]}}