{"id":80957,"date":"2023-06-27T16:52:58","date_gmt":"2023-06-27T22:52:58","guid":{"rendered":"https:\/\/www.aliados17.com\/?p=80957"},"modified":"2023-06-27T16:52:58","modified_gmt":"2023-06-27T22:52:58","slug":"todo-un-exito-fue-la-feria-de-cuautlancingo-2023","status":"publish","type":"post","link":"https:\/\/www.aliadospuebla.com\/?p=80957","title":{"rendered":"Todo un \u00e9xito fue la Feria de Cuautlancingo 2023"},"content":{"rendered":"<h4>\u2018La Feria de Todos\u2019. Despu\u00e9s de diez d\u00edas de celebraci\u00f3n, se considera que la festividad en honor a San Juan Bautista transcurri\u00f3 sin incidentes.<\/h4>\n<p>Con la participaci\u00f3n de artistas como Junior H, La Adictiva, El Super Show de Los Vaskez, Los Acostas, Sonido Pirata, El Coste\u00f1o, entre otros, el municipio de Cuautlancingo recibi\u00f3 a m\u00e1s de 60 mil personas durante los diez d\u00edas de la feria.<\/p>\n<p>Turistas locales y nacionales de los estados<\/p>\n<p>de Tlaxcala, la Ciudad de M\u00e9xico, Estado de M\u00e9xico, Veracruz, Hidalgo y Oaxaca tambi\u00e9n disfrutaron de los eventos culturales que se llevaron a cabo en el Foro Art\u00edstico.<\/p>\n<p>El presidente municipal, <strong>Filomeno Sarmiento Torres,<\/strong> agradeci\u00f3 a todos los asistentes de esta edici\u00f3n de la <strong>Feria de Todos<\/strong>, y expres\u00f3 su esperanza de que el pr\u00f3ximo a\u00f1o vuelvan a reunirse familias, amigos y todos aquellos que deseen disfrutar de la <strong>Feria de Cuautlancingo<\/strong>.<\/p>\n<p>\u201cNo me queda m\u00e1s que invitarlos a la Feria Cuautlancingo 2024, donde podr\u00e1n disfrutar de muchas sorpresas.<\/p>\n<h4>Estoy seguro de que ser\u00e1 la mejor feria que haya tenido nuestro municipio.<\/h4>\n<p>Esperen a los grandes artistas que vendr\u00e1n a cantar sus \u00e9xitos, Habr\u00e1 eventos para todos los gustos\u201d.<\/p>\n<p>Este a\u00f1o, \u201cLa Feria de Todos\u201d cont\u00f3 con tres sedes para albergar a los m\u00e1s de 500 artistas que participaron, tanto en el Teatro del Pueblo como en el Parque El Ameyal y el Foro Art\u00edstico. Hubo eventos culturales como el Encuentro Nacional de Danza, la Orquesta Infantil y Juvenil de Cuautlancingo, la Danza de los Tecuanes y presentaciones de las escuelas del municipio.<\/p>\n<p>Adem\u00e1s, se instalaron stands de las <strong>Mujeres Emprendedoras del Sistema DIF municipal<\/strong>, quienes acudieron a vender sus productos.<\/p>\n<p>Tambi\u00e9n participaron las abuelitas y abuelitos de las <strong>estancias de d\u00eda<\/strong> en diferentes bailables.<\/p>\n","protected":false},"excerpt":{"rendered":"<p>\u2018La Feria de Todos\u2019. Despu\u00e9s de diez d\u00edas de celebraci\u00f3n, se considera que la festividad en honor a San Juan Bautista transcurri\u00f3 sin incidentes. Con la participaci\u00f3n de artistas como Junior H, La Adictiva, El Super Show de Los Vaskez, Los Acostas, Sonido Pirata, El Coste\u00f1o, entre otros, el municipio de Cuautlancingo recibi\u00f3 a m\u00e1s de 60 mil personas durante los diez d\u00edas de la feria. Turistas locales y nacionales de los estados de Tlaxcala, la Ciudad de M\u00e9xico, Estado de M\u00e9xico, Veracruz, Hidalgo y Oaxaca tambi\u00e9n disfrutaron de los eventos culturales que se llevaron a cabo en el Foro Art\u00edstico. El presidente municipal, Filomeno Sarmiento Torres, agradeci\u00f3 a todos los asistentes de esta edici\u00f3n de la Feria de Todos, y expres\u00f3 su esperanza de&hellip;<\/p>\n<p class=\"excerpt-more\"><a class=\"blog-excerpt button\" href=\"https:\/\/www.aliadospuebla.com\/?p=80957\">Leer m\u00e1s&#8230;<\/a><\/p>\n","protected":false},"author":2,"featured_media":80958,"comment_status":"open","ping_status":"open","sticky":false,"template":"","format":"standard","meta":{"_monsterinsights_skip_tracking":false,"footnotes":""},"categories":[4],"tags":[102,18,21934,21933,3869,3101,1227,20,1797,18860],"class_list":["post-80957","post","type-post","status-publish","format-standard","has-post-thumbnail","hentry","category-municipios","tag-artistas","tag-cuautlancingo","tag-cuautlancingo-2023","tag-feria-de-todos","tag-filomeno-sarmiento-torres","tag-mujeres-emprendedoras","tag-saldo-blanco","tag-seguridad","tag-smdif","tag-teatro-del-pueblo"],"yoast_head":"<!-- This site is optimized with the Yoast SEO plugin v28.3 - https:\/\/yoast.com\/product\/yoast-seo-wordpress\/ -->\n<title>Todo un \u00e9xito fue la Feria de Cuautlancingo 2023 - AliadosPuebla<\/title>\n<meta name=\"robots\" content=\"index, follow, max-snippet:-1, max-image-preview:large, max-video-preview:-1\" \/>\n<link rel=\"canonical\" href=\"https:\/\/www.aliadospuebla.com\/?p=80957\" \/>\n<meta property=\"og:locale\" content=\"es_ES\" \/>\n<meta property=\"og:type\" content=\"article\" \/>\n<meta property=\"og:title\" content=\"Todo un \u00e9xito fue la Feria de Cuautlancingo 2023 - AliadosPuebla\" \/>\n<meta property=\"og:description\" content=\"\u2018La Feria de Todos\u2019. Despu\u00e9s de diez d\u00edas de celebraci\u00f3n, se considera que la festividad en honor a San Juan Bautista transcurri\u00f3 sin incidentes. Con la participaci\u00f3n de artistas como Junior H, La Adictiva, El Super Show de Los Vaskez, Los Acostas, Sonido Pirata, El Coste\u00f1o, entre otros, el municipio de Cuautlancingo recibi\u00f3 a m\u00e1s de 60 mil personas durante los diez d\u00edas de la feria. Turistas locales y nacionales de los estados de Tlaxcala, la Ciudad de M\u00e9xico, Estado de M\u00e9xico, Veracruz, Hidalgo y Oaxaca tambi\u00e9n disfrutaron de los eventos culturales que se llevaron a cabo en el Foro Art\u00edstico. El presidente municipal, Filomeno Sarmiento Torres, agradeci\u00f3 a todos los asistentes de esta edici\u00f3n de la Feria de Todos, y expres\u00f3 su esperanza de&hellip;Leer m\u00e1s...\" \/>\n<meta property=\"og:url\" content=\"https:\/\/www.aliadospuebla.com\/?p=80957\" \/>\n<meta property=\"og:site_name\" content=\"AliadosPuebla\" \/>\n<meta property=\"article:author\" content=\"https:\/\/www.facebook.com\/Aliados17Pue\" \/>\n<meta property=\"article:published_time\" content=\"2023-06-27T22:52:58+00:00\" \/>\n<meta property=\"og:image\" content=\"https:\/\/www.aliadospuebla.com\/web2017\/wp-content\/uploads\/2023\/06\/PSX_20230627_165221.jpg\" \/>\n\t<meta property=\"og:image:width\" content=\"600\" \/>\n\t<meta property=\"og:image:height\" content=\"450\" \/>\n\t<meta property=\"og:image:type\" content=\"image\/jpeg\" \/>\n<meta name=\"author\" content=\"Aliados17\" \/>\n<meta name=\"twitter:card\" content=\"summary_large_image\" \/>\n<meta name=\"twitter:creator\" content=\"@AliadosPuebla\" \/>\n<meta name=\"twitter:label1\" content=\"Escrito por\" \/>\n\t<meta name=\"twitter:data1\" content=\"Aliados17\" \/>\n\t<meta name=\"twitter:label2\" content=\"Tiempo de lectura\" \/>\n\t<meta name=\"twitter:data2\" content=\"2 minutos\" \/>\n<script type=\"application\/ld+json\" class=\"yoast-schema-graph\">{\"@context\":\"https:\\\/\\\/schema.org\",\"@graph\":[{\"@type\":\"Article\",\"@id\":\"https:\\\/\\\/www.aliadospuebla.com\\\/?p=80957#article\",\"isPartOf\":{\"@id\":\"https:\\\/\\\/www.aliadospuebla.com\\\/?p=80957\"},\"author\":{\"name\":\"Aliados17\",\"@id\":\"https:\\\/\\\/www.aliadospuebla.com\\\/#\\\/schema\\\/person\\\/5da7dd09320bd4f392b710017ed5f8ad\"},\"headline\":\"Todo un \u00e9xito fue la Feria de Cuautlancingo 2023\",\"datePublished\":\"2023-06-27T22:52:58+00:00\",\"mainEntityOfPage\":{\"@id\":\"https:\\\/\\\/www.aliadospuebla.com\\\/?p=80957\"},\"wordCount\":316,\"commentCount\":0,\"image\":{\"@id\":\"https:\\\/\\\/www.aliadospuebla.com\\\/?p=80957#primaryimage\"},\"thumbnailUrl\":\"https:\\\/\\\/www.aliadospuebla.com\\\/web2017\\\/wp-content\\\/uploads\\\/2023\\\/06\\\/PSX_20230627_165221.jpg\",\"keywords\":[\"artistas\",\"Cuautlancingo\",\"Cuautlancingo 2023\",\"Feria de todos\",\"FILOMENO SARMIENTO TORRES\",\"MUJERES EMPRENDEDORAS\",\"SALDO BLANCO\",\"Seguridad\",\"SMDIF\",\"Teatro del pueblo\"],\"articleSection\":[\"Municipios\"],\"inLanguage\":\"es\",\"potentialAction\":[{\"@type\":\"CommentAction\",\"name\":\"Comment\",\"target\":[\"https:\\\/\\\/www.aliadospuebla.com\\\/?p=80957#respond\"]}]},{\"@type\":\"WebPage\",\"@id\":\"https:\\\/\\\/www.aliadospuebla.com\\\/?p=80957\",\"url\":\"https:\\\/\\\/www.aliadospuebla.com\\\/?p=80957\",\"name\":\"Todo un \u00e9xito fue la Feria de Cuautlancingo 2023 - AliadosPuebla\",\"isPartOf\":{\"@id\":\"https:\\\/\\\/www.aliadospuebla.com\\\/#website\"},\"primaryImageOfPage\":{\"@id\":\"https:\\\/\\\/www.aliadospuebla.com\\\/?p=80957#primaryimage\"},\"image\":{\"@id\":\"https:\\\/\\\/www.aliadospuebla.com\\\/?p=80957#primaryimage\"},\"thumbnailUrl\":\"https:\\\/\\\/www.aliadospuebla.com\\\/web2017\\\/wp-content\\\/uploads\\\/2023\\\/06\\\/PSX_20230627_165221.jpg\",\"datePublished\":\"2023-06-27T22:52:58+00:00\",\"author\":{\"@id\":\"https:\\\/\\\/www.aliadospuebla.com\\\/#\\\/schema\\\/person\\\/5da7dd09320bd4f392b710017ed5f8ad\"},\"breadcrumb\":{\"@id\":\"https:\\\/\\\/www.aliadospuebla.com\\\/?p=80957#breadcrumb\"},\"inLanguage\":\"es\",\"potentialAction\":[{\"@type\":\"ReadAction\",\"target\":[\"https:\\\/\\\/www.aliadospuebla.com\\\/?p=80957\"]}]},{\"@type\":\"ImageObject\",\"inLanguage\":\"es\",\"@id\":\"https:\\\/\\\/www.aliadospuebla.com\\\/?p=80957#primaryimage\",\"url\":\"https:\\\/\\\/www.aliadospuebla.com\\\/web2017\\\/wp-content\\\/uploads\\\/2023\\\/06\\\/PSX_20230627_165221.jpg\",\"contentUrl\":\"https:\\\/\\\/www.aliadospuebla.com\\\/web2017\\\/wp-content\\\/uploads\\\/2023\\\/06\\\/PSX_20230627_165221.jpg\",\"width\":600,\"height\":450},{\"@type\":\"BreadcrumbList\",\"@id\":\"https:\\\/\\\/www.aliadospuebla.com\\\/?p=80957#breadcrumb\",\"itemListElement\":[{\"@type\":\"ListItem\",\"position\":1,\"name\":\"Portada\",\"item\":\"https:\\\/\\\/www.aliadospuebla.com\\\/\"},{\"@type\":\"ListItem\",\"position\":2,\"name\":\"Todo un \u00e9xito fue la Feria de Cuautlancingo 2023\"}]},{\"@type\":\"WebSite\",\"@id\":\"https:\\\/\\\/www.aliadospuebla.com\\\/#website\",\"url\":\"https:\\\/\\\/www.aliadospuebla.com\\\/\",\"name\":\"AliadosPuebla\",\"description\":\"La informaci\u00f3n en tus manos\",\"potentialAction\":[{\"@type\":\"SearchAction\",\"target\":{\"@type\":\"EntryPoint\",\"urlTemplate\":\"https:\\\/\\\/www.aliadospuebla.com\\\/?s={search_term_string}\"},\"query-input\":{\"@type\":\"PropertyValueSpecification\",\"valueRequired\":true,\"valueName\":\"search_term_string\"}}],\"inLanguage\":\"es\"},{\"@type\":\"Person\",\"@id\":\"https:\\\/\\\/www.aliadospuebla.com\\\/#\\\/schema\\\/person\\\/5da7dd09320bd4f392b710017ed5f8ad\",\"name\":\"Aliados17\",\"image\":{\"@type\":\"ImageObject\",\"inLanguage\":\"es\",\"@id\":\"https:\\\/\\\/www.aliadospuebla.com\\\/web2017\\\/wp-content\\\/uploads\\\/2025\\\/03\\\/cropped-para-perfil-8-anos-1-96x96.jpg\",\"url\":\"https:\\\/\\\/www.aliadospuebla.com\\\/web2017\\\/wp-content\\\/uploads\\\/2025\\\/03\\\/cropped-para-perfil-8-anos-1-96x96.jpg\",\"contentUrl\":\"https:\\\/\\\/www.aliadospuebla.com\\\/web2017\\\/wp-content\\\/uploads\\\/2025\\\/03\\\/cropped-para-perfil-8-anos-1-96x96.jpg\",\"caption\":\"Aliados17\"},\"sameAs\":[\"https:\\\/\\\/www.aliados17.com\",\"https:\\\/\\\/www.facebook.com\\\/Aliados17Pue\",\"https:\\\/\\\/x.com\\\/AliadosPuebla\"],\"url\":\"https:\\\/\\\/www.aliadospuebla.com\\\/?author=2\"}]}<\/script>\n<!-- \/ Yoast SEO plugin. -->","yoast_head_json":{"title":"Todo un \u00e9xito fue la Feria de Cuautlancingo 2023 - AliadosPuebla","robots":{"index":"index","follow":"follow","max-snippet":"max-snippet:-1","max-image-preview":"max-image-preview:large","max-video-preview":"max-video-preview:-1"},"canonical":"https:\/\/www.aliadospuebla.com\/?p=80957","og_locale":"es_ES","og_type":"article","og_title":"Todo un \u00e9xito fue la Feria de Cuautlancingo 2023 - AliadosPuebla","og_description":"\u2018La Feria de Todos\u2019. Despu\u00e9s de diez d\u00edas de celebraci\u00f3n, se considera que la festividad en honor a San Juan Bautista transcurri\u00f3 sin incidentes. Con la participaci\u00f3n de artistas como Junior H, La Adictiva, El Super Show de Los Vaskez, Los Acostas, Sonido Pirata, El Coste\u00f1o, entre otros, el municipio de Cuautlancingo recibi\u00f3 a m\u00e1s de 60 mil personas durante los diez d\u00edas de la feria. Turistas locales y nacionales de los estados de Tlaxcala, la Ciudad de M\u00e9xico, Estado de M\u00e9xico, Veracruz, Hidalgo y Oaxaca tambi\u00e9n disfrutaron de los eventos culturales que se llevaron a cabo en el Foro Art\u00edstico. El presidente municipal, Filomeno Sarmiento Torres, agradeci\u00f3 a todos los asistentes de esta edici\u00f3n de la Feria de Todos, y expres\u00f3 su esperanza de&hellip;Leer m\u00e1s...","og_url":"https:\/\/www.aliadospuebla.com\/?p=80957","og_site_name":"AliadosPuebla","article_author":"https:\/\/www.facebook.com\/Aliados17Pue","article_published_time":"2023-06-27T22:52:58+00:00","og_image":[{"width":600,"height":450,"url":"https:\/\/www.aliadospuebla.com\/web2017\/wp-content\/uploads\/2023\/06\/PSX_20230627_165221.jpg","type":"image\/jpeg"}],"author":"Aliados17","twitter_card":"summary_large_image","twitter_creator":"@AliadosPuebla","twitter_misc":{"Escrito por":"Aliados17","Tiempo de lectura":"2 minutos"},"schema":{"@context":"https:\/\/schema.org","@graph":[{"@type":"Article","@id":"https:\/\/www.aliadospuebla.com\/?p=80957#article","isPartOf":{"@id":"https:\/\/www.aliadospuebla.com\/?p=80957"},"author":{"name":"Aliados17","@id":"https:\/\/www.aliadospuebla.com\/#\/schema\/person\/5da7dd09320bd4f392b710017ed5f8ad"},"headline":"Todo un \u00e9xito fue la Feria de Cuautlancingo 2023","datePublished":"2023-06-27T22:52:58+00:00","mainEntityOfPage":{"@id":"https:\/\/www.aliadospuebla.com\/?p=80957"},"wordCount":316,"commentCount":0,"image":{"@id":"https:\/\/www.aliadospuebla.com\/?p=80957#primaryimage"},"thumbnailUrl":"https:\/\/www.aliadospuebla.com\/web2017\/wp-content\/uploads\/2023\/06\/PSX_20230627_165221.jpg","keywords":["artistas","Cuautlancingo","Cuautlancingo 2023","Feria de todos","FILOMENO SARMIENTO TORRES","MUJERES EMPRENDEDORAS","SALDO BLANCO","Seguridad","SMDIF","Teatro del pueblo"],"articleSection":["Municipios"],"inLanguage":"es","potentialAction":[{"@type":"CommentAction","name":"Comment","target":["https:\/\/www.aliadospuebla.com\/?p=80957#respond"]}]},{"@type":"WebPage","@id":"https:\/\/www.aliadospuebla.com\/?p=80957","url":"https:\/\/www.aliadospuebla.com\/?p=80957","name":"Todo un \u00e9xito fue la Feria de Cuautlancingo 2023 - AliadosPuebla","isPartOf":{"@id":"https:\/\/www.aliadospuebla.com\/#website"},"primaryImageOfPage":{"@id":"https:\/\/www.aliadospuebla.com\/?p=80957#primaryimage"},"image":{"@id":"https:\/\/www.aliadospuebla.com\/?p=80957#primaryimage"},"thumbnailUrl":"https:\/\/www.aliadospuebla.com\/web2017\/wp-content\/uploads\/2023\/06\/PSX_20230627_165221.jpg","datePublished":"2023-06-27T22:52:58+00:00","author":{"@id":"https:\/\/www.aliadospuebla.com\/#\/schema\/person\/5da7dd09320bd4f392b710017ed5f8ad"},"breadcrumb":{"@id":"https:\/\/www.aliadospuebla.com\/?p=80957#breadcrumb"},"inLanguage":"es","potentialAction":[{"@type":"ReadAction","target":["https:\/\/www.aliadospuebla.com\/?p=80957"]}]},{"@type":"ImageObject","inLanguage":"es","@id":"https:\/\/www.aliadospuebla.com\/?p=80957#primaryimage","url":"https:\/\/www.aliadospuebla.com\/web2017\/wp-content\/uploads\/2023\/06\/PSX_20230627_165221.jpg","contentUrl":"https:\/\/www.aliadospuebla.com\/web2017\/wp-content\/uploads\/2023\/06\/PSX_20230627_165221.jpg","width":600,"height":450},{"@type":"BreadcrumbList","@id":"https:\/\/www.aliadospuebla.com\/?p=80957#breadcrumb","itemListElement":[{"@type":"ListItem","position":1,"name":"Portada","item":"https:\/\/www.aliadospuebla.com\/"},{"@type":"ListItem","position":2,"name":"Todo un \u00e9xito fue la Feria de Cuautlancingo 2023"}]},{"@type":"WebSite","@id":"https:\/\/www.aliadospuebla.com\/#website","url":"https:\/\/www.aliadospuebla.com\/","name":"AliadosPuebla","description":"La informaci\u00f3n en tus manos","potentialAction":[{"@type":"SearchAction","target":{"@type":"EntryPoint","urlTemplate":"https:\/\/www.aliadospuebla.com\/?s={search_term_string}"},"query-input":{"@type":"PropertyValueSpecification","valueRequired":true,"valueName":"search_term_string"}}],"inLanguage":"es"},{"@type":"Person","@id":"https:\/\/www.aliadospuebla.com\/#\/schema\/person\/5da7dd09320bd4f392b710017ed5f8ad","name":"Aliados17","image":{"@type":"ImageObject","inLanguage":"es","@id":"https:\/\/www.aliadospuebla.com\/web2017\/wp-content\/uploads\/2025\/03\/cropped-para-perfil-8-anos-1-96x96.jpg","url":"https:\/\/www.aliadospuebla.com\/web2017\/wp-content\/uploads\/2025\/03\/cropped-para-perfil-8-anos-1-96x96.jpg","contentUrl":"https:\/\/www.aliadospuebla.com\/web2017\/wp-content\/uploads\/2025\/03\/cropped-para-perfil-8-anos-1-96x96.jpg","caption":"Aliados17"},"sameAs":["https:\/\/www.aliados17.com","https:\/\/www.facebook.com\/Aliados17Pue","https:\/\/x.com\/AliadosPuebla"],"url":"https:\/\/www.aliadospuebla.com\/?author=2"}]}},"views":12,"_links":{"self":[{"href":"https:\/\/www.aliadospuebla.com\/index.php?rest_route=\/wp\/v2\/posts\/80957","targetHints":{"allow":["GET"]}}],"collection":[{"href":"https:\/\/www.aliadospuebla.com\/index.php?rest_route=\/wp\/v2\/posts"}],"about":[{"href":"https:\/\/www.aliadospuebla.com\/index.php?rest_route=\/wp\/v2\/types\/post"}],"author":[{"embeddable":true,"href":"https:\/\/www.aliadospuebla.com\/index.php?rest_route=\/wp\/v2\/users\/2"}],"replies":[{"embeddable":true,"href":"https:\/\/www.aliadospuebla.com\/index.php?rest_route=%2Fwp%2Fv2%2Fcomments&post=80957"}],"version-history":[{"count":1,"href":"https:\/\/www.aliadospuebla.com\/index.php?rest_route=\/wp\/v2\/posts\/80957\/revisions"}],"predecessor-version":[{"id":80959,"href":"https:\/\/www.aliadospuebla.com\/index.php?rest_route=\/wp\/v2\/posts\/80957\/revisions\/80959"}],"wp:featuredmedia":[{"embeddable":true,"href":"https:\/\/www.aliadospuebla.com\/index.php?rest_route=\/wp\/v2\/media\/80958"}],"wp:attachment":[{"href":"https:\/\/www.aliadospuebla.com\/index.php?rest_route=%2Fwp%2Fv2%2Fmedia&parent=80957"}],"wp:term":[{"taxonomy":"category","embeddable":true,"href":"https:\/\/www.aliadospuebla.com\/index.php?rest_route=%2Fwp%2Fv2%2Fcategories&post=80957"},{"taxonomy":"post_tag","embeddable":true,"href":"https:\/\/www.aliadospuebla.com\/index.php?rest_route=%2Fwp%2Fv2%2Ftags&post=80957"}],"curies":[{"name":"wp","href":"https:\/\/api.w.org\/{rel}","templated":true}]}}