{"id":80903,"date":"2023-06-26T12:46:11","date_gmt":"2023-06-26T18:46:11","guid":{"rendered":"https:\/\/www.aliados17.com\/?p=80903"},"modified":"2023-06-26T12:46:11","modified_gmt":"2023-06-26T18:46:11","slug":"refuerza-gobierno-de-puebla-labores-para-extinguir-incendio-forestal-en-zacatlan","status":"publish","type":"post","link":"https:\/\/www.aliadospuebla.com\/?p=80903","title":{"rendered":"REFUERZA GOBIERNO DE PUEBLA LABORES PARA EXTINGUIR INCENDIO FORESTAL EN ZACATL\u00c1N"},"content":{"rendered":"<h4>El gobernador Sergio Salom\u00f3n contin\u00faa con la supervisi\u00f3n de los trabajos<\/h4>\n<p>Hasta el momento, el fuego en dos zonas de atenci\u00f3n fue controlado y apagado al cien<\/p>\n<p>por ciento<\/p>\n<p>ZACATL\u00c1N, Pue. &#8211; El gobierno de Puebla,<\/p>\n<p>en coordinaci\u00f3n con autoridades federales<\/p>\n<p>y municipales, contin\u00faa con las labores y redobla esfuerzos para extinguir en su totalidad el incendio forestal en Zacatl\u00e1n, inform\u00f3 el gobernador Sergio Salom\u00f3n durante la supervisi\u00f3n de los trabajos.<\/p>\n<p>&nbsp;<\/p>\n<p>De acuerdo al \u00faltimo reporte presentado<\/p>\n<p>al titular del Ejecutivo por la Coordinaci\u00f3n<\/p>\n<p>de Protecci\u00f3n Civil Estatal, hasta el momento el fuego en dos zonas de atenci\u00f3n (Xonotla y Paraje Pe\u00f1a del \u00c1guila) est\u00e1 controlado y totalmente extinguido.<\/p>\n<p>Adem\u00e1s, durante el transcurso de este s\u00e1bado 24 de junio, fueron redoblados los trabajos para controlar y apagar el fuego en las partes de Zoquitla, Otatl\u00e1n y Cuacuilco.<\/p>\n<p>Sergio Salom\u00f3n reiter\u00f3 que la administraci\u00f3n que encabeza est\u00e1 presente y ejecuta acciones para extinguir el incendio forestal en Zacatl\u00e1n, el cual ha da\u00f1ado un total de 700 hect\u00e1reas y generado la evacuaci\u00f3n de 94<\/p>\n<p>personas.<\/p>\n<p>&nbsp;<\/p>\n","protected":false},"excerpt":{"rendered":"<p>El gobernador Sergio Salom\u00f3n contin\u00faa con la supervisi\u00f3n de los trabajos Hasta el momento, el fuego en dos zonas de atenci\u00f3n fue controlado y apagado al cien por ciento ZACATL\u00c1N, Pue. &#8211; El gobierno de Puebla, en coordinaci\u00f3n con autoridades federales y municipales, contin\u00faa con las labores y redobla esfuerzos para extinguir en su totalidad el incendio forestal en Zacatl\u00e1n, inform\u00f3 el gobernador Sergio Salom\u00f3n durante la supervisi\u00f3n de los trabajos. &nbsp; De acuerdo al \u00faltimo reporte presentado al titular del Ejecutivo por la Coordinaci\u00f3n de Protecci\u00f3n Civil Estatal, hasta el momento el fuego en dos zonas de atenci\u00f3n (Xonotla y Paraje Pe\u00f1a del \u00c1guila) est\u00e1 controlado y totalmente extinguido. Adem\u00e1s, durante el transcurso de este s\u00e1bado 24 de junio, fueron redoblados los trabajos para&hellip;<\/p>\n<p class=\"excerpt-more\"><a class=\"blog-excerpt button\" href=\"https:\/\/www.aliadospuebla.com\/?p=80903\">Leer m\u00e1s&#8230;<\/a><\/p>\n","protected":false},"author":2,"featured_media":80904,"comment_status":"open","ping_status":"open","sticky":false,"template":"","format":"standard","meta":{"_monsterinsights_skip_tracking":false,"footnotes":""},"categories":[61],"tags":[21914,109,10666,894],"class_list":["post-80903","post","type-post","status-publish","format-standard","has-post-thumbnail","hentry","category-gobierno","tag-incendio-forestal","tag-proteccion-civil","tag-sergio-salomon-cespedes-peregrina","tag-zacatlan"],"yoast_head":"<!-- This site is optimized with the Yoast SEO plugin v28.4 - https:\/\/yoast.com\/product\/yoast-seo-wordpress\/ -->\n<title>REFUERZA GOBIERNO DE PUEBLA LABORES PARA EXTINGUIR INCENDIO FORESTAL EN ZACATL\u00c1N - AliadosPuebla<\/title>\n<meta name=\"robots\" content=\"index, follow, max-snippet:-1, max-image-preview:large, max-video-preview:-1\" \/>\n<link rel=\"canonical\" href=\"https:\/\/www.aliadospuebla.com\/?p=80903\" \/>\n<meta property=\"og:locale\" content=\"es_ES\" \/>\n<meta property=\"og:type\" content=\"article\" \/>\n<meta property=\"og:title\" content=\"REFUERZA GOBIERNO DE PUEBLA LABORES PARA EXTINGUIR INCENDIO FORESTAL EN ZACATL\u00c1N - AliadosPuebla\" \/>\n<meta property=\"og:description\" content=\"El gobernador Sergio Salom\u00f3n contin\u00faa con la supervisi\u00f3n de los trabajos Hasta el momento, el fuego en dos zonas de atenci\u00f3n fue controlado y apagado al cien por ciento ZACATL\u00c1N, Pue. &#8211; El gobierno de Puebla, en coordinaci\u00f3n con autoridades federales y municipales, contin\u00faa con las labores y redobla esfuerzos para extinguir en su totalidad el incendio forestal en Zacatl\u00e1n, inform\u00f3 el gobernador Sergio Salom\u00f3n durante la supervisi\u00f3n de los trabajos. &nbsp; De acuerdo al \u00faltimo reporte presentado al titular del Ejecutivo por la Coordinaci\u00f3n de Protecci\u00f3n Civil Estatal, hasta el momento el fuego en dos zonas de atenci\u00f3n (Xonotla y Paraje Pe\u00f1a del \u00c1guila) est\u00e1 controlado y totalmente extinguido. Adem\u00e1s, durante el transcurso de este s\u00e1bado 24 de junio, fueron redoblados los trabajos para&hellip;Leer m\u00e1s...\" \/>\n<meta property=\"og:url\" content=\"https:\/\/www.aliadospuebla.com\/?p=80903\" \/>\n<meta property=\"og:site_name\" content=\"AliadosPuebla\" \/>\n<meta property=\"article:author\" content=\"https:\/\/www.facebook.com\/Aliados17Pue\" \/>\n<meta property=\"article:published_time\" content=\"2023-06-26T18:46:11+00:00\" \/>\n<meta property=\"og:image\" content=\"https:\/\/www.aliadospuebla.com\/web2017\/wp-content\/uploads\/2023\/06\/PSX_20230626_124014.jpg\" \/>\n\t<meta property=\"og:image:width\" content=\"600\" \/>\n\t<meta property=\"og:image:height\" content=\"450\" \/>\n\t<meta property=\"og:image:type\" content=\"image\/jpeg\" \/>\n<meta name=\"author\" content=\"Aliados17\" \/>\n<meta name=\"twitter:card\" content=\"summary_large_image\" \/>\n<meta name=\"twitter:creator\" content=\"@AliadosPuebla\" \/>\n<meta name=\"twitter:label1\" content=\"Escrito por\" \/>\n\t<meta name=\"twitter:data1\" content=\"Aliados17\" \/>\n\t<meta name=\"twitter:label2\" content=\"Tiempo de lectura\" \/>\n\t<meta name=\"twitter:data2\" content=\"1 minuto\" \/>\n<script type=\"application\/ld+json\" class=\"yoast-schema-graph\">{\"@context\":\"https:\\\/\\\/schema.org\",\"@graph\":[{\"@type\":\"Article\",\"@id\":\"https:\\\/\\\/www.aliadospuebla.com\\\/?p=80903#article\",\"isPartOf\":{\"@id\":\"https:\\\/\\\/www.aliadospuebla.com\\\/?p=80903\"},\"author\":{\"name\":\"Aliados17\",\"@id\":\"https:\\\/\\\/www.aliadospuebla.com\\\/#\\\/schema\\\/person\\\/5da7dd09320bd4f392b710017ed5f8ad\"},\"headline\":\"REFUERZA GOBIERNO DE PUEBLA LABORES PARA EXTINGUIR INCENDIO FORESTAL EN ZACATL\u00c1N\",\"datePublished\":\"2023-06-26T18:46:11+00:00\",\"mainEntityOfPage\":{\"@id\":\"https:\\\/\\\/www.aliadospuebla.com\\\/?p=80903\"},\"wordCount\":207,\"commentCount\":0,\"image\":{\"@id\":\"https:\\\/\\\/www.aliadospuebla.com\\\/?p=80903#primaryimage\"},\"thumbnailUrl\":\"https:\\\/\\\/www.aliadospuebla.com\\\/web2017\\\/wp-content\\\/uploads\\\/2023\\\/06\\\/PSX_20230626_124014.jpg\",\"keywords\":[\"Incendio forestal\",\"protecci\u00f3n civil\",\"Sergio Salom\u00f3n C\u00e9spedes Peregrina\",\"ZACATL\u00c1N\"],\"articleSection\":[\"Gobierno\"],\"inLanguage\":\"es\",\"potentialAction\":[{\"@type\":\"CommentAction\",\"name\":\"Comment\",\"target\":[\"https:\\\/\\\/www.aliadospuebla.com\\\/?p=80903#respond\"]}]},{\"@type\":\"WebPage\",\"@id\":\"https:\\\/\\\/www.aliadospuebla.com\\\/?p=80903\",\"url\":\"https:\\\/\\\/www.aliadospuebla.com\\\/?p=80903\",\"name\":\"REFUERZA GOBIERNO DE PUEBLA LABORES PARA EXTINGUIR INCENDIO FORESTAL EN ZACATL\u00c1N - AliadosPuebla\",\"isPartOf\":{\"@id\":\"https:\\\/\\\/www.aliadospuebla.com\\\/#website\"},\"primaryImageOfPage\":{\"@id\":\"https:\\\/\\\/www.aliadospuebla.com\\\/?p=80903#primaryimage\"},\"image\":{\"@id\":\"https:\\\/\\\/www.aliadospuebla.com\\\/?p=80903#primaryimage\"},\"thumbnailUrl\":\"https:\\\/\\\/www.aliadospuebla.com\\\/web2017\\\/wp-content\\\/uploads\\\/2023\\\/06\\\/PSX_20230626_124014.jpg\",\"datePublished\":\"2023-06-26T18:46:11+00:00\",\"author\":{\"@id\":\"https:\\\/\\\/www.aliadospuebla.com\\\/#\\\/schema\\\/person\\\/5da7dd09320bd4f392b710017ed5f8ad\"},\"breadcrumb\":{\"@id\":\"https:\\\/\\\/www.aliadospuebla.com\\\/?p=80903#breadcrumb\"},\"inLanguage\":\"es\",\"potentialAction\":[{\"@type\":\"ReadAction\",\"target\":[\"https:\\\/\\\/www.aliadospuebla.com\\\/?p=80903\"]}]},{\"@type\":\"ImageObject\",\"inLanguage\":\"es\",\"@id\":\"https:\\\/\\\/www.aliadospuebla.com\\\/?p=80903#primaryimage\",\"url\":\"https:\\\/\\\/www.aliadospuebla.com\\\/web2017\\\/wp-content\\\/uploads\\\/2023\\\/06\\\/PSX_20230626_124014.jpg\",\"contentUrl\":\"https:\\\/\\\/www.aliadospuebla.com\\\/web2017\\\/wp-content\\\/uploads\\\/2023\\\/06\\\/PSX_20230626_124014.jpg\",\"width\":600,\"height\":450},{\"@type\":\"BreadcrumbList\",\"@id\":\"https:\\\/\\\/www.aliadospuebla.com\\\/?p=80903#breadcrumb\",\"itemListElement\":[{\"@type\":\"ListItem\",\"position\":1,\"name\":\"Portada\",\"item\":\"https:\\\/\\\/www.aliadospuebla.com\\\/\"},{\"@type\":\"ListItem\",\"position\":2,\"name\":\"REFUERZA GOBIERNO DE PUEBLA LABORES PARA EXTINGUIR INCENDIO FORESTAL EN ZACATL\u00c1N\"}]},{\"@type\":\"WebSite\",\"@id\":\"https:\\\/\\\/www.aliadospuebla.com\\\/#website\",\"url\":\"https:\\\/\\\/www.aliadospuebla.com\\\/\",\"name\":\"AliadosPuebla\",\"description\":\"La informaci\u00f3n en tus manos\",\"potentialAction\":[{\"@type\":\"SearchAction\",\"target\":{\"@type\":\"EntryPoint\",\"urlTemplate\":\"https:\\\/\\\/www.aliadospuebla.com\\\/?s={search_term_string}\"},\"query-input\":{\"@type\":\"PropertyValueSpecification\",\"valueRequired\":true,\"valueName\":\"search_term_string\"}}],\"inLanguage\":\"es\"},{\"@type\":\"Person\",\"@id\":\"https:\\\/\\\/www.aliadospuebla.com\\\/#\\\/schema\\\/person\\\/5da7dd09320bd4f392b710017ed5f8ad\",\"name\":\"Aliados17\",\"image\":{\"@type\":\"ImageObject\",\"inLanguage\":\"es\",\"@id\":\"https:\\\/\\\/www.aliadospuebla.com\\\/web2017\\\/wp-content\\\/uploads\\\/2025\\\/03\\\/cropped-para-perfil-8-anos-1-96x96.jpg\",\"url\":\"https:\\\/\\\/www.aliadospuebla.com\\\/web2017\\\/wp-content\\\/uploads\\\/2025\\\/03\\\/cropped-para-perfil-8-anos-1-96x96.jpg\",\"contentUrl\":\"https:\\\/\\\/www.aliadospuebla.com\\\/web2017\\\/wp-content\\\/uploads\\\/2025\\\/03\\\/cropped-para-perfil-8-anos-1-96x96.jpg\",\"caption\":\"Aliados17\"},\"sameAs\":[\"https:\\\/\\\/www.aliados17.com\",\"https:\\\/\\\/www.facebook.com\\\/Aliados17Pue\",\"https:\\\/\\\/x.com\\\/AliadosPuebla\"],\"url\":\"https:\\\/\\\/www.aliadospuebla.com\\\/?author=2\"}]}<\/script>\n<!-- \/ Yoast SEO plugin. -->","yoast_head_json":{"title":"REFUERZA GOBIERNO DE PUEBLA LABORES PARA EXTINGUIR INCENDIO FORESTAL EN ZACATL\u00c1N - AliadosPuebla","robots":{"index":"index","follow":"follow","max-snippet":"max-snippet:-1","max-image-preview":"max-image-preview:large","max-video-preview":"max-video-preview:-1"},"canonical":"https:\/\/www.aliadospuebla.com\/?p=80903","og_locale":"es_ES","og_type":"article","og_title":"REFUERZA GOBIERNO DE PUEBLA LABORES PARA EXTINGUIR INCENDIO FORESTAL EN ZACATL\u00c1N - AliadosPuebla","og_description":"El gobernador Sergio Salom\u00f3n contin\u00faa con la supervisi\u00f3n de los trabajos Hasta el momento, el fuego en dos zonas de atenci\u00f3n fue controlado y apagado al cien por ciento ZACATL\u00c1N, Pue. &#8211; El gobierno de Puebla, en coordinaci\u00f3n con autoridades federales y municipales, contin\u00faa con las labores y redobla esfuerzos para extinguir en su totalidad el incendio forestal en Zacatl\u00e1n, inform\u00f3 el gobernador Sergio Salom\u00f3n durante la supervisi\u00f3n de los trabajos. &nbsp; De acuerdo al \u00faltimo reporte presentado al titular del Ejecutivo por la Coordinaci\u00f3n de Protecci\u00f3n Civil Estatal, hasta el momento el fuego en dos zonas de atenci\u00f3n (Xonotla y Paraje Pe\u00f1a del \u00c1guila) est\u00e1 controlado y totalmente extinguido. Adem\u00e1s, durante el transcurso de este s\u00e1bado 24 de junio, fueron redoblados los trabajos para&hellip;Leer m\u00e1s...","og_url":"https:\/\/www.aliadospuebla.com\/?p=80903","og_site_name":"AliadosPuebla","article_author":"https:\/\/www.facebook.com\/Aliados17Pue","article_published_time":"2023-06-26T18:46:11+00:00","og_image":[{"width":600,"height":450,"url":"https:\/\/www.aliadospuebla.com\/web2017\/wp-content\/uploads\/2023\/06\/PSX_20230626_124014.jpg","type":"image\/jpeg"}],"author":"Aliados17","twitter_card":"summary_large_image","twitter_creator":"@AliadosPuebla","twitter_misc":{"Escrito por":"Aliados17","Tiempo de lectura":"1 minuto"},"schema":{"@context":"https:\/\/schema.org","@graph":[{"@type":"Article","@id":"https:\/\/www.aliadospuebla.com\/?p=80903#article","isPartOf":{"@id":"https:\/\/www.aliadospuebla.com\/?p=80903"},"author":{"name":"Aliados17","@id":"https:\/\/www.aliadospuebla.com\/#\/schema\/person\/5da7dd09320bd4f392b710017ed5f8ad"},"headline":"REFUERZA GOBIERNO DE PUEBLA LABORES PARA EXTINGUIR INCENDIO FORESTAL EN ZACATL\u00c1N","datePublished":"2023-06-26T18:46:11+00:00","mainEntityOfPage":{"@id":"https:\/\/www.aliadospuebla.com\/?p=80903"},"wordCount":207,"commentCount":0,"image":{"@id":"https:\/\/www.aliadospuebla.com\/?p=80903#primaryimage"},"thumbnailUrl":"https:\/\/www.aliadospuebla.com\/web2017\/wp-content\/uploads\/2023\/06\/PSX_20230626_124014.jpg","keywords":["Incendio forestal","protecci\u00f3n civil","Sergio Salom\u00f3n C\u00e9spedes Peregrina","ZACATL\u00c1N"],"articleSection":["Gobierno"],"inLanguage":"es","potentialAction":[{"@type":"CommentAction","name":"Comment","target":["https:\/\/www.aliadospuebla.com\/?p=80903#respond"]}]},{"@type":"WebPage","@id":"https:\/\/www.aliadospuebla.com\/?p=80903","url":"https:\/\/www.aliadospuebla.com\/?p=80903","name":"REFUERZA GOBIERNO DE PUEBLA LABORES PARA EXTINGUIR INCENDIO FORESTAL EN ZACATL\u00c1N - AliadosPuebla","isPartOf":{"@id":"https:\/\/www.aliadospuebla.com\/#website"},"primaryImageOfPage":{"@id":"https:\/\/www.aliadospuebla.com\/?p=80903#primaryimage"},"image":{"@id":"https:\/\/www.aliadospuebla.com\/?p=80903#primaryimage"},"thumbnailUrl":"https:\/\/www.aliadospuebla.com\/web2017\/wp-content\/uploads\/2023\/06\/PSX_20230626_124014.jpg","datePublished":"2023-06-26T18:46:11+00:00","author":{"@id":"https:\/\/www.aliadospuebla.com\/#\/schema\/person\/5da7dd09320bd4f392b710017ed5f8ad"},"breadcrumb":{"@id":"https:\/\/www.aliadospuebla.com\/?p=80903#breadcrumb"},"inLanguage":"es","potentialAction":[{"@type":"ReadAction","target":["https:\/\/www.aliadospuebla.com\/?p=80903"]}]},{"@type":"ImageObject","inLanguage":"es","@id":"https:\/\/www.aliadospuebla.com\/?p=80903#primaryimage","url":"https:\/\/www.aliadospuebla.com\/web2017\/wp-content\/uploads\/2023\/06\/PSX_20230626_124014.jpg","contentUrl":"https:\/\/www.aliadospuebla.com\/web2017\/wp-content\/uploads\/2023\/06\/PSX_20230626_124014.jpg","width":600,"height":450},{"@type":"BreadcrumbList","@id":"https:\/\/www.aliadospuebla.com\/?p=80903#breadcrumb","itemListElement":[{"@type":"ListItem","position":1,"name":"Portada","item":"https:\/\/www.aliadospuebla.com\/"},{"@type":"ListItem","position":2,"name":"REFUERZA GOBIERNO DE PUEBLA LABORES PARA EXTINGUIR INCENDIO FORESTAL EN ZACATL\u00c1N"}]},{"@type":"WebSite","@id":"https:\/\/www.aliadospuebla.com\/#website","url":"https:\/\/www.aliadospuebla.com\/","name":"AliadosPuebla","description":"La informaci\u00f3n en tus manos","potentialAction":[{"@type":"SearchAction","target":{"@type":"EntryPoint","urlTemplate":"https:\/\/www.aliadospuebla.com\/?s={search_term_string}"},"query-input":{"@type":"PropertyValueSpecification","valueRequired":true,"valueName":"search_term_string"}}],"inLanguage":"es"},{"@type":"Person","@id":"https:\/\/www.aliadospuebla.com\/#\/schema\/person\/5da7dd09320bd4f392b710017ed5f8ad","name":"Aliados17","image":{"@type":"ImageObject","inLanguage":"es","@id":"https:\/\/www.aliadospuebla.com\/web2017\/wp-content\/uploads\/2025\/03\/cropped-para-perfil-8-anos-1-96x96.jpg","url":"https:\/\/www.aliadospuebla.com\/web2017\/wp-content\/uploads\/2025\/03\/cropped-para-perfil-8-anos-1-96x96.jpg","contentUrl":"https:\/\/www.aliadospuebla.com\/web2017\/wp-content\/uploads\/2025\/03\/cropped-para-perfil-8-anos-1-96x96.jpg","caption":"Aliados17"},"sameAs":["https:\/\/www.aliados17.com","https:\/\/www.facebook.com\/Aliados17Pue","https:\/\/x.com\/AliadosPuebla"],"url":"https:\/\/www.aliadospuebla.com\/?author=2"}]}},"views":8,"_links":{"self":[{"href":"https:\/\/www.aliadospuebla.com\/index.php?rest_route=\/wp\/v2\/posts\/80903","targetHints":{"allow":["GET"]}}],"collection":[{"href":"https:\/\/www.aliadospuebla.com\/index.php?rest_route=\/wp\/v2\/posts"}],"about":[{"href":"https:\/\/www.aliadospuebla.com\/index.php?rest_route=\/wp\/v2\/types\/post"}],"author":[{"embeddable":true,"href":"https:\/\/www.aliadospuebla.com\/index.php?rest_route=\/wp\/v2\/users\/2"}],"replies":[{"embeddable":true,"href":"https:\/\/www.aliadospuebla.com\/index.php?rest_route=%2Fwp%2Fv2%2Fcomments&post=80903"}],"version-history":[{"count":1,"href":"https:\/\/www.aliadospuebla.com\/index.php?rest_route=\/wp\/v2\/posts\/80903\/revisions"}],"predecessor-version":[{"id":80905,"href":"https:\/\/www.aliadospuebla.com\/index.php?rest_route=\/wp\/v2\/posts\/80903\/revisions\/80905"}],"wp:featuredmedia":[{"embeddable":true,"href":"https:\/\/www.aliadospuebla.com\/index.php?rest_route=\/wp\/v2\/media\/80904"}],"wp:attachment":[{"href":"https:\/\/www.aliadospuebla.com\/index.php?rest_route=%2Fwp%2Fv2%2Fmedia&parent=80903"}],"wp:term":[{"taxonomy":"category","embeddable":true,"href":"https:\/\/www.aliadospuebla.com\/index.php?rest_route=%2Fwp%2Fv2%2Fcategories&post=80903"},{"taxonomy":"post_tag","embeddable":true,"href":"https:\/\/www.aliadospuebla.com\/index.php?rest_route=%2Fwp%2Fv2%2Ftags&post=80903"}],"curies":[{"name":"wp","href":"https:\/\/api.w.org\/{rel}","templated":true}]}}