{"id":80727,"date":"2023-06-13T23:32:30","date_gmt":"2023-06-14T05:32:30","guid":{"rendered":"https:\/\/www.aliados17.com\/?p=80727"},"modified":"2023-06-13T23:32:30","modified_gmt":"2023-06-14T05:32:30","slug":"la-ley-acida-es-perfectible-nestor-camarillo","status":"publish","type":"post","link":"https:\/\/www.aliadospuebla.com\/?p=80727","title":{"rendered":"LA LEY \u00c1CIDA ES PERFECTIBLE: N\u00c9STOR CAMARILLO"},"content":{"rendered":"<p>El diputado N\u00e9stor Camarillo Medina asegur\u00f3 que la reparaci\u00f3n del da\u00f1o,<\/p>\n<p>as\u00ed como la asignaci\u00f3n del presupuesto correspondiente a trav\u00e9s de adecuaciones<\/p>\n<p>a la normativa vigente son algunos temas pendientes de la Ley \u00c1cida que se aprob\u00f3<\/p>\n<p>el pasado 2 de marzo, la cual puede ser perfectible.<br \/>\nDurante el segundo foro \u201cLey \u00c1cida contra la violencia qu\u00edmica:<\/p>\n<p>desaf\u00edos y \u00e1reas de oportunidad\u201d, asegur\u00f3 que esta legislaci\u00f3n pionera en M\u00e9xico<\/p>\n<p>y Am\u00e9rica Latina fue un esfuerzo de las y los diputados de todos los grupos legislativos del Congreso local.<\/p>\n<h4>\u201cQueremos que Puebla siga siendo segura para ni\u00f1as, ni\u00f1os y mujeres\u201d, destac\u00f3.<\/h4>\n<p>N\u00e9stor Camarillo Medina record\u00f3 que la propuesta aprobada tipifica las agresiones con \u00e1cido,<\/p>\n<p>cualquier corrosivo, sustancia t\u00f3xica e inflamable como tentativa de feminicidio,<\/p>\n<p>por lo que las penas alcanzadas son hasta de 40 a\u00f1os de prisi\u00f3n y multas elevadas.<br \/>\nLos datos de violencia \u00e1cida colocan a Puebla en tercer lugar nacional por el mayor n\u00famero de casos,<\/p>\n<p>solamente detr\u00e1s de la Ciudad de M\u00e9xico y el Estado de M\u00e9xico, en su mayor\u00eda, las v\u00edctimas<\/p>\n<p>tienen entre 20 y 30 a\u00f1os de edad, m\u00e1s de la mitad de los ataques fueron perpetuados<\/p>\n<p>por las parejas y exparejas sentimentales, inform\u00f3 Ximena Canseco, cofundadora<\/p>\n<p>e investigadora de la Fundaci\u00f3n Carmen S\u00e1nchez MX.<br \/>\nLa poblana Esmeralda Mill\u00e1n expuso las dificultades para lograr una sentencia para su atacante, tras cinco a\u00f1os de haber sido detenido y marcar su vida para siempre porque la audiencia ha sido aplazada 14 veces, mientras tanto, Leslie Moreno narr\u00f3 c\u00f3mo el sistema de justicia actual dej\u00f3 libre a su agresora, a pesar de que fue un acto planeado y premeditado.<br \/>\nEn su intervenci\u00f3n, Carmen S\u00e1nchez indic\u00f3 que el fallo hist\u00f3rico de 46 a\u00f1os que logr\u00f3 en contra de su agresor, Efr\u00e9n Garc\u00eda, fue una lucha de casi una d\u00e9cada y marc\u00f3 un precedente en Am\u00e9rica Latina.<br \/>\nLa Fundaci\u00f3n Natalia Ponce de Le\u00f3n, a trav\u00e9s de su fundadora, quien lleva el mismo nombre, coment\u00f3 la experiencia de Colombia, donde los ataques con \u00e1cido han colocado a su pa\u00eds en los primeros sitios en el mundo y existe una legislaci\u00f3n que a\u00fan tiene muchas \u00e1reas de oportunidad.<\/p>\n","protected":false},"excerpt":{"rendered":"<p>El diputado N\u00e9stor Camarillo Medina asegur\u00f3 que la reparaci\u00f3n del da\u00f1o, as\u00ed como la asignaci\u00f3n del presupuesto correspondiente a trav\u00e9s de adecuaciones a la normativa vigente son algunos temas pendientes de la Ley \u00c1cida que se aprob\u00f3 el pasado 2 de marzo, la cual puede ser perfectible. Durante el segundo foro \u201cLey \u00c1cida contra la violencia qu\u00edmica: desaf\u00edos y \u00e1reas de oportunidad\u201d, asegur\u00f3 que esta legislaci\u00f3n pionera en M\u00e9xico y Am\u00e9rica Latina fue un esfuerzo de las y los diputados de todos los grupos legislativos del Congreso local. \u201cQueremos que Puebla siga siendo segura para ni\u00f1as, ni\u00f1os y mujeres\u201d, destac\u00f3. N\u00e9stor Camarillo Medina record\u00f3 que la propuesta aprobada tipifica las agresiones con \u00e1cido, cualquier corrosivo, sustancia t\u00f3xica e inflamable como tentativa de feminicidio, por lo&hellip;<\/p>\n<p class=\"excerpt-more\"><a class=\"blog-excerpt button\" href=\"https:\/\/www.aliadospuebla.com\/?p=80727\">Leer m\u00e1s&#8230;<\/a><\/p>\n","protected":false},"author":2,"featured_media":80728,"comment_status":"open","ping_status":"open","sticky":false,"template":"","format":"standard","meta":{"_monsterinsights_skip_tracking":false,"footnotes":""},"categories":[6],"tags":[2707,21107,334,21850,21852,21851],"class_list":["post-80727","post","type-post","status-publish","format-standard","has-post-thumbnail","hentry","category-politica","tag-agresiones","tag-ley-acida","tag-nestor-camarillo","tag-perfectible","tag-tentativa-de-feminicidio","tag-violencia-quimica"],"yoast_head":"<!-- This site is optimized with the Yoast SEO plugin v28.3 - https:\/\/yoast.com\/product\/yoast-seo-wordpress\/ -->\n<title>LA LEY \u00c1CIDA ES PERFECTIBLE: N\u00c9STOR CAMARILLO - AliadosPuebla<\/title>\n<meta name=\"robots\" content=\"index, follow, max-snippet:-1, max-image-preview:large, max-video-preview:-1\" \/>\n<link rel=\"canonical\" href=\"https:\/\/www.aliadospuebla.com\/?p=80727\" \/>\n<meta property=\"og:locale\" content=\"es_ES\" \/>\n<meta property=\"og:type\" content=\"article\" \/>\n<meta property=\"og:title\" content=\"LA LEY \u00c1CIDA ES PERFECTIBLE: N\u00c9STOR CAMARILLO - AliadosPuebla\" \/>\n<meta property=\"og:description\" content=\"El diputado N\u00e9stor Camarillo Medina asegur\u00f3 que la reparaci\u00f3n del da\u00f1o, as\u00ed como la asignaci\u00f3n del presupuesto correspondiente a trav\u00e9s de adecuaciones a la normativa vigente son algunos temas pendientes de la Ley \u00c1cida que se aprob\u00f3 el pasado 2 de marzo, la cual puede ser perfectible. Durante el segundo foro \u201cLey \u00c1cida contra la violencia qu\u00edmica: desaf\u00edos y \u00e1reas de oportunidad\u201d, asegur\u00f3 que esta legislaci\u00f3n pionera en M\u00e9xico y Am\u00e9rica Latina fue un esfuerzo de las y los diputados de todos los grupos legislativos del Congreso local. \u201cQueremos que Puebla siga siendo segura para ni\u00f1as, ni\u00f1os y mujeres\u201d, destac\u00f3. N\u00e9stor Camarillo Medina record\u00f3 que la propuesta aprobada tipifica las agresiones con \u00e1cido, cualquier corrosivo, sustancia t\u00f3xica e inflamable como tentativa de feminicidio, por lo&hellip;Leer m\u00e1s...\" \/>\n<meta property=\"og:url\" content=\"https:\/\/www.aliadospuebla.com\/?p=80727\" \/>\n<meta property=\"og:site_name\" content=\"AliadosPuebla\" \/>\n<meta property=\"article:author\" content=\"https:\/\/www.facebook.com\/Aliados17Pue\" \/>\n<meta property=\"article:published_time\" content=\"2023-06-14T05:32:30+00:00\" \/>\n<meta property=\"og:image\" content=\"https:\/\/www.aliadospuebla.com\/web2017\/wp-content\/uploads\/2023\/06\/57.jpg\" \/>\n\t<meta property=\"og:image:width\" content=\"600\" \/>\n\t<meta property=\"og:image:height\" content=\"450\" \/>\n\t<meta property=\"og:image:type\" content=\"image\/jpeg\" \/>\n<meta name=\"author\" content=\"Aliados17\" \/>\n<meta name=\"twitter:card\" content=\"summary_large_image\" \/>\n<meta name=\"twitter:creator\" content=\"@AliadosPuebla\" \/>\n<meta name=\"twitter:label1\" content=\"Escrito por\" \/>\n\t<meta name=\"twitter:data1\" content=\"Aliados17\" \/>\n\t<meta name=\"twitter:label2\" content=\"Tiempo de lectura\" \/>\n\t<meta name=\"twitter:data2\" content=\"2 minutos\" \/>\n<script type=\"application\/ld+json\" class=\"yoast-schema-graph\">{\"@context\":\"https:\\\/\\\/schema.org\",\"@graph\":[{\"@type\":\"Article\",\"@id\":\"https:\\\/\\\/www.aliadospuebla.com\\\/?p=80727#article\",\"isPartOf\":{\"@id\":\"https:\\\/\\\/www.aliadospuebla.com\\\/?p=80727\"},\"author\":{\"name\":\"Aliados17\",\"@id\":\"https:\\\/\\\/www.aliadospuebla.com\\\/#\\\/schema\\\/person\\\/5da7dd09320bd4f392b710017ed5f8ad\"},\"headline\":\"LA LEY \u00c1CIDA ES PERFECTIBLE: N\u00c9STOR CAMARILLO\",\"datePublished\":\"2023-06-14T05:32:30+00:00\",\"mainEntityOfPage\":{\"@id\":\"https:\\\/\\\/www.aliadospuebla.com\\\/?p=80727\"},\"wordCount\":400,\"commentCount\":0,\"image\":{\"@id\":\"https:\\\/\\\/www.aliadospuebla.com\\\/?p=80727#primaryimage\"},\"thumbnailUrl\":\"https:\\\/\\\/www.aliadospuebla.com\\\/web2017\\\/wp-content\\\/uploads\\\/2023\\\/06\\\/57.jpg\",\"keywords\":[\"AGRESIONES\",\"Ley \u00e1cida\",\"NESTOR CAMARILLO\",\"perfectible\",\"tentativa de feminicidio\",\"violencia qu\u00edmica\"],\"articleSection\":[\"Pol\u00edtica\"],\"inLanguage\":\"es\",\"potentialAction\":[{\"@type\":\"CommentAction\",\"name\":\"Comment\",\"target\":[\"https:\\\/\\\/www.aliadospuebla.com\\\/?p=80727#respond\"]}]},{\"@type\":\"WebPage\",\"@id\":\"https:\\\/\\\/www.aliadospuebla.com\\\/?p=80727\",\"url\":\"https:\\\/\\\/www.aliadospuebla.com\\\/?p=80727\",\"name\":\"LA LEY \u00c1CIDA ES PERFECTIBLE: N\u00c9STOR CAMARILLO - AliadosPuebla\",\"isPartOf\":{\"@id\":\"https:\\\/\\\/www.aliadospuebla.com\\\/#website\"},\"primaryImageOfPage\":{\"@id\":\"https:\\\/\\\/www.aliadospuebla.com\\\/?p=80727#primaryimage\"},\"image\":{\"@id\":\"https:\\\/\\\/www.aliadospuebla.com\\\/?p=80727#primaryimage\"},\"thumbnailUrl\":\"https:\\\/\\\/www.aliadospuebla.com\\\/web2017\\\/wp-content\\\/uploads\\\/2023\\\/06\\\/57.jpg\",\"datePublished\":\"2023-06-14T05:32:30+00:00\",\"author\":{\"@id\":\"https:\\\/\\\/www.aliadospuebla.com\\\/#\\\/schema\\\/person\\\/5da7dd09320bd4f392b710017ed5f8ad\"},\"breadcrumb\":{\"@id\":\"https:\\\/\\\/www.aliadospuebla.com\\\/?p=80727#breadcrumb\"},\"inLanguage\":\"es\",\"potentialAction\":[{\"@type\":\"ReadAction\",\"target\":[\"https:\\\/\\\/www.aliadospuebla.com\\\/?p=80727\"]}]},{\"@type\":\"ImageObject\",\"inLanguage\":\"es\",\"@id\":\"https:\\\/\\\/www.aliadospuebla.com\\\/?p=80727#primaryimage\",\"url\":\"https:\\\/\\\/www.aliadospuebla.com\\\/web2017\\\/wp-content\\\/uploads\\\/2023\\\/06\\\/57.jpg\",\"contentUrl\":\"https:\\\/\\\/www.aliadospuebla.com\\\/web2017\\\/wp-content\\\/uploads\\\/2023\\\/06\\\/57.jpg\",\"width\":600,\"height\":450},{\"@type\":\"BreadcrumbList\",\"@id\":\"https:\\\/\\\/www.aliadospuebla.com\\\/?p=80727#breadcrumb\",\"itemListElement\":[{\"@type\":\"ListItem\",\"position\":1,\"name\":\"Portada\",\"item\":\"https:\\\/\\\/www.aliadospuebla.com\\\/\"},{\"@type\":\"ListItem\",\"position\":2,\"name\":\"LA LEY \u00c1CIDA ES PERFECTIBLE: N\u00c9STOR CAMARILLO\"}]},{\"@type\":\"WebSite\",\"@id\":\"https:\\\/\\\/www.aliadospuebla.com\\\/#website\",\"url\":\"https:\\\/\\\/www.aliadospuebla.com\\\/\",\"name\":\"AliadosPuebla\",\"description\":\"La informaci\u00f3n en tus manos\",\"potentialAction\":[{\"@type\":\"SearchAction\",\"target\":{\"@type\":\"EntryPoint\",\"urlTemplate\":\"https:\\\/\\\/www.aliadospuebla.com\\\/?s={search_term_string}\"},\"query-input\":{\"@type\":\"PropertyValueSpecification\",\"valueRequired\":true,\"valueName\":\"search_term_string\"}}],\"inLanguage\":\"es\"},{\"@type\":\"Person\",\"@id\":\"https:\\\/\\\/www.aliadospuebla.com\\\/#\\\/schema\\\/person\\\/5da7dd09320bd4f392b710017ed5f8ad\",\"name\":\"Aliados17\",\"image\":{\"@type\":\"ImageObject\",\"inLanguage\":\"es\",\"@id\":\"https:\\\/\\\/www.aliadospuebla.com\\\/web2017\\\/wp-content\\\/uploads\\\/2025\\\/03\\\/cropped-para-perfil-8-anos-1-96x96.jpg\",\"url\":\"https:\\\/\\\/www.aliadospuebla.com\\\/web2017\\\/wp-content\\\/uploads\\\/2025\\\/03\\\/cropped-para-perfil-8-anos-1-96x96.jpg\",\"contentUrl\":\"https:\\\/\\\/www.aliadospuebla.com\\\/web2017\\\/wp-content\\\/uploads\\\/2025\\\/03\\\/cropped-para-perfil-8-anos-1-96x96.jpg\",\"caption\":\"Aliados17\"},\"sameAs\":[\"https:\\\/\\\/www.aliados17.com\",\"https:\\\/\\\/www.facebook.com\\\/Aliados17Pue\",\"https:\\\/\\\/x.com\\\/AliadosPuebla\"],\"url\":\"https:\\\/\\\/www.aliadospuebla.com\\\/?author=2\"}]}<\/script>\n<!-- \/ Yoast SEO plugin. -->","yoast_head_json":{"title":"LA LEY \u00c1CIDA ES PERFECTIBLE: N\u00c9STOR CAMARILLO - AliadosPuebla","robots":{"index":"index","follow":"follow","max-snippet":"max-snippet:-1","max-image-preview":"max-image-preview:large","max-video-preview":"max-video-preview:-1"},"canonical":"https:\/\/www.aliadospuebla.com\/?p=80727","og_locale":"es_ES","og_type":"article","og_title":"LA LEY \u00c1CIDA ES PERFECTIBLE: N\u00c9STOR CAMARILLO - AliadosPuebla","og_description":"El diputado N\u00e9stor Camarillo Medina asegur\u00f3 que la reparaci\u00f3n del da\u00f1o, as\u00ed como la asignaci\u00f3n del presupuesto correspondiente a trav\u00e9s de adecuaciones a la normativa vigente son algunos temas pendientes de la Ley \u00c1cida que se aprob\u00f3 el pasado 2 de marzo, la cual puede ser perfectible. Durante el segundo foro \u201cLey \u00c1cida contra la violencia qu\u00edmica: desaf\u00edos y \u00e1reas de oportunidad\u201d, asegur\u00f3 que esta legislaci\u00f3n pionera en M\u00e9xico y Am\u00e9rica Latina fue un esfuerzo de las y los diputados de todos los grupos legislativos del Congreso local. \u201cQueremos que Puebla siga siendo segura para ni\u00f1as, ni\u00f1os y mujeres\u201d, destac\u00f3. N\u00e9stor Camarillo Medina record\u00f3 que la propuesta aprobada tipifica las agresiones con \u00e1cido, cualquier corrosivo, sustancia t\u00f3xica e inflamable como tentativa de feminicidio, por lo&hellip;Leer m\u00e1s...","og_url":"https:\/\/www.aliadospuebla.com\/?p=80727","og_site_name":"AliadosPuebla","article_author":"https:\/\/www.facebook.com\/Aliados17Pue","article_published_time":"2023-06-14T05:32:30+00:00","og_image":[{"width":600,"height":450,"url":"https:\/\/www.aliadospuebla.com\/web2017\/wp-content\/uploads\/2023\/06\/57.jpg","type":"image\/jpeg"}],"author":"Aliados17","twitter_card":"summary_large_image","twitter_creator":"@AliadosPuebla","twitter_misc":{"Escrito por":"Aliados17","Tiempo de lectura":"2 minutos"},"schema":{"@context":"https:\/\/schema.org","@graph":[{"@type":"Article","@id":"https:\/\/www.aliadospuebla.com\/?p=80727#article","isPartOf":{"@id":"https:\/\/www.aliadospuebla.com\/?p=80727"},"author":{"name":"Aliados17","@id":"https:\/\/www.aliadospuebla.com\/#\/schema\/person\/5da7dd09320bd4f392b710017ed5f8ad"},"headline":"LA LEY \u00c1CIDA ES PERFECTIBLE: N\u00c9STOR CAMARILLO","datePublished":"2023-06-14T05:32:30+00:00","mainEntityOfPage":{"@id":"https:\/\/www.aliadospuebla.com\/?p=80727"},"wordCount":400,"commentCount":0,"image":{"@id":"https:\/\/www.aliadospuebla.com\/?p=80727#primaryimage"},"thumbnailUrl":"https:\/\/www.aliadospuebla.com\/web2017\/wp-content\/uploads\/2023\/06\/57.jpg","keywords":["AGRESIONES","Ley \u00e1cida","NESTOR CAMARILLO","perfectible","tentativa de feminicidio","violencia qu\u00edmica"],"articleSection":["Pol\u00edtica"],"inLanguage":"es","potentialAction":[{"@type":"CommentAction","name":"Comment","target":["https:\/\/www.aliadospuebla.com\/?p=80727#respond"]}]},{"@type":"WebPage","@id":"https:\/\/www.aliadospuebla.com\/?p=80727","url":"https:\/\/www.aliadospuebla.com\/?p=80727","name":"LA LEY \u00c1CIDA ES PERFECTIBLE: N\u00c9STOR CAMARILLO - AliadosPuebla","isPartOf":{"@id":"https:\/\/www.aliadospuebla.com\/#website"},"primaryImageOfPage":{"@id":"https:\/\/www.aliadospuebla.com\/?p=80727#primaryimage"},"image":{"@id":"https:\/\/www.aliadospuebla.com\/?p=80727#primaryimage"},"thumbnailUrl":"https:\/\/www.aliadospuebla.com\/web2017\/wp-content\/uploads\/2023\/06\/57.jpg","datePublished":"2023-06-14T05:32:30+00:00","author":{"@id":"https:\/\/www.aliadospuebla.com\/#\/schema\/person\/5da7dd09320bd4f392b710017ed5f8ad"},"breadcrumb":{"@id":"https:\/\/www.aliadospuebla.com\/?p=80727#breadcrumb"},"inLanguage":"es","potentialAction":[{"@type":"ReadAction","target":["https:\/\/www.aliadospuebla.com\/?p=80727"]}]},{"@type":"ImageObject","inLanguage":"es","@id":"https:\/\/www.aliadospuebla.com\/?p=80727#primaryimage","url":"https:\/\/www.aliadospuebla.com\/web2017\/wp-content\/uploads\/2023\/06\/57.jpg","contentUrl":"https:\/\/www.aliadospuebla.com\/web2017\/wp-content\/uploads\/2023\/06\/57.jpg","width":600,"height":450},{"@type":"BreadcrumbList","@id":"https:\/\/www.aliadospuebla.com\/?p=80727#breadcrumb","itemListElement":[{"@type":"ListItem","position":1,"name":"Portada","item":"https:\/\/www.aliadospuebla.com\/"},{"@type":"ListItem","position":2,"name":"LA LEY \u00c1CIDA ES PERFECTIBLE: N\u00c9STOR CAMARILLO"}]},{"@type":"WebSite","@id":"https:\/\/www.aliadospuebla.com\/#website","url":"https:\/\/www.aliadospuebla.com\/","name":"AliadosPuebla","description":"La informaci\u00f3n en tus manos","potentialAction":[{"@type":"SearchAction","target":{"@type":"EntryPoint","urlTemplate":"https:\/\/www.aliadospuebla.com\/?s={search_term_string}"},"query-input":{"@type":"PropertyValueSpecification","valueRequired":true,"valueName":"search_term_string"}}],"inLanguage":"es"},{"@type":"Person","@id":"https:\/\/www.aliadospuebla.com\/#\/schema\/person\/5da7dd09320bd4f392b710017ed5f8ad","name":"Aliados17","image":{"@type":"ImageObject","inLanguage":"es","@id":"https:\/\/www.aliadospuebla.com\/web2017\/wp-content\/uploads\/2025\/03\/cropped-para-perfil-8-anos-1-96x96.jpg","url":"https:\/\/www.aliadospuebla.com\/web2017\/wp-content\/uploads\/2025\/03\/cropped-para-perfil-8-anos-1-96x96.jpg","contentUrl":"https:\/\/www.aliadospuebla.com\/web2017\/wp-content\/uploads\/2025\/03\/cropped-para-perfil-8-anos-1-96x96.jpg","caption":"Aliados17"},"sameAs":["https:\/\/www.aliados17.com","https:\/\/www.facebook.com\/Aliados17Pue","https:\/\/x.com\/AliadosPuebla"],"url":"https:\/\/www.aliadospuebla.com\/?author=2"}]}},"views":15,"_links":{"self":[{"href":"https:\/\/www.aliadospuebla.com\/index.php?rest_route=\/wp\/v2\/posts\/80727","targetHints":{"allow":["GET"]}}],"collection":[{"href":"https:\/\/www.aliadospuebla.com\/index.php?rest_route=\/wp\/v2\/posts"}],"about":[{"href":"https:\/\/www.aliadospuebla.com\/index.php?rest_route=\/wp\/v2\/types\/post"}],"author":[{"embeddable":true,"href":"https:\/\/www.aliadospuebla.com\/index.php?rest_route=\/wp\/v2\/users\/2"}],"replies":[{"embeddable":true,"href":"https:\/\/www.aliadospuebla.com\/index.php?rest_route=%2Fwp%2Fv2%2Fcomments&post=80727"}],"version-history":[{"count":1,"href":"https:\/\/www.aliadospuebla.com\/index.php?rest_route=\/wp\/v2\/posts\/80727\/revisions"}],"predecessor-version":[{"id":80729,"href":"https:\/\/www.aliadospuebla.com\/index.php?rest_route=\/wp\/v2\/posts\/80727\/revisions\/80729"}],"wp:featuredmedia":[{"embeddable":true,"href":"https:\/\/www.aliadospuebla.com\/index.php?rest_route=\/wp\/v2\/media\/80728"}],"wp:attachment":[{"href":"https:\/\/www.aliadospuebla.com\/index.php?rest_route=%2Fwp%2Fv2%2Fmedia&parent=80727"}],"wp:term":[{"taxonomy":"category","embeddable":true,"href":"https:\/\/www.aliadospuebla.com\/index.php?rest_route=%2Fwp%2Fv2%2Fcategories&post=80727"},{"taxonomy":"post_tag","embeddable":true,"href":"https:\/\/www.aliadospuebla.com\/index.php?rest_route=%2Fwp%2Fv2%2Ftags&post=80727"}],"curies":[{"name":"wp","href":"https:\/\/api.w.org\/{rel}","templated":true}]}}