{"id":80416,"date":"2023-05-23T16:26:00","date_gmt":"2023-05-23T22:26:00","guid":{"rendered":"https:\/\/www.aliados17.com\/?p=80416"},"modified":"2023-05-23T16:26:00","modified_gmt":"2023-05-23T22:26:00","slug":"toma-medidas-gobierno-de-amozoc-ante-caida-de-ceniza","status":"publish","type":"post","link":"https:\/\/www.aliadospuebla.com\/?p=80416","title":{"rendered":"Toma medidas Gobierno de Amozoc ante ca\u00edda de ceniza"},"content":{"rendered":"<p>Ante la constante ca\u00edda de ceniza y el cambio de\u00a0Sem\u00e1foro de Alerta Volc\u00e1nica\u00a0a\u00a0Amarillo Fase 3, determinado por la\u00a0Coordinaci\u00f3n Nacional de Protecci\u00f3n Civil\u00a0y el\u00a0Centro Nacional de Prevenci\u00f3n de Desastres (Cenapred), el Gobierno Municipal de Amozoc mantiene acciones de prevenci\u00f3n y un trabajo coordinado con el Gobierno del Estado.<\/p>\n<p>De igual manera a trav\u00e9s de redes sociales la comuna hizo un llamado a los ciudadanos para seguir las recomendaciones que emite el Gobierno estatal as\u00ed como Protecci\u00f3n Civil Municipal, adem\u00e1s de estar atenta a la informaci\u00f3n de fuentes oficiales.<\/p>\n<p>El alcalde Mario de la Rosa Romero dio a conocer que ha sostenido mesas de trabajo con diferentes \u00e1reas del Gobierno Municipal, dando instrucciones a los directores para redoblar esfuerzos en favor de la salud y protecci\u00f3n de las familias amozoquenses.<\/p>\n<p>Entre las recomendaciones que hizo la comuna est\u00e1n:<br \/>\n\u2705Si debes salir protege tus ojos, nariz y boca.<\/p>\n<p>\u2705Evita consumir alimentos en la calle.<\/p>\n<p>\u2705Tapa tinacos y otros dep\u00f3sitos de agua.<\/p>\n<p>\u2705Si tienes mascotas, vigila que el agua y los alimentos que consumen no se contaminen.<\/p>\n<p>\u2705Evita hacer actividades al aire libre<\/p>\n<p>\u2705Barre y desecha los residuos en una bolsa.<\/p>\n<p>\u2705Evita el uso del agua puede crear una mezcla pesada.<\/p>\n<p>\u2705Coloca trapos h\u00famedos debajo de puertas y ventanas.<\/p>\n","protected":false},"excerpt":{"rendered":"<p>Ante la constante ca\u00edda de ceniza y el cambio de\u00a0Sem\u00e1foro de Alerta Volc\u00e1nica\u00a0a\u00a0Amarillo Fase 3, determinado por la\u00a0Coordinaci\u00f3n Nacional de Protecci\u00f3n Civil\u00a0y el\u00a0Centro Nacional de Prevenci\u00f3n de Desastres (Cenapred), el Gobierno Municipal de Amozoc mantiene acciones de prevenci\u00f3n y un trabajo coordinado con el Gobierno del Estado. De igual manera a trav\u00e9s de redes sociales la comuna hizo un llamado a los ciudadanos para seguir las recomendaciones que emite el Gobierno estatal as\u00ed como Protecci\u00f3n Civil Municipal, adem\u00e1s de estar atenta a la informaci\u00f3n de fuentes oficiales. El alcalde Mario de la Rosa Romero dio a conocer que ha sostenido mesas de trabajo con diferentes \u00e1reas del Gobierno Municipal, dando instrucciones a los directores para redoblar esfuerzos en favor de la salud y protecci\u00f3n de&hellip;<\/p>\n<p class=\"excerpt-more\"><a class=\"blog-excerpt button\" href=\"https:\/\/www.aliadospuebla.com\/?p=80416\">Leer m\u00e1s&#8230;<\/a><\/p>\n","protected":false},"author":2,"featured_media":80417,"comment_status":"open","ping_status":"open","sticky":false,"template":"","format":"standard","meta":{"_monsterinsights_skip_tracking":false,"footnotes":""},"categories":[4],"tags":[8875,1667,9530,1143,8898,1005,109,3510,365],"class_list":["post-80416","post","type-post","status-publish","format-standard","has-post-thumbnail","hentry","category-municipios","tag-alerta-volcanica","tag-amozoc","tag-caida-de-ceniza","tag-cenapred","tag-mario-de-la-rosa-romero","tag-proteccion","tag-proteccion-civil","tag-recomendaciones","tag-salud"],"yoast_head":"<!-- This site is optimized with the Yoast SEO plugin v28.4 - https:\/\/yoast.com\/product\/yoast-seo-wordpress\/ -->\n<title>Toma medidas Gobierno de Amozoc ante ca\u00edda de ceniza - AliadosPuebla<\/title>\n<meta name=\"robots\" content=\"index, follow, max-snippet:-1, max-image-preview:large, max-video-preview:-1\" \/>\n<link rel=\"canonical\" href=\"https:\/\/www.aliadospuebla.com\/?p=80416\" \/>\n<meta property=\"og:locale\" content=\"es_ES\" \/>\n<meta property=\"og:type\" content=\"article\" \/>\n<meta property=\"og:title\" content=\"Toma medidas Gobierno de Amozoc ante ca\u00edda de ceniza - AliadosPuebla\" \/>\n<meta property=\"og:description\" content=\"Ante la constante ca\u00edda de ceniza y el cambio de\u00a0Sem\u00e1foro de Alerta Volc\u00e1nica\u00a0a\u00a0Amarillo Fase 3, determinado por la\u00a0Coordinaci\u00f3n Nacional de Protecci\u00f3n Civil\u00a0y el\u00a0Centro Nacional de Prevenci\u00f3n de Desastres (Cenapred), el Gobierno Municipal de Amozoc mantiene acciones de prevenci\u00f3n y un trabajo coordinado con el Gobierno del Estado. De igual manera a trav\u00e9s de redes sociales la comuna hizo un llamado a los ciudadanos para seguir las recomendaciones que emite el Gobierno estatal as\u00ed como Protecci\u00f3n Civil Municipal, adem\u00e1s de estar atenta a la informaci\u00f3n de fuentes oficiales. El alcalde Mario de la Rosa Romero dio a conocer que ha sostenido mesas de trabajo con diferentes \u00e1reas del Gobierno Municipal, dando instrucciones a los directores para redoblar esfuerzos en favor de la salud y protecci\u00f3n de&hellip;Leer m\u00e1s...\" \/>\n<meta property=\"og:url\" content=\"https:\/\/www.aliadospuebla.com\/?p=80416\" \/>\n<meta property=\"og:site_name\" content=\"AliadosPuebla\" \/>\n<meta property=\"article:author\" content=\"https:\/\/www.facebook.com\/Aliados17Pue\" \/>\n<meta property=\"article:published_time\" content=\"2023-05-23T22:26:00+00:00\" \/>\n<meta property=\"og:image\" content=\"https:\/\/www.aliadospuebla.com\/web2017\/wp-content\/uploads\/2023\/05\/153.jpg\" \/>\n\t<meta property=\"og:image:width\" content=\"600\" \/>\n\t<meta property=\"og:image:height\" content=\"450\" \/>\n\t<meta property=\"og:image:type\" content=\"image\/jpeg\" \/>\n<meta name=\"author\" content=\"Aliados17\" \/>\n<meta name=\"twitter:card\" content=\"summary_large_image\" \/>\n<meta name=\"twitter:creator\" content=\"@AliadosPuebla\" \/>\n<meta name=\"twitter:label1\" content=\"Escrito por\" \/>\n\t<meta name=\"twitter:data1\" content=\"Aliados17\" \/>\n\t<meta name=\"twitter:label2\" content=\"Tiempo de lectura\" \/>\n\t<meta name=\"twitter:data2\" content=\"1 minuto\" \/>\n<script type=\"application\/ld+json\" class=\"yoast-schema-graph\">{\"@context\":\"https:\\\/\\\/schema.org\",\"@graph\":[{\"@type\":\"Article\",\"@id\":\"https:\\\/\\\/www.aliadospuebla.com\\\/?p=80416#article\",\"isPartOf\":{\"@id\":\"https:\\\/\\\/www.aliadospuebla.com\\\/?p=80416\"},\"author\":{\"name\":\"Aliados17\",\"@id\":\"https:\\\/\\\/www.aliadospuebla.com\\\/#\\\/schema\\\/person\\\/5da7dd09320bd4f392b710017ed5f8ad\"},\"headline\":\"Toma medidas Gobierno de Amozoc ante ca\u00edda de ceniza\",\"datePublished\":\"2023-05-23T22:26:00+00:00\",\"mainEntityOfPage\":{\"@id\":\"https:\\\/\\\/www.aliadospuebla.com\\\/?p=80416\"},\"wordCount\":235,\"commentCount\":0,\"image\":{\"@id\":\"https:\\\/\\\/www.aliadospuebla.com\\\/?p=80416#primaryimage\"},\"thumbnailUrl\":\"https:\\\/\\\/www.aliadospuebla.com\\\/web2017\\\/wp-content\\\/uploads\\\/2023\\\/05\\\/153.jpg\",\"keywords\":[\"Alerta volc\u00e1nica\",\"AMOZOC\",\"CA\u00cdDA DE CENIZA\",\"CENAPRED\",\"MARIO DE LA ROSA ROMERO\",\"PROTECCI\u00d3N\",\"protecci\u00f3n civil\",\"RECOMENDACIONES\",\"SALUD\"],\"articleSection\":[\"Municipios\"],\"inLanguage\":\"es\",\"potentialAction\":[{\"@type\":\"CommentAction\",\"name\":\"Comment\",\"target\":[\"https:\\\/\\\/www.aliadospuebla.com\\\/?p=80416#respond\"]}]},{\"@type\":\"WebPage\",\"@id\":\"https:\\\/\\\/www.aliadospuebla.com\\\/?p=80416\",\"url\":\"https:\\\/\\\/www.aliadospuebla.com\\\/?p=80416\",\"name\":\"Toma medidas Gobierno de Amozoc ante ca\u00edda de ceniza - AliadosPuebla\",\"isPartOf\":{\"@id\":\"https:\\\/\\\/www.aliadospuebla.com\\\/#website\"},\"primaryImageOfPage\":{\"@id\":\"https:\\\/\\\/www.aliadospuebla.com\\\/?p=80416#primaryimage\"},\"image\":{\"@id\":\"https:\\\/\\\/www.aliadospuebla.com\\\/?p=80416#primaryimage\"},\"thumbnailUrl\":\"https:\\\/\\\/www.aliadospuebla.com\\\/web2017\\\/wp-content\\\/uploads\\\/2023\\\/05\\\/153.jpg\",\"datePublished\":\"2023-05-23T22:26:00+00:00\",\"author\":{\"@id\":\"https:\\\/\\\/www.aliadospuebla.com\\\/#\\\/schema\\\/person\\\/5da7dd09320bd4f392b710017ed5f8ad\"},\"breadcrumb\":{\"@id\":\"https:\\\/\\\/www.aliadospuebla.com\\\/?p=80416#breadcrumb\"},\"inLanguage\":\"es\",\"potentialAction\":[{\"@type\":\"ReadAction\",\"target\":[\"https:\\\/\\\/www.aliadospuebla.com\\\/?p=80416\"]}]},{\"@type\":\"ImageObject\",\"inLanguage\":\"es\",\"@id\":\"https:\\\/\\\/www.aliadospuebla.com\\\/?p=80416#primaryimage\",\"url\":\"https:\\\/\\\/www.aliadospuebla.com\\\/web2017\\\/wp-content\\\/uploads\\\/2023\\\/05\\\/153.jpg\",\"contentUrl\":\"https:\\\/\\\/www.aliadospuebla.com\\\/web2017\\\/wp-content\\\/uploads\\\/2023\\\/05\\\/153.jpg\",\"width\":600,\"height\":450},{\"@type\":\"BreadcrumbList\",\"@id\":\"https:\\\/\\\/www.aliadospuebla.com\\\/?p=80416#breadcrumb\",\"itemListElement\":[{\"@type\":\"ListItem\",\"position\":1,\"name\":\"Portada\",\"item\":\"https:\\\/\\\/www.aliadospuebla.com\\\/\"},{\"@type\":\"ListItem\",\"position\":2,\"name\":\"Toma medidas Gobierno de Amozoc ante ca\u00edda de ceniza\"}]},{\"@type\":\"WebSite\",\"@id\":\"https:\\\/\\\/www.aliadospuebla.com\\\/#website\",\"url\":\"https:\\\/\\\/www.aliadospuebla.com\\\/\",\"name\":\"AliadosPuebla\",\"description\":\"La informaci\u00f3n en tus manos\",\"potentialAction\":[{\"@type\":\"SearchAction\",\"target\":{\"@type\":\"EntryPoint\",\"urlTemplate\":\"https:\\\/\\\/www.aliadospuebla.com\\\/?s={search_term_string}\"},\"query-input\":{\"@type\":\"PropertyValueSpecification\",\"valueRequired\":true,\"valueName\":\"search_term_string\"}}],\"inLanguage\":\"es\"},{\"@type\":\"Person\",\"@id\":\"https:\\\/\\\/www.aliadospuebla.com\\\/#\\\/schema\\\/person\\\/5da7dd09320bd4f392b710017ed5f8ad\",\"name\":\"Aliados17\",\"image\":{\"@type\":\"ImageObject\",\"inLanguage\":\"es\",\"@id\":\"https:\\\/\\\/www.aliadospuebla.com\\\/web2017\\\/wp-content\\\/uploads\\\/2025\\\/03\\\/cropped-para-perfil-8-anos-1-96x96.jpg\",\"url\":\"https:\\\/\\\/www.aliadospuebla.com\\\/web2017\\\/wp-content\\\/uploads\\\/2025\\\/03\\\/cropped-para-perfil-8-anos-1-96x96.jpg\",\"contentUrl\":\"https:\\\/\\\/www.aliadospuebla.com\\\/web2017\\\/wp-content\\\/uploads\\\/2025\\\/03\\\/cropped-para-perfil-8-anos-1-96x96.jpg\",\"caption\":\"Aliados17\"},\"sameAs\":[\"https:\\\/\\\/www.aliados17.com\",\"https:\\\/\\\/www.facebook.com\\\/Aliados17Pue\",\"https:\\\/\\\/x.com\\\/AliadosPuebla\"],\"url\":\"https:\\\/\\\/www.aliadospuebla.com\\\/?author=2\"}]}<\/script>\n<!-- \/ Yoast SEO plugin. -->","yoast_head_json":{"title":"Toma medidas Gobierno de Amozoc ante ca\u00edda de ceniza - AliadosPuebla","robots":{"index":"index","follow":"follow","max-snippet":"max-snippet:-1","max-image-preview":"max-image-preview:large","max-video-preview":"max-video-preview:-1"},"canonical":"https:\/\/www.aliadospuebla.com\/?p=80416","og_locale":"es_ES","og_type":"article","og_title":"Toma medidas Gobierno de Amozoc ante ca\u00edda de ceniza - AliadosPuebla","og_description":"Ante la constante ca\u00edda de ceniza y el cambio de\u00a0Sem\u00e1foro de Alerta Volc\u00e1nica\u00a0a\u00a0Amarillo Fase 3, determinado por la\u00a0Coordinaci\u00f3n Nacional de Protecci\u00f3n Civil\u00a0y el\u00a0Centro Nacional de Prevenci\u00f3n de Desastres (Cenapred), el Gobierno Municipal de Amozoc mantiene acciones de prevenci\u00f3n y un trabajo coordinado con el Gobierno del Estado. De igual manera a trav\u00e9s de redes sociales la comuna hizo un llamado a los ciudadanos para seguir las recomendaciones que emite el Gobierno estatal as\u00ed como Protecci\u00f3n Civil Municipal, adem\u00e1s de estar atenta a la informaci\u00f3n de fuentes oficiales. El alcalde Mario de la Rosa Romero dio a conocer que ha sostenido mesas de trabajo con diferentes \u00e1reas del Gobierno Municipal, dando instrucciones a los directores para redoblar esfuerzos en favor de la salud y protecci\u00f3n de&hellip;Leer m\u00e1s...","og_url":"https:\/\/www.aliadospuebla.com\/?p=80416","og_site_name":"AliadosPuebla","article_author":"https:\/\/www.facebook.com\/Aliados17Pue","article_published_time":"2023-05-23T22:26:00+00:00","og_image":[{"width":600,"height":450,"url":"https:\/\/www.aliadospuebla.com\/web2017\/wp-content\/uploads\/2023\/05\/153.jpg","type":"image\/jpeg"}],"author":"Aliados17","twitter_card":"summary_large_image","twitter_creator":"@AliadosPuebla","twitter_misc":{"Escrito por":"Aliados17","Tiempo de lectura":"1 minuto"},"schema":{"@context":"https:\/\/schema.org","@graph":[{"@type":"Article","@id":"https:\/\/www.aliadospuebla.com\/?p=80416#article","isPartOf":{"@id":"https:\/\/www.aliadospuebla.com\/?p=80416"},"author":{"name":"Aliados17","@id":"https:\/\/www.aliadospuebla.com\/#\/schema\/person\/5da7dd09320bd4f392b710017ed5f8ad"},"headline":"Toma medidas Gobierno de Amozoc ante ca\u00edda de ceniza","datePublished":"2023-05-23T22:26:00+00:00","mainEntityOfPage":{"@id":"https:\/\/www.aliadospuebla.com\/?p=80416"},"wordCount":235,"commentCount":0,"image":{"@id":"https:\/\/www.aliadospuebla.com\/?p=80416#primaryimage"},"thumbnailUrl":"https:\/\/www.aliadospuebla.com\/web2017\/wp-content\/uploads\/2023\/05\/153.jpg","keywords":["Alerta volc\u00e1nica","AMOZOC","CA\u00cdDA DE CENIZA","CENAPRED","MARIO DE LA ROSA ROMERO","PROTECCI\u00d3N","protecci\u00f3n civil","RECOMENDACIONES","SALUD"],"articleSection":["Municipios"],"inLanguage":"es","potentialAction":[{"@type":"CommentAction","name":"Comment","target":["https:\/\/www.aliadospuebla.com\/?p=80416#respond"]}]},{"@type":"WebPage","@id":"https:\/\/www.aliadospuebla.com\/?p=80416","url":"https:\/\/www.aliadospuebla.com\/?p=80416","name":"Toma medidas Gobierno de Amozoc ante ca\u00edda de ceniza - AliadosPuebla","isPartOf":{"@id":"https:\/\/www.aliadospuebla.com\/#website"},"primaryImageOfPage":{"@id":"https:\/\/www.aliadospuebla.com\/?p=80416#primaryimage"},"image":{"@id":"https:\/\/www.aliadospuebla.com\/?p=80416#primaryimage"},"thumbnailUrl":"https:\/\/www.aliadospuebla.com\/web2017\/wp-content\/uploads\/2023\/05\/153.jpg","datePublished":"2023-05-23T22:26:00+00:00","author":{"@id":"https:\/\/www.aliadospuebla.com\/#\/schema\/person\/5da7dd09320bd4f392b710017ed5f8ad"},"breadcrumb":{"@id":"https:\/\/www.aliadospuebla.com\/?p=80416#breadcrumb"},"inLanguage":"es","potentialAction":[{"@type":"ReadAction","target":["https:\/\/www.aliadospuebla.com\/?p=80416"]}]},{"@type":"ImageObject","inLanguage":"es","@id":"https:\/\/www.aliadospuebla.com\/?p=80416#primaryimage","url":"https:\/\/www.aliadospuebla.com\/web2017\/wp-content\/uploads\/2023\/05\/153.jpg","contentUrl":"https:\/\/www.aliadospuebla.com\/web2017\/wp-content\/uploads\/2023\/05\/153.jpg","width":600,"height":450},{"@type":"BreadcrumbList","@id":"https:\/\/www.aliadospuebla.com\/?p=80416#breadcrumb","itemListElement":[{"@type":"ListItem","position":1,"name":"Portada","item":"https:\/\/www.aliadospuebla.com\/"},{"@type":"ListItem","position":2,"name":"Toma medidas Gobierno de Amozoc ante ca\u00edda de ceniza"}]},{"@type":"WebSite","@id":"https:\/\/www.aliadospuebla.com\/#website","url":"https:\/\/www.aliadospuebla.com\/","name":"AliadosPuebla","description":"La informaci\u00f3n en tus manos","potentialAction":[{"@type":"SearchAction","target":{"@type":"EntryPoint","urlTemplate":"https:\/\/www.aliadospuebla.com\/?s={search_term_string}"},"query-input":{"@type":"PropertyValueSpecification","valueRequired":true,"valueName":"search_term_string"}}],"inLanguage":"es"},{"@type":"Person","@id":"https:\/\/www.aliadospuebla.com\/#\/schema\/person\/5da7dd09320bd4f392b710017ed5f8ad","name":"Aliados17","image":{"@type":"ImageObject","inLanguage":"es","@id":"https:\/\/www.aliadospuebla.com\/web2017\/wp-content\/uploads\/2025\/03\/cropped-para-perfil-8-anos-1-96x96.jpg","url":"https:\/\/www.aliadospuebla.com\/web2017\/wp-content\/uploads\/2025\/03\/cropped-para-perfil-8-anos-1-96x96.jpg","contentUrl":"https:\/\/www.aliadospuebla.com\/web2017\/wp-content\/uploads\/2025\/03\/cropped-para-perfil-8-anos-1-96x96.jpg","caption":"Aliados17"},"sameAs":["https:\/\/www.aliados17.com","https:\/\/www.facebook.com\/Aliados17Pue","https:\/\/x.com\/AliadosPuebla"],"url":"https:\/\/www.aliadospuebla.com\/?author=2"}]}},"views":8,"_links":{"self":[{"href":"https:\/\/www.aliadospuebla.com\/index.php?rest_route=\/wp\/v2\/posts\/80416","targetHints":{"allow":["GET"]}}],"collection":[{"href":"https:\/\/www.aliadospuebla.com\/index.php?rest_route=\/wp\/v2\/posts"}],"about":[{"href":"https:\/\/www.aliadospuebla.com\/index.php?rest_route=\/wp\/v2\/types\/post"}],"author":[{"embeddable":true,"href":"https:\/\/www.aliadospuebla.com\/index.php?rest_route=\/wp\/v2\/users\/2"}],"replies":[{"embeddable":true,"href":"https:\/\/www.aliadospuebla.com\/index.php?rest_route=%2Fwp%2Fv2%2Fcomments&post=80416"}],"version-history":[{"count":1,"href":"https:\/\/www.aliadospuebla.com\/index.php?rest_route=\/wp\/v2\/posts\/80416\/revisions"}],"predecessor-version":[{"id":80418,"href":"https:\/\/www.aliadospuebla.com\/index.php?rest_route=\/wp\/v2\/posts\/80416\/revisions\/80418"}],"wp:featuredmedia":[{"embeddable":true,"href":"https:\/\/www.aliadospuebla.com\/index.php?rest_route=\/wp\/v2\/media\/80417"}],"wp:attachment":[{"href":"https:\/\/www.aliadospuebla.com\/index.php?rest_route=%2Fwp%2Fv2%2Fmedia&parent=80416"}],"wp:term":[{"taxonomy":"category","embeddable":true,"href":"https:\/\/www.aliadospuebla.com\/index.php?rest_route=%2Fwp%2Fv2%2Fcategories&post=80416"},{"taxonomy":"post_tag","embeddable":true,"href":"https:\/\/www.aliadospuebla.com\/index.php?rest_route=%2Fwp%2Fv2%2Ftags&post=80416"}],"curies":[{"name":"wp","href":"https:\/\/api.w.org\/{rel}","templated":true}]}}