{"id":80353,"date":"2023-05-20T14:42:16","date_gmt":"2023-05-20T20:42:16","guid":{"rendered":"https:\/\/www.aliados17.com\/?p=80353"},"modified":"2023-05-20T14:42:16","modified_gmt":"2023-05-20T20:42:16","slug":"de-cara-al-2024-cristian-hernandez-toma-las-riendas-del-pt-en-cuautlancingo","status":"publish","type":"post","link":"https:\/\/www.aliadospuebla.com\/?p=80353","title":{"rendered":"De cara al 2024 Cristian  Hern\u00e1ndez toma las riendas del PT en Cuautlancingo"},"content":{"rendered":"<h3>Su compromiso y trabajo realizado hasta el momento avalan su designaci\u00f3n.<\/h3>\n<p>Cuautlancingo, Pue.- Como parte de la reestructuraci\u00f3n del PT rumbo al <strong>2024<\/strong><\/p>\n<p>este viernes se dio la <strong>designaci\u00f3n a Cristian Hern\u00e1ndez<\/strong> como representante del<\/p>\n<p>partido en <strong>Cuautlancingo<\/strong>, donde buscar\u00e1 concretar alianzas con los principales<\/p>\n<p>actores pol\u00edticos afines a la 4T.<\/p>\n<p>En un ambiente de esperanza por continuar la pol\u00edtica de bienestar encabezada por<\/p>\n<p>el presidente de la Rep\u00fablica <strong>Andr\u00e9s Manuel L\u00f3pez Obrador<\/strong>, y basados en los<\/p>\n<p>principios de la<strong> 4T<\/strong>, se llevo a cabo el acto protocolario con la presencia del comisionado<\/p>\n<p>pol\u00edtico del PT <strong>Ernesto Villareal Cant\u00fa<\/strong>, la coordinadora distrital de San Pedro Cholula<\/p>\n<p><strong>Rub\u00ed Luna<\/strong>, <strong>Claudia Ramos<\/strong>, coordinadora del municipio de <strong>Cuautlancingo<\/strong> e integrantes<\/p>\n<p>del partido.<\/p>\n<p>La misi\u00f3n primordial tras esta designaci\u00f3n es iniciar la <strong>afiliaci\u00f3n masiva al PT\u00a0<\/strong> en todas<\/p>\n<p>las juntas auxiliares y la cabecera municipal, adem\u00e1s de trabajar en conjunto con los<\/p>\n<p>integrantes de la coalici\u00f3n <strong>Juntos Haremos Historia.<\/strong><\/p>\n<p>\u00ab<strong>La 4T sigue vigente en Cuautlancingo<\/strong>, la alternancia pol\u00edtica que se dio en el pasado<\/p>\n<p>proceso ha hecho revalorar a los ciudadanos que pueden revertir todas las situaciones<\/p>\n<p>que vivimos con gobiernos que no est\u00e1n a la altura de las necesidades de la poblaci\u00f3n.<\/p>\n<p>Regresaremos al gobierno para continuar la verdadera transformaci\u00f3n basados en la<\/p>\n<p>ideolog\u00eda del pueblo\u00bb mencion\u00f3 <strong>Cristian Hern\u00e1ndez.<\/strong><\/p>\n<p>Finalmente hizo la atenta invitaci\u00f3n a los ciudadanos a formar parte del PT y unidos<\/p>\n<p>seguir con el desarrollo y bienestar de todas las familias en el municipio.<\/p>\n","protected":false},"excerpt":{"rendered":"<p>Su compromiso y trabajo realizado hasta el momento avalan su designaci\u00f3n. Cuautlancingo, Pue.- Como parte de la reestructuraci\u00f3n del PT rumbo al 2024 este viernes se dio la designaci\u00f3n a Cristian Hern\u00e1ndez como representante del partido en Cuautlancingo, donde buscar\u00e1 concretar alianzas con los principales actores pol\u00edticos afines a la 4T. En un ambiente de esperanza por continuar la pol\u00edtica de bienestar encabezada por el presidente de la Rep\u00fablica Andr\u00e9s Manuel L\u00f3pez Obrador, y basados en los principios de la 4T, se llevo a cabo el acto protocolario con la presencia del comisionado pol\u00edtico del PT Ernesto Villareal Cant\u00fa, la coordinadora distrital de San Pedro Cholula Rub\u00ed Luna, Claudia Ramos, coordinadora del municipio de Cuautlancingo e integrantes del partido. La misi\u00f3n primordial tras esta designaci\u00f3n&hellip;<\/p>\n<p class=\"excerpt-more\"><a class=\"blog-excerpt button\" href=\"https:\/\/www.aliadospuebla.com\/?p=80353\">Leer m\u00e1s&#8230;<\/a><\/p>\n","protected":false},"author":2,"featured_media":80354,"comment_status":"open","ping_status":"open","sticky":false,"template":"","format":"standard","meta":{"_monsterinsights_skip_tracking":false,"footnotes":""},"categories":[4],"tags":[14839,4849,4988,15730,5291,20799,4799,21714],"class_list":["post-80353","post","type-post","status-publish","format-standard","has-post-thumbnail","hentry","category-municipios","tag-14839","tag-afiliacion","tag-andres-manuel-lopez-obrador","tag-cristian-hernandez","tag-designacion","tag-ernesto-villarreal-cantu","tag-juntos-haremos-historia","tag-pt-cuautlancingo"],"yoast_head":"<!-- This site is optimized with the Yoast SEO plugin v28.3 - https:\/\/yoast.com\/product\/yoast-seo-wordpress\/ -->\n<title>De cara al 2024 Cristian Hern\u00e1ndez toma las riendas del PT en Cuautlancingo - AliadosPuebla<\/title>\n<meta name=\"robots\" content=\"index, follow, max-snippet:-1, max-image-preview:large, max-video-preview:-1\" \/>\n<link rel=\"canonical\" href=\"https:\/\/www.aliadospuebla.com\/?p=80353\" \/>\n<meta property=\"og:locale\" content=\"es_ES\" \/>\n<meta property=\"og:type\" content=\"article\" \/>\n<meta property=\"og:title\" content=\"De cara al 2024 Cristian Hern\u00e1ndez toma las riendas del PT en Cuautlancingo - AliadosPuebla\" \/>\n<meta property=\"og:description\" content=\"Su compromiso y trabajo realizado hasta el momento avalan su designaci\u00f3n. Cuautlancingo, Pue.- Como parte de la reestructuraci\u00f3n del PT rumbo al 2024 este viernes se dio la designaci\u00f3n a Cristian Hern\u00e1ndez como representante del partido en Cuautlancingo, donde buscar\u00e1 concretar alianzas con los principales actores pol\u00edticos afines a la 4T. En un ambiente de esperanza por continuar la pol\u00edtica de bienestar encabezada por el presidente de la Rep\u00fablica Andr\u00e9s Manuel L\u00f3pez Obrador, y basados en los principios de la 4T, se llevo a cabo el acto protocolario con la presencia del comisionado pol\u00edtico del PT Ernesto Villareal Cant\u00fa, la coordinadora distrital de San Pedro Cholula Rub\u00ed Luna, Claudia Ramos, coordinadora del municipio de Cuautlancingo e integrantes del partido. La misi\u00f3n primordial tras esta designaci\u00f3n&hellip;Leer m\u00e1s...\" \/>\n<meta property=\"og:url\" content=\"https:\/\/www.aliadospuebla.com\/?p=80353\" \/>\n<meta property=\"og:site_name\" content=\"AliadosPuebla\" \/>\n<meta property=\"article:author\" content=\"https:\/\/www.facebook.com\/Aliados17Pue\" \/>\n<meta property=\"article:published_time\" content=\"2023-05-20T20:42:16+00:00\" \/>\n<meta property=\"og:image\" content=\"https:\/\/www.aliadospuebla.com\/web2017\/wp-content\/uploads\/2023\/05\/139.jpg\" \/>\n\t<meta property=\"og:image:width\" content=\"600\" \/>\n\t<meta property=\"og:image:height\" content=\"450\" \/>\n\t<meta property=\"og:image:type\" content=\"image\/jpeg\" \/>\n<meta name=\"author\" content=\"Aliados17\" \/>\n<meta name=\"twitter:card\" content=\"summary_large_image\" \/>\n<meta name=\"twitter:creator\" content=\"@AliadosPuebla\" \/>\n<meta name=\"twitter:label1\" content=\"Escrito por\" \/>\n\t<meta name=\"twitter:data1\" content=\"Aliados17\" \/>\n\t<meta name=\"twitter:label2\" content=\"Tiempo de lectura\" \/>\n\t<meta name=\"twitter:data2\" content=\"2 minutos\" \/>\n<script type=\"application\/ld+json\" class=\"yoast-schema-graph\">{\"@context\":\"https:\\\/\\\/schema.org\",\"@graph\":[{\"@type\":\"Article\",\"@id\":\"https:\\\/\\\/www.aliadospuebla.com\\\/?p=80353#article\",\"isPartOf\":{\"@id\":\"https:\\\/\\\/www.aliadospuebla.com\\\/?p=80353\"},\"author\":{\"name\":\"Aliados17\",\"@id\":\"https:\\\/\\\/www.aliadospuebla.com\\\/#\\\/schema\\\/person\\\/5da7dd09320bd4f392b710017ed5f8ad\"},\"headline\":\"De cara al 2024 Cristian Hern\u00e1ndez toma las riendas del PT en Cuautlancingo\",\"datePublished\":\"2023-05-20T20:42:16+00:00\",\"mainEntityOfPage\":{\"@id\":\"https:\\\/\\\/www.aliadospuebla.com\\\/?p=80353\"},\"wordCount\":279,\"commentCount\":0,\"image\":{\"@id\":\"https:\\\/\\\/www.aliadospuebla.com\\\/?p=80353#primaryimage\"},\"thumbnailUrl\":\"https:\\\/\\\/www.aliadospuebla.com\\\/web2017\\\/wp-content\\\/uploads\\\/2023\\\/05\\\/139.jpg\",\"keywords\":[\"2024\",\"AFILIACI\u00d3N\",\"ANDR\u00c9S MANUEL L\u00d3PEZ OBRADOR\",\"Cristian Hern\u00e1ndez\",\"DESIGNACI\u00d3N\",\"Ernesto Villarreal Cant\u00fa\",\"JUNTOS HAREMOS HISTORIA\",\"PT Cuautlancingo\"],\"articleSection\":[\"Municipios\"],\"inLanguage\":\"es\",\"potentialAction\":[{\"@type\":\"CommentAction\",\"name\":\"Comment\",\"target\":[\"https:\\\/\\\/www.aliadospuebla.com\\\/?p=80353#respond\"]}]},{\"@type\":\"WebPage\",\"@id\":\"https:\\\/\\\/www.aliadospuebla.com\\\/?p=80353\",\"url\":\"https:\\\/\\\/www.aliadospuebla.com\\\/?p=80353\",\"name\":\"De cara al 2024 Cristian Hern\u00e1ndez toma las riendas del PT en Cuautlancingo - AliadosPuebla\",\"isPartOf\":{\"@id\":\"https:\\\/\\\/www.aliadospuebla.com\\\/#website\"},\"primaryImageOfPage\":{\"@id\":\"https:\\\/\\\/www.aliadospuebla.com\\\/?p=80353#primaryimage\"},\"image\":{\"@id\":\"https:\\\/\\\/www.aliadospuebla.com\\\/?p=80353#primaryimage\"},\"thumbnailUrl\":\"https:\\\/\\\/www.aliadospuebla.com\\\/web2017\\\/wp-content\\\/uploads\\\/2023\\\/05\\\/139.jpg\",\"datePublished\":\"2023-05-20T20:42:16+00:00\",\"author\":{\"@id\":\"https:\\\/\\\/www.aliadospuebla.com\\\/#\\\/schema\\\/person\\\/5da7dd09320bd4f392b710017ed5f8ad\"},\"breadcrumb\":{\"@id\":\"https:\\\/\\\/www.aliadospuebla.com\\\/?p=80353#breadcrumb\"},\"inLanguage\":\"es\",\"potentialAction\":[{\"@type\":\"ReadAction\",\"target\":[\"https:\\\/\\\/www.aliadospuebla.com\\\/?p=80353\"]}]},{\"@type\":\"ImageObject\",\"inLanguage\":\"es\",\"@id\":\"https:\\\/\\\/www.aliadospuebla.com\\\/?p=80353#primaryimage\",\"url\":\"https:\\\/\\\/www.aliadospuebla.com\\\/web2017\\\/wp-content\\\/uploads\\\/2023\\\/05\\\/139.jpg\",\"contentUrl\":\"https:\\\/\\\/www.aliadospuebla.com\\\/web2017\\\/wp-content\\\/uploads\\\/2023\\\/05\\\/139.jpg\",\"width\":600,\"height\":450},{\"@type\":\"BreadcrumbList\",\"@id\":\"https:\\\/\\\/www.aliadospuebla.com\\\/?p=80353#breadcrumb\",\"itemListElement\":[{\"@type\":\"ListItem\",\"position\":1,\"name\":\"Portada\",\"item\":\"https:\\\/\\\/www.aliadospuebla.com\\\/\"},{\"@type\":\"ListItem\",\"position\":2,\"name\":\"De cara al 2024 Cristian Hern\u00e1ndez toma las riendas del PT en Cuautlancingo\"}]},{\"@type\":\"WebSite\",\"@id\":\"https:\\\/\\\/www.aliadospuebla.com\\\/#website\",\"url\":\"https:\\\/\\\/www.aliadospuebla.com\\\/\",\"name\":\"AliadosPuebla\",\"description\":\"La informaci\u00f3n en tus manos\",\"potentialAction\":[{\"@type\":\"SearchAction\",\"target\":{\"@type\":\"EntryPoint\",\"urlTemplate\":\"https:\\\/\\\/www.aliadospuebla.com\\\/?s={search_term_string}\"},\"query-input\":{\"@type\":\"PropertyValueSpecification\",\"valueRequired\":true,\"valueName\":\"search_term_string\"}}],\"inLanguage\":\"es\"},{\"@type\":\"Person\",\"@id\":\"https:\\\/\\\/www.aliadospuebla.com\\\/#\\\/schema\\\/person\\\/5da7dd09320bd4f392b710017ed5f8ad\",\"name\":\"Aliados17\",\"image\":{\"@type\":\"ImageObject\",\"inLanguage\":\"es\",\"@id\":\"https:\\\/\\\/www.aliadospuebla.com\\\/web2017\\\/wp-content\\\/uploads\\\/2025\\\/03\\\/cropped-para-perfil-8-anos-1-96x96.jpg\",\"url\":\"https:\\\/\\\/www.aliadospuebla.com\\\/web2017\\\/wp-content\\\/uploads\\\/2025\\\/03\\\/cropped-para-perfil-8-anos-1-96x96.jpg\",\"contentUrl\":\"https:\\\/\\\/www.aliadospuebla.com\\\/web2017\\\/wp-content\\\/uploads\\\/2025\\\/03\\\/cropped-para-perfil-8-anos-1-96x96.jpg\",\"caption\":\"Aliados17\"},\"sameAs\":[\"https:\\\/\\\/www.aliados17.com\",\"https:\\\/\\\/www.facebook.com\\\/Aliados17Pue\",\"https:\\\/\\\/x.com\\\/AliadosPuebla\"],\"url\":\"https:\\\/\\\/www.aliadospuebla.com\\\/?author=2\"}]}<\/script>\n<!-- \/ Yoast SEO plugin. -->","yoast_head_json":{"title":"De cara al 2024 Cristian Hern\u00e1ndez toma las riendas del PT en Cuautlancingo - AliadosPuebla","robots":{"index":"index","follow":"follow","max-snippet":"max-snippet:-1","max-image-preview":"max-image-preview:large","max-video-preview":"max-video-preview:-1"},"canonical":"https:\/\/www.aliadospuebla.com\/?p=80353","og_locale":"es_ES","og_type":"article","og_title":"De cara al 2024 Cristian Hern\u00e1ndez toma las riendas del PT en Cuautlancingo - AliadosPuebla","og_description":"Su compromiso y trabajo realizado hasta el momento avalan su designaci\u00f3n. Cuautlancingo, Pue.- Como parte de la reestructuraci\u00f3n del PT rumbo al 2024 este viernes se dio la designaci\u00f3n a Cristian Hern\u00e1ndez como representante del partido en Cuautlancingo, donde buscar\u00e1 concretar alianzas con los principales actores pol\u00edticos afines a la 4T. En un ambiente de esperanza por continuar la pol\u00edtica de bienestar encabezada por el presidente de la Rep\u00fablica Andr\u00e9s Manuel L\u00f3pez Obrador, y basados en los principios de la 4T, se llevo a cabo el acto protocolario con la presencia del comisionado pol\u00edtico del PT Ernesto Villareal Cant\u00fa, la coordinadora distrital de San Pedro Cholula Rub\u00ed Luna, Claudia Ramos, coordinadora del municipio de Cuautlancingo e integrantes del partido. La misi\u00f3n primordial tras esta designaci\u00f3n&hellip;Leer m\u00e1s...","og_url":"https:\/\/www.aliadospuebla.com\/?p=80353","og_site_name":"AliadosPuebla","article_author":"https:\/\/www.facebook.com\/Aliados17Pue","article_published_time":"2023-05-20T20:42:16+00:00","og_image":[{"width":600,"height":450,"url":"https:\/\/www.aliadospuebla.com\/web2017\/wp-content\/uploads\/2023\/05\/139.jpg","type":"image\/jpeg"}],"author":"Aliados17","twitter_card":"summary_large_image","twitter_creator":"@AliadosPuebla","twitter_misc":{"Escrito por":"Aliados17","Tiempo de lectura":"2 minutos"},"schema":{"@context":"https:\/\/schema.org","@graph":[{"@type":"Article","@id":"https:\/\/www.aliadospuebla.com\/?p=80353#article","isPartOf":{"@id":"https:\/\/www.aliadospuebla.com\/?p=80353"},"author":{"name":"Aliados17","@id":"https:\/\/www.aliadospuebla.com\/#\/schema\/person\/5da7dd09320bd4f392b710017ed5f8ad"},"headline":"De cara al 2024 Cristian Hern\u00e1ndez toma las riendas del PT en Cuautlancingo","datePublished":"2023-05-20T20:42:16+00:00","mainEntityOfPage":{"@id":"https:\/\/www.aliadospuebla.com\/?p=80353"},"wordCount":279,"commentCount":0,"image":{"@id":"https:\/\/www.aliadospuebla.com\/?p=80353#primaryimage"},"thumbnailUrl":"https:\/\/www.aliadospuebla.com\/web2017\/wp-content\/uploads\/2023\/05\/139.jpg","keywords":["2024","AFILIACI\u00d3N","ANDR\u00c9S MANUEL L\u00d3PEZ OBRADOR","Cristian Hern\u00e1ndez","DESIGNACI\u00d3N","Ernesto Villarreal Cant\u00fa","JUNTOS HAREMOS HISTORIA","PT Cuautlancingo"],"articleSection":["Municipios"],"inLanguage":"es","potentialAction":[{"@type":"CommentAction","name":"Comment","target":["https:\/\/www.aliadospuebla.com\/?p=80353#respond"]}]},{"@type":"WebPage","@id":"https:\/\/www.aliadospuebla.com\/?p=80353","url":"https:\/\/www.aliadospuebla.com\/?p=80353","name":"De cara al 2024 Cristian Hern\u00e1ndez toma las riendas del PT en Cuautlancingo - AliadosPuebla","isPartOf":{"@id":"https:\/\/www.aliadospuebla.com\/#website"},"primaryImageOfPage":{"@id":"https:\/\/www.aliadospuebla.com\/?p=80353#primaryimage"},"image":{"@id":"https:\/\/www.aliadospuebla.com\/?p=80353#primaryimage"},"thumbnailUrl":"https:\/\/www.aliadospuebla.com\/web2017\/wp-content\/uploads\/2023\/05\/139.jpg","datePublished":"2023-05-20T20:42:16+00:00","author":{"@id":"https:\/\/www.aliadospuebla.com\/#\/schema\/person\/5da7dd09320bd4f392b710017ed5f8ad"},"breadcrumb":{"@id":"https:\/\/www.aliadospuebla.com\/?p=80353#breadcrumb"},"inLanguage":"es","potentialAction":[{"@type":"ReadAction","target":["https:\/\/www.aliadospuebla.com\/?p=80353"]}]},{"@type":"ImageObject","inLanguage":"es","@id":"https:\/\/www.aliadospuebla.com\/?p=80353#primaryimage","url":"https:\/\/www.aliadospuebla.com\/web2017\/wp-content\/uploads\/2023\/05\/139.jpg","contentUrl":"https:\/\/www.aliadospuebla.com\/web2017\/wp-content\/uploads\/2023\/05\/139.jpg","width":600,"height":450},{"@type":"BreadcrumbList","@id":"https:\/\/www.aliadospuebla.com\/?p=80353#breadcrumb","itemListElement":[{"@type":"ListItem","position":1,"name":"Portada","item":"https:\/\/www.aliadospuebla.com\/"},{"@type":"ListItem","position":2,"name":"De cara al 2024 Cristian Hern\u00e1ndez toma las riendas del PT en Cuautlancingo"}]},{"@type":"WebSite","@id":"https:\/\/www.aliadospuebla.com\/#website","url":"https:\/\/www.aliadospuebla.com\/","name":"AliadosPuebla","description":"La informaci\u00f3n en tus manos","potentialAction":[{"@type":"SearchAction","target":{"@type":"EntryPoint","urlTemplate":"https:\/\/www.aliadospuebla.com\/?s={search_term_string}"},"query-input":{"@type":"PropertyValueSpecification","valueRequired":true,"valueName":"search_term_string"}}],"inLanguage":"es"},{"@type":"Person","@id":"https:\/\/www.aliadospuebla.com\/#\/schema\/person\/5da7dd09320bd4f392b710017ed5f8ad","name":"Aliados17","image":{"@type":"ImageObject","inLanguage":"es","@id":"https:\/\/www.aliadospuebla.com\/web2017\/wp-content\/uploads\/2025\/03\/cropped-para-perfil-8-anos-1-96x96.jpg","url":"https:\/\/www.aliadospuebla.com\/web2017\/wp-content\/uploads\/2025\/03\/cropped-para-perfil-8-anos-1-96x96.jpg","contentUrl":"https:\/\/www.aliadospuebla.com\/web2017\/wp-content\/uploads\/2025\/03\/cropped-para-perfil-8-anos-1-96x96.jpg","caption":"Aliados17"},"sameAs":["https:\/\/www.aliados17.com","https:\/\/www.facebook.com\/Aliados17Pue","https:\/\/x.com\/AliadosPuebla"],"url":"https:\/\/www.aliadospuebla.com\/?author=2"}]}},"views":25,"_links":{"self":[{"href":"https:\/\/www.aliadospuebla.com\/index.php?rest_route=\/wp\/v2\/posts\/80353","targetHints":{"allow":["GET"]}}],"collection":[{"href":"https:\/\/www.aliadospuebla.com\/index.php?rest_route=\/wp\/v2\/posts"}],"about":[{"href":"https:\/\/www.aliadospuebla.com\/index.php?rest_route=\/wp\/v2\/types\/post"}],"author":[{"embeddable":true,"href":"https:\/\/www.aliadospuebla.com\/index.php?rest_route=\/wp\/v2\/users\/2"}],"replies":[{"embeddable":true,"href":"https:\/\/www.aliadospuebla.com\/index.php?rest_route=%2Fwp%2Fv2%2Fcomments&post=80353"}],"version-history":[{"count":1,"href":"https:\/\/www.aliadospuebla.com\/index.php?rest_route=\/wp\/v2\/posts\/80353\/revisions"}],"predecessor-version":[{"id":80355,"href":"https:\/\/www.aliadospuebla.com\/index.php?rest_route=\/wp\/v2\/posts\/80353\/revisions\/80355"}],"wp:featuredmedia":[{"embeddable":true,"href":"https:\/\/www.aliadospuebla.com\/index.php?rest_route=\/wp\/v2\/media\/80354"}],"wp:attachment":[{"href":"https:\/\/www.aliadospuebla.com\/index.php?rest_route=%2Fwp%2Fv2%2Fmedia&parent=80353"}],"wp:term":[{"taxonomy":"category","embeddable":true,"href":"https:\/\/www.aliadospuebla.com\/index.php?rest_route=%2Fwp%2Fv2%2Fcategories&post=80353"},{"taxonomy":"post_tag","embeddable":true,"href":"https:\/\/www.aliadospuebla.com\/index.php?rest_route=%2Fwp%2Fv2%2Ftags&post=80353"}],"curies":[{"name":"wp","href":"https:\/\/api.w.org\/{rel}","templated":true}]}}