{"id":79767,"date":"2023-04-25T00:45:32","date_gmt":"2023-04-25T06:45:32","guid":{"rendered":"https:\/\/www.aliados17.com\/?p=79767"},"modified":"2023-04-25T00:45:32","modified_gmt":"2023-04-25T06:45:32","slug":"ademas-de-un-lider-puebla-necesita-la-unidad-de-todos-nacho-mier","status":"publish","type":"post","link":"https:\/\/www.aliadospuebla.com\/?p=79767","title":{"rendered":"Adem\u00e1s de un l\u00edder, Puebla necesita la unidad de todos: Nacho Mier"},"content":{"rendered":"<h4>Hizo un llamado a estar atentos para que no se cuelen los oportunistas y corruptos al movimiento transformador de Puebla.<\/h4>\n<p>Ante m\u00e1s de 2 mil personas les pidi\u00f3 estar unidos, porque de esa forma nadie los va vencer<\/p>\n<p>Acatzingo- Adem\u00e1s que Puebla necesita un l\u00edder, requiere la unidad de todos los poblanos, que estemos juntos, porque s\u00f3lo de esa forma se puede transformar la realidad de los ciudadanos, asegur\u00f3 el coordinador de los diputados federales de Morena, Ignacio Mier Velazco.<\/p>\n<p>Al encabezar la asamblea informativa del Instituto Mexicano para la Transformaci\u00f3n de la Vida P\u00fablica, ante m\u00e1s de 2 mil personas, indic\u00f3 que la divisi\u00f3n en este municipio en nada ayuda, porque genera retrasos, y en las familias provoca discordia.<\/p>\n<p>\u00abEst\u00e1 convocatoria, desde Acatzingo, es para todas y todos los poblanos, para los que sue\u00f1an con un mejor estado; que se sumen a fin de tener una mejor Puebla, m\u00e1s igualitaria, de progreso, unidad, de reconciliaci\u00f3n, de justicia y honestidad, y unidos nadie nos va a vencer\u00bb.<\/p>\n<p>Nacho Mier hizo un llamado a estar atentos ante el intento de la fractura social; \u201csi no estamos organizados se pueden colar los oportunistas, los corruptos, los que s\u00f3lo piensan en ellos mismos y no en la comunidad, los que brincan de partido en partido\u201d.<\/p>\n<p>En el caso de la comunidad de Actipan, Nacho Mier record\u00f3 que llegaron personas que les prometieron regularizar sus predios y les cobraron comisi\u00f3n por cada hect\u00e1rea, y nunca les apoyaron de verdad.<\/p>\n<p>El legislador record\u00f3 que muchas mujeres y hombres libres fundaron el Movimiento de Regeneraci\u00f3n Nacional que dio vida al partido pol\u00edtico, el cual no le pertenece a nadie, porque el \u00fanico due\u00f1o es el pueblo de M\u00e9xico \u201cy en Acatzingo son ustedes\u201d. Por eso hizo un llamado a los pobladores a no permitir que les quiten la organizaci\u00f3n para transformar a este hermoso municipio.<\/p>\n","protected":false},"excerpt":{"rendered":"<p>Hizo un llamado a estar atentos para que no se cuelen los oportunistas y corruptos al movimiento transformador de Puebla. Ante m\u00e1s de 2 mil personas les pidi\u00f3 estar unidos, porque de esa forma nadie los va vencer Acatzingo- Adem\u00e1s que Puebla necesita un l\u00edder, requiere la unidad de todos los poblanos, que estemos juntos, porque s\u00f3lo de esa forma se puede transformar la realidad de los ciudadanos, asegur\u00f3 el coordinador de los diputados federales de Morena, Ignacio Mier Velazco. Al encabezar la asamblea informativa del Instituto Mexicano para la Transformaci\u00f3n de la Vida P\u00fablica, ante m\u00e1s de 2 mil personas, indic\u00f3 que la divisi\u00f3n en este municipio en nada ayuda, porque genera retrasos, y en las familias provoca discordia. \u00abEst\u00e1 convocatoria, desde Acatzingo, es&hellip;<\/p>\n<p class=\"excerpt-more\"><a class=\"blog-excerpt button\" href=\"https:\/\/www.aliadospuebla.com\/?p=79767\">Leer m\u00e1s&#8230;<\/a><\/p>\n","protected":false},"author":2,"featured_media":79768,"comment_status":"open","ping_status":"open","sticky":false,"template":"","format":"standard","meta":{"_monsterinsights_skip_tracking":false,"footnotes":""},"categories":[6],"tags":[16134,14662,666,21513,435],"class_list":["post-79767","post","type-post","status-publish","format-standard","has-post-thumbnail","hentry","category-politica","tag-ignacio-mier-velazco","tag-lider","tag-morena","tag-organizados","tag-unidad"],"yoast_head":"<!-- This site is optimized with the Yoast SEO plugin v28.3 - https:\/\/yoast.com\/product\/yoast-seo-wordpress\/ -->\n<title>Adem\u00e1s de un l\u00edder, Puebla necesita la unidad de todos: Nacho Mier - AliadosPuebla<\/title>\n<meta name=\"robots\" content=\"index, follow, max-snippet:-1, max-image-preview:large, max-video-preview:-1\" \/>\n<link rel=\"canonical\" href=\"https:\/\/www.aliadospuebla.com\/?p=79767\" \/>\n<meta property=\"og:locale\" content=\"es_ES\" \/>\n<meta property=\"og:type\" content=\"article\" \/>\n<meta property=\"og:title\" content=\"Adem\u00e1s de un l\u00edder, Puebla necesita la unidad de todos: Nacho Mier - AliadosPuebla\" \/>\n<meta property=\"og:description\" content=\"Hizo un llamado a estar atentos para que no se cuelen los oportunistas y corruptos al movimiento transformador de Puebla. Ante m\u00e1s de 2 mil personas les pidi\u00f3 estar unidos, porque de esa forma nadie los va vencer Acatzingo- Adem\u00e1s que Puebla necesita un l\u00edder, requiere la unidad de todos los poblanos, que estemos juntos, porque s\u00f3lo de esa forma se puede transformar la realidad de los ciudadanos, asegur\u00f3 el coordinador de los diputados federales de Morena, Ignacio Mier Velazco. Al encabezar la asamblea informativa del Instituto Mexicano para la Transformaci\u00f3n de la Vida P\u00fablica, ante m\u00e1s de 2 mil personas, indic\u00f3 que la divisi\u00f3n en este municipio en nada ayuda, porque genera retrasos, y en las familias provoca discordia. \u00abEst\u00e1 convocatoria, desde Acatzingo, es&hellip;Leer m\u00e1s...\" \/>\n<meta property=\"og:url\" content=\"https:\/\/www.aliadospuebla.com\/?p=79767\" \/>\n<meta property=\"og:site_name\" content=\"AliadosPuebla\" \/>\n<meta property=\"article:author\" content=\"https:\/\/www.facebook.com\/Aliados17Pue\" \/>\n<meta property=\"article:published_time\" content=\"2023-04-25T06:45:32+00:00\" \/>\n<meta property=\"og:image\" content=\"https:\/\/www.aliadospuebla.com\/web2017\/wp-content\/uploads\/2023\/04\/150.jpg\" \/>\n\t<meta property=\"og:image:width\" content=\"600\" \/>\n\t<meta property=\"og:image:height\" content=\"450\" \/>\n\t<meta property=\"og:image:type\" content=\"image\/jpeg\" \/>\n<meta name=\"author\" content=\"Aliados17\" \/>\n<meta name=\"twitter:card\" content=\"summary_large_image\" \/>\n<meta name=\"twitter:creator\" content=\"@AliadosPuebla\" \/>\n<meta name=\"twitter:label1\" content=\"Escrito por\" \/>\n\t<meta name=\"twitter:data1\" content=\"Aliados17\" \/>\n\t<meta name=\"twitter:label2\" content=\"Tiempo de lectura\" \/>\n\t<meta name=\"twitter:data2\" content=\"2 minutos\" \/>\n<script type=\"application\/ld+json\" class=\"yoast-schema-graph\">{\"@context\":\"https:\\\/\\\/schema.org\",\"@graph\":[{\"@type\":\"Article\",\"@id\":\"https:\\\/\\\/www.aliadospuebla.com\\\/?p=79767#article\",\"isPartOf\":{\"@id\":\"https:\\\/\\\/www.aliadospuebla.com\\\/?p=79767\"},\"author\":{\"name\":\"Aliados17\",\"@id\":\"https:\\\/\\\/www.aliadospuebla.com\\\/#\\\/schema\\\/person\\\/5da7dd09320bd4f392b710017ed5f8ad\"},\"headline\":\"Adem\u00e1s de un l\u00edder, Puebla necesita la unidad de todos: Nacho Mier\",\"datePublished\":\"2023-04-25T06:45:32+00:00\",\"mainEntityOfPage\":{\"@id\":\"https:\\\/\\\/www.aliadospuebla.com\\\/?p=79767\"},\"wordCount\":340,\"commentCount\":0,\"image\":{\"@id\":\"https:\\\/\\\/www.aliadospuebla.com\\\/?p=79767#primaryimage\"},\"thumbnailUrl\":\"https:\\\/\\\/www.aliadospuebla.com\\\/web2017\\\/wp-content\\\/uploads\\\/2023\\\/04\\\/150.jpg\",\"keywords\":[\"Ignacio Mier Velazco\",\"L\u00cdDER\",\"MORENA\",\"organizados\",\"UNIDAD\"],\"articleSection\":[\"Pol\u00edtica\"],\"inLanguage\":\"es\",\"potentialAction\":[{\"@type\":\"CommentAction\",\"name\":\"Comment\",\"target\":[\"https:\\\/\\\/www.aliadospuebla.com\\\/?p=79767#respond\"]}]},{\"@type\":\"WebPage\",\"@id\":\"https:\\\/\\\/www.aliadospuebla.com\\\/?p=79767\",\"url\":\"https:\\\/\\\/www.aliadospuebla.com\\\/?p=79767\",\"name\":\"Adem\u00e1s de un l\u00edder, Puebla necesita la unidad de todos: Nacho Mier - AliadosPuebla\",\"isPartOf\":{\"@id\":\"https:\\\/\\\/www.aliadospuebla.com\\\/#website\"},\"primaryImageOfPage\":{\"@id\":\"https:\\\/\\\/www.aliadospuebla.com\\\/?p=79767#primaryimage\"},\"image\":{\"@id\":\"https:\\\/\\\/www.aliadospuebla.com\\\/?p=79767#primaryimage\"},\"thumbnailUrl\":\"https:\\\/\\\/www.aliadospuebla.com\\\/web2017\\\/wp-content\\\/uploads\\\/2023\\\/04\\\/150.jpg\",\"datePublished\":\"2023-04-25T06:45:32+00:00\",\"author\":{\"@id\":\"https:\\\/\\\/www.aliadospuebla.com\\\/#\\\/schema\\\/person\\\/5da7dd09320bd4f392b710017ed5f8ad\"},\"breadcrumb\":{\"@id\":\"https:\\\/\\\/www.aliadospuebla.com\\\/?p=79767#breadcrumb\"},\"inLanguage\":\"es\",\"potentialAction\":[{\"@type\":\"ReadAction\",\"target\":[\"https:\\\/\\\/www.aliadospuebla.com\\\/?p=79767\"]}]},{\"@type\":\"ImageObject\",\"inLanguage\":\"es\",\"@id\":\"https:\\\/\\\/www.aliadospuebla.com\\\/?p=79767#primaryimage\",\"url\":\"https:\\\/\\\/www.aliadospuebla.com\\\/web2017\\\/wp-content\\\/uploads\\\/2023\\\/04\\\/150.jpg\",\"contentUrl\":\"https:\\\/\\\/www.aliadospuebla.com\\\/web2017\\\/wp-content\\\/uploads\\\/2023\\\/04\\\/150.jpg\",\"width\":600,\"height\":450},{\"@type\":\"BreadcrumbList\",\"@id\":\"https:\\\/\\\/www.aliadospuebla.com\\\/?p=79767#breadcrumb\",\"itemListElement\":[{\"@type\":\"ListItem\",\"position\":1,\"name\":\"Portada\",\"item\":\"https:\\\/\\\/www.aliadospuebla.com\\\/\"},{\"@type\":\"ListItem\",\"position\":2,\"name\":\"Adem\u00e1s de un l\u00edder, Puebla necesita la unidad de todos: Nacho Mier\"}]},{\"@type\":\"WebSite\",\"@id\":\"https:\\\/\\\/www.aliadospuebla.com\\\/#website\",\"url\":\"https:\\\/\\\/www.aliadospuebla.com\\\/\",\"name\":\"AliadosPuebla\",\"description\":\"La informaci\u00f3n en tus manos\",\"potentialAction\":[{\"@type\":\"SearchAction\",\"target\":{\"@type\":\"EntryPoint\",\"urlTemplate\":\"https:\\\/\\\/www.aliadospuebla.com\\\/?s={search_term_string}\"},\"query-input\":{\"@type\":\"PropertyValueSpecification\",\"valueRequired\":true,\"valueName\":\"search_term_string\"}}],\"inLanguage\":\"es\"},{\"@type\":\"Person\",\"@id\":\"https:\\\/\\\/www.aliadospuebla.com\\\/#\\\/schema\\\/person\\\/5da7dd09320bd4f392b710017ed5f8ad\",\"name\":\"Aliados17\",\"image\":{\"@type\":\"ImageObject\",\"inLanguage\":\"es\",\"@id\":\"https:\\\/\\\/www.aliadospuebla.com\\\/web2017\\\/wp-content\\\/uploads\\\/2025\\\/03\\\/cropped-para-perfil-8-anos-1-96x96.jpg\",\"url\":\"https:\\\/\\\/www.aliadospuebla.com\\\/web2017\\\/wp-content\\\/uploads\\\/2025\\\/03\\\/cropped-para-perfil-8-anos-1-96x96.jpg\",\"contentUrl\":\"https:\\\/\\\/www.aliadospuebla.com\\\/web2017\\\/wp-content\\\/uploads\\\/2025\\\/03\\\/cropped-para-perfil-8-anos-1-96x96.jpg\",\"caption\":\"Aliados17\"},\"sameAs\":[\"https:\\\/\\\/www.aliados17.com\",\"https:\\\/\\\/www.facebook.com\\\/Aliados17Pue\",\"https:\\\/\\\/x.com\\\/AliadosPuebla\"],\"url\":\"https:\\\/\\\/www.aliadospuebla.com\\\/?author=2\"}]}<\/script>\n<!-- \/ Yoast SEO plugin. -->","yoast_head_json":{"title":"Adem\u00e1s de un l\u00edder, Puebla necesita la unidad de todos: Nacho Mier - AliadosPuebla","robots":{"index":"index","follow":"follow","max-snippet":"max-snippet:-1","max-image-preview":"max-image-preview:large","max-video-preview":"max-video-preview:-1"},"canonical":"https:\/\/www.aliadospuebla.com\/?p=79767","og_locale":"es_ES","og_type":"article","og_title":"Adem\u00e1s de un l\u00edder, Puebla necesita la unidad de todos: Nacho Mier - AliadosPuebla","og_description":"Hizo un llamado a estar atentos para que no se cuelen los oportunistas y corruptos al movimiento transformador de Puebla. Ante m\u00e1s de 2 mil personas les pidi\u00f3 estar unidos, porque de esa forma nadie los va vencer Acatzingo- Adem\u00e1s que Puebla necesita un l\u00edder, requiere la unidad de todos los poblanos, que estemos juntos, porque s\u00f3lo de esa forma se puede transformar la realidad de los ciudadanos, asegur\u00f3 el coordinador de los diputados federales de Morena, Ignacio Mier Velazco. Al encabezar la asamblea informativa del Instituto Mexicano para la Transformaci\u00f3n de la Vida P\u00fablica, ante m\u00e1s de 2 mil personas, indic\u00f3 que la divisi\u00f3n en este municipio en nada ayuda, porque genera retrasos, y en las familias provoca discordia. \u00abEst\u00e1 convocatoria, desde Acatzingo, es&hellip;Leer m\u00e1s...","og_url":"https:\/\/www.aliadospuebla.com\/?p=79767","og_site_name":"AliadosPuebla","article_author":"https:\/\/www.facebook.com\/Aliados17Pue","article_published_time":"2023-04-25T06:45:32+00:00","og_image":[{"width":600,"height":450,"url":"https:\/\/www.aliadospuebla.com\/web2017\/wp-content\/uploads\/2023\/04\/150.jpg","type":"image\/jpeg"}],"author":"Aliados17","twitter_card":"summary_large_image","twitter_creator":"@AliadosPuebla","twitter_misc":{"Escrito por":"Aliados17","Tiempo de lectura":"2 minutos"},"schema":{"@context":"https:\/\/schema.org","@graph":[{"@type":"Article","@id":"https:\/\/www.aliadospuebla.com\/?p=79767#article","isPartOf":{"@id":"https:\/\/www.aliadospuebla.com\/?p=79767"},"author":{"name":"Aliados17","@id":"https:\/\/www.aliadospuebla.com\/#\/schema\/person\/5da7dd09320bd4f392b710017ed5f8ad"},"headline":"Adem\u00e1s de un l\u00edder, Puebla necesita la unidad de todos: Nacho Mier","datePublished":"2023-04-25T06:45:32+00:00","mainEntityOfPage":{"@id":"https:\/\/www.aliadospuebla.com\/?p=79767"},"wordCount":340,"commentCount":0,"image":{"@id":"https:\/\/www.aliadospuebla.com\/?p=79767#primaryimage"},"thumbnailUrl":"https:\/\/www.aliadospuebla.com\/web2017\/wp-content\/uploads\/2023\/04\/150.jpg","keywords":["Ignacio Mier Velazco","L\u00cdDER","MORENA","organizados","UNIDAD"],"articleSection":["Pol\u00edtica"],"inLanguage":"es","potentialAction":[{"@type":"CommentAction","name":"Comment","target":["https:\/\/www.aliadospuebla.com\/?p=79767#respond"]}]},{"@type":"WebPage","@id":"https:\/\/www.aliadospuebla.com\/?p=79767","url":"https:\/\/www.aliadospuebla.com\/?p=79767","name":"Adem\u00e1s de un l\u00edder, Puebla necesita la unidad de todos: Nacho Mier - AliadosPuebla","isPartOf":{"@id":"https:\/\/www.aliadospuebla.com\/#website"},"primaryImageOfPage":{"@id":"https:\/\/www.aliadospuebla.com\/?p=79767#primaryimage"},"image":{"@id":"https:\/\/www.aliadospuebla.com\/?p=79767#primaryimage"},"thumbnailUrl":"https:\/\/www.aliadospuebla.com\/web2017\/wp-content\/uploads\/2023\/04\/150.jpg","datePublished":"2023-04-25T06:45:32+00:00","author":{"@id":"https:\/\/www.aliadospuebla.com\/#\/schema\/person\/5da7dd09320bd4f392b710017ed5f8ad"},"breadcrumb":{"@id":"https:\/\/www.aliadospuebla.com\/?p=79767#breadcrumb"},"inLanguage":"es","potentialAction":[{"@type":"ReadAction","target":["https:\/\/www.aliadospuebla.com\/?p=79767"]}]},{"@type":"ImageObject","inLanguage":"es","@id":"https:\/\/www.aliadospuebla.com\/?p=79767#primaryimage","url":"https:\/\/www.aliadospuebla.com\/web2017\/wp-content\/uploads\/2023\/04\/150.jpg","contentUrl":"https:\/\/www.aliadospuebla.com\/web2017\/wp-content\/uploads\/2023\/04\/150.jpg","width":600,"height":450},{"@type":"BreadcrumbList","@id":"https:\/\/www.aliadospuebla.com\/?p=79767#breadcrumb","itemListElement":[{"@type":"ListItem","position":1,"name":"Portada","item":"https:\/\/www.aliadospuebla.com\/"},{"@type":"ListItem","position":2,"name":"Adem\u00e1s de un l\u00edder, Puebla necesita la unidad de todos: Nacho Mier"}]},{"@type":"WebSite","@id":"https:\/\/www.aliadospuebla.com\/#website","url":"https:\/\/www.aliadospuebla.com\/","name":"AliadosPuebla","description":"La informaci\u00f3n en tus manos","potentialAction":[{"@type":"SearchAction","target":{"@type":"EntryPoint","urlTemplate":"https:\/\/www.aliadospuebla.com\/?s={search_term_string}"},"query-input":{"@type":"PropertyValueSpecification","valueRequired":true,"valueName":"search_term_string"}}],"inLanguage":"es"},{"@type":"Person","@id":"https:\/\/www.aliadospuebla.com\/#\/schema\/person\/5da7dd09320bd4f392b710017ed5f8ad","name":"Aliados17","image":{"@type":"ImageObject","inLanguage":"es","@id":"https:\/\/www.aliadospuebla.com\/web2017\/wp-content\/uploads\/2025\/03\/cropped-para-perfil-8-anos-1-96x96.jpg","url":"https:\/\/www.aliadospuebla.com\/web2017\/wp-content\/uploads\/2025\/03\/cropped-para-perfil-8-anos-1-96x96.jpg","contentUrl":"https:\/\/www.aliadospuebla.com\/web2017\/wp-content\/uploads\/2025\/03\/cropped-para-perfil-8-anos-1-96x96.jpg","caption":"Aliados17"},"sameAs":["https:\/\/www.aliados17.com","https:\/\/www.facebook.com\/Aliados17Pue","https:\/\/x.com\/AliadosPuebla"],"url":"https:\/\/www.aliadospuebla.com\/?author=2"}]}},"views":8,"_links":{"self":[{"href":"https:\/\/www.aliadospuebla.com\/index.php?rest_route=\/wp\/v2\/posts\/79767","targetHints":{"allow":["GET"]}}],"collection":[{"href":"https:\/\/www.aliadospuebla.com\/index.php?rest_route=\/wp\/v2\/posts"}],"about":[{"href":"https:\/\/www.aliadospuebla.com\/index.php?rest_route=\/wp\/v2\/types\/post"}],"author":[{"embeddable":true,"href":"https:\/\/www.aliadospuebla.com\/index.php?rest_route=\/wp\/v2\/users\/2"}],"replies":[{"embeddable":true,"href":"https:\/\/www.aliadospuebla.com\/index.php?rest_route=%2Fwp%2Fv2%2Fcomments&post=79767"}],"version-history":[{"count":1,"href":"https:\/\/www.aliadospuebla.com\/index.php?rest_route=\/wp\/v2\/posts\/79767\/revisions"}],"predecessor-version":[{"id":79769,"href":"https:\/\/www.aliadospuebla.com\/index.php?rest_route=\/wp\/v2\/posts\/79767\/revisions\/79769"}],"wp:featuredmedia":[{"embeddable":true,"href":"https:\/\/www.aliadospuebla.com\/index.php?rest_route=\/wp\/v2\/media\/79768"}],"wp:attachment":[{"href":"https:\/\/www.aliadospuebla.com\/index.php?rest_route=%2Fwp%2Fv2%2Fmedia&parent=79767"}],"wp:term":[{"taxonomy":"category","embeddable":true,"href":"https:\/\/www.aliadospuebla.com\/index.php?rest_route=%2Fwp%2Fv2%2Fcategories&post=79767"},{"taxonomy":"post_tag","embeddable":true,"href":"https:\/\/www.aliadospuebla.com\/index.php?rest_route=%2Fwp%2Fv2%2Ftags&post=79767"}],"curies":[{"name":"wp","href":"https:\/\/api.w.org\/{rel}","templated":true}]}}