{"id":79723,"date":"2023-04-23T17:22:17","date_gmt":"2023-04-23T23:22:17","guid":{"rendered":"https:\/\/www.aliados17.com\/?p=79723"},"modified":"2023-04-23T17:27:25","modified_gmt":"2023-04-23T23:27:25","slug":"realiza-imss-puebla-taller-para-promover-sistemas-de-gestion-de-calidad-en-guarderias-con-motivo-del-dia-de-la-educadora","status":"publish","type":"post","link":"https:\/\/www.aliadospuebla.com\/?p=79723","title":{"rendered":"Realiza IMSS Puebla taller para promover sistemas de gesti\u00f3n de calidad en guarder\u00edas con motivo del \u201cD\u00eda de la Educadora\u201d"},"content":{"rendered":"<h4 style=\"font-weight: 400;\">El Instituto Mexicano del Seguro Social (IMSS) en Puebla realiza taller para promover los sistemas de gesti\u00f3n de calidad en guarder\u00edas, en instalaciones de la Guarder\u00eda Ordinaria n\u00famero 2, con motivo del \u201cD\u00eda de la Educadora\u201d que se conmemor\u00f3 este 21 de abril.<\/h4>\n<p style=\"font-weight: 400;\">En un esfuerzo de colaboraci\u00f3n, la Jefatura de Salud en el Trabajo y Prestaciones Econ\u00f3micas y Sociales,<\/p>\n<p style=\"font-weight: 400;\">el Departamento de Guarder\u00edas y la Coordinaci\u00f3n de Competitividad llevan a cabo esta pr\u00e1ctica,<\/p>\n<p style=\"font-weight: 400;\">con el objetivo de promover acciones de reconocimiento, capacitaci\u00f3n y empoderamiento al talento humano,<\/p>\n<p style=\"font-weight: 400;\">afirm\u00f3 la titular de la Coordinaci\u00f3n de Competitividad del IMSS Puebla, Roc\u00edo Alejandra Rocha Cortez.<\/p>\n<p style=\"font-weight: 400;\">Subray\u00f3 que las actividades buscan concientizar a las y los trabajadores de las cuatro Guarder\u00edas del Instituto, respecto a la importancia de promover sistemas de gesti\u00f3n de calidad que impacten en la trasformaci\u00f3n institucional en materia de atenci\u00f3n con calidad y calidez hacia la poblaci\u00f3n usuaria.<\/p>\n<p style=\"font-weight: 400;\">Estos eventos refuerzan el compromiso de mejora continua del personal institucional,<\/p>\n<p style=\"font-weight: 400;\">demostrando que las Guarder\u00edas Ordinarias del IMSS en Puebla son referente a nivel nacional,<\/p>\n<p style=\"font-weight: 400;\">pues han logrado mantener alta calidad del servicio con las y los trabajadores y sus familias, puntualiz\u00f3 Rocha Cortez.<\/p>\n<p style=\"font-weight: 400;\">Este evento fue encabezado por la titular del IMSS en Puebla, doctora Mar\u00eda Aurora Trevi\u00f1o Garc\u00eda; el encargado de la Jefatura de Salud en el Trabajo y Prestaciones Econ\u00f3micas y Sociales, Erick Guti\u00e9rrez Cortez; y la encargada del Departamento de Guarder\u00edas, Alejandra Luna Ch\u00e1vez.<\/p>\n","protected":false},"excerpt":{"rendered":"<p>El Instituto Mexicano del Seguro Social (IMSS) en Puebla realiza taller para promover los sistemas de gesti\u00f3n de calidad en guarder\u00edas, en instalaciones de la Guarder\u00eda Ordinaria n\u00famero 2, con motivo del \u201cD\u00eda de la Educadora\u201d que se conmemor\u00f3 este 21 de abril. En un esfuerzo de colaboraci\u00f3n, la Jefatura de Salud en el Trabajo y Prestaciones Econ\u00f3micas y Sociales, el Departamento de Guarder\u00edas y la Coordinaci\u00f3n de Competitividad llevan a cabo esta pr\u00e1ctica, con el objetivo de promover acciones de reconocimiento, capacitaci\u00f3n y empoderamiento al talento humano, afirm\u00f3 la titular de la Coordinaci\u00f3n de Competitividad del IMSS Puebla, Roc\u00edo Alejandra Rocha Cortez. Subray\u00f3 que las actividades buscan concientizar a las y los trabajadores de las cuatro Guarder\u00edas del Instituto, respecto a la importancia de&hellip;<\/p>\n<p class=\"excerpt-more\"><a class=\"blog-excerpt button\" href=\"https:\/\/www.aliadospuebla.com\/?p=79723\">Leer m\u00e1s&#8230;<\/a><\/p>\n","protected":false},"author":2,"featured_media":79725,"comment_status":"open","ping_status":"open","sticky":false,"template":"","format":"standard","meta":{"_monsterinsights_skip_tracking":false,"footnotes":""},"categories":[62],"tags":[21505,5529,4386,365],"class_list":["post-79723","post","type-post","status-publish","format-standard","has-post-thumbnail","hentry","category-capital","tag-dia-de-la-educadora","tag-guarderias","tag-imss-puebla","tag-salud"],"yoast_head":"<!-- This site is optimized with the Yoast SEO plugin v28.4 - https:\/\/yoast.com\/product\/yoast-seo-wordpress\/ -->\n<title>Realiza IMSS Puebla taller para promover sistemas de gesti\u00f3n de calidad en guarder\u00edas con motivo del \u201cD\u00eda de la Educadora\u201d - AliadosPuebla<\/title>\n<meta name=\"robots\" content=\"index, follow, max-snippet:-1, max-image-preview:large, max-video-preview:-1\" \/>\n<link rel=\"canonical\" href=\"https:\/\/www.aliadospuebla.com\/?p=79723\" \/>\n<meta property=\"og:locale\" content=\"es_ES\" \/>\n<meta property=\"og:type\" content=\"article\" \/>\n<meta property=\"og:title\" content=\"Realiza IMSS Puebla taller para promover sistemas de gesti\u00f3n de calidad en guarder\u00edas con motivo del \u201cD\u00eda de la Educadora\u201d - AliadosPuebla\" \/>\n<meta property=\"og:description\" content=\"El Instituto Mexicano del Seguro Social (IMSS) en Puebla realiza taller para promover los sistemas de gesti\u00f3n de calidad en guarder\u00edas, en instalaciones de la Guarder\u00eda Ordinaria n\u00famero 2, con motivo del \u201cD\u00eda de la Educadora\u201d que se conmemor\u00f3 este 21 de abril. En un esfuerzo de colaboraci\u00f3n, la Jefatura de Salud en el Trabajo y Prestaciones Econ\u00f3micas y Sociales, el Departamento de Guarder\u00edas y la Coordinaci\u00f3n de Competitividad llevan a cabo esta pr\u00e1ctica, con el objetivo de promover acciones de reconocimiento, capacitaci\u00f3n y empoderamiento al talento humano, afirm\u00f3 la titular de la Coordinaci\u00f3n de Competitividad del IMSS Puebla, Roc\u00edo Alejandra Rocha Cortez. Subray\u00f3 que las actividades buscan concientizar a las y los trabajadores de las cuatro Guarder\u00edas del Instituto, respecto a la importancia de&hellip;Leer m\u00e1s...\" \/>\n<meta property=\"og:url\" content=\"https:\/\/www.aliadospuebla.com\/?p=79723\" \/>\n<meta property=\"og:site_name\" content=\"AliadosPuebla\" \/>\n<meta property=\"article:author\" content=\"https:\/\/www.facebook.com\/Aliados17Pue\" \/>\n<meta property=\"article:published_time\" content=\"2023-04-23T23:22:17+00:00\" \/>\n<meta property=\"article:modified_time\" content=\"2023-04-23T23:27:25+00:00\" \/>\n<meta property=\"og:image\" content=\"https:\/\/www.aliadospuebla.com\/web2017\/wp-content\/uploads\/2023\/04\/136.jpg\" \/>\n\t<meta property=\"og:image:width\" content=\"600\" \/>\n\t<meta property=\"og:image:height\" content=\"450\" \/>\n\t<meta property=\"og:image:type\" content=\"image\/jpeg\" \/>\n<meta name=\"author\" content=\"Aliados17\" \/>\n<meta name=\"twitter:card\" content=\"summary_large_image\" \/>\n<meta name=\"twitter:creator\" content=\"@AliadosPuebla\" \/>\n<meta name=\"twitter:label1\" content=\"Escrito por\" \/>\n\t<meta name=\"twitter:data1\" content=\"Aliados17\" \/>\n\t<meta name=\"twitter:label2\" content=\"Tiempo de lectura\" \/>\n\t<meta name=\"twitter:data2\" content=\"2 minutos\" \/>\n<script type=\"application\/ld+json\" class=\"yoast-schema-graph\">{\"@context\":\"https:\\\/\\\/schema.org\",\"@graph\":[{\"@type\":\"Article\",\"@id\":\"https:\\\/\\\/www.aliadospuebla.com\\\/?p=79723#article\",\"isPartOf\":{\"@id\":\"https:\\\/\\\/www.aliadospuebla.com\\\/?p=79723\"},\"author\":{\"name\":\"Aliados17\",\"@id\":\"https:\\\/\\\/www.aliadospuebla.com\\\/#\\\/schema\\\/person\\\/5da7dd09320bd4f392b710017ed5f8ad\"},\"headline\":\"Realiza IMSS Puebla taller para promover sistemas de gesti\u00f3n de calidad en guarder\u00edas con motivo del \u201cD\u00eda de la Educadora\u201d\",\"datePublished\":\"2023-04-23T23:22:17+00:00\",\"dateModified\":\"2023-04-23T23:27:25+00:00\",\"mainEntityOfPage\":{\"@id\":\"https:\\\/\\\/www.aliadospuebla.com\\\/?p=79723\"},\"wordCount\":284,\"commentCount\":0,\"image\":{\"@id\":\"https:\\\/\\\/www.aliadospuebla.com\\\/?p=79723#primaryimage\"},\"thumbnailUrl\":\"https:\\\/\\\/www.aliadospuebla.com\\\/web2017\\\/wp-content\\\/uploads\\\/2023\\\/04\\\/136.jpg\",\"keywords\":[\"D\u00eda de la educadora\",\"GUARDER\u00cdAS\",\"IMSS PUEBLA\",\"SALUD\"],\"articleSection\":[\"Capital\"],\"inLanguage\":\"es\",\"potentialAction\":[{\"@type\":\"CommentAction\",\"name\":\"Comment\",\"target\":[\"https:\\\/\\\/www.aliadospuebla.com\\\/?p=79723#respond\"]}]},{\"@type\":\"WebPage\",\"@id\":\"https:\\\/\\\/www.aliadospuebla.com\\\/?p=79723\",\"url\":\"https:\\\/\\\/www.aliadospuebla.com\\\/?p=79723\",\"name\":\"Realiza IMSS Puebla taller para promover sistemas de gesti\u00f3n de calidad en guarder\u00edas con motivo del \u201cD\u00eda de la Educadora\u201d - AliadosPuebla\",\"isPartOf\":{\"@id\":\"https:\\\/\\\/www.aliadospuebla.com\\\/#website\"},\"primaryImageOfPage\":{\"@id\":\"https:\\\/\\\/www.aliadospuebla.com\\\/?p=79723#primaryimage\"},\"image\":{\"@id\":\"https:\\\/\\\/www.aliadospuebla.com\\\/?p=79723#primaryimage\"},\"thumbnailUrl\":\"https:\\\/\\\/www.aliadospuebla.com\\\/web2017\\\/wp-content\\\/uploads\\\/2023\\\/04\\\/136.jpg\",\"datePublished\":\"2023-04-23T23:22:17+00:00\",\"dateModified\":\"2023-04-23T23:27:25+00:00\",\"author\":{\"@id\":\"https:\\\/\\\/www.aliadospuebla.com\\\/#\\\/schema\\\/person\\\/5da7dd09320bd4f392b710017ed5f8ad\"},\"breadcrumb\":{\"@id\":\"https:\\\/\\\/www.aliadospuebla.com\\\/?p=79723#breadcrumb\"},\"inLanguage\":\"es\",\"potentialAction\":[{\"@type\":\"ReadAction\",\"target\":[\"https:\\\/\\\/www.aliadospuebla.com\\\/?p=79723\"]}]},{\"@type\":\"ImageObject\",\"inLanguage\":\"es\",\"@id\":\"https:\\\/\\\/www.aliadospuebla.com\\\/?p=79723#primaryimage\",\"url\":\"https:\\\/\\\/www.aliadospuebla.com\\\/web2017\\\/wp-content\\\/uploads\\\/2023\\\/04\\\/136.jpg\",\"contentUrl\":\"https:\\\/\\\/www.aliadospuebla.com\\\/web2017\\\/wp-content\\\/uploads\\\/2023\\\/04\\\/136.jpg\",\"width\":600,\"height\":450},{\"@type\":\"BreadcrumbList\",\"@id\":\"https:\\\/\\\/www.aliadospuebla.com\\\/?p=79723#breadcrumb\",\"itemListElement\":[{\"@type\":\"ListItem\",\"position\":1,\"name\":\"Portada\",\"item\":\"https:\\\/\\\/www.aliadospuebla.com\\\/\"},{\"@type\":\"ListItem\",\"position\":2,\"name\":\"Realiza IMSS Puebla taller para promover sistemas de gesti\u00f3n de calidad en guarder\u00edas con motivo del \u201cD\u00eda de la Educadora\u201d\"}]},{\"@type\":\"WebSite\",\"@id\":\"https:\\\/\\\/www.aliadospuebla.com\\\/#website\",\"url\":\"https:\\\/\\\/www.aliadospuebla.com\\\/\",\"name\":\"AliadosPuebla\",\"description\":\"La informaci\u00f3n en tus manos\",\"potentialAction\":[{\"@type\":\"SearchAction\",\"target\":{\"@type\":\"EntryPoint\",\"urlTemplate\":\"https:\\\/\\\/www.aliadospuebla.com\\\/?s={search_term_string}\"},\"query-input\":{\"@type\":\"PropertyValueSpecification\",\"valueRequired\":true,\"valueName\":\"search_term_string\"}}],\"inLanguage\":\"es\"},{\"@type\":\"Person\",\"@id\":\"https:\\\/\\\/www.aliadospuebla.com\\\/#\\\/schema\\\/person\\\/5da7dd09320bd4f392b710017ed5f8ad\",\"name\":\"Aliados17\",\"image\":{\"@type\":\"ImageObject\",\"inLanguage\":\"es\",\"@id\":\"https:\\\/\\\/www.aliadospuebla.com\\\/web2017\\\/wp-content\\\/uploads\\\/2025\\\/03\\\/cropped-para-perfil-8-anos-1-96x96.jpg\",\"url\":\"https:\\\/\\\/www.aliadospuebla.com\\\/web2017\\\/wp-content\\\/uploads\\\/2025\\\/03\\\/cropped-para-perfil-8-anos-1-96x96.jpg\",\"contentUrl\":\"https:\\\/\\\/www.aliadospuebla.com\\\/web2017\\\/wp-content\\\/uploads\\\/2025\\\/03\\\/cropped-para-perfil-8-anos-1-96x96.jpg\",\"caption\":\"Aliados17\"},\"sameAs\":[\"https:\\\/\\\/www.aliados17.com\",\"https:\\\/\\\/www.facebook.com\\\/Aliados17Pue\",\"https:\\\/\\\/x.com\\\/AliadosPuebla\"],\"url\":\"https:\\\/\\\/www.aliadospuebla.com\\\/?author=2\"}]}<\/script>\n<!-- \/ Yoast SEO plugin. -->","yoast_head_json":{"title":"Realiza IMSS Puebla taller para promover sistemas de gesti\u00f3n de calidad en guarder\u00edas con motivo del \u201cD\u00eda de la Educadora\u201d - AliadosPuebla","robots":{"index":"index","follow":"follow","max-snippet":"max-snippet:-1","max-image-preview":"max-image-preview:large","max-video-preview":"max-video-preview:-1"},"canonical":"https:\/\/www.aliadospuebla.com\/?p=79723","og_locale":"es_ES","og_type":"article","og_title":"Realiza IMSS Puebla taller para promover sistemas de gesti\u00f3n de calidad en guarder\u00edas con motivo del \u201cD\u00eda de la Educadora\u201d - AliadosPuebla","og_description":"El Instituto Mexicano del Seguro Social (IMSS) en Puebla realiza taller para promover los sistemas de gesti\u00f3n de calidad en guarder\u00edas, en instalaciones de la Guarder\u00eda Ordinaria n\u00famero 2, con motivo del \u201cD\u00eda de la Educadora\u201d que se conmemor\u00f3 este 21 de abril. En un esfuerzo de colaboraci\u00f3n, la Jefatura de Salud en el Trabajo y Prestaciones Econ\u00f3micas y Sociales, el Departamento de Guarder\u00edas y la Coordinaci\u00f3n de Competitividad llevan a cabo esta pr\u00e1ctica, con el objetivo de promover acciones de reconocimiento, capacitaci\u00f3n y empoderamiento al talento humano, afirm\u00f3 la titular de la Coordinaci\u00f3n de Competitividad del IMSS Puebla, Roc\u00edo Alejandra Rocha Cortez. Subray\u00f3 que las actividades buscan concientizar a las y los trabajadores de las cuatro Guarder\u00edas del Instituto, respecto a la importancia de&hellip;Leer m\u00e1s...","og_url":"https:\/\/www.aliadospuebla.com\/?p=79723","og_site_name":"AliadosPuebla","article_author":"https:\/\/www.facebook.com\/Aliados17Pue","article_published_time":"2023-04-23T23:22:17+00:00","article_modified_time":"2023-04-23T23:27:25+00:00","og_image":[{"width":600,"height":450,"url":"https:\/\/www.aliadospuebla.com\/web2017\/wp-content\/uploads\/2023\/04\/136.jpg","type":"image\/jpeg"}],"author":"Aliados17","twitter_card":"summary_large_image","twitter_creator":"@AliadosPuebla","twitter_misc":{"Escrito por":"Aliados17","Tiempo de lectura":"2 minutos"},"schema":{"@context":"https:\/\/schema.org","@graph":[{"@type":"Article","@id":"https:\/\/www.aliadospuebla.com\/?p=79723#article","isPartOf":{"@id":"https:\/\/www.aliadospuebla.com\/?p=79723"},"author":{"name":"Aliados17","@id":"https:\/\/www.aliadospuebla.com\/#\/schema\/person\/5da7dd09320bd4f392b710017ed5f8ad"},"headline":"Realiza IMSS Puebla taller para promover sistemas de gesti\u00f3n de calidad en guarder\u00edas con motivo del \u201cD\u00eda de la Educadora\u201d","datePublished":"2023-04-23T23:22:17+00:00","dateModified":"2023-04-23T23:27:25+00:00","mainEntityOfPage":{"@id":"https:\/\/www.aliadospuebla.com\/?p=79723"},"wordCount":284,"commentCount":0,"image":{"@id":"https:\/\/www.aliadospuebla.com\/?p=79723#primaryimage"},"thumbnailUrl":"https:\/\/www.aliadospuebla.com\/web2017\/wp-content\/uploads\/2023\/04\/136.jpg","keywords":["D\u00eda de la educadora","GUARDER\u00cdAS","IMSS PUEBLA","SALUD"],"articleSection":["Capital"],"inLanguage":"es","potentialAction":[{"@type":"CommentAction","name":"Comment","target":["https:\/\/www.aliadospuebla.com\/?p=79723#respond"]}]},{"@type":"WebPage","@id":"https:\/\/www.aliadospuebla.com\/?p=79723","url":"https:\/\/www.aliadospuebla.com\/?p=79723","name":"Realiza IMSS Puebla taller para promover sistemas de gesti\u00f3n de calidad en guarder\u00edas con motivo del \u201cD\u00eda de la Educadora\u201d - AliadosPuebla","isPartOf":{"@id":"https:\/\/www.aliadospuebla.com\/#website"},"primaryImageOfPage":{"@id":"https:\/\/www.aliadospuebla.com\/?p=79723#primaryimage"},"image":{"@id":"https:\/\/www.aliadospuebla.com\/?p=79723#primaryimage"},"thumbnailUrl":"https:\/\/www.aliadospuebla.com\/web2017\/wp-content\/uploads\/2023\/04\/136.jpg","datePublished":"2023-04-23T23:22:17+00:00","dateModified":"2023-04-23T23:27:25+00:00","author":{"@id":"https:\/\/www.aliadospuebla.com\/#\/schema\/person\/5da7dd09320bd4f392b710017ed5f8ad"},"breadcrumb":{"@id":"https:\/\/www.aliadospuebla.com\/?p=79723#breadcrumb"},"inLanguage":"es","potentialAction":[{"@type":"ReadAction","target":["https:\/\/www.aliadospuebla.com\/?p=79723"]}]},{"@type":"ImageObject","inLanguage":"es","@id":"https:\/\/www.aliadospuebla.com\/?p=79723#primaryimage","url":"https:\/\/www.aliadospuebla.com\/web2017\/wp-content\/uploads\/2023\/04\/136.jpg","contentUrl":"https:\/\/www.aliadospuebla.com\/web2017\/wp-content\/uploads\/2023\/04\/136.jpg","width":600,"height":450},{"@type":"BreadcrumbList","@id":"https:\/\/www.aliadospuebla.com\/?p=79723#breadcrumb","itemListElement":[{"@type":"ListItem","position":1,"name":"Portada","item":"https:\/\/www.aliadospuebla.com\/"},{"@type":"ListItem","position":2,"name":"Realiza IMSS Puebla taller para promover sistemas de gesti\u00f3n de calidad en guarder\u00edas con motivo del \u201cD\u00eda de la Educadora\u201d"}]},{"@type":"WebSite","@id":"https:\/\/www.aliadospuebla.com\/#website","url":"https:\/\/www.aliadospuebla.com\/","name":"AliadosPuebla","description":"La informaci\u00f3n en tus manos","potentialAction":[{"@type":"SearchAction","target":{"@type":"EntryPoint","urlTemplate":"https:\/\/www.aliadospuebla.com\/?s={search_term_string}"},"query-input":{"@type":"PropertyValueSpecification","valueRequired":true,"valueName":"search_term_string"}}],"inLanguage":"es"},{"@type":"Person","@id":"https:\/\/www.aliadospuebla.com\/#\/schema\/person\/5da7dd09320bd4f392b710017ed5f8ad","name":"Aliados17","image":{"@type":"ImageObject","inLanguage":"es","@id":"https:\/\/www.aliadospuebla.com\/web2017\/wp-content\/uploads\/2025\/03\/cropped-para-perfil-8-anos-1-96x96.jpg","url":"https:\/\/www.aliadospuebla.com\/web2017\/wp-content\/uploads\/2025\/03\/cropped-para-perfil-8-anos-1-96x96.jpg","contentUrl":"https:\/\/www.aliadospuebla.com\/web2017\/wp-content\/uploads\/2025\/03\/cropped-para-perfil-8-anos-1-96x96.jpg","caption":"Aliados17"},"sameAs":["https:\/\/www.aliados17.com","https:\/\/www.facebook.com\/Aliados17Pue","https:\/\/x.com\/AliadosPuebla"],"url":"https:\/\/www.aliadospuebla.com\/?author=2"}]}},"views":4,"_links":{"self":[{"href":"https:\/\/www.aliadospuebla.com\/index.php?rest_route=\/wp\/v2\/posts\/79723","targetHints":{"allow":["GET"]}}],"collection":[{"href":"https:\/\/www.aliadospuebla.com\/index.php?rest_route=\/wp\/v2\/posts"}],"about":[{"href":"https:\/\/www.aliadospuebla.com\/index.php?rest_route=\/wp\/v2\/types\/post"}],"author":[{"embeddable":true,"href":"https:\/\/www.aliadospuebla.com\/index.php?rest_route=\/wp\/v2\/users\/2"}],"replies":[{"embeddable":true,"href":"https:\/\/www.aliadospuebla.com\/index.php?rest_route=%2Fwp%2Fv2%2Fcomments&post=79723"}],"version-history":[{"count":1,"href":"https:\/\/www.aliadospuebla.com\/index.php?rest_route=\/wp\/v2\/posts\/79723\/revisions"}],"predecessor-version":[{"id":79724,"href":"https:\/\/www.aliadospuebla.com\/index.php?rest_route=\/wp\/v2\/posts\/79723\/revisions\/79724"}],"wp:featuredmedia":[{"embeddable":true,"href":"https:\/\/www.aliadospuebla.com\/index.php?rest_route=\/wp\/v2\/media\/79725"}],"wp:attachment":[{"href":"https:\/\/www.aliadospuebla.com\/index.php?rest_route=%2Fwp%2Fv2%2Fmedia&parent=79723"}],"wp:term":[{"taxonomy":"category","embeddable":true,"href":"https:\/\/www.aliadospuebla.com\/index.php?rest_route=%2Fwp%2Fv2%2Fcategories&post=79723"},{"taxonomy":"post_tag","embeddable":true,"href":"https:\/\/www.aliadospuebla.com\/index.php?rest_route=%2Fwp%2Fv2%2Ftags&post=79723"}],"curies":[{"name":"wp","href":"https:\/\/api.w.org\/{rel}","templated":true}]}}