{"id":79650,"date":"2023-04-19T18:14:48","date_gmt":"2023-04-20T00:14:48","guid":{"rendered":"https:\/\/www.aliados17.com\/?p=79650"},"modified":"2023-04-19T18:14:48","modified_gmt":"2023-04-20T00:14:48","slug":"en-amozoc-conmemoran-aniversario-luctuoso-de-camarena","status":"publish","type":"post","link":"https:\/\/www.aliadospuebla.com\/?p=79650","title":{"rendered":"En Amozoc, conmemoran Aniversario Luctuoso de Camarena"},"content":{"rendered":"<h4>El presidente municipal de Amozoc, Mario de la Rosa Romero, encabez\u00f3 la ceremonia en conmemoraci\u00f3n del LVIII Aniversario Luctuoso del gran cient\u00edfico mexicano, inventor de la televisi\u00f3n a color, el Ing. Guillermo Gonz\u00e1lez Camarena.<\/h4>\n<p>Lo acompa\u00f1aron familiares del ingeniero Camarena, regidores y el comunicador Enrique Castro.<br \/>\nDurante la ceremonia, se devel\u00f3 una placa en honor al inventor mexicano, asimismo se realiz\u00f3 un minuto de silencio para despu\u00e9s dar los honores correspondientes.<\/p>\n<p>En su participaci\u00f3n, el alcalde De la Rosa Romero resalt\u00f3 la importancia de recordar el legado de uno de los personajes m\u00e1s ilustres del pa\u00eds.<\/p>\n<p>La placa develada contiene la leyenda: \u201cEn este sitio perdi\u00f3 la vida el Ing. Guillermo Gonz\u00e1lez Camarena inventor de la televisi\u00f3n a colores el 18 de abril de 1965. La Cruz es obra de su hermano el muralista, pintor y escultor Mtro. Jorge Gonz\u00e1lez Camarena. Este monumento fue rescatado el 9 de Junio de 2016 por el Sr. Don Enrique Castro Hermida\u201d.<\/p>\n<p>Fue el 18 de abril de 1965 cuando muri\u00f3 Gonz\u00e1lez Camarena, tras un accidente automovil\u00edstico en Amozoc, Puebla, cuando regresaba de inspeccionar un transmisor repetidor del Canal 5. Fue uno de los inventores m\u00e1s prol\u00edficos del siglo XX, produjo el Sistema Tricrom\u00e1tico Secuencial de Campos y el primero de la transmisi\u00f3n a color para la televisi\u00f3n mundial.<\/p>\n","protected":false},"excerpt":{"rendered":"<p>El presidente municipal de Amozoc, Mario de la Rosa Romero, encabez\u00f3 la ceremonia en conmemoraci\u00f3n del LVIII Aniversario Luctuoso del gran cient\u00edfico mexicano, inventor de la televisi\u00f3n a color, el Ing. Guillermo Gonz\u00e1lez Camarena. Lo acompa\u00f1aron familiares del ingeniero Camarena, regidores y el comunicador Enrique Castro. Durante la ceremonia, se devel\u00f3 una placa en honor al inventor mexicano, asimismo se realiz\u00f3 un minuto de silencio para despu\u00e9s dar los honores correspondientes. En su participaci\u00f3n, el alcalde De la Rosa Romero resalt\u00f3 la importancia de recordar el legado de uno de los personajes m\u00e1s ilustres del pa\u00eds. La placa develada contiene la leyenda: \u201cEn este sitio perdi\u00f3 la vida el Ing. Guillermo Gonz\u00e1lez Camarena inventor de la televisi\u00f3n a colores el 18 de abril de 1965.&hellip;<\/p>\n<p class=\"excerpt-more\"><a class=\"blog-excerpt button\" href=\"https:\/\/www.aliadospuebla.com\/?p=79650\">Leer m\u00e1s&#8230;<\/a><\/p>\n","protected":false},"author":2,"featured_media":79651,"comment_status":"open","ping_status":"open","sticky":false,"template":"","format":"standard","meta":{"_monsterinsights_skip_tracking":false,"footnotes":""},"categories":[4],"tags":[1667,976,18979,1506,8898],"class_list":["post-79650","post","type-post","status-publish","format-standard","has-post-thumbnail","hentry","category-municipios","tag-amozoc","tag-aniversario-luctuoso","tag-guillermo-gonzalez-camarena","tag-honores","tag-mario-de-la-rosa-romero"],"yoast_head":"<!-- This site is optimized with the Yoast SEO plugin v28.3 - https:\/\/yoast.com\/product\/yoast-seo-wordpress\/ -->\n<title>En Amozoc, conmemoran Aniversario Luctuoso de Camarena - AliadosPuebla<\/title>\n<meta name=\"robots\" content=\"index, follow, max-snippet:-1, max-image-preview:large, max-video-preview:-1\" \/>\n<link rel=\"canonical\" href=\"https:\/\/www.aliadospuebla.com\/?p=79650\" \/>\n<meta property=\"og:locale\" content=\"es_ES\" \/>\n<meta property=\"og:type\" content=\"article\" \/>\n<meta property=\"og:title\" content=\"En Amozoc, conmemoran Aniversario Luctuoso de Camarena - AliadosPuebla\" \/>\n<meta property=\"og:description\" content=\"El presidente municipal de Amozoc, Mario de la Rosa Romero, encabez\u00f3 la ceremonia en conmemoraci\u00f3n del LVIII Aniversario Luctuoso del gran cient\u00edfico mexicano, inventor de la televisi\u00f3n a color, el Ing. Guillermo Gonz\u00e1lez Camarena. Lo acompa\u00f1aron familiares del ingeniero Camarena, regidores y el comunicador Enrique Castro. Durante la ceremonia, se devel\u00f3 una placa en honor al inventor mexicano, asimismo se realiz\u00f3 un minuto de silencio para despu\u00e9s dar los honores correspondientes. En su participaci\u00f3n, el alcalde De la Rosa Romero resalt\u00f3 la importancia de recordar el legado de uno de los personajes m\u00e1s ilustres del pa\u00eds. La placa develada contiene la leyenda: \u201cEn este sitio perdi\u00f3 la vida el Ing. Guillermo Gonz\u00e1lez Camarena inventor de la televisi\u00f3n a colores el 18 de abril de 1965.&hellip;Leer m\u00e1s...\" \/>\n<meta property=\"og:url\" content=\"https:\/\/www.aliadospuebla.com\/?p=79650\" \/>\n<meta property=\"og:site_name\" content=\"AliadosPuebla\" \/>\n<meta property=\"article:author\" content=\"https:\/\/www.facebook.com\/Aliados17Pue\" \/>\n<meta property=\"article:published_time\" content=\"2023-04-20T00:14:48+00:00\" \/>\n<meta property=\"og:image\" content=\"https:\/\/www.aliadospuebla.com\/web2017\/wp-content\/uploads\/2023\/04\/114.jpg\" \/>\n\t<meta property=\"og:image:width\" content=\"600\" \/>\n\t<meta property=\"og:image:height\" content=\"450\" \/>\n\t<meta property=\"og:image:type\" content=\"image\/jpeg\" \/>\n<meta name=\"author\" content=\"Aliados17\" \/>\n<meta name=\"twitter:card\" content=\"summary_large_image\" \/>\n<meta name=\"twitter:creator\" content=\"@AliadosPuebla\" \/>\n<meta name=\"twitter:label1\" content=\"Escrito por\" \/>\n\t<meta name=\"twitter:data1\" content=\"Aliados17\" \/>\n\t<meta name=\"twitter:label2\" content=\"Tiempo de lectura\" \/>\n\t<meta name=\"twitter:data2\" content=\"1 minuto\" \/>\n<script type=\"application\/ld+json\" class=\"yoast-schema-graph\">{\"@context\":\"https:\\\/\\\/schema.org\",\"@graph\":[{\"@type\":\"Article\",\"@id\":\"https:\\\/\\\/www.aliadospuebla.com\\\/?p=79650#article\",\"isPartOf\":{\"@id\":\"https:\\\/\\\/www.aliadospuebla.com\\\/?p=79650\"},\"author\":{\"name\":\"Aliados17\",\"@id\":\"https:\\\/\\\/www.aliadospuebla.com\\\/#\\\/schema\\\/person\\\/5da7dd09320bd4f392b710017ed5f8ad\"},\"headline\":\"En Amozoc, conmemoran Aniversario Luctuoso de Camarena\",\"datePublished\":\"2023-04-20T00:14:48+00:00\",\"mainEntityOfPage\":{\"@id\":\"https:\\\/\\\/www.aliadospuebla.com\\\/?p=79650\"},\"wordCount\":234,\"commentCount\":0,\"image\":{\"@id\":\"https:\\\/\\\/www.aliadospuebla.com\\\/?p=79650#primaryimage\"},\"thumbnailUrl\":\"https:\\\/\\\/www.aliadospuebla.com\\\/web2017\\\/wp-content\\\/uploads\\\/2023\\\/04\\\/114.jpg\",\"keywords\":[\"AMOZOC\",\"ANIVERSARIO LUCTUOSO\",\"Guillermo Gonz\u00e1lez Camarena\",\"HONORES\",\"MARIO DE LA ROSA ROMERO\"],\"articleSection\":[\"Municipios\"],\"inLanguage\":\"es\",\"potentialAction\":[{\"@type\":\"CommentAction\",\"name\":\"Comment\",\"target\":[\"https:\\\/\\\/www.aliadospuebla.com\\\/?p=79650#respond\"]}]},{\"@type\":\"WebPage\",\"@id\":\"https:\\\/\\\/www.aliadospuebla.com\\\/?p=79650\",\"url\":\"https:\\\/\\\/www.aliadospuebla.com\\\/?p=79650\",\"name\":\"En Amozoc, conmemoran Aniversario Luctuoso de Camarena - AliadosPuebla\",\"isPartOf\":{\"@id\":\"https:\\\/\\\/www.aliadospuebla.com\\\/#website\"},\"primaryImageOfPage\":{\"@id\":\"https:\\\/\\\/www.aliadospuebla.com\\\/?p=79650#primaryimage\"},\"image\":{\"@id\":\"https:\\\/\\\/www.aliadospuebla.com\\\/?p=79650#primaryimage\"},\"thumbnailUrl\":\"https:\\\/\\\/www.aliadospuebla.com\\\/web2017\\\/wp-content\\\/uploads\\\/2023\\\/04\\\/114.jpg\",\"datePublished\":\"2023-04-20T00:14:48+00:00\",\"author\":{\"@id\":\"https:\\\/\\\/www.aliadospuebla.com\\\/#\\\/schema\\\/person\\\/5da7dd09320bd4f392b710017ed5f8ad\"},\"breadcrumb\":{\"@id\":\"https:\\\/\\\/www.aliadospuebla.com\\\/?p=79650#breadcrumb\"},\"inLanguage\":\"es\",\"potentialAction\":[{\"@type\":\"ReadAction\",\"target\":[\"https:\\\/\\\/www.aliadospuebla.com\\\/?p=79650\"]}]},{\"@type\":\"ImageObject\",\"inLanguage\":\"es\",\"@id\":\"https:\\\/\\\/www.aliadospuebla.com\\\/?p=79650#primaryimage\",\"url\":\"https:\\\/\\\/www.aliadospuebla.com\\\/web2017\\\/wp-content\\\/uploads\\\/2023\\\/04\\\/114.jpg\",\"contentUrl\":\"https:\\\/\\\/www.aliadospuebla.com\\\/web2017\\\/wp-content\\\/uploads\\\/2023\\\/04\\\/114.jpg\",\"width\":600,\"height\":450},{\"@type\":\"BreadcrumbList\",\"@id\":\"https:\\\/\\\/www.aliadospuebla.com\\\/?p=79650#breadcrumb\",\"itemListElement\":[{\"@type\":\"ListItem\",\"position\":1,\"name\":\"Portada\",\"item\":\"https:\\\/\\\/www.aliadospuebla.com\\\/\"},{\"@type\":\"ListItem\",\"position\":2,\"name\":\"En Amozoc, conmemoran Aniversario Luctuoso de Camarena\"}]},{\"@type\":\"WebSite\",\"@id\":\"https:\\\/\\\/www.aliadospuebla.com\\\/#website\",\"url\":\"https:\\\/\\\/www.aliadospuebla.com\\\/\",\"name\":\"AliadosPuebla\",\"description\":\"La informaci\u00f3n en tus manos\",\"potentialAction\":[{\"@type\":\"SearchAction\",\"target\":{\"@type\":\"EntryPoint\",\"urlTemplate\":\"https:\\\/\\\/www.aliadospuebla.com\\\/?s={search_term_string}\"},\"query-input\":{\"@type\":\"PropertyValueSpecification\",\"valueRequired\":true,\"valueName\":\"search_term_string\"}}],\"inLanguage\":\"es\"},{\"@type\":\"Person\",\"@id\":\"https:\\\/\\\/www.aliadospuebla.com\\\/#\\\/schema\\\/person\\\/5da7dd09320bd4f392b710017ed5f8ad\",\"name\":\"Aliados17\",\"image\":{\"@type\":\"ImageObject\",\"inLanguage\":\"es\",\"@id\":\"https:\\\/\\\/www.aliadospuebla.com\\\/web2017\\\/wp-content\\\/uploads\\\/2025\\\/03\\\/cropped-para-perfil-8-anos-1-96x96.jpg\",\"url\":\"https:\\\/\\\/www.aliadospuebla.com\\\/web2017\\\/wp-content\\\/uploads\\\/2025\\\/03\\\/cropped-para-perfil-8-anos-1-96x96.jpg\",\"contentUrl\":\"https:\\\/\\\/www.aliadospuebla.com\\\/web2017\\\/wp-content\\\/uploads\\\/2025\\\/03\\\/cropped-para-perfil-8-anos-1-96x96.jpg\",\"caption\":\"Aliados17\"},\"sameAs\":[\"https:\\\/\\\/www.aliados17.com\",\"https:\\\/\\\/www.facebook.com\\\/Aliados17Pue\",\"https:\\\/\\\/x.com\\\/AliadosPuebla\"],\"url\":\"https:\\\/\\\/www.aliadospuebla.com\\\/?author=2\"}]}<\/script>\n<!-- \/ Yoast SEO plugin. -->","yoast_head_json":{"title":"En Amozoc, conmemoran Aniversario Luctuoso de Camarena - AliadosPuebla","robots":{"index":"index","follow":"follow","max-snippet":"max-snippet:-1","max-image-preview":"max-image-preview:large","max-video-preview":"max-video-preview:-1"},"canonical":"https:\/\/www.aliadospuebla.com\/?p=79650","og_locale":"es_ES","og_type":"article","og_title":"En Amozoc, conmemoran Aniversario Luctuoso de Camarena - AliadosPuebla","og_description":"El presidente municipal de Amozoc, Mario de la Rosa Romero, encabez\u00f3 la ceremonia en conmemoraci\u00f3n del LVIII Aniversario Luctuoso del gran cient\u00edfico mexicano, inventor de la televisi\u00f3n a color, el Ing. Guillermo Gonz\u00e1lez Camarena. Lo acompa\u00f1aron familiares del ingeniero Camarena, regidores y el comunicador Enrique Castro. Durante la ceremonia, se devel\u00f3 una placa en honor al inventor mexicano, asimismo se realiz\u00f3 un minuto de silencio para despu\u00e9s dar los honores correspondientes. En su participaci\u00f3n, el alcalde De la Rosa Romero resalt\u00f3 la importancia de recordar el legado de uno de los personajes m\u00e1s ilustres del pa\u00eds. La placa develada contiene la leyenda: \u201cEn este sitio perdi\u00f3 la vida el Ing. Guillermo Gonz\u00e1lez Camarena inventor de la televisi\u00f3n a colores el 18 de abril de 1965.&hellip;Leer m\u00e1s...","og_url":"https:\/\/www.aliadospuebla.com\/?p=79650","og_site_name":"AliadosPuebla","article_author":"https:\/\/www.facebook.com\/Aliados17Pue","article_published_time":"2023-04-20T00:14:48+00:00","og_image":[{"width":600,"height":450,"url":"https:\/\/www.aliadospuebla.com\/web2017\/wp-content\/uploads\/2023\/04\/114.jpg","type":"image\/jpeg"}],"author":"Aliados17","twitter_card":"summary_large_image","twitter_creator":"@AliadosPuebla","twitter_misc":{"Escrito por":"Aliados17","Tiempo de lectura":"1 minuto"},"schema":{"@context":"https:\/\/schema.org","@graph":[{"@type":"Article","@id":"https:\/\/www.aliadospuebla.com\/?p=79650#article","isPartOf":{"@id":"https:\/\/www.aliadospuebla.com\/?p=79650"},"author":{"name":"Aliados17","@id":"https:\/\/www.aliadospuebla.com\/#\/schema\/person\/5da7dd09320bd4f392b710017ed5f8ad"},"headline":"En Amozoc, conmemoran Aniversario Luctuoso de Camarena","datePublished":"2023-04-20T00:14:48+00:00","mainEntityOfPage":{"@id":"https:\/\/www.aliadospuebla.com\/?p=79650"},"wordCount":234,"commentCount":0,"image":{"@id":"https:\/\/www.aliadospuebla.com\/?p=79650#primaryimage"},"thumbnailUrl":"https:\/\/www.aliadospuebla.com\/web2017\/wp-content\/uploads\/2023\/04\/114.jpg","keywords":["AMOZOC","ANIVERSARIO LUCTUOSO","Guillermo Gonz\u00e1lez Camarena","HONORES","MARIO DE LA ROSA ROMERO"],"articleSection":["Municipios"],"inLanguage":"es","potentialAction":[{"@type":"CommentAction","name":"Comment","target":["https:\/\/www.aliadospuebla.com\/?p=79650#respond"]}]},{"@type":"WebPage","@id":"https:\/\/www.aliadospuebla.com\/?p=79650","url":"https:\/\/www.aliadospuebla.com\/?p=79650","name":"En Amozoc, conmemoran Aniversario Luctuoso de Camarena - AliadosPuebla","isPartOf":{"@id":"https:\/\/www.aliadospuebla.com\/#website"},"primaryImageOfPage":{"@id":"https:\/\/www.aliadospuebla.com\/?p=79650#primaryimage"},"image":{"@id":"https:\/\/www.aliadospuebla.com\/?p=79650#primaryimage"},"thumbnailUrl":"https:\/\/www.aliadospuebla.com\/web2017\/wp-content\/uploads\/2023\/04\/114.jpg","datePublished":"2023-04-20T00:14:48+00:00","author":{"@id":"https:\/\/www.aliadospuebla.com\/#\/schema\/person\/5da7dd09320bd4f392b710017ed5f8ad"},"breadcrumb":{"@id":"https:\/\/www.aliadospuebla.com\/?p=79650#breadcrumb"},"inLanguage":"es","potentialAction":[{"@type":"ReadAction","target":["https:\/\/www.aliadospuebla.com\/?p=79650"]}]},{"@type":"ImageObject","inLanguage":"es","@id":"https:\/\/www.aliadospuebla.com\/?p=79650#primaryimage","url":"https:\/\/www.aliadospuebla.com\/web2017\/wp-content\/uploads\/2023\/04\/114.jpg","contentUrl":"https:\/\/www.aliadospuebla.com\/web2017\/wp-content\/uploads\/2023\/04\/114.jpg","width":600,"height":450},{"@type":"BreadcrumbList","@id":"https:\/\/www.aliadospuebla.com\/?p=79650#breadcrumb","itemListElement":[{"@type":"ListItem","position":1,"name":"Portada","item":"https:\/\/www.aliadospuebla.com\/"},{"@type":"ListItem","position":2,"name":"En Amozoc, conmemoran Aniversario Luctuoso de Camarena"}]},{"@type":"WebSite","@id":"https:\/\/www.aliadospuebla.com\/#website","url":"https:\/\/www.aliadospuebla.com\/","name":"AliadosPuebla","description":"La informaci\u00f3n en tus manos","potentialAction":[{"@type":"SearchAction","target":{"@type":"EntryPoint","urlTemplate":"https:\/\/www.aliadospuebla.com\/?s={search_term_string}"},"query-input":{"@type":"PropertyValueSpecification","valueRequired":true,"valueName":"search_term_string"}}],"inLanguage":"es"},{"@type":"Person","@id":"https:\/\/www.aliadospuebla.com\/#\/schema\/person\/5da7dd09320bd4f392b710017ed5f8ad","name":"Aliados17","image":{"@type":"ImageObject","inLanguage":"es","@id":"https:\/\/www.aliadospuebla.com\/web2017\/wp-content\/uploads\/2025\/03\/cropped-para-perfil-8-anos-1-96x96.jpg","url":"https:\/\/www.aliadospuebla.com\/web2017\/wp-content\/uploads\/2025\/03\/cropped-para-perfil-8-anos-1-96x96.jpg","contentUrl":"https:\/\/www.aliadospuebla.com\/web2017\/wp-content\/uploads\/2025\/03\/cropped-para-perfil-8-anos-1-96x96.jpg","caption":"Aliados17"},"sameAs":["https:\/\/www.aliados17.com","https:\/\/www.facebook.com\/Aliados17Pue","https:\/\/x.com\/AliadosPuebla"],"url":"https:\/\/www.aliadospuebla.com\/?author=2"}]}},"views":9,"_links":{"self":[{"href":"https:\/\/www.aliadospuebla.com\/index.php?rest_route=\/wp\/v2\/posts\/79650","targetHints":{"allow":["GET"]}}],"collection":[{"href":"https:\/\/www.aliadospuebla.com\/index.php?rest_route=\/wp\/v2\/posts"}],"about":[{"href":"https:\/\/www.aliadospuebla.com\/index.php?rest_route=\/wp\/v2\/types\/post"}],"author":[{"embeddable":true,"href":"https:\/\/www.aliadospuebla.com\/index.php?rest_route=\/wp\/v2\/users\/2"}],"replies":[{"embeddable":true,"href":"https:\/\/www.aliadospuebla.com\/index.php?rest_route=%2Fwp%2Fv2%2Fcomments&post=79650"}],"version-history":[{"count":1,"href":"https:\/\/www.aliadospuebla.com\/index.php?rest_route=\/wp\/v2\/posts\/79650\/revisions"}],"predecessor-version":[{"id":79652,"href":"https:\/\/www.aliadospuebla.com\/index.php?rest_route=\/wp\/v2\/posts\/79650\/revisions\/79652"}],"wp:featuredmedia":[{"embeddable":true,"href":"https:\/\/www.aliadospuebla.com\/index.php?rest_route=\/wp\/v2\/media\/79651"}],"wp:attachment":[{"href":"https:\/\/www.aliadospuebla.com\/index.php?rest_route=%2Fwp%2Fv2%2Fmedia&parent=79650"}],"wp:term":[{"taxonomy":"category","embeddable":true,"href":"https:\/\/www.aliadospuebla.com\/index.php?rest_route=%2Fwp%2Fv2%2Fcategories&post=79650"},{"taxonomy":"post_tag","embeddable":true,"href":"https:\/\/www.aliadospuebla.com\/index.php?rest_route=%2Fwp%2Fv2%2Ftags&post=79650"}],"curies":[{"name":"wp","href":"https:\/\/api.w.org\/{rel}","templated":true}]}}