{"id":79647,"date":"2023-04-19T18:07:18","date_gmt":"2023-04-20T00:07:18","guid":{"rendered":"https:\/\/www.aliados17.com\/?p=79647"},"modified":"2023-04-19T18:07:18","modified_gmt":"2023-04-20T00:07:18","slug":"participa-amozoc-en-simulacro-nacional-2023","status":"publish","type":"post","link":"https:\/\/www.aliadospuebla.com\/?p=79647","title":{"rendered":"Participa Amozoc en Simulacro Nacional 2023"},"content":{"rendered":"<h4>Con el prop\u00f3sito de crear una cultura de la prevenci\u00f3n, el Gobierno Municipal de Amozoc se sum\u00f3 al Simulacro Nacional 2023.<\/h4>\n<p>El titular del \u00e1rea de Protecci\u00f3n Civil Municipal, Rogelio Olvera Chico, recalc\u00f3 que \u201cel simulacro sirve para preparar a los ciudadanos sobre c\u00f3mo deben reaccionar en tiempo y forma ante un sismo de alta magnitud.\u201d<\/p>\n<p>De igual manera, precis\u00f3 que son instrucciones del alcalde, Mario de la Rosa Romero, el mantener un trabajo coordinado con los diferentes \u00f3rdenes de gobierno, tanto federales como estatales, por lo cual, el Ayuntamiento tambi\u00e9n particip\u00f3 en el Simulacro Nacional 2023.<\/p>\n<p>Por \u00faltimo, Rogelio Olvera exhort\u00f3 a los ciudadanos a seguir los protocolos de Protecci\u00f3n Civil y participar en los simulacros, toda vez que se fomenta la cultura de la prevenci\u00f3n y protecci\u00f3n ciudadana, as\u00ed como la capacidad de reacci\u00f3n ante una eventualidad, emergencia o desastre.<\/p>\n<p>La hip\u00f3tesis del simulacro fue de un sismo de magnitud 7.5 con epicentro al suroeste de Tierra Blanca, Veracruz.<\/p>\n","protected":false},"excerpt":{"rendered":"<p>Con el prop\u00f3sito de crear una cultura de la prevenci\u00f3n, el Gobierno Municipal de Amozoc se sum\u00f3 al Simulacro Nacional 2023. El titular del \u00e1rea de Protecci\u00f3n Civil Municipal, Rogelio Olvera Chico, recalc\u00f3 que \u201cel simulacro sirve para preparar a los ciudadanos sobre c\u00f3mo deben reaccionar en tiempo y forma ante un sismo de alta magnitud.\u201d De igual manera, precis\u00f3 que son instrucciones del alcalde, Mario de la Rosa Romero, el mantener un trabajo coordinado con los diferentes \u00f3rdenes de gobierno, tanto federales como estatales, por lo cual, el Ayuntamiento tambi\u00e9n particip\u00f3 en el Simulacro Nacional 2023. Por \u00faltimo, Rogelio Olvera exhort\u00f3 a los ciudadanos a seguir los protocolos de Protecci\u00f3n Civil y participar en los simulacros, toda vez que se fomenta la cultura de&hellip;<\/p>\n<p class=\"excerpt-more\"><a class=\"blog-excerpt button\" href=\"https:\/\/www.aliadospuebla.com\/?p=79647\">Leer m\u00e1s&#8230;<\/a><\/p>\n","protected":false},"author":2,"featured_media":79648,"comment_status":"open","ping_status":"open","sticky":false,"template":"","format":"standard","meta":{"_monsterinsights_skip_tracking":false,"footnotes":""},"categories":[4],"tags":[1667,8898,29,109,15982],"class_list":["post-79647","post","type-post","status-publish","format-standard","has-post-thumbnail","hentry","category-municipios","tag-amozoc","tag-mario-de-la-rosa-romero","tag-prevencion","tag-proteccion-civil","tag-simulacro-nacional"],"yoast_head":"<!-- This site is optimized with the Yoast SEO plugin v28.4 - https:\/\/yoast.com\/product\/yoast-seo-wordpress\/ -->\n<title>Participa Amozoc en Simulacro Nacional 2023 - AliadosPuebla<\/title>\n<meta name=\"robots\" content=\"index, follow, max-snippet:-1, max-image-preview:large, max-video-preview:-1\" \/>\n<link rel=\"canonical\" href=\"https:\/\/www.aliadospuebla.com\/?p=79647\" \/>\n<meta property=\"og:locale\" content=\"es_ES\" \/>\n<meta property=\"og:type\" content=\"article\" \/>\n<meta property=\"og:title\" content=\"Participa Amozoc en Simulacro Nacional 2023 - AliadosPuebla\" \/>\n<meta property=\"og:description\" content=\"Con el prop\u00f3sito de crear una cultura de la prevenci\u00f3n, el Gobierno Municipal de Amozoc se sum\u00f3 al Simulacro Nacional 2023. El titular del \u00e1rea de Protecci\u00f3n Civil Municipal, Rogelio Olvera Chico, recalc\u00f3 que \u201cel simulacro sirve para preparar a los ciudadanos sobre c\u00f3mo deben reaccionar en tiempo y forma ante un sismo de alta magnitud.\u201d De igual manera, precis\u00f3 que son instrucciones del alcalde, Mario de la Rosa Romero, el mantener un trabajo coordinado con los diferentes \u00f3rdenes de gobierno, tanto federales como estatales, por lo cual, el Ayuntamiento tambi\u00e9n particip\u00f3 en el Simulacro Nacional 2023. Por \u00faltimo, Rogelio Olvera exhort\u00f3 a los ciudadanos a seguir los protocolos de Protecci\u00f3n Civil y participar en los simulacros, toda vez que se fomenta la cultura de&hellip;Leer m\u00e1s...\" \/>\n<meta property=\"og:url\" content=\"https:\/\/www.aliadospuebla.com\/?p=79647\" \/>\n<meta property=\"og:site_name\" content=\"AliadosPuebla\" \/>\n<meta property=\"article:author\" content=\"https:\/\/www.facebook.com\/Aliados17Pue\" \/>\n<meta property=\"article:published_time\" content=\"2023-04-20T00:07:18+00:00\" \/>\n<meta property=\"og:image\" content=\"https:\/\/www.aliadospuebla.com\/web2017\/wp-content\/uploads\/2023\/04\/113.jpg\" \/>\n\t<meta property=\"og:image:width\" content=\"600\" \/>\n\t<meta property=\"og:image:height\" content=\"450\" \/>\n\t<meta property=\"og:image:type\" content=\"image\/jpeg\" \/>\n<meta name=\"author\" content=\"Aliados17\" \/>\n<meta name=\"twitter:card\" content=\"summary_large_image\" \/>\n<meta name=\"twitter:creator\" content=\"@AliadosPuebla\" \/>\n<meta name=\"twitter:label1\" content=\"Escrito por\" \/>\n\t<meta name=\"twitter:data1\" content=\"Aliados17\" \/>\n\t<meta name=\"twitter:label2\" content=\"Tiempo de lectura\" \/>\n\t<meta name=\"twitter:data2\" content=\"1 minuto\" \/>\n<script type=\"application\/ld+json\" class=\"yoast-schema-graph\">{\"@context\":\"https:\\\/\\\/schema.org\",\"@graph\":[{\"@type\":\"Article\",\"@id\":\"https:\\\/\\\/www.aliadospuebla.com\\\/?p=79647#article\",\"isPartOf\":{\"@id\":\"https:\\\/\\\/www.aliadospuebla.com\\\/?p=79647\"},\"author\":{\"name\":\"Aliados17\",\"@id\":\"https:\\\/\\\/www.aliadospuebla.com\\\/#\\\/schema\\\/person\\\/5da7dd09320bd4f392b710017ed5f8ad\"},\"headline\":\"Participa Amozoc en Simulacro Nacional 2023\",\"datePublished\":\"2023-04-20T00:07:18+00:00\",\"mainEntityOfPage\":{\"@id\":\"https:\\\/\\\/www.aliadospuebla.com\\\/?p=79647\"},\"wordCount\":173,\"commentCount\":0,\"image\":{\"@id\":\"https:\\\/\\\/www.aliadospuebla.com\\\/?p=79647#primaryimage\"},\"thumbnailUrl\":\"https:\\\/\\\/www.aliadospuebla.com\\\/web2017\\\/wp-content\\\/uploads\\\/2023\\\/04\\\/113.jpg\",\"keywords\":[\"AMOZOC\",\"MARIO DE LA ROSA ROMERO\",\"Prevencion\",\"protecci\u00f3n civil\",\"SIMULACRO NACIONAL\"],\"articleSection\":[\"Municipios\"],\"inLanguage\":\"es\",\"potentialAction\":[{\"@type\":\"CommentAction\",\"name\":\"Comment\",\"target\":[\"https:\\\/\\\/www.aliadospuebla.com\\\/?p=79647#respond\"]}]},{\"@type\":\"WebPage\",\"@id\":\"https:\\\/\\\/www.aliadospuebla.com\\\/?p=79647\",\"url\":\"https:\\\/\\\/www.aliadospuebla.com\\\/?p=79647\",\"name\":\"Participa Amozoc en Simulacro Nacional 2023 - AliadosPuebla\",\"isPartOf\":{\"@id\":\"https:\\\/\\\/www.aliadospuebla.com\\\/#website\"},\"primaryImageOfPage\":{\"@id\":\"https:\\\/\\\/www.aliadospuebla.com\\\/?p=79647#primaryimage\"},\"image\":{\"@id\":\"https:\\\/\\\/www.aliadospuebla.com\\\/?p=79647#primaryimage\"},\"thumbnailUrl\":\"https:\\\/\\\/www.aliadospuebla.com\\\/web2017\\\/wp-content\\\/uploads\\\/2023\\\/04\\\/113.jpg\",\"datePublished\":\"2023-04-20T00:07:18+00:00\",\"author\":{\"@id\":\"https:\\\/\\\/www.aliadospuebla.com\\\/#\\\/schema\\\/person\\\/5da7dd09320bd4f392b710017ed5f8ad\"},\"breadcrumb\":{\"@id\":\"https:\\\/\\\/www.aliadospuebla.com\\\/?p=79647#breadcrumb\"},\"inLanguage\":\"es\",\"potentialAction\":[{\"@type\":\"ReadAction\",\"target\":[\"https:\\\/\\\/www.aliadospuebla.com\\\/?p=79647\"]}]},{\"@type\":\"ImageObject\",\"inLanguage\":\"es\",\"@id\":\"https:\\\/\\\/www.aliadospuebla.com\\\/?p=79647#primaryimage\",\"url\":\"https:\\\/\\\/www.aliadospuebla.com\\\/web2017\\\/wp-content\\\/uploads\\\/2023\\\/04\\\/113.jpg\",\"contentUrl\":\"https:\\\/\\\/www.aliadospuebla.com\\\/web2017\\\/wp-content\\\/uploads\\\/2023\\\/04\\\/113.jpg\",\"width\":600,\"height\":450},{\"@type\":\"BreadcrumbList\",\"@id\":\"https:\\\/\\\/www.aliadospuebla.com\\\/?p=79647#breadcrumb\",\"itemListElement\":[{\"@type\":\"ListItem\",\"position\":1,\"name\":\"Portada\",\"item\":\"https:\\\/\\\/www.aliadospuebla.com\\\/\"},{\"@type\":\"ListItem\",\"position\":2,\"name\":\"Participa Amozoc en Simulacro Nacional 2023\"}]},{\"@type\":\"WebSite\",\"@id\":\"https:\\\/\\\/www.aliadospuebla.com\\\/#website\",\"url\":\"https:\\\/\\\/www.aliadospuebla.com\\\/\",\"name\":\"AliadosPuebla\",\"description\":\"La informaci\u00f3n en tus manos\",\"potentialAction\":[{\"@type\":\"SearchAction\",\"target\":{\"@type\":\"EntryPoint\",\"urlTemplate\":\"https:\\\/\\\/www.aliadospuebla.com\\\/?s={search_term_string}\"},\"query-input\":{\"@type\":\"PropertyValueSpecification\",\"valueRequired\":true,\"valueName\":\"search_term_string\"}}],\"inLanguage\":\"es\"},{\"@type\":\"Person\",\"@id\":\"https:\\\/\\\/www.aliadospuebla.com\\\/#\\\/schema\\\/person\\\/5da7dd09320bd4f392b710017ed5f8ad\",\"name\":\"Aliados17\",\"image\":{\"@type\":\"ImageObject\",\"inLanguage\":\"es\",\"@id\":\"https:\\\/\\\/www.aliadospuebla.com\\\/web2017\\\/wp-content\\\/uploads\\\/2025\\\/03\\\/cropped-para-perfil-8-anos-1-96x96.jpg\",\"url\":\"https:\\\/\\\/www.aliadospuebla.com\\\/web2017\\\/wp-content\\\/uploads\\\/2025\\\/03\\\/cropped-para-perfil-8-anos-1-96x96.jpg\",\"contentUrl\":\"https:\\\/\\\/www.aliadospuebla.com\\\/web2017\\\/wp-content\\\/uploads\\\/2025\\\/03\\\/cropped-para-perfil-8-anos-1-96x96.jpg\",\"caption\":\"Aliados17\"},\"sameAs\":[\"https:\\\/\\\/www.aliados17.com\",\"https:\\\/\\\/www.facebook.com\\\/Aliados17Pue\",\"https:\\\/\\\/x.com\\\/AliadosPuebla\"],\"url\":\"https:\\\/\\\/www.aliadospuebla.com\\\/?author=2\"}]}<\/script>\n<!-- \/ Yoast SEO plugin. -->","yoast_head_json":{"title":"Participa Amozoc en Simulacro Nacional 2023 - AliadosPuebla","robots":{"index":"index","follow":"follow","max-snippet":"max-snippet:-1","max-image-preview":"max-image-preview:large","max-video-preview":"max-video-preview:-1"},"canonical":"https:\/\/www.aliadospuebla.com\/?p=79647","og_locale":"es_ES","og_type":"article","og_title":"Participa Amozoc en Simulacro Nacional 2023 - AliadosPuebla","og_description":"Con el prop\u00f3sito de crear una cultura de la prevenci\u00f3n, el Gobierno Municipal de Amozoc se sum\u00f3 al Simulacro Nacional 2023. El titular del \u00e1rea de Protecci\u00f3n Civil Municipal, Rogelio Olvera Chico, recalc\u00f3 que \u201cel simulacro sirve para preparar a los ciudadanos sobre c\u00f3mo deben reaccionar en tiempo y forma ante un sismo de alta magnitud.\u201d De igual manera, precis\u00f3 que son instrucciones del alcalde, Mario de la Rosa Romero, el mantener un trabajo coordinado con los diferentes \u00f3rdenes de gobierno, tanto federales como estatales, por lo cual, el Ayuntamiento tambi\u00e9n particip\u00f3 en el Simulacro Nacional 2023. Por \u00faltimo, Rogelio Olvera exhort\u00f3 a los ciudadanos a seguir los protocolos de Protecci\u00f3n Civil y participar en los simulacros, toda vez que se fomenta la cultura de&hellip;Leer m\u00e1s...","og_url":"https:\/\/www.aliadospuebla.com\/?p=79647","og_site_name":"AliadosPuebla","article_author":"https:\/\/www.facebook.com\/Aliados17Pue","article_published_time":"2023-04-20T00:07:18+00:00","og_image":[{"width":600,"height":450,"url":"https:\/\/www.aliadospuebla.com\/web2017\/wp-content\/uploads\/2023\/04\/113.jpg","type":"image\/jpeg"}],"author":"Aliados17","twitter_card":"summary_large_image","twitter_creator":"@AliadosPuebla","twitter_misc":{"Escrito por":"Aliados17","Tiempo de lectura":"1 minuto"},"schema":{"@context":"https:\/\/schema.org","@graph":[{"@type":"Article","@id":"https:\/\/www.aliadospuebla.com\/?p=79647#article","isPartOf":{"@id":"https:\/\/www.aliadospuebla.com\/?p=79647"},"author":{"name":"Aliados17","@id":"https:\/\/www.aliadospuebla.com\/#\/schema\/person\/5da7dd09320bd4f392b710017ed5f8ad"},"headline":"Participa Amozoc en Simulacro Nacional 2023","datePublished":"2023-04-20T00:07:18+00:00","mainEntityOfPage":{"@id":"https:\/\/www.aliadospuebla.com\/?p=79647"},"wordCount":173,"commentCount":0,"image":{"@id":"https:\/\/www.aliadospuebla.com\/?p=79647#primaryimage"},"thumbnailUrl":"https:\/\/www.aliadospuebla.com\/web2017\/wp-content\/uploads\/2023\/04\/113.jpg","keywords":["AMOZOC","MARIO DE LA ROSA ROMERO","Prevencion","protecci\u00f3n civil","SIMULACRO NACIONAL"],"articleSection":["Municipios"],"inLanguage":"es","potentialAction":[{"@type":"CommentAction","name":"Comment","target":["https:\/\/www.aliadospuebla.com\/?p=79647#respond"]}]},{"@type":"WebPage","@id":"https:\/\/www.aliadospuebla.com\/?p=79647","url":"https:\/\/www.aliadospuebla.com\/?p=79647","name":"Participa Amozoc en Simulacro Nacional 2023 - AliadosPuebla","isPartOf":{"@id":"https:\/\/www.aliadospuebla.com\/#website"},"primaryImageOfPage":{"@id":"https:\/\/www.aliadospuebla.com\/?p=79647#primaryimage"},"image":{"@id":"https:\/\/www.aliadospuebla.com\/?p=79647#primaryimage"},"thumbnailUrl":"https:\/\/www.aliadospuebla.com\/web2017\/wp-content\/uploads\/2023\/04\/113.jpg","datePublished":"2023-04-20T00:07:18+00:00","author":{"@id":"https:\/\/www.aliadospuebla.com\/#\/schema\/person\/5da7dd09320bd4f392b710017ed5f8ad"},"breadcrumb":{"@id":"https:\/\/www.aliadospuebla.com\/?p=79647#breadcrumb"},"inLanguage":"es","potentialAction":[{"@type":"ReadAction","target":["https:\/\/www.aliadospuebla.com\/?p=79647"]}]},{"@type":"ImageObject","inLanguage":"es","@id":"https:\/\/www.aliadospuebla.com\/?p=79647#primaryimage","url":"https:\/\/www.aliadospuebla.com\/web2017\/wp-content\/uploads\/2023\/04\/113.jpg","contentUrl":"https:\/\/www.aliadospuebla.com\/web2017\/wp-content\/uploads\/2023\/04\/113.jpg","width":600,"height":450},{"@type":"BreadcrumbList","@id":"https:\/\/www.aliadospuebla.com\/?p=79647#breadcrumb","itemListElement":[{"@type":"ListItem","position":1,"name":"Portada","item":"https:\/\/www.aliadospuebla.com\/"},{"@type":"ListItem","position":2,"name":"Participa Amozoc en Simulacro Nacional 2023"}]},{"@type":"WebSite","@id":"https:\/\/www.aliadospuebla.com\/#website","url":"https:\/\/www.aliadospuebla.com\/","name":"AliadosPuebla","description":"La informaci\u00f3n en tus manos","potentialAction":[{"@type":"SearchAction","target":{"@type":"EntryPoint","urlTemplate":"https:\/\/www.aliadospuebla.com\/?s={search_term_string}"},"query-input":{"@type":"PropertyValueSpecification","valueRequired":true,"valueName":"search_term_string"}}],"inLanguage":"es"},{"@type":"Person","@id":"https:\/\/www.aliadospuebla.com\/#\/schema\/person\/5da7dd09320bd4f392b710017ed5f8ad","name":"Aliados17","image":{"@type":"ImageObject","inLanguage":"es","@id":"https:\/\/www.aliadospuebla.com\/web2017\/wp-content\/uploads\/2025\/03\/cropped-para-perfil-8-anos-1-96x96.jpg","url":"https:\/\/www.aliadospuebla.com\/web2017\/wp-content\/uploads\/2025\/03\/cropped-para-perfil-8-anos-1-96x96.jpg","contentUrl":"https:\/\/www.aliadospuebla.com\/web2017\/wp-content\/uploads\/2025\/03\/cropped-para-perfil-8-anos-1-96x96.jpg","caption":"Aliados17"},"sameAs":["https:\/\/www.aliados17.com","https:\/\/www.facebook.com\/Aliados17Pue","https:\/\/x.com\/AliadosPuebla"],"url":"https:\/\/www.aliadospuebla.com\/?author=2"}]}},"views":6,"_links":{"self":[{"href":"https:\/\/www.aliadospuebla.com\/index.php?rest_route=\/wp\/v2\/posts\/79647","targetHints":{"allow":["GET"]}}],"collection":[{"href":"https:\/\/www.aliadospuebla.com\/index.php?rest_route=\/wp\/v2\/posts"}],"about":[{"href":"https:\/\/www.aliadospuebla.com\/index.php?rest_route=\/wp\/v2\/types\/post"}],"author":[{"embeddable":true,"href":"https:\/\/www.aliadospuebla.com\/index.php?rest_route=\/wp\/v2\/users\/2"}],"replies":[{"embeddable":true,"href":"https:\/\/www.aliadospuebla.com\/index.php?rest_route=%2Fwp%2Fv2%2Fcomments&post=79647"}],"version-history":[{"count":1,"href":"https:\/\/www.aliadospuebla.com\/index.php?rest_route=\/wp\/v2\/posts\/79647\/revisions"}],"predecessor-version":[{"id":79649,"href":"https:\/\/www.aliadospuebla.com\/index.php?rest_route=\/wp\/v2\/posts\/79647\/revisions\/79649"}],"wp:featuredmedia":[{"embeddable":true,"href":"https:\/\/www.aliadospuebla.com\/index.php?rest_route=\/wp\/v2\/media\/79648"}],"wp:attachment":[{"href":"https:\/\/www.aliadospuebla.com\/index.php?rest_route=%2Fwp%2Fv2%2Fmedia&parent=79647"}],"wp:term":[{"taxonomy":"category","embeddable":true,"href":"https:\/\/www.aliadospuebla.com\/index.php?rest_route=%2Fwp%2Fv2%2Fcategories&post=79647"},{"taxonomy":"post_tag","embeddable":true,"href":"https:\/\/www.aliadospuebla.com\/index.php?rest_route=%2Fwp%2Fv2%2Ftags&post=79647"}],"curies":[{"name":"wp","href":"https:\/\/api.w.org\/{rel}","templated":true}]}}