{"id":79629,"date":"2023-04-19T09:29:45","date_gmt":"2023-04-19T15:29:45","guid":{"rendered":"https:\/\/www.aliados17.com\/?p=79629"},"modified":"2023-04-19T09:29:45","modified_gmt":"2023-04-19T15:29:45","slug":"armenta-refrenda-el-amor-a-puebla-con-una-expo-artesanal-artistica-y-cultural","status":"publish","type":"post","link":"https:\/\/www.aliadospuebla.com\/?p=79629","title":{"rendered":"ARMENTA REFRENDA EL AMOR A PUEBLA CON UNA EXPO ARTESANAL, ART\u00cdSTICA Y CULTURAL"},"content":{"rendered":"<p>Ciudad de M\u00e9xico. Con la participaci\u00f3n de m\u00e1s 200 artesanas, artesanos, productores, artistas pl\u00e1sticos, empresas familiares, m\u00fasicos, cantantes, bailarines, danzantes, asociaciones civiles y proyectos universitarios, el senador de Morena Alejandro Armenta inaugur\u00f3 la Expo Por Amor a Puebla con la finalidad de que en estos 3 pr\u00f3ximos d\u00edas se abone a la reactivaci\u00f3n econ\u00f3mica y se fortalezca la identidad poblana en ese espacio legislativo.<\/p>\n<p>Durante la inauguraci\u00f3n la senadora Susana Harp, presidenta de la Comisi\u00f3n de Cultura reconoci\u00f3 el esfuerzo de Armenta por propiciar el tejido social y establecer cadenas productivas apoyando a las familias poblanas.<\/p>\n<p>El senador Armenta se\u00f1al\u00f3 siguiendo el ejemplo del presidente Andr\u00e9s Manuel L\u00f3pez Obrador, \u201cseguimos caminando con el pueblo de M\u00e9xico, apoyando a mujeres y hombres que por amor a Puebla nos llenan de orgullo\u201d.<\/p>\n<p>En el evento de esta muestra productiva, gastron\u00f3mica y art\u00edstica acudieron adem\u00e1s las senadoras Ifigenia Mart\u00ednez, Marybel Villegas, Lucy Meza, Nadia Navarro, el senador Cristobal Ar\u00edas, y Sergio Vergara secretario de Cultura en representaci\u00f3n del gobernador Sergio C\u00e9spedes.<\/p>\n<p>Adem\u00e1s se entregaron los siguientes reconocimientos a:<br \/>\n\u2022 Taquer\u00edas Bagdad por 90 a\u00f1os de tradici\u00f3n gastron\u00f3mica.<br \/>\n\u2022 Centro Hospitalario Santa F\u00e9 S.A. de C.V. por 51 a\u00f1os de servicio.<br \/>\n\u2022 Humberto Manzano<br \/>\n\u2022 Alfonso Galv\u00e1n \u201cManos de Oro\u201d por 50 a\u00f1os de trayectoria art\u00edstica.<br \/>\n\u2022 Martha Blanco Garc\u00eda de la Asociaci\u00f3n de Artesanos de Analco por 30 a\u00f1os de labor.<br \/>\n\u2022 Arturo Delgado de APRESAC por 25 a\u00f1os de trayectoria restaurantera.<br \/>\n\u2022 Ir\u00e1n Romero, escultor.<br \/>\n\u2022 C\u00e9sar Bonilla Yunes por impulso al desarrollo empresarial.<br \/>\n\u2022 Mar\u00eda Mor\u00edn por su trayectoria art\u00edstica.<br \/>\n\u2022 Rafael Moreno Valle Buitr\u00f3n por 40 a\u00f1os de trayectoria musical, quien estren\u00f3 el tema \u201cPor Amor a Puebla\u201d.<\/p>\n","protected":false},"excerpt":{"rendered":"<p>Ciudad de M\u00e9xico. Con la participaci\u00f3n de m\u00e1s 200 artesanas, artesanos, productores, artistas pl\u00e1sticos, empresas familiares, m\u00fasicos, cantantes, bailarines, danzantes, asociaciones civiles y proyectos universitarios, el senador de Morena Alejandro Armenta inaugur\u00f3 la Expo Por Amor a Puebla con la finalidad de que en estos 3 pr\u00f3ximos d\u00edas se abone a la reactivaci\u00f3n econ\u00f3mica y se fortalezca la identidad poblana en ese espacio legislativo. Durante la inauguraci\u00f3n la senadora Susana Harp, presidenta de la Comisi\u00f3n de Cultura reconoci\u00f3 el esfuerzo de Armenta por propiciar el tejido social y establecer cadenas productivas apoyando a las familias poblanas. El senador Armenta se\u00f1al\u00f3 siguiendo el ejemplo del presidente Andr\u00e9s Manuel L\u00f3pez Obrador, \u201cseguimos caminando con el pueblo de M\u00e9xico, apoyando a mujeres y hombres que por amor a&hellip;<\/p>\n<p class=\"excerpt-more\"><a class=\"blog-excerpt button\" href=\"https:\/\/www.aliadospuebla.com\/?p=79629\">Leer m\u00e1s&#8230;<\/a><\/p>\n","protected":false},"author":2,"featured_media":79630,"comment_status":"open","ping_status":"open","sticky":false,"template":"","format":"standard","meta":{"_monsterinsights_skip_tracking":false,"footnotes":""},"categories":[6],"tags":[4780,20132,16786,11936],"class_list":["post-79629","post","type-post","status-publish","format-standard","has-post-thumbnail","hentry","category-politica","tag-alejandro-armenta","tag-amor-a-puebla","tag-expo-artesanal","tag-reactivacion-economica"],"yoast_head":"<!-- This site is optimized with the Yoast SEO plugin v28.4 - https:\/\/yoast.com\/product\/yoast-seo-wordpress\/ -->\n<title>ARMENTA REFRENDA EL AMOR A PUEBLA CON UNA EXPO ARTESANAL, ART\u00cdSTICA Y CULTURAL - AliadosPuebla<\/title>\n<meta name=\"robots\" content=\"index, follow, max-snippet:-1, max-image-preview:large, max-video-preview:-1\" \/>\n<link rel=\"canonical\" href=\"https:\/\/www.aliadospuebla.com\/?p=79629\" \/>\n<meta property=\"og:locale\" content=\"es_ES\" \/>\n<meta property=\"og:type\" content=\"article\" \/>\n<meta property=\"og:title\" content=\"ARMENTA REFRENDA EL AMOR A PUEBLA CON UNA EXPO ARTESANAL, ART\u00cdSTICA Y CULTURAL - AliadosPuebla\" \/>\n<meta property=\"og:description\" content=\"Ciudad de M\u00e9xico. Con la participaci\u00f3n de m\u00e1s 200 artesanas, artesanos, productores, artistas pl\u00e1sticos, empresas familiares, m\u00fasicos, cantantes, bailarines, danzantes, asociaciones civiles y proyectos universitarios, el senador de Morena Alejandro Armenta inaugur\u00f3 la Expo Por Amor a Puebla con la finalidad de que en estos 3 pr\u00f3ximos d\u00edas se abone a la reactivaci\u00f3n econ\u00f3mica y se fortalezca la identidad poblana en ese espacio legislativo. Durante la inauguraci\u00f3n la senadora Susana Harp, presidenta de la Comisi\u00f3n de Cultura reconoci\u00f3 el esfuerzo de Armenta por propiciar el tejido social y establecer cadenas productivas apoyando a las familias poblanas. El senador Armenta se\u00f1al\u00f3 siguiendo el ejemplo del presidente Andr\u00e9s Manuel L\u00f3pez Obrador, \u201cseguimos caminando con el pueblo de M\u00e9xico, apoyando a mujeres y hombres que por amor a&hellip;Leer m\u00e1s...\" \/>\n<meta property=\"og:url\" content=\"https:\/\/www.aliadospuebla.com\/?p=79629\" \/>\n<meta property=\"og:site_name\" content=\"AliadosPuebla\" \/>\n<meta property=\"article:author\" content=\"https:\/\/www.facebook.com\/Aliados17Pue\" \/>\n<meta property=\"article:published_time\" content=\"2023-04-19T15:29:45+00:00\" \/>\n<meta property=\"og:image\" content=\"https:\/\/www.aliadospuebla.com\/web2017\/wp-content\/uploads\/2023\/04\/108.jpg\" \/>\n\t<meta property=\"og:image:width\" content=\"600\" \/>\n\t<meta property=\"og:image:height\" content=\"450\" \/>\n\t<meta property=\"og:image:type\" content=\"image\/jpeg\" \/>\n<meta name=\"author\" content=\"Aliados17\" \/>\n<meta name=\"twitter:card\" content=\"summary_large_image\" \/>\n<meta name=\"twitter:creator\" content=\"@AliadosPuebla\" \/>\n<meta name=\"twitter:label1\" content=\"Escrito por\" \/>\n\t<meta name=\"twitter:data1\" content=\"Aliados17\" \/>\n\t<meta name=\"twitter:label2\" content=\"Tiempo de lectura\" \/>\n\t<meta name=\"twitter:data2\" content=\"2 minutos\" \/>\n<script type=\"application\/ld+json\" class=\"yoast-schema-graph\">{\"@context\":\"https:\\\/\\\/schema.org\",\"@graph\":[{\"@type\":\"Article\",\"@id\":\"https:\\\/\\\/www.aliadospuebla.com\\\/?p=79629#article\",\"isPartOf\":{\"@id\":\"https:\\\/\\\/www.aliadospuebla.com\\\/?p=79629\"},\"author\":{\"name\":\"Aliados17\",\"@id\":\"https:\\\/\\\/www.aliadospuebla.com\\\/#\\\/schema\\\/person\\\/5da7dd09320bd4f392b710017ed5f8ad\"},\"headline\":\"ARMENTA REFRENDA EL AMOR A PUEBLA CON UNA EXPO ARTESANAL, ART\u00cdSTICA Y CULTURAL\",\"datePublished\":\"2023-04-19T15:29:45+00:00\",\"mainEntityOfPage\":{\"@id\":\"https:\\\/\\\/www.aliadospuebla.com\\\/?p=79629\"},\"wordCount\":318,\"commentCount\":0,\"image\":{\"@id\":\"https:\\\/\\\/www.aliadospuebla.com\\\/?p=79629#primaryimage\"},\"thumbnailUrl\":\"https:\\\/\\\/www.aliadospuebla.com\\\/web2017\\\/wp-content\\\/uploads\\\/2023\\\/04\\\/108.jpg\",\"keywords\":[\"ALEJANDRO ARMENTA\",\"amor a Puebla\",\"Expo Artesanal\",\"Reactivaci\u00f3n econ\u00f3mica\"],\"articleSection\":[\"Pol\u00edtica\"],\"inLanguage\":\"es\",\"potentialAction\":[{\"@type\":\"CommentAction\",\"name\":\"Comment\",\"target\":[\"https:\\\/\\\/www.aliadospuebla.com\\\/?p=79629#respond\"]}]},{\"@type\":\"WebPage\",\"@id\":\"https:\\\/\\\/www.aliadospuebla.com\\\/?p=79629\",\"url\":\"https:\\\/\\\/www.aliadospuebla.com\\\/?p=79629\",\"name\":\"ARMENTA REFRENDA EL AMOR A PUEBLA CON UNA EXPO ARTESANAL, ART\u00cdSTICA Y CULTURAL - AliadosPuebla\",\"isPartOf\":{\"@id\":\"https:\\\/\\\/www.aliadospuebla.com\\\/#website\"},\"primaryImageOfPage\":{\"@id\":\"https:\\\/\\\/www.aliadospuebla.com\\\/?p=79629#primaryimage\"},\"image\":{\"@id\":\"https:\\\/\\\/www.aliadospuebla.com\\\/?p=79629#primaryimage\"},\"thumbnailUrl\":\"https:\\\/\\\/www.aliadospuebla.com\\\/web2017\\\/wp-content\\\/uploads\\\/2023\\\/04\\\/108.jpg\",\"datePublished\":\"2023-04-19T15:29:45+00:00\",\"author\":{\"@id\":\"https:\\\/\\\/www.aliadospuebla.com\\\/#\\\/schema\\\/person\\\/5da7dd09320bd4f392b710017ed5f8ad\"},\"breadcrumb\":{\"@id\":\"https:\\\/\\\/www.aliadospuebla.com\\\/?p=79629#breadcrumb\"},\"inLanguage\":\"es\",\"potentialAction\":[{\"@type\":\"ReadAction\",\"target\":[\"https:\\\/\\\/www.aliadospuebla.com\\\/?p=79629\"]}]},{\"@type\":\"ImageObject\",\"inLanguage\":\"es\",\"@id\":\"https:\\\/\\\/www.aliadospuebla.com\\\/?p=79629#primaryimage\",\"url\":\"https:\\\/\\\/www.aliadospuebla.com\\\/web2017\\\/wp-content\\\/uploads\\\/2023\\\/04\\\/108.jpg\",\"contentUrl\":\"https:\\\/\\\/www.aliadospuebla.com\\\/web2017\\\/wp-content\\\/uploads\\\/2023\\\/04\\\/108.jpg\",\"width\":600,\"height\":450},{\"@type\":\"BreadcrumbList\",\"@id\":\"https:\\\/\\\/www.aliadospuebla.com\\\/?p=79629#breadcrumb\",\"itemListElement\":[{\"@type\":\"ListItem\",\"position\":1,\"name\":\"Portada\",\"item\":\"https:\\\/\\\/www.aliadospuebla.com\\\/\"},{\"@type\":\"ListItem\",\"position\":2,\"name\":\"ARMENTA REFRENDA EL AMOR A PUEBLA CON UNA EXPO ARTESANAL, ART\u00cdSTICA Y CULTURAL\"}]},{\"@type\":\"WebSite\",\"@id\":\"https:\\\/\\\/www.aliadospuebla.com\\\/#website\",\"url\":\"https:\\\/\\\/www.aliadospuebla.com\\\/\",\"name\":\"AliadosPuebla\",\"description\":\"La informaci\u00f3n en tus manos\",\"potentialAction\":[{\"@type\":\"SearchAction\",\"target\":{\"@type\":\"EntryPoint\",\"urlTemplate\":\"https:\\\/\\\/www.aliadospuebla.com\\\/?s={search_term_string}\"},\"query-input\":{\"@type\":\"PropertyValueSpecification\",\"valueRequired\":true,\"valueName\":\"search_term_string\"}}],\"inLanguage\":\"es\"},{\"@type\":\"Person\",\"@id\":\"https:\\\/\\\/www.aliadospuebla.com\\\/#\\\/schema\\\/person\\\/5da7dd09320bd4f392b710017ed5f8ad\",\"name\":\"Aliados17\",\"image\":{\"@type\":\"ImageObject\",\"inLanguage\":\"es\",\"@id\":\"https:\\\/\\\/www.aliadospuebla.com\\\/web2017\\\/wp-content\\\/uploads\\\/2025\\\/03\\\/cropped-para-perfil-8-anos-1-96x96.jpg\",\"url\":\"https:\\\/\\\/www.aliadospuebla.com\\\/web2017\\\/wp-content\\\/uploads\\\/2025\\\/03\\\/cropped-para-perfil-8-anos-1-96x96.jpg\",\"contentUrl\":\"https:\\\/\\\/www.aliadospuebla.com\\\/web2017\\\/wp-content\\\/uploads\\\/2025\\\/03\\\/cropped-para-perfil-8-anos-1-96x96.jpg\",\"caption\":\"Aliados17\"},\"sameAs\":[\"https:\\\/\\\/www.aliados17.com\",\"https:\\\/\\\/www.facebook.com\\\/Aliados17Pue\",\"https:\\\/\\\/x.com\\\/AliadosPuebla\"],\"url\":\"https:\\\/\\\/www.aliadospuebla.com\\\/?author=2\"}]}<\/script>\n<!-- \/ Yoast SEO plugin. -->","yoast_head_json":{"title":"ARMENTA REFRENDA EL AMOR A PUEBLA CON UNA EXPO ARTESANAL, ART\u00cdSTICA Y CULTURAL - AliadosPuebla","robots":{"index":"index","follow":"follow","max-snippet":"max-snippet:-1","max-image-preview":"max-image-preview:large","max-video-preview":"max-video-preview:-1"},"canonical":"https:\/\/www.aliadospuebla.com\/?p=79629","og_locale":"es_ES","og_type":"article","og_title":"ARMENTA REFRENDA EL AMOR A PUEBLA CON UNA EXPO ARTESANAL, ART\u00cdSTICA Y CULTURAL - AliadosPuebla","og_description":"Ciudad de M\u00e9xico. Con la participaci\u00f3n de m\u00e1s 200 artesanas, artesanos, productores, artistas pl\u00e1sticos, empresas familiares, m\u00fasicos, cantantes, bailarines, danzantes, asociaciones civiles y proyectos universitarios, el senador de Morena Alejandro Armenta inaugur\u00f3 la Expo Por Amor a Puebla con la finalidad de que en estos 3 pr\u00f3ximos d\u00edas se abone a la reactivaci\u00f3n econ\u00f3mica y se fortalezca la identidad poblana en ese espacio legislativo. Durante la inauguraci\u00f3n la senadora Susana Harp, presidenta de la Comisi\u00f3n de Cultura reconoci\u00f3 el esfuerzo de Armenta por propiciar el tejido social y establecer cadenas productivas apoyando a las familias poblanas. El senador Armenta se\u00f1al\u00f3 siguiendo el ejemplo del presidente Andr\u00e9s Manuel L\u00f3pez Obrador, \u201cseguimos caminando con el pueblo de M\u00e9xico, apoyando a mujeres y hombres que por amor a&hellip;Leer m\u00e1s...","og_url":"https:\/\/www.aliadospuebla.com\/?p=79629","og_site_name":"AliadosPuebla","article_author":"https:\/\/www.facebook.com\/Aliados17Pue","article_published_time":"2023-04-19T15:29:45+00:00","og_image":[{"width":600,"height":450,"url":"https:\/\/www.aliadospuebla.com\/web2017\/wp-content\/uploads\/2023\/04\/108.jpg","type":"image\/jpeg"}],"author":"Aliados17","twitter_card":"summary_large_image","twitter_creator":"@AliadosPuebla","twitter_misc":{"Escrito por":"Aliados17","Tiempo de lectura":"2 minutos"},"schema":{"@context":"https:\/\/schema.org","@graph":[{"@type":"Article","@id":"https:\/\/www.aliadospuebla.com\/?p=79629#article","isPartOf":{"@id":"https:\/\/www.aliadospuebla.com\/?p=79629"},"author":{"name":"Aliados17","@id":"https:\/\/www.aliadospuebla.com\/#\/schema\/person\/5da7dd09320bd4f392b710017ed5f8ad"},"headline":"ARMENTA REFRENDA EL AMOR A PUEBLA CON UNA EXPO ARTESANAL, ART\u00cdSTICA Y CULTURAL","datePublished":"2023-04-19T15:29:45+00:00","mainEntityOfPage":{"@id":"https:\/\/www.aliadospuebla.com\/?p=79629"},"wordCount":318,"commentCount":0,"image":{"@id":"https:\/\/www.aliadospuebla.com\/?p=79629#primaryimage"},"thumbnailUrl":"https:\/\/www.aliadospuebla.com\/web2017\/wp-content\/uploads\/2023\/04\/108.jpg","keywords":["ALEJANDRO ARMENTA","amor a Puebla","Expo Artesanal","Reactivaci\u00f3n econ\u00f3mica"],"articleSection":["Pol\u00edtica"],"inLanguage":"es","potentialAction":[{"@type":"CommentAction","name":"Comment","target":["https:\/\/www.aliadospuebla.com\/?p=79629#respond"]}]},{"@type":"WebPage","@id":"https:\/\/www.aliadospuebla.com\/?p=79629","url":"https:\/\/www.aliadospuebla.com\/?p=79629","name":"ARMENTA REFRENDA EL AMOR A PUEBLA CON UNA EXPO ARTESANAL, ART\u00cdSTICA Y CULTURAL - AliadosPuebla","isPartOf":{"@id":"https:\/\/www.aliadospuebla.com\/#website"},"primaryImageOfPage":{"@id":"https:\/\/www.aliadospuebla.com\/?p=79629#primaryimage"},"image":{"@id":"https:\/\/www.aliadospuebla.com\/?p=79629#primaryimage"},"thumbnailUrl":"https:\/\/www.aliadospuebla.com\/web2017\/wp-content\/uploads\/2023\/04\/108.jpg","datePublished":"2023-04-19T15:29:45+00:00","author":{"@id":"https:\/\/www.aliadospuebla.com\/#\/schema\/person\/5da7dd09320bd4f392b710017ed5f8ad"},"breadcrumb":{"@id":"https:\/\/www.aliadospuebla.com\/?p=79629#breadcrumb"},"inLanguage":"es","potentialAction":[{"@type":"ReadAction","target":["https:\/\/www.aliadospuebla.com\/?p=79629"]}]},{"@type":"ImageObject","inLanguage":"es","@id":"https:\/\/www.aliadospuebla.com\/?p=79629#primaryimage","url":"https:\/\/www.aliadospuebla.com\/web2017\/wp-content\/uploads\/2023\/04\/108.jpg","contentUrl":"https:\/\/www.aliadospuebla.com\/web2017\/wp-content\/uploads\/2023\/04\/108.jpg","width":600,"height":450},{"@type":"BreadcrumbList","@id":"https:\/\/www.aliadospuebla.com\/?p=79629#breadcrumb","itemListElement":[{"@type":"ListItem","position":1,"name":"Portada","item":"https:\/\/www.aliadospuebla.com\/"},{"@type":"ListItem","position":2,"name":"ARMENTA REFRENDA EL AMOR A PUEBLA CON UNA EXPO ARTESANAL, ART\u00cdSTICA Y CULTURAL"}]},{"@type":"WebSite","@id":"https:\/\/www.aliadospuebla.com\/#website","url":"https:\/\/www.aliadospuebla.com\/","name":"AliadosPuebla","description":"La informaci\u00f3n en tus manos","potentialAction":[{"@type":"SearchAction","target":{"@type":"EntryPoint","urlTemplate":"https:\/\/www.aliadospuebla.com\/?s={search_term_string}"},"query-input":{"@type":"PropertyValueSpecification","valueRequired":true,"valueName":"search_term_string"}}],"inLanguage":"es"},{"@type":"Person","@id":"https:\/\/www.aliadospuebla.com\/#\/schema\/person\/5da7dd09320bd4f392b710017ed5f8ad","name":"Aliados17","image":{"@type":"ImageObject","inLanguage":"es","@id":"https:\/\/www.aliadospuebla.com\/web2017\/wp-content\/uploads\/2025\/03\/cropped-para-perfil-8-anos-1-96x96.jpg","url":"https:\/\/www.aliadospuebla.com\/web2017\/wp-content\/uploads\/2025\/03\/cropped-para-perfil-8-anos-1-96x96.jpg","contentUrl":"https:\/\/www.aliadospuebla.com\/web2017\/wp-content\/uploads\/2025\/03\/cropped-para-perfil-8-anos-1-96x96.jpg","caption":"Aliados17"},"sameAs":["https:\/\/www.aliados17.com","https:\/\/www.facebook.com\/Aliados17Pue","https:\/\/x.com\/AliadosPuebla"],"url":"https:\/\/www.aliadospuebla.com\/?author=2"}]}},"views":7,"_links":{"self":[{"href":"https:\/\/www.aliadospuebla.com\/index.php?rest_route=\/wp\/v2\/posts\/79629","targetHints":{"allow":["GET"]}}],"collection":[{"href":"https:\/\/www.aliadospuebla.com\/index.php?rest_route=\/wp\/v2\/posts"}],"about":[{"href":"https:\/\/www.aliadospuebla.com\/index.php?rest_route=\/wp\/v2\/types\/post"}],"author":[{"embeddable":true,"href":"https:\/\/www.aliadospuebla.com\/index.php?rest_route=\/wp\/v2\/users\/2"}],"replies":[{"embeddable":true,"href":"https:\/\/www.aliadospuebla.com\/index.php?rest_route=%2Fwp%2Fv2%2Fcomments&post=79629"}],"version-history":[{"count":1,"href":"https:\/\/www.aliadospuebla.com\/index.php?rest_route=\/wp\/v2\/posts\/79629\/revisions"}],"predecessor-version":[{"id":79631,"href":"https:\/\/www.aliadospuebla.com\/index.php?rest_route=\/wp\/v2\/posts\/79629\/revisions\/79631"}],"wp:featuredmedia":[{"embeddable":true,"href":"https:\/\/www.aliadospuebla.com\/index.php?rest_route=\/wp\/v2\/media\/79630"}],"wp:attachment":[{"href":"https:\/\/www.aliadospuebla.com\/index.php?rest_route=%2Fwp%2Fv2%2Fmedia&parent=79629"}],"wp:term":[{"taxonomy":"category","embeddable":true,"href":"https:\/\/www.aliadospuebla.com\/index.php?rest_route=%2Fwp%2Fv2%2Fcategories&post=79629"},{"taxonomy":"post_tag","embeddable":true,"href":"https:\/\/www.aliadospuebla.com\/index.php?rest_route=%2Fwp%2Fv2%2Ftags&post=79629"}],"curies":[{"name":"wp","href":"https:\/\/api.w.org\/{rel}","templated":true}]}}