{"id":79236,"date":"2023-03-29T08:37:24","date_gmt":"2023-03-29T14:37:24","guid":{"rendered":"https:\/\/www.aliados17.com\/?p=79236"},"modified":"2023-03-29T08:37:24","modified_gmt":"2023-03-29T14:37:24","slug":"alejandro-armenta-adelanta-iniciativa-para-proteger-a-artistas","status":"publish","type":"post","link":"https:\/\/www.aliadospuebla.com\/?p=79236","title":{"rendered":"Alejandro Armenta adelanta iniciativa para proteger a artistas"},"content":{"rendered":"<h4>El senador de Morena sostuvo una reuni\u00f3n con integrantes de comunidades art\u00edsticas y culturales<\/h4>\n<p>El presidente de la Mesa Directiva, Alejandro Armenta, se reuni\u00f3 con representantes<\/p>\n<p>de la comunidad danc\u00edstica y de las artes esc\u00e9nicas, a fin de analizar las acciones legislativas<\/p>\n<p>para impulsar al sector.<\/p>\n<p>Dijo que en el Senado se presentar\u00e1 una iniciativa para modificar la Ley Federal del Trabajo,<\/p>\n<p>para considerar en la legislaci\u00f3n la protecci\u00f3n de los trabajadores del arte y la cultura del pa\u00eds.<\/p>\n<p>Con ello, explic\u00f3, se busca establecer el reconocimiento laboral de los artistas mexicanos;<\/p>\n<p>dijo que el documento est\u00e1 en proceso de redacci\u00f3n y ser\u00e1 inscrito<\/p>\n<p>en la Sesi\u00f3n Ordinaria del pr\u00f3ximo 12 de abril.<\/p>\n<p>Durante la reuni\u00f3n, Alejandro Armenta tambi\u00e9n anunci\u00f3 que mantendr\u00e1 un di\u00e1logo<\/p>\n<p>con la C\u00e1mara de Diputados para reactivar una iniciativa de ley que busca elevar<\/p>\n<p>a rango constitucional el derecho al arte.<\/p>\n<p>Destac\u00f3 que la iniciativa del entonces diputado Mario Ismael Moreno Gil, de Morena,<\/p>\n<p>plantea reformar los art\u00edculos 3 y 4 de la Constituci\u00f3n Pol\u00edtica, para cumplir con este objetivo.<\/p>\n<p>El core\u00f3grafo Mauricio Nava hizo un llamado a las y los senadores para que las instituciones art\u00edsticas, universidades, instancias p\u00fablicas y privadas sean respaldadas con pol\u00edticas culturales y de esa forma puedan instruir a j\u00f3venes e infantes en el mundo art\u00edstico de forma gratuita.<\/p>\n<p>Marco Antonio Silva, core\u00f3grafo y director de escena, dijo que la expresi\u00f3n art\u00edstica no es un lujo, sino un derecho fundamental, que permite a todas las personas desarrollarse, por lo que es fundamental que la iniciativa del exdiputado Moreno Gil tenga seguimiento en el Poder Legislativo.<\/p>\n<p>Por su parte, el artista Seraf\u00edn Aponte enfatiz\u00f3 que en M\u00e9xico existe una dificultad para el desarrollo y la falta de oportunidades laborales para las personas que se dedican al arte y la cultura de manera profesional, por esta raz\u00f3n expres\u00f3 que se deben de crear leyes para beneficiar a este sector.<\/p>\n","protected":false},"excerpt":{"rendered":"<p>El senador de Morena sostuvo una reuni\u00f3n con integrantes de comunidades art\u00edsticas y culturales El presidente de la Mesa Directiva, Alejandro Armenta, se reuni\u00f3 con representantes de la comunidad danc\u00edstica y de las artes esc\u00e9nicas, a fin de analizar las acciones legislativas para impulsar al sector. Dijo que en el Senado se presentar\u00e1 una iniciativa para modificar la Ley Federal del Trabajo, para considerar en la legislaci\u00f3n la protecci\u00f3n de los trabajadores del arte y la cultura del pa\u00eds. Con ello, explic\u00f3, se busca establecer el reconocimiento laboral de los artistas mexicanos; dijo que el documento est\u00e1 en proceso de redacci\u00f3n y ser\u00e1 inscrito en la Sesi\u00f3n Ordinaria del pr\u00f3ximo 12 de abril. Durante la reuni\u00f3n, Alejandro Armenta tambi\u00e9n anunci\u00f3 que mantendr\u00e1 un di\u00e1logo con&hellip;<\/p>\n<p class=\"excerpt-more\"><a class=\"blog-excerpt button\" href=\"https:\/\/www.aliadospuebla.com\/?p=79236\">Leer m\u00e1s&#8230;<\/a><\/p>\n","protected":false},"author":2,"featured_media":79237,"comment_status":"open","ping_status":"open","sticky":false,"template":"","format":"standard","meta":{"_monsterinsights_skip_tracking":false,"footnotes":""},"categories":[6],"tags":[21349,4780,102,21348,21350,666],"class_list":["post-79236","post","type-post","status-publish","format-standard","has-post-thumbnail","hentry","category-politica","tag-acciones-legislativas","tag-alejandro-armenta","tag-artistas","tag-comunidades-artisticas","tag-derecho-al-arte","tag-morena"],"yoast_head":"<!-- This site is optimized with the Yoast SEO plugin v28.3 - https:\/\/yoast.com\/product\/yoast-seo-wordpress\/ -->\n<title>Alejandro Armenta adelanta iniciativa para proteger a artistas - AliadosPuebla<\/title>\n<meta name=\"robots\" content=\"index, follow, max-snippet:-1, max-image-preview:large, max-video-preview:-1\" \/>\n<link rel=\"canonical\" href=\"https:\/\/www.aliadospuebla.com\/?p=79236\" \/>\n<meta property=\"og:locale\" content=\"es_ES\" \/>\n<meta property=\"og:type\" content=\"article\" \/>\n<meta property=\"og:title\" content=\"Alejandro Armenta adelanta iniciativa para proteger a artistas - AliadosPuebla\" \/>\n<meta property=\"og:description\" content=\"El senador de Morena sostuvo una reuni\u00f3n con integrantes de comunidades art\u00edsticas y culturales El presidente de la Mesa Directiva, Alejandro Armenta, se reuni\u00f3 con representantes de la comunidad danc\u00edstica y de las artes esc\u00e9nicas, a fin de analizar las acciones legislativas para impulsar al sector. Dijo que en el Senado se presentar\u00e1 una iniciativa para modificar la Ley Federal del Trabajo, para considerar en la legislaci\u00f3n la protecci\u00f3n de los trabajadores del arte y la cultura del pa\u00eds. Con ello, explic\u00f3, se busca establecer el reconocimiento laboral de los artistas mexicanos; dijo que el documento est\u00e1 en proceso de redacci\u00f3n y ser\u00e1 inscrito en la Sesi\u00f3n Ordinaria del pr\u00f3ximo 12 de abril. Durante la reuni\u00f3n, Alejandro Armenta tambi\u00e9n anunci\u00f3 que mantendr\u00e1 un di\u00e1logo con&hellip;Leer m\u00e1s...\" \/>\n<meta property=\"og:url\" content=\"https:\/\/www.aliadospuebla.com\/?p=79236\" \/>\n<meta property=\"og:site_name\" content=\"AliadosPuebla\" \/>\n<meta property=\"article:author\" content=\"https:\/\/www.facebook.com\/Aliados17Pue\" \/>\n<meta property=\"article:published_time\" content=\"2023-03-29T14:37:24+00:00\" \/>\n<meta property=\"og:image\" content=\"https:\/\/www.aliadospuebla.com\/web2017\/wp-content\/uploads\/2023\/03\/212.jpg\" \/>\n\t<meta property=\"og:image:width\" content=\"600\" \/>\n\t<meta property=\"og:image:height\" content=\"450\" \/>\n\t<meta property=\"og:image:type\" content=\"image\/jpeg\" \/>\n<meta name=\"author\" content=\"Aliados17\" \/>\n<meta name=\"twitter:card\" content=\"summary_large_image\" \/>\n<meta name=\"twitter:creator\" content=\"@AliadosPuebla\" \/>\n<meta name=\"twitter:label1\" content=\"Escrito por\" \/>\n\t<meta name=\"twitter:data1\" content=\"Aliados17\" \/>\n\t<meta name=\"twitter:label2\" content=\"Tiempo de lectura\" \/>\n\t<meta name=\"twitter:data2\" content=\"2 minutos\" \/>\n<script type=\"application\/ld+json\" class=\"yoast-schema-graph\">{\"@context\":\"https:\\\/\\\/schema.org\",\"@graph\":[{\"@type\":\"Article\",\"@id\":\"https:\\\/\\\/www.aliadospuebla.com\\\/?p=79236#article\",\"isPartOf\":{\"@id\":\"https:\\\/\\\/www.aliadospuebla.com\\\/?p=79236\"},\"author\":{\"name\":\"Aliados17\",\"@id\":\"https:\\\/\\\/www.aliadospuebla.com\\\/#\\\/schema\\\/person\\\/5da7dd09320bd4f392b710017ed5f8ad\"},\"headline\":\"Alejandro Armenta adelanta iniciativa para proteger a artistas\",\"datePublished\":\"2023-03-29T14:37:24+00:00\",\"mainEntityOfPage\":{\"@id\":\"https:\\\/\\\/www.aliadospuebla.com\\\/?p=79236\"},\"wordCount\":350,\"commentCount\":0,\"image\":{\"@id\":\"https:\\\/\\\/www.aliadospuebla.com\\\/?p=79236#primaryimage\"},\"thumbnailUrl\":\"https:\\\/\\\/www.aliadospuebla.com\\\/web2017\\\/wp-content\\\/uploads\\\/2023\\\/03\\\/212.jpg\",\"keywords\":[\"acciones legislativas\",\"ALEJANDRO ARMENTA\",\"artistas\",\"comunidades artisticas\",\"derecho al arte\",\"MORENA\"],\"articleSection\":[\"Pol\u00edtica\"],\"inLanguage\":\"es\",\"potentialAction\":[{\"@type\":\"CommentAction\",\"name\":\"Comment\",\"target\":[\"https:\\\/\\\/www.aliadospuebla.com\\\/?p=79236#respond\"]}]},{\"@type\":\"WebPage\",\"@id\":\"https:\\\/\\\/www.aliadospuebla.com\\\/?p=79236\",\"url\":\"https:\\\/\\\/www.aliadospuebla.com\\\/?p=79236\",\"name\":\"Alejandro Armenta adelanta iniciativa para proteger a artistas - AliadosPuebla\",\"isPartOf\":{\"@id\":\"https:\\\/\\\/www.aliadospuebla.com\\\/#website\"},\"primaryImageOfPage\":{\"@id\":\"https:\\\/\\\/www.aliadospuebla.com\\\/?p=79236#primaryimage\"},\"image\":{\"@id\":\"https:\\\/\\\/www.aliadospuebla.com\\\/?p=79236#primaryimage\"},\"thumbnailUrl\":\"https:\\\/\\\/www.aliadospuebla.com\\\/web2017\\\/wp-content\\\/uploads\\\/2023\\\/03\\\/212.jpg\",\"datePublished\":\"2023-03-29T14:37:24+00:00\",\"author\":{\"@id\":\"https:\\\/\\\/www.aliadospuebla.com\\\/#\\\/schema\\\/person\\\/5da7dd09320bd4f392b710017ed5f8ad\"},\"breadcrumb\":{\"@id\":\"https:\\\/\\\/www.aliadospuebla.com\\\/?p=79236#breadcrumb\"},\"inLanguage\":\"es\",\"potentialAction\":[{\"@type\":\"ReadAction\",\"target\":[\"https:\\\/\\\/www.aliadospuebla.com\\\/?p=79236\"]}]},{\"@type\":\"ImageObject\",\"inLanguage\":\"es\",\"@id\":\"https:\\\/\\\/www.aliadospuebla.com\\\/?p=79236#primaryimage\",\"url\":\"https:\\\/\\\/www.aliadospuebla.com\\\/web2017\\\/wp-content\\\/uploads\\\/2023\\\/03\\\/212.jpg\",\"contentUrl\":\"https:\\\/\\\/www.aliadospuebla.com\\\/web2017\\\/wp-content\\\/uploads\\\/2023\\\/03\\\/212.jpg\",\"width\":600,\"height\":450},{\"@type\":\"BreadcrumbList\",\"@id\":\"https:\\\/\\\/www.aliadospuebla.com\\\/?p=79236#breadcrumb\",\"itemListElement\":[{\"@type\":\"ListItem\",\"position\":1,\"name\":\"Portada\",\"item\":\"https:\\\/\\\/www.aliadospuebla.com\\\/\"},{\"@type\":\"ListItem\",\"position\":2,\"name\":\"Alejandro Armenta adelanta iniciativa para proteger a artistas\"}]},{\"@type\":\"WebSite\",\"@id\":\"https:\\\/\\\/www.aliadospuebla.com\\\/#website\",\"url\":\"https:\\\/\\\/www.aliadospuebla.com\\\/\",\"name\":\"AliadosPuebla\",\"description\":\"La informaci\u00f3n en tus manos\",\"potentialAction\":[{\"@type\":\"SearchAction\",\"target\":{\"@type\":\"EntryPoint\",\"urlTemplate\":\"https:\\\/\\\/www.aliadospuebla.com\\\/?s={search_term_string}\"},\"query-input\":{\"@type\":\"PropertyValueSpecification\",\"valueRequired\":true,\"valueName\":\"search_term_string\"}}],\"inLanguage\":\"es\"},{\"@type\":\"Person\",\"@id\":\"https:\\\/\\\/www.aliadospuebla.com\\\/#\\\/schema\\\/person\\\/5da7dd09320bd4f392b710017ed5f8ad\",\"name\":\"Aliados17\",\"image\":{\"@type\":\"ImageObject\",\"inLanguage\":\"es\",\"@id\":\"https:\\\/\\\/www.aliadospuebla.com\\\/web2017\\\/wp-content\\\/uploads\\\/2025\\\/03\\\/cropped-para-perfil-8-anos-1-96x96.jpg\",\"url\":\"https:\\\/\\\/www.aliadospuebla.com\\\/web2017\\\/wp-content\\\/uploads\\\/2025\\\/03\\\/cropped-para-perfil-8-anos-1-96x96.jpg\",\"contentUrl\":\"https:\\\/\\\/www.aliadospuebla.com\\\/web2017\\\/wp-content\\\/uploads\\\/2025\\\/03\\\/cropped-para-perfil-8-anos-1-96x96.jpg\",\"caption\":\"Aliados17\"},\"sameAs\":[\"https:\\\/\\\/www.aliados17.com\",\"https:\\\/\\\/www.facebook.com\\\/Aliados17Pue\",\"https:\\\/\\\/x.com\\\/AliadosPuebla\"],\"url\":\"https:\\\/\\\/www.aliadospuebla.com\\\/?author=2\"}]}<\/script>\n<!-- \/ Yoast SEO plugin. -->","yoast_head_json":{"title":"Alejandro Armenta adelanta iniciativa para proteger a artistas - AliadosPuebla","robots":{"index":"index","follow":"follow","max-snippet":"max-snippet:-1","max-image-preview":"max-image-preview:large","max-video-preview":"max-video-preview:-1"},"canonical":"https:\/\/www.aliadospuebla.com\/?p=79236","og_locale":"es_ES","og_type":"article","og_title":"Alejandro Armenta adelanta iniciativa para proteger a artistas - AliadosPuebla","og_description":"El senador de Morena sostuvo una reuni\u00f3n con integrantes de comunidades art\u00edsticas y culturales El presidente de la Mesa Directiva, Alejandro Armenta, se reuni\u00f3 con representantes de la comunidad danc\u00edstica y de las artes esc\u00e9nicas, a fin de analizar las acciones legislativas para impulsar al sector. Dijo que en el Senado se presentar\u00e1 una iniciativa para modificar la Ley Federal del Trabajo, para considerar en la legislaci\u00f3n la protecci\u00f3n de los trabajadores del arte y la cultura del pa\u00eds. Con ello, explic\u00f3, se busca establecer el reconocimiento laboral de los artistas mexicanos; dijo que el documento est\u00e1 en proceso de redacci\u00f3n y ser\u00e1 inscrito en la Sesi\u00f3n Ordinaria del pr\u00f3ximo 12 de abril. Durante la reuni\u00f3n, Alejandro Armenta tambi\u00e9n anunci\u00f3 que mantendr\u00e1 un di\u00e1logo con&hellip;Leer m\u00e1s...","og_url":"https:\/\/www.aliadospuebla.com\/?p=79236","og_site_name":"AliadosPuebla","article_author":"https:\/\/www.facebook.com\/Aliados17Pue","article_published_time":"2023-03-29T14:37:24+00:00","og_image":[{"width":600,"height":450,"url":"https:\/\/www.aliadospuebla.com\/web2017\/wp-content\/uploads\/2023\/03\/212.jpg","type":"image\/jpeg"}],"author":"Aliados17","twitter_card":"summary_large_image","twitter_creator":"@AliadosPuebla","twitter_misc":{"Escrito por":"Aliados17","Tiempo de lectura":"2 minutos"},"schema":{"@context":"https:\/\/schema.org","@graph":[{"@type":"Article","@id":"https:\/\/www.aliadospuebla.com\/?p=79236#article","isPartOf":{"@id":"https:\/\/www.aliadospuebla.com\/?p=79236"},"author":{"name":"Aliados17","@id":"https:\/\/www.aliadospuebla.com\/#\/schema\/person\/5da7dd09320bd4f392b710017ed5f8ad"},"headline":"Alejandro Armenta adelanta iniciativa para proteger a artistas","datePublished":"2023-03-29T14:37:24+00:00","mainEntityOfPage":{"@id":"https:\/\/www.aliadospuebla.com\/?p=79236"},"wordCount":350,"commentCount":0,"image":{"@id":"https:\/\/www.aliadospuebla.com\/?p=79236#primaryimage"},"thumbnailUrl":"https:\/\/www.aliadospuebla.com\/web2017\/wp-content\/uploads\/2023\/03\/212.jpg","keywords":["acciones legislativas","ALEJANDRO ARMENTA","artistas","comunidades artisticas","derecho al arte","MORENA"],"articleSection":["Pol\u00edtica"],"inLanguage":"es","potentialAction":[{"@type":"CommentAction","name":"Comment","target":["https:\/\/www.aliadospuebla.com\/?p=79236#respond"]}]},{"@type":"WebPage","@id":"https:\/\/www.aliadospuebla.com\/?p=79236","url":"https:\/\/www.aliadospuebla.com\/?p=79236","name":"Alejandro Armenta adelanta iniciativa para proteger a artistas - AliadosPuebla","isPartOf":{"@id":"https:\/\/www.aliadospuebla.com\/#website"},"primaryImageOfPage":{"@id":"https:\/\/www.aliadospuebla.com\/?p=79236#primaryimage"},"image":{"@id":"https:\/\/www.aliadospuebla.com\/?p=79236#primaryimage"},"thumbnailUrl":"https:\/\/www.aliadospuebla.com\/web2017\/wp-content\/uploads\/2023\/03\/212.jpg","datePublished":"2023-03-29T14:37:24+00:00","author":{"@id":"https:\/\/www.aliadospuebla.com\/#\/schema\/person\/5da7dd09320bd4f392b710017ed5f8ad"},"breadcrumb":{"@id":"https:\/\/www.aliadospuebla.com\/?p=79236#breadcrumb"},"inLanguage":"es","potentialAction":[{"@type":"ReadAction","target":["https:\/\/www.aliadospuebla.com\/?p=79236"]}]},{"@type":"ImageObject","inLanguage":"es","@id":"https:\/\/www.aliadospuebla.com\/?p=79236#primaryimage","url":"https:\/\/www.aliadospuebla.com\/web2017\/wp-content\/uploads\/2023\/03\/212.jpg","contentUrl":"https:\/\/www.aliadospuebla.com\/web2017\/wp-content\/uploads\/2023\/03\/212.jpg","width":600,"height":450},{"@type":"BreadcrumbList","@id":"https:\/\/www.aliadospuebla.com\/?p=79236#breadcrumb","itemListElement":[{"@type":"ListItem","position":1,"name":"Portada","item":"https:\/\/www.aliadospuebla.com\/"},{"@type":"ListItem","position":2,"name":"Alejandro Armenta adelanta iniciativa para proteger a artistas"}]},{"@type":"WebSite","@id":"https:\/\/www.aliadospuebla.com\/#website","url":"https:\/\/www.aliadospuebla.com\/","name":"AliadosPuebla","description":"La informaci\u00f3n en tus manos","potentialAction":[{"@type":"SearchAction","target":{"@type":"EntryPoint","urlTemplate":"https:\/\/www.aliadospuebla.com\/?s={search_term_string}"},"query-input":{"@type":"PropertyValueSpecification","valueRequired":true,"valueName":"search_term_string"}}],"inLanguage":"es"},{"@type":"Person","@id":"https:\/\/www.aliadospuebla.com\/#\/schema\/person\/5da7dd09320bd4f392b710017ed5f8ad","name":"Aliados17","image":{"@type":"ImageObject","inLanguage":"es","@id":"https:\/\/www.aliadospuebla.com\/web2017\/wp-content\/uploads\/2025\/03\/cropped-para-perfil-8-anos-1-96x96.jpg","url":"https:\/\/www.aliadospuebla.com\/web2017\/wp-content\/uploads\/2025\/03\/cropped-para-perfil-8-anos-1-96x96.jpg","contentUrl":"https:\/\/www.aliadospuebla.com\/web2017\/wp-content\/uploads\/2025\/03\/cropped-para-perfil-8-anos-1-96x96.jpg","caption":"Aliados17"},"sameAs":["https:\/\/www.aliados17.com","https:\/\/www.facebook.com\/Aliados17Pue","https:\/\/x.com\/AliadosPuebla"],"url":"https:\/\/www.aliadospuebla.com\/?author=2"}]}},"views":8,"_links":{"self":[{"href":"https:\/\/www.aliadospuebla.com\/index.php?rest_route=\/wp\/v2\/posts\/79236","targetHints":{"allow":["GET"]}}],"collection":[{"href":"https:\/\/www.aliadospuebla.com\/index.php?rest_route=\/wp\/v2\/posts"}],"about":[{"href":"https:\/\/www.aliadospuebla.com\/index.php?rest_route=\/wp\/v2\/types\/post"}],"author":[{"embeddable":true,"href":"https:\/\/www.aliadospuebla.com\/index.php?rest_route=\/wp\/v2\/users\/2"}],"replies":[{"embeddable":true,"href":"https:\/\/www.aliadospuebla.com\/index.php?rest_route=%2Fwp%2Fv2%2Fcomments&post=79236"}],"version-history":[{"count":1,"href":"https:\/\/www.aliadospuebla.com\/index.php?rest_route=\/wp\/v2\/posts\/79236\/revisions"}],"predecessor-version":[{"id":79238,"href":"https:\/\/www.aliadospuebla.com\/index.php?rest_route=\/wp\/v2\/posts\/79236\/revisions\/79238"}],"wp:featuredmedia":[{"embeddable":true,"href":"https:\/\/www.aliadospuebla.com\/index.php?rest_route=\/wp\/v2\/media\/79237"}],"wp:attachment":[{"href":"https:\/\/www.aliadospuebla.com\/index.php?rest_route=%2Fwp%2Fv2%2Fmedia&parent=79236"}],"wp:term":[{"taxonomy":"category","embeddable":true,"href":"https:\/\/www.aliadospuebla.com\/index.php?rest_route=%2Fwp%2Fv2%2Fcategories&post=79236"},{"taxonomy":"post_tag","embeddable":true,"href":"https:\/\/www.aliadospuebla.com\/index.php?rest_route=%2Fwp%2Fv2%2Ftags&post=79236"}],"curies":[{"name":"wp","href":"https:\/\/api.w.org\/{rel}","templated":true}]}}