{"id":78773,"date":"2023-03-10T22:30:07","date_gmt":"2023-03-11T04:30:07","guid":{"rendered":"https:\/\/www.aliados17.com\/?p=78773"},"modified":"2023-03-10T22:30:07","modified_gmt":"2023-03-11T04:30:07","slug":"beneficia-gobierno-estatal-a-mas-de-3-mil-500-poblanas-con-viernes-de-las-mujeres","status":"publish","type":"post","link":"https:\/\/www.aliadospuebla.com\/?p=78773","title":{"rendered":"Beneficia gobierno estatal a m\u00e1s de 3 mil 500 poblanas  con \u201cViernes de las Mujeres\u201d"},"content":{"rendered":"<h4 style=\"font-weight: 400;\"><em>El SEDIF y las secretar\u00edas de Gobernaci\u00f3n y Salud brindaron atenci\u00f3n a poblanas de la junta auxiliar de San Baltazar Tetela y sus alrededores<\/em><\/h4>\n<p style=\"font-weight: 400;\"><em>\u00a0<\/em><\/p>\n<p style=\"font-weight: 400;\"><em>&#8211; A este programa fue integrado un laboratorio de an\u00e1lisis cl\u00ednicos en el que las y los pacientes obtienen resultados con mayor celeridad<\/em><\/p>\n<p style=\"font-weight: 400;\"><strong>CIUDAD DE PUEBLA, Pue.-<\/strong>\u00a0Del 27 de enero a la fecha, m\u00e1s de 3 mil 500 poblanas han sido beneficiadas con el programa \u201cViernes de las Mujeres\u201d, lo cual ha sido posible gracias a las pol\u00edticas p\u00fablicas que dise\u00f1a el Gobierno del Estado para acercar los servicios a las y los ciudadanos, que les permitan vivir de manera digna con servicios de calidad, inform\u00f3 el secretario de Gobernaci\u00f3n, Julio Huerta G\u00f3mez.<\/p>\n<p style=\"font-weight: 400;\">Al encabezar la jornada de esta semana en la junta auxiliar de San Baltazar Tetela, resalt\u00f3 que el gobierno que encabeza Sergio Salom\u00f3n, a trav\u00e9s del SEDIF y las secretar\u00edas de Gobernaci\u00f3n y Salud, prioriza y procura el bienestar de la sociedad. Agreg\u00f3 que en los gobiernos de la Cuarta Transformaci\u00f3n no existen habitantes de primera y de segunda, pues gobiernan con igualdad y sin distingo, como es el caso de Puebla.<\/p>\n<p style=\"font-weight: 400;\">Enfatiz\u00f3 que la administraci\u00f3n estatal se conduce con respeto, institucionalidad, en sinergia con los presidentes municipales, al tiempo de exhortar a mantenerse en unidad, sociedad y gobierno, para continuar con la construcci\u00f3n de la Puebla que merecen todas y todos.<\/p>\n<p style=\"font-weight: 400;\">\n<h4 style=\"font-weight: 400;\"><strong>Integra Salud laboratorio con resultados en 15 minutos en el \u201cViernes de las Mujeres\u201d<\/strong><\/h4>\n<p>&nbsp;<\/p>\n<p style=\"font-weight: 400;\">En tanto, el secretario de Salud, Jos\u00e9 Antonio Mart\u00ednez Garc\u00eda destac\u00f3<\/p>\n<p style=\"font-weight: 400;\">que a este programa fue integrado un laboratorio de an\u00e1lisis cl\u00ednicos,<\/p>\n<p style=\"font-weight: 400;\">en el que las y los pacientes obtendr\u00e1n resultados en un tiempo m\u00e1ximo de 15 minutos,<\/p>\n<p style=\"font-weight: 400;\">con el objetivo de detectar enfermedades con mayor celeridad.<\/p>\n<p style=\"font-weight: 400;\">Asimismo, destac\u00f3 que el gobernador Sergio Salom\u00f3n instruy\u00f3 la realizaci\u00f3n<\/p>\n<p style=\"font-weight: 400;\">de esta acci\u00f3n de gobierno, \u00fanica a nivel nacional e internacional,<\/p>\n<p style=\"font-weight: 400;\">que ayudar\u00e1 a disminuir las brechas de desigualdad en la entidad como parte<\/p>\n<p style=\"font-weight: 400;\">de un gobierno presente y cercano a la gente.<\/p>\n<p style=\"font-weight: 400;\">Mart\u00ednez Garc\u00eda exhort\u00f3 a las mujeres de la regi\u00f3n a que aprovechen los 23 m\u00f3dulos como: ginecolog\u00eda, mastograf\u00eda, promoci\u00f3n a la salud, lactario, ortopedia, consulta general y el Hospital Itinerante de Alta Especialidad, pues sentenci\u00f3 que la prevenci\u00f3n puede salvar vidas.<\/p>\n<p style=\"font-weight: 400;\">\n<h4 style=\"font-weight: 400;\"><strong>Dignificar la vida de las mujeres, compromiso de la presidenta honoraria del SEDIF, Gaby Bonilla<\/strong><\/h4>\n<p>&nbsp;<\/p>\n<p style=\"font-weight: 400;\">Por su parte, la directora general del Sistema para el Desarrollo Integral de la Familia<\/p>\n<p style=\"font-weight: 400;\">del Estado de Puebla, Leonor Vargas Gallegos, invit\u00f3 a las poblanas a no desaprovechar<\/p>\n<p style=\"font-weight: 400;\">los servicios brindados en estas jornadas, ya que est\u00e1n dise\u00f1ados para fortalecer su bienestar integral.<\/p>\n<p style=\"font-weight: 400;\">Reiter\u00f3 que la presidenta honoraria del organismo, Gaby Bonilla consolida su compromiso<\/p>\n<p style=\"font-weight: 400;\">para dignificar la vida de las poblanas a trav\u00e9s de los programas sociales, a fin de brindarles<\/p>\n<p style=\"font-weight: 400;\">herramientas que impulsen sus proyectos de vida en beneficio del n\u00facleo familiar.<\/p>\n<p style=\"font-weight: 400;\">El organismo realiz\u00f3 demostraciones de los talleres de estilismo, gastronom\u00eda, pintura en cer\u00e1mica y elaboraci\u00f3n de jabones artesanales, que forman parte de la oferta de cursos y talleres para las mujeres en el Centro de Capacitaci\u00f3n y Desarrollo (CECADE).<\/p>\n","protected":false},"excerpt":{"rendered":"<p>El SEDIF y las secretar\u00edas de Gobernaci\u00f3n y Salud brindaron atenci\u00f3n a poblanas de la junta auxiliar de San Baltazar Tetela y sus alrededores \u00a0 &#8211; A este programa fue integrado un laboratorio de an\u00e1lisis cl\u00ednicos en el que las y los pacientes obtienen resultados con mayor celeridad CIUDAD DE PUEBLA, Pue.-\u00a0Del 27 de enero a la fecha, m\u00e1s de 3 mil 500 poblanas han sido beneficiadas con el programa \u201cViernes de las Mujeres\u201d, lo cual ha sido posible gracias a las pol\u00edticas p\u00fablicas que dise\u00f1a el Gobierno del Estado para acercar los servicios a las y los ciudadanos, que les permitan vivir de manera digna con servicios de calidad, inform\u00f3 el secretario de Gobernaci\u00f3n, Julio Huerta G\u00f3mez. Al encabezar la jornada de esta semana&hellip;<\/p>\n<p class=\"excerpt-more\"><a class=\"blog-excerpt button\" href=\"https:\/\/www.aliadospuebla.com\/?p=78773\">Leer m\u00e1s&#8230;<\/a><\/p>\n","protected":false},"author":2,"featured_media":78774,"comment_status":"open","ping_status":"open","sticky":false,"template":"","format":"standard","meta":{"_monsterinsights_skip_tracking":false,"footnotes":""},"categories":[61],"tags":[3779,1306,20654,365,272,21163],"class_list":["post-78773","post","type-post","status-publish","format-standard","has-post-thumbnail","hentry","category-gobierno","tag-gobernacion","tag-jornada","tag-julio-huerta-gomez","tag-salud","tag-sedif","tag-viernes-de-las-mujeres"],"yoast_head":"<!-- This site is optimized with the Yoast SEO plugin v28.4 - https:\/\/yoast.com\/product\/yoast-seo-wordpress\/ -->\n<title>Beneficia gobierno estatal a m\u00e1s de 3 mil 500 poblanas con \u201cViernes de las Mujeres\u201d - AliadosPuebla<\/title>\n<meta name=\"robots\" content=\"index, follow, max-snippet:-1, max-image-preview:large, max-video-preview:-1\" \/>\n<link rel=\"canonical\" href=\"https:\/\/www.aliadospuebla.com\/?p=78773\" \/>\n<meta property=\"og:locale\" content=\"es_ES\" \/>\n<meta property=\"og:type\" content=\"article\" \/>\n<meta property=\"og:title\" content=\"Beneficia gobierno estatal a m\u00e1s de 3 mil 500 poblanas con \u201cViernes de las Mujeres\u201d - AliadosPuebla\" \/>\n<meta property=\"og:description\" content=\"El SEDIF y las secretar\u00edas de Gobernaci\u00f3n y Salud brindaron atenci\u00f3n a poblanas de la junta auxiliar de San Baltazar Tetela y sus alrededores \u00a0 &#8211; A este programa fue integrado un laboratorio de an\u00e1lisis cl\u00ednicos en el que las y los pacientes obtienen resultados con mayor celeridad CIUDAD DE PUEBLA, Pue.-\u00a0Del 27 de enero a la fecha, m\u00e1s de 3 mil 500 poblanas han sido beneficiadas con el programa \u201cViernes de las Mujeres\u201d, lo cual ha sido posible gracias a las pol\u00edticas p\u00fablicas que dise\u00f1a el Gobierno del Estado para acercar los servicios a las y los ciudadanos, que les permitan vivir de manera digna con servicios de calidad, inform\u00f3 el secretario de Gobernaci\u00f3n, Julio Huerta G\u00f3mez. Al encabezar la jornada de esta semana&hellip;Leer m\u00e1s...\" \/>\n<meta property=\"og:url\" content=\"https:\/\/www.aliadospuebla.com\/?p=78773\" \/>\n<meta property=\"og:site_name\" content=\"AliadosPuebla\" \/>\n<meta property=\"article:author\" content=\"https:\/\/www.facebook.com\/Aliados17Pue\" \/>\n<meta property=\"article:published_time\" content=\"2023-03-11T04:30:07+00:00\" \/>\n<meta property=\"og:image\" content=\"https:\/\/www.aliadospuebla.com\/web2017\/wp-content\/uploads\/2023\/03\/063.jpg\" \/>\n\t<meta property=\"og:image:width\" content=\"600\" \/>\n\t<meta property=\"og:image:height\" content=\"450\" \/>\n\t<meta property=\"og:image:type\" content=\"image\/jpeg\" \/>\n<meta name=\"author\" content=\"Aliados17\" \/>\n<meta name=\"twitter:card\" content=\"summary_large_image\" \/>\n<meta name=\"twitter:creator\" content=\"@AliadosPuebla\" \/>\n<meta name=\"twitter:label1\" content=\"Escrito por\" \/>\n\t<meta name=\"twitter:data1\" content=\"Aliados17\" \/>\n\t<meta name=\"twitter:label2\" content=\"Tiempo de lectura\" \/>\n\t<meta name=\"twitter:data2\" content=\"3 minutos\" \/>\n<script type=\"application\/ld+json\" class=\"yoast-schema-graph\">{\"@context\":\"https:\\\/\\\/schema.org\",\"@graph\":[{\"@type\":\"Article\",\"@id\":\"https:\\\/\\\/www.aliadospuebla.com\\\/?p=78773#article\",\"isPartOf\":{\"@id\":\"https:\\\/\\\/www.aliadospuebla.com\\\/?p=78773\"},\"author\":{\"name\":\"Aliados17\",\"@id\":\"https:\\\/\\\/www.aliadospuebla.com\\\/#\\\/schema\\\/person\\\/5da7dd09320bd4f392b710017ed5f8ad\"},\"headline\":\"Beneficia gobierno estatal a m\u00e1s de 3 mil 500 poblanas con \u201cViernes de las Mujeres\u201d\",\"datePublished\":\"2023-03-11T04:30:07+00:00\",\"mainEntityOfPage\":{\"@id\":\"https:\\\/\\\/www.aliadospuebla.com\\\/?p=78773\"},\"wordCount\":568,\"commentCount\":0,\"image\":{\"@id\":\"https:\\\/\\\/www.aliadospuebla.com\\\/?p=78773#primaryimage\"},\"thumbnailUrl\":\"https:\\\/\\\/www.aliadospuebla.com\\\/web2017\\\/wp-content\\\/uploads\\\/2023\\\/03\\\/063.jpg\",\"keywords\":[\"GOBERNACI\u00d3N\",\"JORNADA\",\"Julio Huerta G\u00f3mez\",\"SALUD\",\"SEDIF\",\"viernes de las mujeres\"],\"articleSection\":[\"Gobierno\"],\"inLanguage\":\"es\",\"potentialAction\":[{\"@type\":\"CommentAction\",\"name\":\"Comment\",\"target\":[\"https:\\\/\\\/www.aliadospuebla.com\\\/?p=78773#respond\"]}]},{\"@type\":\"WebPage\",\"@id\":\"https:\\\/\\\/www.aliadospuebla.com\\\/?p=78773\",\"url\":\"https:\\\/\\\/www.aliadospuebla.com\\\/?p=78773\",\"name\":\"Beneficia gobierno estatal a m\u00e1s de 3 mil 500 poblanas con \u201cViernes de las Mujeres\u201d - AliadosPuebla\",\"isPartOf\":{\"@id\":\"https:\\\/\\\/www.aliadospuebla.com\\\/#website\"},\"primaryImageOfPage\":{\"@id\":\"https:\\\/\\\/www.aliadospuebla.com\\\/?p=78773#primaryimage\"},\"image\":{\"@id\":\"https:\\\/\\\/www.aliadospuebla.com\\\/?p=78773#primaryimage\"},\"thumbnailUrl\":\"https:\\\/\\\/www.aliadospuebla.com\\\/web2017\\\/wp-content\\\/uploads\\\/2023\\\/03\\\/063.jpg\",\"datePublished\":\"2023-03-11T04:30:07+00:00\",\"author\":{\"@id\":\"https:\\\/\\\/www.aliadospuebla.com\\\/#\\\/schema\\\/person\\\/5da7dd09320bd4f392b710017ed5f8ad\"},\"breadcrumb\":{\"@id\":\"https:\\\/\\\/www.aliadospuebla.com\\\/?p=78773#breadcrumb\"},\"inLanguage\":\"es\",\"potentialAction\":[{\"@type\":\"ReadAction\",\"target\":[\"https:\\\/\\\/www.aliadospuebla.com\\\/?p=78773\"]}]},{\"@type\":\"ImageObject\",\"inLanguage\":\"es\",\"@id\":\"https:\\\/\\\/www.aliadospuebla.com\\\/?p=78773#primaryimage\",\"url\":\"https:\\\/\\\/www.aliadospuebla.com\\\/web2017\\\/wp-content\\\/uploads\\\/2023\\\/03\\\/063.jpg\",\"contentUrl\":\"https:\\\/\\\/www.aliadospuebla.com\\\/web2017\\\/wp-content\\\/uploads\\\/2023\\\/03\\\/063.jpg\",\"width\":600,\"height\":450},{\"@type\":\"BreadcrumbList\",\"@id\":\"https:\\\/\\\/www.aliadospuebla.com\\\/?p=78773#breadcrumb\",\"itemListElement\":[{\"@type\":\"ListItem\",\"position\":1,\"name\":\"Portada\",\"item\":\"https:\\\/\\\/www.aliadospuebla.com\\\/\"},{\"@type\":\"ListItem\",\"position\":2,\"name\":\"Beneficia gobierno estatal a m\u00e1s de 3 mil 500 poblanas con \u201cViernes de las Mujeres\u201d\"}]},{\"@type\":\"WebSite\",\"@id\":\"https:\\\/\\\/www.aliadospuebla.com\\\/#website\",\"url\":\"https:\\\/\\\/www.aliadospuebla.com\\\/\",\"name\":\"AliadosPuebla\",\"description\":\"La informaci\u00f3n en tus manos\",\"potentialAction\":[{\"@type\":\"SearchAction\",\"target\":{\"@type\":\"EntryPoint\",\"urlTemplate\":\"https:\\\/\\\/www.aliadospuebla.com\\\/?s={search_term_string}\"},\"query-input\":{\"@type\":\"PropertyValueSpecification\",\"valueRequired\":true,\"valueName\":\"search_term_string\"}}],\"inLanguage\":\"es\"},{\"@type\":\"Person\",\"@id\":\"https:\\\/\\\/www.aliadospuebla.com\\\/#\\\/schema\\\/person\\\/5da7dd09320bd4f392b710017ed5f8ad\",\"name\":\"Aliados17\",\"image\":{\"@type\":\"ImageObject\",\"inLanguage\":\"es\",\"@id\":\"https:\\\/\\\/www.aliadospuebla.com\\\/web2017\\\/wp-content\\\/uploads\\\/2025\\\/03\\\/cropped-para-perfil-8-anos-1-96x96.jpg\",\"url\":\"https:\\\/\\\/www.aliadospuebla.com\\\/web2017\\\/wp-content\\\/uploads\\\/2025\\\/03\\\/cropped-para-perfil-8-anos-1-96x96.jpg\",\"contentUrl\":\"https:\\\/\\\/www.aliadospuebla.com\\\/web2017\\\/wp-content\\\/uploads\\\/2025\\\/03\\\/cropped-para-perfil-8-anos-1-96x96.jpg\",\"caption\":\"Aliados17\"},\"sameAs\":[\"https:\\\/\\\/www.aliados17.com\",\"https:\\\/\\\/www.facebook.com\\\/Aliados17Pue\",\"https:\\\/\\\/x.com\\\/AliadosPuebla\"],\"url\":\"https:\\\/\\\/www.aliadospuebla.com\\\/?author=2\"}]}<\/script>\n<!-- \/ Yoast SEO plugin. -->","yoast_head_json":{"title":"Beneficia gobierno estatal a m\u00e1s de 3 mil 500 poblanas con \u201cViernes de las Mujeres\u201d - AliadosPuebla","robots":{"index":"index","follow":"follow","max-snippet":"max-snippet:-1","max-image-preview":"max-image-preview:large","max-video-preview":"max-video-preview:-1"},"canonical":"https:\/\/www.aliadospuebla.com\/?p=78773","og_locale":"es_ES","og_type":"article","og_title":"Beneficia gobierno estatal a m\u00e1s de 3 mil 500 poblanas con \u201cViernes de las Mujeres\u201d - AliadosPuebla","og_description":"El SEDIF y las secretar\u00edas de Gobernaci\u00f3n y Salud brindaron atenci\u00f3n a poblanas de la junta auxiliar de San Baltazar Tetela y sus alrededores \u00a0 &#8211; A este programa fue integrado un laboratorio de an\u00e1lisis cl\u00ednicos en el que las y los pacientes obtienen resultados con mayor celeridad CIUDAD DE PUEBLA, Pue.-\u00a0Del 27 de enero a la fecha, m\u00e1s de 3 mil 500 poblanas han sido beneficiadas con el programa \u201cViernes de las Mujeres\u201d, lo cual ha sido posible gracias a las pol\u00edticas p\u00fablicas que dise\u00f1a el Gobierno del Estado para acercar los servicios a las y los ciudadanos, que les permitan vivir de manera digna con servicios de calidad, inform\u00f3 el secretario de Gobernaci\u00f3n, Julio Huerta G\u00f3mez. Al encabezar la jornada de esta semana&hellip;Leer m\u00e1s...","og_url":"https:\/\/www.aliadospuebla.com\/?p=78773","og_site_name":"AliadosPuebla","article_author":"https:\/\/www.facebook.com\/Aliados17Pue","article_published_time":"2023-03-11T04:30:07+00:00","og_image":[{"width":600,"height":450,"url":"https:\/\/www.aliadospuebla.com\/web2017\/wp-content\/uploads\/2023\/03\/063.jpg","type":"image\/jpeg"}],"author":"Aliados17","twitter_card":"summary_large_image","twitter_creator":"@AliadosPuebla","twitter_misc":{"Escrito por":"Aliados17","Tiempo de lectura":"3 minutos"},"schema":{"@context":"https:\/\/schema.org","@graph":[{"@type":"Article","@id":"https:\/\/www.aliadospuebla.com\/?p=78773#article","isPartOf":{"@id":"https:\/\/www.aliadospuebla.com\/?p=78773"},"author":{"name":"Aliados17","@id":"https:\/\/www.aliadospuebla.com\/#\/schema\/person\/5da7dd09320bd4f392b710017ed5f8ad"},"headline":"Beneficia gobierno estatal a m\u00e1s de 3 mil 500 poblanas con \u201cViernes de las Mujeres\u201d","datePublished":"2023-03-11T04:30:07+00:00","mainEntityOfPage":{"@id":"https:\/\/www.aliadospuebla.com\/?p=78773"},"wordCount":568,"commentCount":0,"image":{"@id":"https:\/\/www.aliadospuebla.com\/?p=78773#primaryimage"},"thumbnailUrl":"https:\/\/www.aliadospuebla.com\/web2017\/wp-content\/uploads\/2023\/03\/063.jpg","keywords":["GOBERNACI\u00d3N","JORNADA","Julio Huerta G\u00f3mez","SALUD","SEDIF","viernes de las mujeres"],"articleSection":["Gobierno"],"inLanguage":"es","potentialAction":[{"@type":"CommentAction","name":"Comment","target":["https:\/\/www.aliadospuebla.com\/?p=78773#respond"]}]},{"@type":"WebPage","@id":"https:\/\/www.aliadospuebla.com\/?p=78773","url":"https:\/\/www.aliadospuebla.com\/?p=78773","name":"Beneficia gobierno estatal a m\u00e1s de 3 mil 500 poblanas con \u201cViernes de las Mujeres\u201d - AliadosPuebla","isPartOf":{"@id":"https:\/\/www.aliadospuebla.com\/#website"},"primaryImageOfPage":{"@id":"https:\/\/www.aliadospuebla.com\/?p=78773#primaryimage"},"image":{"@id":"https:\/\/www.aliadospuebla.com\/?p=78773#primaryimage"},"thumbnailUrl":"https:\/\/www.aliadospuebla.com\/web2017\/wp-content\/uploads\/2023\/03\/063.jpg","datePublished":"2023-03-11T04:30:07+00:00","author":{"@id":"https:\/\/www.aliadospuebla.com\/#\/schema\/person\/5da7dd09320bd4f392b710017ed5f8ad"},"breadcrumb":{"@id":"https:\/\/www.aliadospuebla.com\/?p=78773#breadcrumb"},"inLanguage":"es","potentialAction":[{"@type":"ReadAction","target":["https:\/\/www.aliadospuebla.com\/?p=78773"]}]},{"@type":"ImageObject","inLanguage":"es","@id":"https:\/\/www.aliadospuebla.com\/?p=78773#primaryimage","url":"https:\/\/www.aliadospuebla.com\/web2017\/wp-content\/uploads\/2023\/03\/063.jpg","contentUrl":"https:\/\/www.aliadospuebla.com\/web2017\/wp-content\/uploads\/2023\/03\/063.jpg","width":600,"height":450},{"@type":"BreadcrumbList","@id":"https:\/\/www.aliadospuebla.com\/?p=78773#breadcrumb","itemListElement":[{"@type":"ListItem","position":1,"name":"Portada","item":"https:\/\/www.aliadospuebla.com\/"},{"@type":"ListItem","position":2,"name":"Beneficia gobierno estatal a m\u00e1s de 3 mil 500 poblanas con \u201cViernes de las Mujeres\u201d"}]},{"@type":"WebSite","@id":"https:\/\/www.aliadospuebla.com\/#website","url":"https:\/\/www.aliadospuebla.com\/","name":"AliadosPuebla","description":"La informaci\u00f3n en tus manos","potentialAction":[{"@type":"SearchAction","target":{"@type":"EntryPoint","urlTemplate":"https:\/\/www.aliadospuebla.com\/?s={search_term_string}"},"query-input":{"@type":"PropertyValueSpecification","valueRequired":true,"valueName":"search_term_string"}}],"inLanguage":"es"},{"@type":"Person","@id":"https:\/\/www.aliadospuebla.com\/#\/schema\/person\/5da7dd09320bd4f392b710017ed5f8ad","name":"Aliados17","image":{"@type":"ImageObject","inLanguage":"es","@id":"https:\/\/www.aliadospuebla.com\/web2017\/wp-content\/uploads\/2025\/03\/cropped-para-perfil-8-anos-1-96x96.jpg","url":"https:\/\/www.aliadospuebla.com\/web2017\/wp-content\/uploads\/2025\/03\/cropped-para-perfil-8-anos-1-96x96.jpg","contentUrl":"https:\/\/www.aliadospuebla.com\/web2017\/wp-content\/uploads\/2025\/03\/cropped-para-perfil-8-anos-1-96x96.jpg","caption":"Aliados17"},"sameAs":["https:\/\/www.aliados17.com","https:\/\/www.facebook.com\/Aliados17Pue","https:\/\/x.com\/AliadosPuebla"],"url":"https:\/\/www.aliadospuebla.com\/?author=2"}]}},"views":7,"_links":{"self":[{"href":"https:\/\/www.aliadospuebla.com\/index.php?rest_route=\/wp\/v2\/posts\/78773","targetHints":{"allow":["GET"]}}],"collection":[{"href":"https:\/\/www.aliadospuebla.com\/index.php?rest_route=\/wp\/v2\/posts"}],"about":[{"href":"https:\/\/www.aliadospuebla.com\/index.php?rest_route=\/wp\/v2\/types\/post"}],"author":[{"embeddable":true,"href":"https:\/\/www.aliadospuebla.com\/index.php?rest_route=\/wp\/v2\/users\/2"}],"replies":[{"embeddable":true,"href":"https:\/\/www.aliadospuebla.com\/index.php?rest_route=%2Fwp%2Fv2%2Fcomments&post=78773"}],"version-history":[{"count":1,"href":"https:\/\/www.aliadospuebla.com\/index.php?rest_route=\/wp\/v2\/posts\/78773\/revisions"}],"predecessor-version":[{"id":78775,"href":"https:\/\/www.aliadospuebla.com\/index.php?rest_route=\/wp\/v2\/posts\/78773\/revisions\/78775"}],"wp:featuredmedia":[{"embeddable":true,"href":"https:\/\/www.aliadospuebla.com\/index.php?rest_route=\/wp\/v2\/media\/78774"}],"wp:attachment":[{"href":"https:\/\/www.aliadospuebla.com\/index.php?rest_route=%2Fwp%2Fv2%2Fmedia&parent=78773"}],"wp:term":[{"taxonomy":"category","embeddable":true,"href":"https:\/\/www.aliadospuebla.com\/index.php?rest_route=%2Fwp%2Fv2%2Fcategories&post=78773"},{"taxonomy":"post_tag","embeddable":true,"href":"https:\/\/www.aliadospuebla.com\/index.php?rest_route=%2Fwp%2Fv2%2Ftags&post=78773"}],"curies":[{"name":"wp","href":"https:\/\/api.w.org\/{rel}","templated":true}]}}