{"id":78688,"date":"2023-03-07T19:05:13","date_gmt":"2023-03-08T01:05:13","guid":{"rendered":"https:\/\/www.aliados17.com\/?p=78688"},"modified":"2023-03-07T19:05:13","modified_gmt":"2023-03-08T01:05:13","slug":"llama-alejandro-moreno-a-simpatizantes-de-mc-a-sumarse-al-gran-proyecto-opositor-en-coahuila-y-estado-de-mexico","status":"publish","type":"post","link":"https:\/\/www.aliadospuebla.com\/?p=78688","title":{"rendered":"LLAMA ALEJANDRO MORENO A SIMPATIZANTES DE MC A SUMARSE AL GRAN PROYECTO OPOSITOR EN COAHUILA Y ESTADO DE M\u00c9XICO"},"content":{"rendered":"<h4>El l\u00edder nacional del PRI les convoc\u00f3 a defender juntos el futuro de ambos estados, con Alejandra del Moral Vela y Manolo Jim\u00e9nez.<\/h4>\n<p>\u2022 Reiter\u00f3 todo el apoyo, respaldo y compromiso del tricolor a las mujeres mexicanas este 8 de marzo:<\/p>\n<p>\u201ccuentan con nosotros, somos aliados de ellas\u201d, subray\u00f3.<\/p>\n<p>Ni Primor, ni pactos debajo de la mesa, ni campa\u00f1as ilegales, afirm\u00f3 Alejandro Moreno,<\/p>\n<p>Presidente del Comit\u00e9 Ejecutivo Nacional (CEN) del Partido Revolucionario Institucional (PRI),<\/p>\n<p>quien subray\u00f3 que la dirigencia de Movimiento Ciudadano (MC) \u201cest\u00e1 desesperada,<\/p>\n<p>cambi\u00f3 de naranja a guinda y s\u00f3lo se est\u00e1 prestando a jugar, desde la c\u00fapula, el juego a Morena\u201d,<\/p>\n<p>para dividir el voto.<\/p>\n<p>Hizo un llamado a los simpatizantes de MC en Coahuila y el Estado de M\u00e9xico,<\/p>\n<p>a que se sumen al gran proyecto opositor que encabezan Alejandra del Moral Vela<\/p>\n<p>y Manolo Jim\u00e9nez, \u201cpara que juntos defendamos el futuro de sus estados\u201d.<\/p>\n<p>\u201cLe quieren jugar al esquirol y al porro. Porro, porque es la manera en que hacen pol\u00edtica,<\/p>\n<p>reventando las elecciones y asumiendo el papel de esquiroles y lacayos desde sus dirigencias nacionales\u201d,<\/p>\n<p>asegur\u00f3 en conferencia de prensa en la sede partidista.<\/p>\n<p>En compa\u00f1\u00eda del Coordinador del Grupo Parlamentario en la C\u00e1mara de Diputados, Rub\u00e9n Moreira;<\/p>\n<p>del Vicecoordinador en el Senado de la Rep\u00fablica, Manuel A\u00f1orve, de legisladores e integrantes<\/p>\n<p>de la dirigencia nacional, el Presidente Alejandro Moreno sostuvo que \u201cno cabe duda que Morena<\/p>\n<p>y Movimiento Ciudadano son lo mismo; ya es un aliado y ya trabajan en equipo\u201d.<\/p>\n<p>Remarc\u00f3 que la c\u00fapula de MC, integrada, entre otros, por Dante Delgado y Jorge \u00c1lvarez M\u00e1ynez<\/p>\n<p>\u201cson traidores, esquiroles; esquiroles del poder y vividores de la pol\u00edtica\u201d. Juntos, dijo,<\/p>\n<p>podr\u00edamos hacer un gran frente amplio para ganar al oficialismo.<\/p>\n<p>&nbsp;<\/p>\n<h4>Es momento de hablar con claridad, defender a M\u00e9xico e ir juntos en un mismo proyecto, subray\u00f3, al tiempo de indicar que MC justifica su decisi\u00f3n con argumentos falsos, calumniosos y cobardes.<\/h4>\n<p>&nbsp;<\/p>\n<p>El l\u00edder del Revolucionario Institucional puntualiz\u00f3 que MC hoy es una amenaza para la democracia, pero distingui\u00f3 entre la dirigencia y sus militantes. \u201cUna cosa son los dirigentes de MC y otra cosa son los militantes y simpatizantes, que son gente comprometida y buena que quiere un cambio por M\u00e9xico\u201d.<\/p>\n<p>Expres\u00f3 su respeto a toda la militancia de MC, a quien se\u00f1al\u00f3: \u201cles decimos que participen en las campa\u00f1as del Estado de M\u00e9xico y Coahuila y hagan el voto \u00fatil, que vayan con nosotros. Tienen las puertas abiertas en el PRI y en Va por M\u00e9xico\u201d, puntualiz\u00f3.<\/p>\n<p>El tambi\u00e9n diputado federal recalc\u00f3 que una buena decisi\u00f3n de los militantes de MC ser\u00eda \u201csalir a hacer campa\u00f1a a favor de Alejandra del Moral y de Manolo Jim\u00e9nez\u201d, al tiempo de apuntar que \u201ccon la sociedad civil, construimos un verdadero frente opositor\u201d, la alianza \u201cVa por M\u00e9xico\u201d est\u00e1 m\u00e1s fuerte que nunca y \u201cjam\u00e1s haremos un pacto con el oficialismo\u201d.<\/p>\n<p>Por otra parte, el Presidente Alejandro Moreno reiter\u00f3 todo el apoyo, el respaldo y el compromiso del PRI a las mujeres mexicanas este 8 de marzo, que se conmemora el D\u00eda Internacional de la Mujer. \u201cCuentan con nosotros, somos aliados de ellas\u201d, asever\u00f3.<\/p>\n<p>Asimismo, se\u00f1al\u00f3, en torno de la violencia en Tamaulipas, que \u201cnecesitamos garantizar paz y armon\u00eda\u201d e hizo un en\u00e9rgico llamado a los gobiernos de esa entidad y federal, \u201cporque se les est\u00e1 desbordando la violencia en el pa\u00eds\u201d.<\/p>\n","protected":false},"excerpt":{"rendered":"<p>El l\u00edder nacional del PRI les convoc\u00f3 a defender juntos el futuro de ambos estados, con Alejandra del Moral Vela y Manolo Jim\u00e9nez. \u2022 Reiter\u00f3 todo el apoyo, respaldo y compromiso del tricolor a las mujeres mexicanas este 8 de marzo: \u201ccuentan con nosotros, somos aliados de ellas\u201d, subray\u00f3. Ni Primor, ni pactos debajo de la mesa, ni campa\u00f1as ilegales, afirm\u00f3 Alejandro Moreno, Presidente del Comit\u00e9 Ejecutivo Nacional (CEN) del Partido Revolucionario Institucional (PRI), quien subray\u00f3 que la dirigencia de Movimiento Ciudadano (MC) \u201cest\u00e1 desesperada, cambi\u00f3 de naranja a guinda y s\u00f3lo se est\u00e1 prestando a jugar, desde la c\u00fapula, el juego a Morena\u201d, para dividir el voto. Hizo un llamado a los simpatizantes de MC en Coahuila y el Estado de M\u00e9xico, a que&hellip;<\/p>\n<p class=\"excerpt-more\"><a class=\"blog-excerpt button\" href=\"https:\/\/www.aliadospuebla.com\/?p=78688\">Leer m\u00e1s&#8230;<\/a><\/p>\n","protected":false},"author":2,"featured_media":78689,"comment_status":"open","ping_status":"open","sticky":false,"template":"","format":"standard","meta":{"_monsterinsights_skip_tracking":false,"footnotes":""},"categories":[6],"tags":[4780,41,11894,9001,3890,20519,45],"class_list":["post-78688","post","type-post","status-publish","format-standard","has-post-thumbnail","hentry","category-politica","tag-alejandro-armenta","tag-elecciones","tag-grupo-parlamentario","tag-mc","tag-militantes","tag-oficialismo","tag-pri"],"yoast_head":"<!-- This site is optimized with the Yoast SEO plugin v28.4 - https:\/\/yoast.com\/product\/yoast-seo-wordpress\/ -->\n<title>LLAMA ALEJANDRO MORENO A SIMPATIZANTES DE MC A SUMARSE AL GRAN PROYECTO OPOSITOR EN COAHUILA Y ESTADO DE M\u00c9XICO - AliadosPuebla<\/title>\n<meta name=\"robots\" content=\"index, follow, max-snippet:-1, max-image-preview:large, max-video-preview:-1\" \/>\n<link rel=\"canonical\" href=\"https:\/\/www.aliadospuebla.com\/?p=78688\" \/>\n<meta property=\"og:locale\" content=\"es_ES\" \/>\n<meta property=\"og:type\" content=\"article\" \/>\n<meta property=\"og:title\" content=\"LLAMA ALEJANDRO MORENO A SIMPATIZANTES DE MC A SUMARSE AL GRAN PROYECTO OPOSITOR EN COAHUILA Y ESTADO DE M\u00c9XICO - AliadosPuebla\" \/>\n<meta property=\"og:description\" content=\"El l\u00edder nacional del PRI les convoc\u00f3 a defender juntos el futuro de ambos estados, con Alejandra del Moral Vela y Manolo Jim\u00e9nez. \u2022 Reiter\u00f3 todo el apoyo, respaldo y compromiso del tricolor a las mujeres mexicanas este 8 de marzo: \u201ccuentan con nosotros, somos aliados de ellas\u201d, subray\u00f3. Ni Primor, ni pactos debajo de la mesa, ni campa\u00f1as ilegales, afirm\u00f3 Alejandro Moreno, Presidente del Comit\u00e9 Ejecutivo Nacional (CEN) del Partido Revolucionario Institucional (PRI), quien subray\u00f3 que la dirigencia de Movimiento Ciudadano (MC) \u201cest\u00e1 desesperada, cambi\u00f3 de naranja a guinda y s\u00f3lo se est\u00e1 prestando a jugar, desde la c\u00fapula, el juego a Morena\u201d, para dividir el voto. Hizo un llamado a los simpatizantes de MC en Coahuila y el Estado de M\u00e9xico, a que&hellip;Leer m\u00e1s...\" \/>\n<meta property=\"og:url\" content=\"https:\/\/www.aliadospuebla.com\/?p=78688\" \/>\n<meta property=\"og:site_name\" content=\"AliadosPuebla\" \/>\n<meta property=\"article:author\" content=\"https:\/\/www.facebook.com\/Aliados17Pue\" \/>\n<meta property=\"article:published_time\" content=\"2023-03-08T01:05:13+00:00\" \/>\n<meta property=\"og:image\" content=\"https:\/\/www.aliadospuebla.com\/web2017\/wp-content\/uploads\/2023\/03\/036.jpg\" \/>\n\t<meta property=\"og:image:width\" content=\"600\" \/>\n\t<meta property=\"og:image:height\" content=\"450\" \/>\n\t<meta property=\"og:image:type\" content=\"image\/jpeg\" \/>\n<meta name=\"author\" content=\"Aliados17\" \/>\n<meta name=\"twitter:card\" content=\"summary_large_image\" \/>\n<meta name=\"twitter:creator\" content=\"@AliadosPuebla\" \/>\n<meta name=\"twitter:label1\" content=\"Escrito por\" \/>\n\t<meta name=\"twitter:data1\" content=\"Aliados17\" \/>\n\t<meta name=\"twitter:label2\" content=\"Tiempo de lectura\" \/>\n\t<meta name=\"twitter:data2\" content=\"3 minutos\" \/>\n<script type=\"application\/ld+json\" class=\"yoast-schema-graph\">{\"@context\":\"https:\\\/\\\/schema.org\",\"@graph\":[{\"@type\":\"Article\",\"@id\":\"https:\\\/\\\/www.aliadospuebla.com\\\/?p=78688#article\",\"isPartOf\":{\"@id\":\"https:\\\/\\\/www.aliadospuebla.com\\\/?p=78688\"},\"author\":{\"name\":\"Aliados17\",\"@id\":\"https:\\\/\\\/www.aliadospuebla.com\\\/#\\\/schema\\\/person\\\/5da7dd09320bd4f392b710017ed5f8ad\"},\"headline\":\"LLAMA ALEJANDRO MORENO A SIMPATIZANTES DE MC A SUMARSE AL GRAN PROYECTO OPOSITOR EN COAHUILA Y ESTADO DE M\u00c9XICO\",\"datePublished\":\"2023-03-08T01:05:13+00:00\",\"mainEntityOfPage\":{\"@id\":\"https:\\\/\\\/www.aliadospuebla.com\\\/?p=78688\"},\"wordCount\":615,\"commentCount\":0,\"image\":{\"@id\":\"https:\\\/\\\/www.aliadospuebla.com\\\/?p=78688#primaryimage\"},\"thumbnailUrl\":\"https:\\\/\\\/www.aliadospuebla.com\\\/web2017\\\/wp-content\\\/uploads\\\/2023\\\/03\\\/036.jpg\",\"keywords\":[\"ALEJANDRO ARMENTA\",\"Elecciones\",\"grupo parlamentario\",\"MC\",\"MILITANTES\",\"oficialismo\",\"PRI\"],\"articleSection\":[\"Pol\u00edtica\"],\"inLanguage\":\"es\",\"potentialAction\":[{\"@type\":\"CommentAction\",\"name\":\"Comment\",\"target\":[\"https:\\\/\\\/www.aliadospuebla.com\\\/?p=78688#respond\"]}]},{\"@type\":\"WebPage\",\"@id\":\"https:\\\/\\\/www.aliadospuebla.com\\\/?p=78688\",\"url\":\"https:\\\/\\\/www.aliadospuebla.com\\\/?p=78688\",\"name\":\"LLAMA ALEJANDRO MORENO A SIMPATIZANTES DE MC A SUMARSE AL GRAN PROYECTO OPOSITOR EN COAHUILA Y ESTADO DE M\u00c9XICO - AliadosPuebla\",\"isPartOf\":{\"@id\":\"https:\\\/\\\/www.aliadospuebla.com\\\/#website\"},\"primaryImageOfPage\":{\"@id\":\"https:\\\/\\\/www.aliadospuebla.com\\\/?p=78688#primaryimage\"},\"image\":{\"@id\":\"https:\\\/\\\/www.aliadospuebla.com\\\/?p=78688#primaryimage\"},\"thumbnailUrl\":\"https:\\\/\\\/www.aliadospuebla.com\\\/web2017\\\/wp-content\\\/uploads\\\/2023\\\/03\\\/036.jpg\",\"datePublished\":\"2023-03-08T01:05:13+00:00\",\"author\":{\"@id\":\"https:\\\/\\\/www.aliadospuebla.com\\\/#\\\/schema\\\/person\\\/5da7dd09320bd4f392b710017ed5f8ad\"},\"breadcrumb\":{\"@id\":\"https:\\\/\\\/www.aliadospuebla.com\\\/?p=78688#breadcrumb\"},\"inLanguage\":\"es\",\"potentialAction\":[{\"@type\":\"ReadAction\",\"target\":[\"https:\\\/\\\/www.aliadospuebla.com\\\/?p=78688\"]}]},{\"@type\":\"ImageObject\",\"inLanguage\":\"es\",\"@id\":\"https:\\\/\\\/www.aliadospuebla.com\\\/?p=78688#primaryimage\",\"url\":\"https:\\\/\\\/www.aliadospuebla.com\\\/web2017\\\/wp-content\\\/uploads\\\/2023\\\/03\\\/036.jpg\",\"contentUrl\":\"https:\\\/\\\/www.aliadospuebla.com\\\/web2017\\\/wp-content\\\/uploads\\\/2023\\\/03\\\/036.jpg\",\"width\":600,\"height\":450},{\"@type\":\"BreadcrumbList\",\"@id\":\"https:\\\/\\\/www.aliadospuebla.com\\\/?p=78688#breadcrumb\",\"itemListElement\":[{\"@type\":\"ListItem\",\"position\":1,\"name\":\"Portada\",\"item\":\"https:\\\/\\\/www.aliadospuebla.com\\\/\"},{\"@type\":\"ListItem\",\"position\":2,\"name\":\"LLAMA ALEJANDRO MORENO A SIMPATIZANTES DE MC A SUMARSE AL GRAN PROYECTO OPOSITOR EN COAHUILA Y ESTADO DE M\u00c9XICO\"}]},{\"@type\":\"WebSite\",\"@id\":\"https:\\\/\\\/www.aliadospuebla.com\\\/#website\",\"url\":\"https:\\\/\\\/www.aliadospuebla.com\\\/\",\"name\":\"AliadosPuebla\",\"description\":\"La informaci\u00f3n en tus manos\",\"potentialAction\":[{\"@type\":\"SearchAction\",\"target\":{\"@type\":\"EntryPoint\",\"urlTemplate\":\"https:\\\/\\\/www.aliadospuebla.com\\\/?s={search_term_string}\"},\"query-input\":{\"@type\":\"PropertyValueSpecification\",\"valueRequired\":true,\"valueName\":\"search_term_string\"}}],\"inLanguage\":\"es\"},{\"@type\":\"Person\",\"@id\":\"https:\\\/\\\/www.aliadospuebla.com\\\/#\\\/schema\\\/person\\\/5da7dd09320bd4f392b710017ed5f8ad\",\"name\":\"Aliados17\",\"image\":{\"@type\":\"ImageObject\",\"inLanguage\":\"es\",\"@id\":\"https:\\\/\\\/www.aliadospuebla.com\\\/web2017\\\/wp-content\\\/uploads\\\/2025\\\/03\\\/cropped-para-perfil-8-anos-1-96x96.jpg\",\"url\":\"https:\\\/\\\/www.aliadospuebla.com\\\/web2017\\\/wp-content\\\/uploads\\\/2025\\\/03\\\/cropped-para-perfil-8-anos-1-96x96.jpg\",\"contentUrl\":\"https:\\\/\\\/www.aliadospuebla.com\\\/web2017\\\/wp-content\\\/uploads\\\/2025\\\/03\\\/cropped-para-perfil-8-anos-1-96x96.jpg\",\"caption\":\"Aliados17\"},\"sameAs\":[\"https:\\\/\\\/www.aliados17.com\",\"https:\\\/\\\/www.facebook.com\\\/Aliados17Pue\",\"https:\\\/\\\/x.com\\\/AliadosPuebla\"],\"url\":\"https:\\\/\\\/www.aliadospuebla.com\\\/?author=2\"}]}<\/script>\n<!-- \/ Yoast SEO plugin. -->","yoast_head_json":{"title":"LLAMA ALEJANDRO MORENO A SIMPATIZANTES DE MC A SUMARSE AL GRAN PROYECTO OPOSITOR EN COAHUILA Y ESTADO DE M\u00c9XICO - AliadosPuebla","robots":{"index":"index","follow":"follow","max-snippet":"max-snippet:-1","max-image-preview":"max-image-preview:large","max-video-preview":"max-video-preview:-1"},"canonical":"https:\/\/www.aliadospuebla.com\/?p=78688","og_locale":"es_ES","og_type":"article","og_title":"LLAMA ALEJANDRO MORENO A SIMPATIZANTES DE MC A SUMARSE AL GRAN PROYECTO OPOSITOR EN COAHUILA Y ESTADO DE M\u00c9XICO - AliadosPuebla","og_description":"El l\u00edder nacional del PRI les convoc\u00f3 a defender juntos el futuro de ambos estados, con Alejandra del Moral Vela y Manolo Jim\u00e9nez. \u2022 Reiter\u00f3 todo el apoyo, respaldo y compromiso del tricolor a las mujeres mexicanas este 8 de marzo: \u201ccuentan con nosotros, somos aliados de ellas\u201d, subray\u00f3. Ni Primor, ni pactos debajo de la mesa, ni campa\u00f1as ilegales, afirm\u00f3 Alejandro Moreno, Presidente del Comit\u00e9 Ejecutivo Nacional (CEN) del Partido Revolucionario Institucional (PRI), quien subray\u00f3 que la dirigencia de Movimiento Ciudadano (MC) \u201cest\u00e1 desesperada, cambi\u00f3 de naranja a guinda y s\u00f3lo se est\u00e1 prestando a jugar, desde la c\u00fapula, el juego a Morena\u201d, para dividir el voto. Hizo un llamado a los simpatizantes de MC en Coahuila y el Estado de M\u00e9xico, a que&hellip;Leer m\u00e1s...","og_url":"https:\/\/www.aliadospuebla.com\/?p=78688","og_site_name":"AliadosPuebla","article_author":"https:\/\/www.facebook.com\/Aliados17Pue","article_published_time":"2023-03-08T01:05:13+00:00","og_image":[{"width":600,"height":450,"url":"https:\/\/www.aliadospuebla.com\/web2017\/wp-content\/uploads\/2023\/03\/036.jpg","type":"image\/jpeg"}],"author":"Aliados17","twitter_card":"summary_large_image","twitter_creator":"@AliadosPuebla","twitter_misc":{"Escrito por":"Aliados17","Tiempo de lectura":"3 minutos"},"schema":{"@context":"https:\/\/schema.org","@graph":[{"@type":"Article","@id":"https:\/\/www.aliadospuebla.com\/?p=78688#article","isPartOf":{"@id":"https:\/\/www.aliadospuebla.com\/?p=78688"},"author":{"name":"Aliados17","@id":"https:\/\/www.aliadospuebla.com\/#\/schema\/person\/5da7dd09320bd4f392b710017ed5f8ad"},"headline":"LLAMA ALEJANDRO MORENO A SIMPATIZANTES DE MC A SUMARSE AL GRAN PROYECTO OPOSITOR EN COAHUILA Y ESTADO DE M\u00c9XICO","datePublished":"2023-03-08T01:05:13+00:00","mainEntityOfPage":{"@id":"https:\/\/www.aliadospuebla.com\/?p=78688"},"wordCount":615,"commentCount":0,"image":{"@id":"https:\/\/www.aliadospuebla.com\/?p=78688#primaryimage"},"thumbnailUrl":"https:\/\/www.aliadospuebla.com\/web2017\/wp-content\/uploads\/2023\/03\/036.jpg","keywords":["ALEJANDRO ARMENTA","Elecciones","grupo parlamentario","MC","MILITANTES","oficialismo","PRI"],"articleSection":["Pol\u00edtica"],"inLanguage":"es","potentialAction":[{"@type":"CommentAction","name":"Comment","target":["https:\/\/www.aliadospuebla.com\/?p=78688#respond"]}]},{"@type":"WebPage","@id":"https:\/\/www.aliadospuebla.com\/?p=78688","url":"https:\/\/www.aliadospuebla.com\/?p=78688","name":"LLAMA ALEJANDRO MORENO A SIMPATIZANTES DE MC A SUMARSE AL GRAN PROYECTO OPOSITOR EN COAHUILA Y ESTADO DE M\u00c9XICO - AliadosPuebla","isPartOf":{"@id":"https:\/\/www.aliadospuebla.com\/#website"},"primaryImageOfPage":{"@id":"https:\/\/www.aliadospuebla.com\/?p=78688#primaryimage"},"image":{"@id":"https:\/\/www.aliadospuebla.com\/?p=78688#primaryimage"},"thumbnailUrl":"https:\/\/www.aliadospuebla.com\/web2017\/wp-content\/uploads\/2023\/03\/036.jpg","datePublished":"2023-03-08T01:05:13+00:00","author":{"@id":"https:\/\/www.aliadospuebla.com\/#\/schema\/person\/5da7dd09320bd4f392b710017ed5f8ad"},"breadcrumb":{"@id":"https:\/\/www.aliadospuebla.com\/?p=78688#breadcrumb"},"inLanguage":"es","potentialAction":[{"@type":"ReadAction","target":["https:\/\/www.aliadospuebla.com\/?p=78688"]}]},{"@type":"ImageObject","inLanguage":"es","@id":"https:\/\/www.aliadospuebla.com\/?p=78688#primaryimage","url":"https:\/\/www.aliadospuebla.com\/web2017\/wp-content\/uploads\/2023\/03\/036.jpg","contentUrl":"https:\/\/www.aliadospuebla.com\/web2017\/wp-content\/uploads\/2023\/03\/036.jpg","width":600,"height":450},{"@type":"BreadcrumbList","@id":"https:\/\/www.aliadospuebla.com\/?p=78688#breadcrumb","itemListElement":[{"@type":"ListItem","position":1,"name":"Portada","item":"https:\/\/www.aliadospuebla.com\/"},{"@type":"ListItem","position":2,"name":"LLAMA ALEJANDRO MORENO A SIMPATIZANTES DE MC A SUMARSE AL GRAN PROYECTO OPOSITOR EN COAHUILA Y ESTADO DE M\u00c9XICO"}]},{"@type":"WebSite","@id":"https:\/\/www.aliadospuebla.com\/#website","url":"https:\/\/www.aliadospuebla.com\/","name":"AliadosPuebla","description":"La informaci\u00f3n en tus manos","potentialAction":[{"@type":"SearchAction","target":{"@type":"EntryPoint","urlTemplate":"https:\/\/www.aliadospuebla.com\/?s={search_term_string}"},"query-input":{"@type":"PropertyValueSpecification","valueRequired":true,"valueName":"search_term_string"}}],"inLanguage":"es"},{"@type":"Person","@id":"https:\/\/www.aliadospuebla.com\/#\/schema\/person\/5da7dd09320bd4f392b710017ed5f8ad","name":"Aliados17","image":{"@type":"ImageObject","inLanguage":"es","@id":"https:\/\/www.aliadospuebla.com\/web2017\/wp-content\/uploads\/2025\/03\/cropped-para-perfil-8-anos-1-96x96.jpg","url":"https:\/\/www.aliadospuebla.com\/web2017\/wp-content\/uploads\/2025\/03\/cropped-para-perfil-8-anos-1-96x96.jpg","contentUrl":"https:\/\/www.aliadospuebla.com\/web2017\/wp-content\/uploads\/2025\/03\/cropped-para-perfil-8-anos-1-96x96.jpg","caption":"Aliados17"},"sameAs":["https:\/\/www.aliados17.com","https:\/\/www.facebook.com\/Aliados17Pue","https:\/\/x.com\/AliadosPuebla"],"url":"https:\/\/www.aliadospuebla.com\/?author=2"}]}},"views":10,"_links":{"self":[{"href":"https:\/\/www.aliadospuebla.com\/index.php?rest_route=\/wp\/v2\/posts\/78688","targetHints":{"allow":["GET"]}}],"collection":[{"href":"https:\/\/www.aliadospuebla.com\/index.php?rest_route=\/wp\/v2\/posts"}],"about":[{"href":"https:\/\/www.aliadospuebla.com\/index.php?rest_route=\/wp\/v2\/types\/post"}],"author":[{"embeddable":true,"href":"https:\/\/www.aliadospuebla.com\/index.php?rest_route=\/wp\/v2\/users\/2"}],"replies":[{"embeddable":true,"href":"https:\/\/www.aliadospuebla.com\/index.php?rest_route=%2Fwp%2Fv2%2Fcomments&post=78688"}],"version-history":[{"count":1,"href":"https:\/\/www.aliadospuebla.com\/index.php?rest_route=\/wp\/v2\/posts\/78688\/revisions"}],"predecessor-version":[{"id":78690,"href":"https:\/\/www.aliadospuebla.com\/index.php?rest_route=\/wp\/v2\/posts\/78688\/revisions\/78690"}],"wp:featuredmedia":[{"embeddable":true,"href":"https:\/\/www.aliadospuebla.com\/index.php?rest_route=\/wp\/v2\/media\/78689"}],"wp:attachment":[{"href":"https:\/\/www.aliadospuebla.com\/index.php?rest_route=%2Fwp%2Fv2%2Fmedia&parent=78688"}],"wp:term":[{"taxonomy":"category","embeddable":true,"href":"https:\/\/www.aliadospuebla.com\/index.php?rest_route=%2Fwp%2Fv2%2Fcategories&post=78688"},{"taxonomy":"post_tag","embeddable":true,"href":"https:\/\/www.aliadospuebla.com\/index.php?rest_route=%2Fwp%2Fv2%2Ftags&post=78688"}],"curies":[{"name":"wp","href":"https:\/\/api.w.org\/{rel}","templated":true}]}}