{"id":78644,"date":"2023-03-06T08:03:00","date_gmt":"2023-03-06T14:03:00","guid":{"rendered":"https:\/\/www.aliados17.com\/?p=78644"},"modified":"2023-03-06T08:03:00","modified_gmt":"2023-03-06T14:03:00","slug":"el-pan-puebla-tiene-una-tarea-muy-importante-trabajamos-para-darle-lo-mejor-del-pan-a-la-ciudadania","status":"publish","type":"post","link":"https:\/\/www.aliadospuebla.com\/?p=78644","title":{"rendered":"EL PAN PUEBLA TIENE UNA TAREA MUY IMPORTANTE, TRABAJAMOS PARA DARLE LO MEJOR DEL PAN A LA CIUDADAN\u00cdA"},"content":{"rendered":"<h4><strong><em>Marko Cort\u00e9s<\/em><\/strong>.\u00a0<strong><em>da<\/em><\/strong>\u00a0<strong><em>el banderazo de salida a los trabajos preparatorios encaminados a lograr la victoria en el 2024.<\/em><\/strong><\/h4>\n<p>\u201cEn Acci\u00f3n Nacional tenemos una tarea muy importante,<\/p>\n<p>es por ello que hoy estamos aqu\u00ed, para darle lo mejor del PAN a las y los ciudadanos\u201d<\/p>\n<p>as\u00ed lo expres\u00f3 la presidenta del Comit\u00e9 Directivo Estatal del Partido Acci\u00f3n Nacional (PAN) en Puebla,<\/p>\n<p>en la clausura de la Reuni\u00f3n Estatal de Estructuras Municipales 2023,<\/p>\n<p>junto con el secretario general Marcos Castro, acompa\u00f1ados del presidente nacional del PAN<\/p>\n<p>Marko Cort\u00e9s y la senadora Kenia L\u00f3pez Rabad\u00e1n.<\/p>\n<p>Por su parte, el dirigente nacional dijo a los representantes de los CDM en Puebla que,<\/p>\n<p>esta jornada es el banderazo de salida a los trabajos preparatorios encaminados<\/p>\n<p>a lograr la victoria en el 2024 y, se\u00f1al\u00f3 la necesidad de mantener la unidad interna<\/p>\n<p>y activar al panismo para ser fuertes y competitivos.<\/p>\n<p>Felicit\u00f3 a la dirigencia estatal, ya que Puebla es el primer Comit\u00e9 que realiza su reuni\u00f3n de estructuras municipales y dijo que este ejercicio se deber\u00e1 replicar en todo el pa\u00eds.<\/p>\n<p>Inst\u00f3 a la militancia a salir a la calle, a tocar puertas y voltear a ver a la sociedad, a construir en todos los \u00e1mbitos para alcanzar la victoria. \u201cVienen tiempos complicados, pero tenemos una oportunidad de ganar en Puebla y M\u00e9xico\u201d finaliz\u00f3.<\/p>\n<p>En el segundo d\u00eda de capacitaci\u00f3n a las estructuras municipales, secretarios nacionales del PAN como Fernando Doval de la Secretar\u00eda de Estudios; Alan \u00c1vila de la\u00a0 Secretar\u00eda General Adjunta; Omar Miranda de la Secretar\u00eda de Promoci\u00f3n y Defensa de los Derechos Humanos; Luis Agust\u00edn Rodr\u00edguez de la Secretar\u00eda de Fortalecimiento Interno; D\u00e9borah L\u00f3pez de la Secretar\u00eda Juvenil; y Mar\u00eda Fernanda Rivera de la Coordinaci\u00f3n de Atenci\u00f3n a la Militancia y Promoci\u00f3n del Voluntariado, compartieron sus experiencias y modelos de trabajo para fortalecer al panismo en la entidad y para cumplir los objetivos trazados.<\/p>\n<p>Acci\u00f3n Nacional trabaja para ser el partido que tenga las mejores propuestas que ofrezcan las soluciones a la destrucci\u00f3n que estamos enfrentando con el actual gobierno federal y que las y los mexicanos demandan.<\/p>\n","protected":false},"excerpt":{"rendered":"<p>Marko Cort\u00e9s.\u00a0da\u00a0el banderazo de salida a los trabajos preparatorios encaminados a lograr la victoria en el 2024. \u201cEn Acci\u00f3n Nacional tenemos una tarea muy importante, es por ello que hoy estamos aqu\u00ed, para darle lo mejor del PAN a las y los ciudadanos\u201d as\u00ed lo expres\u00f3 la presidenta del Comit\u00e9 Directivo Estatal del Partido Acci\u00f3n Nacional (PAN) en Puebla, en la clausura de la Reuni\u00f3n Estatal de Estructuras Municipales 2023, junto con el secretario general Marcos Castro, acompa\u00f1ados del presidente nacional del PAN Marko Cort\u00e9s y la senadora Kenia L\u00f3pez Rabad\u00e1n. Por su parte, el dirigente nacional dijo a los representantes de los CDM en Puebla que, esta jornada es el banderazo de salida a los trabajos preparatorios encaminados a lograr la victoria en el&hellip;<\/p>\n<p class=\"excerpt-more\"><a class=\"blog-excerpt button\" href=\"https:\/\/www.aliadospuebla.com\/?p=78644\">Leer m\u00e1s&#8230;<\/a><\/p>\n","protected":false},"author":2,"featured_media":78645,"comment_status":"open","ping_status":"open","sticky":false,"template":"","format":"standard","meta":{"_monsterinsights_skip_tracking":false,"footnotes":""},"categories":[6],"tags":[14839,21173,7390,251],"class_list":["post-78644","post","type-post","status-publish","format-standard","has-post-thumbnail","hentry","category-politica","tag-14839","tag-estructuras-municipales","tag-marko-cortes","tag-pan"],"yoast_head":"<!-- This site is optimized with the Yoast SEO plugin v28.4 - https:\/\/yoast.com\/product\/yoast-seo-wordpress\/ -->\n<title>EL PAN PUEBLA TIENE UNA TAREA MUY IMPORTANTE, TRABAJAMOS PARA DARLE LO MEJOR DEL PAN A LA CIUDADAN\u00cdA - AliadosPuebla<\/title>\n<meta name=\"robots\" content=\"index, follow, max-snippet:-1, max-image-preview:large, max-video-preview:-1\" \/>\n<link rel=\"canonical\" href=\"https:\/\/www.aliadospuebla.com\/?p=78644\" \/>\n<meta property=\"og:locale\" content=\"es_ES\" \/>\n<meta property=\"og:type\" content=\"article\" \/>\n<meta property=\"og:title\" content=\"EL PAN PUEBLA TIENE UNA TAREA MUY IMPORTANTE, TRABAJAMOS PARA DARLE LO MEJOR DEL PAN A LA CIUDADAN\u00cdA - AliadosPuebla\" \/>\n<meta property=\"og:description\" content=\"Marko Cort\u00e9s.\u00a0da\u00a0el banderazo de salida a los trabajos preparatorios encaminados a lograr la victoria en el 2024. \u201cEn Acci\u00f3n Nacional tenemos una tarea muy importante, es por ello que hoy estamos aqu\u00ed, para darle lo mejor del PAN a las y los ciudadanos\u201d as\u00ed lo expres\u00f3 la presidenta del Comit\u00e9 Directivo Estatal del Partido Acci\u00f3n Nacional (PAN) en Puebla, en la clausura de la Reuni\u00f3n Estatal de Estructuras Municipales 2023, junto con el secretario general Marcos Castro, acompa\u00f1ados del presidente nacional del PAN Marko Cort\u00e9s y la senadora Kenia L\u00f3pez Rabad\u00e1n. Por su parte, el dirigente nacional dijo a los representantes de los CDM en Puebla que, esta jornada es el banderazo de salida a los trabajos preparatorios encaminados a lograr la victoria en el&hellip;Leer m\u00e1s...\" \/>\n<meta property=\"og:url\" content=\"https:\/\/www.aliadospuebla.com\/?p=78644\" \/>\n<meta property=\"og:site_name\" content=\"AliadosPuebla\" \/>\n<meta property=\"article:author\" content=\"https:\/\/www.facebook.com\/Aliados17Pue\" \/>\n<meta property=\"article:published_time\" content=\"2023-03-06T14:03:00+00:00\" \/>\n<meta property=\"og:image\" content=\"https:\/\/www.aliadospuebla.com\/web2017\/wp-content\/uploads\/2023\/03\/023.jpg\" \/>\n\t<meta property=\"og:image:width\" content=\"600\" \/>\n\t<meta property=\"og:image:height\" content=\"450\" \/>\n\t<meta property=\"og:image:type\" content=\"image\/jpeg\" \/>\n<meta name=\"author\" content=\"Aliados17\" \/>\n<meta name=\"twitter:card\" content=\"summary_large_image\" \/>\n<meta name=\"twitter:creator\" content=\"@AliadosPuebla\" \/>\n<meta name=\"twitter:label1\" content=\"Escrito por\" \/>\n\t<meta name=\"twitter:data1\" content=\"Aliados17\" \/>\n\t<meta name=\"twitter:label2\" content=\"Tiempo de lectura\" \/>\n\t<meta name=\"twitter:data2\" content=\"2 minutos\" \/>\n<script type=\"application\/ld+json\" class=\"yoast-schema-graph\">{\"@context\":\"https:\\\/\\\/schema.org\",\"@graph\":[{\"@type\":\"Article\",\"@id\":\"https:\\\/\\\/www.aliadospuebla.com\\\/?p=78644#article\",\"isPartOf\":{\"@id\":\"https:\\\/\\\/www.aliadospuebla.com\\\/?p=78644\"},\"author\":{\"name\":\"Aliados17\",\"@id\":\"https:\\\/\\\/www.aliadospuebla.com\\\/#\\\/schema\\\/person\\\/5da7dd09320bd4f392b710017ed5f8ad\"},\"headline\":\"EL PAN PUEBLA TIENE UNA TAREA MUY IMPORTANTE, TRABAJAMOS PARA DARLE LO MEJOR DEL PAN A LA CIUDADAN\u00cdA\",\"datePublished\":\"2023-03-06T14:03:00+00:00\",\"mainEntityOfPage\":{\"@id\":\"https:\\\/\\\/www.aliadospuebla.com\\\/?p=78644\"},\"wordCount\":393,\"commentCount\":0,\"image\":{\"@id\":\"https:\\\/\\\/www.aliadospuebla.com\\\/?p=78644#primaryimage\"},\"thumbnailUrl\":\"https:\\\/\\\/www.aliadospuebla.com\\\/web2017\\\/wp-content\\\/uploads\\\/2023\\\/03\\\/023.jpg\",\"keywords\":[\"2024\",\"estructuras municipales\",\"MARKO CORT\u00c9S\",\"PAN\"],\"articleSection\":[\"Pol\u00edtica\"],\"inLanguage\":\"es\",\"potentialAction\":[{\"@type\":\"CommentAction\",\"name\":\"Comment\",\"target\":[\"https:\\\/\\\/www.aliadospuebla.com\\\/?p=78644#respond\"]}]},{\"@type\":\"WebPage\",\"@id\":\"https:\\\/\\\/www.aliadospuebla.com\\\/?p=78644\",\"url\":\"https:\\\/\\\/www.aliadospuebla.com\\\/?p=78644\",\"name\":\"EL PAN PUEBLA TIENE UNA TAREA MUY IMPORTANTE, TRABAJAMOS PARA DARLE LO MEJOR DEL PAN A LA CIUDADAN\u00cdA - AliadosPuebla\",\"isPartOf\":{\"@id\":\"https:\\\/\\\/www.aliadospuebla.com\\\/#website\"},\"primaryImageOfPage\":{\"@id\":\"https:\\\/\\\/www.aliadospuebla.com\\\/?p=78644#primaryimage\"},\"image\":{\"@id\":\"https:\\\/\\\/www.aliadospuebla.com\\\/?p=78644#primaryimage\"},\"thumbnailUrl\":\"https:\\\/\\\/www.aliadospuebla.com\\\/web2017\\\/wp-content\\\/uploads\\\/2023\\\/03\\\/023.jpg\",\"datePublished\":\"2023-03-06T14:03:00+00:00\",\"author\":{\"@id\":\"https:\\\/\\\/www.aliadospuebla.com\\\/#\\\/schema\\\/person\\\/5da7dd09320bd4f392b710017ed5f8ad\"},\"breadcrumb\":{\"@id\":\"https:\\\/\\\/www.aliadospuebla.com\\\/?p=78644#breadcrumb\"},\"inLanguage\":\"es\",\"potentialAction\":[{\"@type\":\"ReadAction\",\"target\":[\"https:\\\/\\\/www.aliadospuebla.com\\\/?p=78644\"]}]},{\"@type\":\"ImageObject\",\"inLanguage\":\"es\",\"@id\":\"https:\\\/\\\/www.aliadospuebla.com\\\/?p=78644#primaryimage\",\"url\":\"https:\\\/\\\/www.aliadospuebla.com\\\/web2017\\\/wp-content\\\/uploads\\\/2023\\\/03\\\/023.jpg\",\"contentUrl\":\"https:\\\/\\\/www.aliadospuebla.com\\\/web2017\\\/wp-content\\\/uploads\\\/2023\\\/03\\\/023.jpg\",\"width\":600,\"height\":450},{\"@type\":\"BreadcrumbList\",\"@id\":\"https:\\\/\\\/www.aliadospuebla.com\\\/?p=78644#breadcrumb\",\"itemListElement\":[{\"@type\":\"ListItem\",\"position\":1,\"name\":\"Portada\",\"item\":\"https:\\\/\\\/www.aliadospuebla.com\\\/\"},{\"@type\":\"ListItem\",\"position\":2,\"name\":\"EL PAN PUEBLA TIENE UNA TAREA MUY IMPORTANTE, TRABAJAMOS PARA DARLE LO MEJOR DEL PAN A LA CIUDADAN\u00cdA\"}]},{\"@type\":\"WebSite\",\"@id\":\"https:\\\/\\\/www.aliadospuebla.com\\\/#website\",\"url\":\"https:\\\/\\\/www.aliadospuebla.com\\\/\",\"name\":\"AliadosPuebla\",\"description\":\"La informaci\u00f3n en tus manos\",\"potentialAction\":[{\"@type\":\"SearchAction\",\"target\":{\"@type\":\"EntryPoint\",\"urlTemplate\":\"https:\\\/\\\/www.aliadospuebla.com\\\/?s={search_term_string}\"},\"query-input\":{\"@type\":\"PropertyValueSpecification\",\"valueRequired\":true,\"valueName\":\"search_term_string\"}}],\"inLanguage\":\"es\"},{\"@type\":\"Person\",\"@id\":\"https:\\\/\\\/www.aliadospuebla.com\\\/#\\\/schema\\\/person\\\/5da7dd09320bd4f392b710017ed5f8ad\",\"name\":\"Aliados17\",\"image\":{\"@type\":\"ImageObject\",\"inLanguage\":\"es\",\"@id\":\"https:\\\/\\\/www.aliadospuebla.com\\\/web2017\\\/wp-content\\\/uploads\\\/2025\\\/03\\\/cropped-para-perfil-8-anos-1-96x96.jpg\",\"url\":\"https:\\\/\\\/www.aliadospuebla.com\\\/web2017\\\/wp-content\\\/uploads\\\/2025\\\/03\\\/cropped-para-perfil-8-anos-1-96x96.jpg\",\"contentUrl\":\"https:\\\/\\\/www.aliadospuebla.com\\\/web2017\\\/wp-content\\\/uploads\\\/2025\\\/03\\\/cropped-para-perfil-8-anos-1-96x96.jpg\",\"caption\":\"Aliados17\"},\"sameAs\":[\"https:\\\/\\\/www.aliados17.com\",\"https:\\\/\\\/www.facebook.com\\\/Aliados17Pue\",\"https:\\\/\\\/x.com\\\/AliadosPuebla\"],\"url\":\"https:\\\/\\\/www.aliadospuebla.com\\\/?author=2\"}]}<\/script>\n<!-- \/ Yoast SEO plugin. -->","yoast_head_json":{"title":"EL PAN PUEBLA TIENE UNA TAREA MUY IMPORTANTE, TRABAJAMOS PARA DARLE LO MEJOR DEL PAN A LA CIUDADAN\u00cdA - AliadosPuebla","robots":{"index":"index","follow":"follow","max-snippet":"max-snippet:-1","max-image-preview":"max-image-preview:large","max-video-preview":"max-video-preview:-1"},"canonical":"https:\/\/www.aliadospuebla.com\/?p=78644","og_locale":"es_ES","og_type":"article","og_title":"EL PAN PUEBLA TIENE UNA TAREA MUY IMPORTANTE, TRABAJAMOS PARA DARLE LO MEJOR DEL PAN A LA CIUDADAN\u00cdA - AliadosPuebla","og_description":"Marko Cort\u00e9s.\u00a0da\u00a0el banderazo de salida a los trabajos preparatorios encaminados a lograr la victoria en el 2024. \u201cEn Acci\u00f3n Nacional tenemos una tarea muy importante, es por ello que hoy estamos aqu\u00ed, para darle lo mejor del PAN a las y los ciudadanos\u201d as\u00ed lo expres\u00f3 la presidenta del Comit\u00e9 Directivo Estatal del Partido Acci\u00f3n Nacional (PAN) en Puebla, en la clausura de la Reuni\u00f3n Estatal de Estructuras Municipales 2023, junto con el secretario general Marcos Castro, acompa\u00f1ados del presidente nacional del PAN Marko Cort\u00e9s y la senadora Kenia L\u00f3pez Rabad\u00e1n. Por su parte, el dirigente nacional dijo a los representantes de los CDM en Puebla que, esta jornada es el banderazo de salida a los trabajos preparatorios encaminados a lograr la victoria en el&hellip;Leer m\u00e1s...","og_url":"https:\/\/www.aliadospuebla.com\/?p=78644","og_site_name":"AliadosPuebla","article_author":"https:\/\/www.facebook.com\/Aliados17Pue","article_published_time":"2023-03-06T14:03:00+00:00","og_image":[{"width":600,"height":450,"url":"https:\/\/www.aliadospuebla.com\/web2017\/wp-content\/uploads\/2023\/03\/023.jpg","type":"image\/jpeg"}],"author":"Aliados17","twitter_card":"summary_large_image","twitter_creator":"@AliadosPuebla","twitter_misc":{"Escrito por":"Aliados17","Tiempo de lectura":"2 minutos"},"schema":{"@context":"https:\/\/schema.org","@graph":[{"@type":"Article","@id":"https:\/\/www.aliadospuebla.com\/?p=78644#article","isPartOf":{"@id":"https:\/\/www.aliadospuebla.com\/?p=78644"},"author":{"name":"Aliados17","@id":"https:\/\/www.aliadospuebla.com\/#\/schema\/person\/5da7dd09320bd4f392b710017ed5f8ad"},"headline":"EL PAN PUEBLA TIENE UNA TAREA MUY IMPORTANTE, TRABAJAMOS PARA DARLE LO MEJOR DEL PAN A LA CIUDADAN\u00cdA","datePublished":"2023-03-06T14:03:00+00:00","mainEntityOfPage":{"@id":"https:\/\/www.aliadospuebla.com\/?p=78644"},"wordCount":393,"commentCount":0,"image":{"@id":"https:\/\/www.aliadospuebla.com\/?p=78644#primaryimage"},"thumbnailUrl":"https:\/\/www.aliadospuebla.com\/web2017\/wp-content\/uploads\/2023\/03\/023.jpg","keywords":["2024","estructuras municipales","MARKO CORT\u00c9S","PAN"],"articleSection":["Pol\u00edtica"],"inLanguage":"es","potentialAction":[{"@type":"CommentAction","name":"Comment","target":["https:\/\/www.aliadospuebla.com\/?p=78644#respond"]}]},{"@type":"WebPage","@id":"https:\/\/www.aliadospuebla.com\/?p=78644","url":"https:\/\/www.aliadospuebla.com\/?p=78644","name":"EL PAN PUEBLA TIENE UNA TAREA MUY IMPORTANTE, TRABAJAMOS PARA DARLE LO MEJOR DEL PAN A LA CIUDADAN\u00cdA - AliadosPuebla","isPartOf":{"@id":"https:\/\/www.aliadospuebla.com\/#website"},"primaryImageOfPage":{"@id":"https:\/\/www.aliadospuebla.com\/?p=78644#primaryimage"},"image":{"@id":"https:\/\/www.aliadospuebla.com\/?p=78644#primaryimage"},"thumbnailUrl":"https:\/\/www.aliadospuebla.com\/web2017\/wp-content\/uploads\/2023\/03\/023.jpg","datePublished":"2023-03-06T14:03:00+00:00","author":{"@id":"https:\/\/www.aliadospuebla.com\/#\/schema\/person\/5da7dd09320bd4f392b710017ed5f8ad"},"breadcrumb":{"@id":"https:\/\/www.aliadospuebla.com\/?p=78644#breadcrumb"},"inLanguage":"es","potentialAction":[{"@type":"ReadAction","target":["https:\/\/www.aliadospuebla.com\/?p=78644"]}]},{"@type":"ImageObject","inLanguage":"es","@id":"https:\/\/www.aliadospuebla.com\/?p=78644#primaryimage","url":"https:\/\/www.aliadospuebla.com\/web2017\/wp-content\/uploads\/2023\/03\/023.jpg","contentUrl":"https:\/\/www.aliadospuebla.com\/web2017\/wp-content\/uploads\/2023\/03\/023.jpg","width":600,"height":450},{"@type":"BreadcrumbList","@id":"https:\/\/www.aliadospuebla.com\/?p=78644#breadcrumb","itemListElement":[{"@type":"ListItem","position":1,"name":"Portada","item":"https:\/\/www.aliadospuebla.com\/"},{"@type":"ListItem","position":2,"name":"EL PAN PUEBLA TIENE UNA TAREA MUY IMPORTANTE, TRABAJAMOS PARA DARLE LO MEJOR DEL PAN A LA CIUDADAN\u00cdA"}]},{"@type":"WebSite","@id":"https:\/\/www.aliadospuebla.com\/#website","url":"https:\/\/www.aliadospuebla.com\/","name":"AliadosPuebla","description":"La informaci\u00f3n en tus manos","potentialAction":[{"@type":"SearchAction","target":{"@type":"EntryPoint","urlTemplate":"https:\/\/www.aliadospuebla.com\/?s={search_term_string}"},"query-input":{"@type":"PropertyValueSpecification","valueRequired":true,"valueName":"search_term_string"}}],"inLanguage":"es"},{"@type":"Person","@id":"https:\/\/www.aliadospuebla.com\/#\/schema\/person\/5da7dd09320bd4f392b710017ed5f8ad","name":"Aliados17","image":{"@type":"ImageObject","inLanguage":"es","@id":"https:\/\/www.aliadospuebla.com\/web2017\/wp-content\/uploads\/2025\/03\/cropped-para-perfil-8-anos-1-96x96.jpg","url":"https:\/\/www.aliadospuebla.com\/web2017\/wp-content\/uploads\/2025\/03\/cropped-para-perfil-8-anos-1-96x96.jpg","contentUrl":"https:\/\/www.aliadospuebla.com\/web2017\/wp-content\/uploads\/2025\/03\/cropped-para-perfil-8-anos-1-96x96.jpg","caption":"Aliados17"},"sameAs":["https:\/\/www.aliados17.com","https:\/\/www.facebook.com\/Aliados17Pue","https:\/\/x.com\/AliadosPuebla"],"url":"https:\/\/www.aliadospuebla.com\/?author=2"}]}},"views":9,"_links":{"self":[{"href":"https:\/\/www.aliadospuebla.com\/index.php?rest_route=\/wp\/v2\/posts\/78644","targetHints":{"allow":["GET"]}}],"collection":[{"href":"https:\/\/www.aliadospuebla.com\/index.php?rest_route=\/wp\/v2\/posts"}],"about":[{"href":"https:\/\/www.aliadospuebla.com\/index.php?rest_route=\/wp\/v2\/types\/post"}],"author":[{"embeddable":true,"href":"https:\/\/www.aliadospuebla.com\/index.php?rest_route=\/wp\/v2\/users\/2"}],"replies":[{"embeddable":true,"href":"https:\/\/www.aliadospuebla.com\/index.php?rest_route=%2Fwp%2Fv2%2Fcomments&post=78644"}],"version-history":[{"count":1,"href":"https:\/\/www.aliadospuebla.com\/index.php?rest_route=\/wp\/v2\/posts\/78644\/revisions"}],"predecessor-version":[{"id":78646,"href":"https:\/\/www.aliadospuebla.com\/index.php?rest_route=\/wp\/v2\/posts\/78644\/revisions\/78646"}],"wp:featuredmedia":[{"embeddable":true,"href":"https:\/\/www.aliadospuebla.com\/index.php?rest_route=\/wp\/v2\/media\/78645"}],"wp:attachment":[{"href":"https:\/\/www.aliadospuebla.com\/index.php?rest_route=%2Fwp%2Fv2%2Fmedia&parent=78644"}],"wp:term":[{"taxonomy":"category","embeddable":true,"href":"https:\/\/www.aliadospuebla.com\/index.php?rest_route=%2Fwp%2Fv2%2Fcategories&post=78644"},{"taxonomy":"post_tag","embeddable":true,"href":"https:\/\/www.aliadospuebla.com\/index.php?rest_route=%2Fwp%2Fv2%2Ftags&post=78644"}],"curies":[{"name":"wp","href":"https:\/\/api.w.org\/{rel}","templated":true}]}}