{"id":78455,"date":"2023-02-26T10:15:33","date_gmt":"2023-02-26T16:15:33","guid":{"rendered":"https:\/\/www.aliados17.com\/?p=78455"},"modified":"2023-02-26T10:15:33","modified_gmt":"2023-02-26T16:15:33","slug":"san-pedro-cholula-promueve-acciones-en-favor-de-la-inclusion-y-empoderamiento-femenino","status":"publish","type":"post","link":"https:\/\/www.aliadospuebla.com\/?p=78455","title":{"rendered":"SAN PEDRO CHOLULA PROMUEVE ACCIONES EN FAVOR DE LA INCLUSI\u00d3N Y EMPODERAMIENTO FEMENINO"},"content":{"rendered":"<p>En el mismo sentido, para brindar un entorno igualitario en el municipio cholulteca, donde tanto las mujeres, as\u00ed como personas con discapacidad se desarrollen en un entorno que impulsa su participaci\u00f3n, se llev\u00f3 a cabo la primera feria de autoempleo de este a\u00f1o, en el parque Soria, para personas con discapacidad, adultos mayores y jefes y jefas de familia.<\/p>\n<p>Es as\u00ed que, en coordinaci\u00f3n con la Regidur\u00eda de Grupos Vulnerables, el Gobierno Municipal de Cholula apoya y promueve estos eventos, para que de esta manera los emprendedores tengan un espacio para comercializar sus productos, mejoren su econom\u00eda y puedan llevar el sustento a sus hogares.<\/p>\n<p>Con estas acciones, el Gobierno Municipal que encabeza Paola Angon, contin\u00faa promoviendo pr\u00e1cticas que favorecen el entorno de las personas vulnerables e impulsan la participaci\u00f3n de todos de manera igualitaria como sociedad.<\/p>\n","protected":false},"excerpt":{"rendered":"<p>En el mismo sentido, para brindar un entorno igualitario en el municipio cholulteca, donde tanto las mujeres, as\u00ed como personas con discapacidad se desarrollen en un entorno que impulsa su participaci\u00f3n, se llev\u00f3 a cabo la primera feria de autoempleo de este a\u00f1o, en el parque Soria, para personas con discapacidad, adultos mayores y jefes y jefas de familia. Es as\u00ed que, en coordinaci\u00f3n con la Regidur\u00eda de Grupos Vulnerables, el Gobierno Municipal de Cholula apoya y promueve estos eventos, para que de esta manera los emprendedores tengan un espacio para comercializar sus productos, mejoren su econom\u00eda y puedan llevar el sustento a sus hogares. Con estas acciones, el Gobierno Municipal que encabeza Paola Angon, contin\u00faa promoviendo pr\u00e1cticas que favorecen el entorno de las personas&hellip;<\/p>\n<p class=\"excerpt-more\"><a class=\"blog-excerpt button\" href=\"https:\/\/www.aliadospuebla.com\/?p=78455\">Leer m\u00e1s&#8230;<\/a><\/p>\n","protected":false},"author":2,"featured_media":78456,"comment_status":"open","ping_status":"open","sticky":false,"template":"","format":"standard","meta":{"_monsterinsights_skip_tracking":false,"footnotes":""},"categories":[4],"tags":[19566,821,404,15797,1105,387],"class_list":["post-78455","post","type-post","status-publish","format-standard","has-post-thumbnail","hentry","category-municipios","tag-feria-de-autoempleo","tag-inclusion","tag-mujeres","tag-paola-angon","tag-participacion","tag-san-pedro-cholula"],"yoast_head":"<!-- This site is optimized with the Yoast SEO plugin v28.3 - https:\/\/yoast.com\/product\/yoast-seo-wordpress\/ -->\n<title>SAN PEDRO CHOLULA PROMUEVE ACCIONES EN FAVOR DE LA INCLUSI\u00d3N Y EMPODERAMIENTO FEMENINO - AliadosPuebla<\/title>\n<meta name=\"robots\" content=\"index, follow, max-snippet:-1, max-image-preview:large, max-video-preview:-1\" \/>\n<link rel=\"canonical\" href=\"https:\/\/www.aliadospuebla.com\/?p=78455\" \/>\n<meta property=\"og:locale\" content=\"es_ES\" \/>\n<meta property=\"og:type\" content=\"article\" \/>\n<meta property=\"og:title\" content=\"SAN PEDRO CHOLULA PROMUEVE ACCIONES EN FAVOR DE LA INCLUSI\u00d3N Y EMPODERAMIENTO FEMENINO - AliadosPuebla\" \/>\n<meta property=\"og:description\" content=\"En el mismo sentido, para brindar un entorno igualitario en el municipio cholulteca, donde tanto las mujeres, as\u00ed como personas con discapacidad se desarrollen en un entorno que impulsa su participaci\u00f3n, se llev\u00f3 a cabo la primera feria de autoempleo de este a\u00f1o, en el parque Soria, para personas con discapacidad, adultos mayores y jefes y jefas de familia. Es as\u00ed que, en coordinaci\u00f3n con la Regidur\u00eda de Grupos Vulnerables, el Gobierno Municipal de Cholula apoya y promueve estos eventos, para que de esta manera los emprendedores tengan un espacio para comercializar sus productos, mejoren su econom\u00eda y puedan llevar el sustento a sus hogares. Con estas acciones, el Gobierno Municipal que encabeza Paola Angon, contin\u00faa promoviendo pr\u00e1cticas que favorecen el entorno de las personas&hellip;Leer m\u00e1s...\" \/>\n<meta property=\"og:url\" content=\"https:\/\/www.aliadospuebla.com\/?p=78455\" \/>\n<meta property=\"og:site_name\" content=\"AliadosPuebla\" \/>\n<meta property=\"article:author\" content=\"https:\/\/www.facebook.com\/Aliados17Pue\" \/>\n<meta property=\"article:published_time\" content=\"2023-02-26T16:15:33+00:00\" \/>\n<meta property=\"og:image\" content=\"https:\/\/www.aliadospuebla.com\/web2017\/wp-content\/uploads\/2023\/02\/294.jpg\" \/>\n\t<meta property=\"og:image:width\" content=\"600\" \/>\n\t<meta property=\"og:image:height\" content=\"450\" \/>\n\t<meta property=\"og:image:type\" content=\"image\/jpeg\" \/>\n<meta name=\"author\" content=\"Aliados17\" \/>\n<meta name=\"twitter:card\" content=\"summary_large_image\" \/>\n<meta name=\"twitter:creator\" content=\"@AliadosPuebla\" \/>\n<meta name=\"twitter:label1\" content=\"Escrito por\" \/>\n\t<meta name=\"twitter:data1\" content=\"Aliados17\" \/>\n\t<meta name=\"twitter:label2\" content=\"Tiempo de lectura\" \/>\n\t<meta name=\"twitter:data2\" content=\"1 minuto\" \/>\n<script type=\"application\/ld+json\" class=\"yoast-schema-graph\">{\"@context\":\"https:\\\/\\\/schema.org\",\"@graph\":[{\"@type\":\"Article\",\"@id\":\"https:\\\/\\\/www.aliadospuebla.com\\\/?p=78455#article\",\"isPartOf\":{\"@id\":\"https:\\\/\\\/www.aliadospuebla.com\\\/?p=78455\"},\"author\":{\"name\":\"Aliados17\",\"@id\":\"https:\\\/\\\/www.aliadospuebla.com\\\/#\\\/schema\\\/person\\\/5da7dd09320bd4f392b710017ed5f8ad\"},\"headline\":\"SAN PEDRO CHOLULA PROMUEVE ACCIONES EN FAVOR DE LA INCLUSI\u00d3N Y EMPODERAMIENTO FEMENINO\",\"datePublished\":\"2023-02-26T16:15:33+00:00\",\"mainEntityOfPage\":{\"@id\":\"https:\\\/\\\/www.aliadospuebla.com\\\/?p=78455\"},\"wordCount\":159,\"commentCount\":0,\"image\":{\"@id\":\"https:\\\/\\\/www.aliadospuebla.com\\\/?p=78455#primaryimage\"},\"thumbnailUrl\":\"https:\\\/\\\/www.aliadospuebla.com\\\/web2017\\\/wp-content\\\/uploads\\\/2023\\\/02\\\/294.jpg\",\"keywords\":[\"feria de autoempleo\",\"INCLUSI\u00d3N\",\"MUJERES\",\"PAOLA ANGON\",\"PARTICIPACI\u00d3N\",\"SAN PEDRO CHOLULA\"],\"articleSection\":[\"Municipios\"],\"inLanguage\":\"es\",\"potentialAction\":[{\"@type\":\"CommentAction\",\"name\":\"Comment\",\"target\":[\"https:\\\/\\\/www.aliadospuebla.com\\\/?p=78455#respond\"]}]},{\"@type\":\"WebPage\",\"@id\":\"https:\\\/\\\/www.aliadospuebla.com\\\/?p=78455\",\"url\":\"https:\\\/\\\/www.aliadospuebla.com\\\/?p=78455\",\"name\":\"SAN PEDRO CHOLULA PROMUEVE ACCIONES EN FAVOR DE LA INCLUSI\u00d3N Y EMPODERAMIENTO FEMENINO - AliadosPuebla\",\"isPartOf\":{\"@id\":\"https:\\\/\\\/www.aliadospuebla.com\\\/#website\"},\"primaryImageOfPage\":{\"@id\":\"https:\\\/\\\/www.aliadospuebla.com\\\/?p=78455#primaryimage\"},\"image\":{\"@id\":\"https:\\\/\\\/www.aliadospuebla.com\\\/?p=78455#primaryimage\"},\"thumbnailUrl\":\"https:\\\/\\\/www.aliadospuebla.com\\\/web2017\\\/wp-content\\\/uploads\\\/2023\\\/02\\\/294.jpg\",\"datePublished\":\"2023-02-26T16:15:33+00:00\",\"author\":{\"@id\":\"https:\\\/\\\/www.aliadospuebla.com\\\/#\\\/schema\\\/person\\\/5da7dd09320bd4f392b710017ed5f8ad\"},\"breadcrumb\":{\"@id\":\"https:\\\/\\\/www.aliadospuebla.com\\\/?p=78455#breadcrumb\"},\"inLanguage\":\"es\",\"potentialAction\":[{\"@type\":\"ReadAction\",\"target\":[\"https:\\\/\\\/www.aliadospuebla.com\\\/?p=78455\"]}]},{\"@type\":\"ImageObject\",\"inLanguage\":\"es\",\"@id\":\"https:\\\/\\\/www.aliadospuebla.com\\\/?p=78455#primaryimage\",\"url\":\"https:\\\/\\\/www.aliadospuebla.com\\\/web2017\\\/wp-content\\\/uploads\\\/2023\\\/02\\\/294.jpg\",\"contentUrl\":\"https:\\\/\\\/www.aliadospuebla.com\\\/web2017\\\/wp-content\\\/uploads\\\/2023\\\/02\\\/294.jpg\",\"width\":600,\"height\":450},{\"@type\":\"BreadcrumbList\",\"@id\":\"https:\\\/\\\/www.aliadospuebla.com\\\/?p=78455#breadcrumb\",\"itemListElement\":[{\"@type\":\"ListItem\",\"position\":1,\"name\":\"Portada\",\"item\":\"https:\\\/\\\/www.aliadospuebla.com\\\/\"},{\"@type\":\"ListItem\",\"position\":2,\"name\":\"SAN PEDRO CHOLULA PROMUEVE ACCIONES EN FAVOR DE LA INCLUSI\u00d3N Y EMPODERAMIENTO FEMENINO\"}]},{\"@type\":\"WebSite\",\"@id\":\"https:\\\/\\\/www.aliadospuebla.com\\\/#website\",\"url\":\"https:\\\/\\\/www.aliadospuebla.com\\\/\",\"name\":\"AliadosPuebla\",\"description\":\"La informaci\u00f3n en tus manos\",\"potentialAction\":[{\"@type\":\"SearchAction\",\"target\":{\"@type\":\"EntryPoint\",\"urlTemplate\":\"https:\\\/\\\/www.aliadospuebla.com\\\/?s={search_term_string}\"},\"query-input\":{\"@type\":\"PropertyValueSpecification\",\"valueRequired\":true,\"valueName\":\"search_term_string\"}}],\"inLanguage\":\"es\"},{\"@type\":\"Person\",\"@id\":\"https:\\\/\\\/www.aliadospuebla.com\\\/#\\\/schema\\\/person\\\/5da7dd09320bd4f392b710017ed5f8ad\",\"name\":\"Aliados17\",\"image\":{\"@type\":\"ImageObject\",\"inLanguage\":\"es\",\"@id\":\"https:\\\/\\\/www.aliadospuebla.com\\\/web2017\\\/wp-content\\\/uploads\\\/2025\\\/03\\\/cropped-para-perfil-8-anos-1-96x96.jpg\",\"url\":\"https:\\\/\\\/www.aliadospuebla.com\\\/web2017\\\/wp-content\\\/uploads\\\/2025\\\/03\\\/cropped-para-perfil-8-anos-1-96x96.jpg\",\"contentUrl\":\"https:\\\/\\\/www.aliadospuebla.com\\\/web2017\\\/wp-content\\\/uploads\\\/2025\\\/03\\\/cropped-para-perfil-8-anos-1-96x96.jpg\",\"caption\":\"Aliados17\"},\"sameAs\":[\"https:\\\/\\\/www.aliados17.com\",\"https:\\\/\\\/www.facebook.com\\\/Aliados17Pue\",\"https:\\\/\\\/x.com\\\/AliadosPuebla\"],\"url\":\"https:\\\/\\\/www.aliadospuebla.com\\\/?author=2\"}]}<\/script>\n<!-- \/ Yoast SEO plugin. -->","yoast_head_json":{"title":"SAN PEDRO CHOLULA PROMUEVE ACCIONES EN FAVOR DE LA INCLUSI\u00d3N Y EMPODERAMIENTO FEMENINO - AliadosPuebla","robots":{"index":"index","follow":"follow","max-snippet":"max-snippet:-1","max-image-preview":"max-image-preview:large","max-video-preview":"max-video-preview:-1"},"canonical":"https:\/\/www.aliadospuebla.com\/?p=78455","og_locale":"es_ES","og_type":"article","og_title":"SAN PEDRO CHOLULA PROMUEVE ACCIONES EN FAVOR DE LA INCLUSI\u00d3N Y EMPODERAMIENTO FEMENINO - AliadosPuebla","og_description":"En el mismo sentido, para brindar un entorno igualitario en el municipio cholulteca, donde tanto las mujeres, as\u00ed como personas con discapacidad se desarrollen en un entorno que impulsa su participaci\u00f3n, se llev\u00f3 a cabo la primera feria de autoempleo de este a\u00f1o, en el parque Soria, para personas con discapacidad, adultos mayores y jefes y jefas de familia. Es as\u00ed que, en coordinaci\u00f3n con la Regidur\u00eda de Grupos Vulnerables, el Gobierno Municipal de Cholula apoya y promueve estos eventos, para que de esta manera los emprendedores tengan un espacio para comercializar sus productos, mejoren su econom\u00eda y puedan llevar el sustento a sus hogares. Con estas acciones, el Gobierno Municipal que encabeza Paola Angon, contin\u00faa promoviendo pr\u00e1cticas que favorecen el entorno de las personas&hellip;Leer m\u00e1s...","og_url":"https:\/\/www.aliadospuebla.com\/?p=78455","og_site_name":"AliadosPuebla","article_author":"https:\/\/www.facebook.com\/Aliados17Pue","article_published_time":"2023-02-26T16:15:33+00:00","og_image":[{"width":600,"height":450,"url":"https:\/\/www.aliadospuebla.com\/web2017\/wp-content\/uploads\/2023\/02\/294.jpg","type":"image\/jpeg"}],"author":"Aliados17","twitter_card":"summary_large_image","twitter_creator":"@AliadosPuebla","twitter_misc":{"Escrito por":"Aliados17","Tiempo de lectura":"1 minuto"},"schema":{"@context":"https:\/\/schema.org","@graph":[{"@type":"Article","@id":"https:\/\/www.aliadospuebla.com\/?p=78455#article","isPartOf":{"@id":"https:\/\/www.aliadospuebla.com\/?p=78455"},"author":{"name":"Aliados17","@id":"https:\/\/www.aliadospuebla.com\/#\/schema\/person\/5da7dd09320bd4f392b710017ed5f8ad"},"headline":"SAN PEDRO CHOLULA PROMUEVE ACCIONES EN FAVOR DE LA INCLUSI\u00d3N Y EMPODERAMIENTO FEMENINO","datePublished":"2023-02-26T16:15:33+00:00","mainEntityOfPage":{"@id":"https:\/\/www.aliadospuebla.com\/?p=78455"},"wordCount":159,"commentCount":0,"image":{"@id":"https:\/\/www.aliadospuebla.com\/?p=78455#primaryimage"},"thumbnailUrl":"https:\/\/www.aliadospuebla.com\/web2017\/wp-content\/uploads\/2023\/02\/294.jpg","keywords":["feria de autoempleo","INCLUSI\u00d3N","MUJERES","PAOLA ANGON","PARTICIPACI\u00d3N","SAN PEDRO CHOLULA"],"articleSection":["Municipios"],"inLanguage":"es","potentialAction":[{"@type":"CommentAction","name":"Comment","target":["https:\/\/www.aliadospuebla.com\/?p=78455#respond"]}]},{"@type":"WebPage","@id":"https:\/\/www.aliadospuebla.com\/?p=78455","url":"https:\/\/www.aliadospuebla.com\/?p=78455","name":"SAN PEDRO CHOLULA PROMUEVE ACCIONES EN FAVOR DE LA INCLUSI\u00d3N Y EMPODERAMIENTO FEMENINO - AliadosPuebla","isPartOf":{"@id":"https:\/\/www.aliadospuebla.com\/#website"},"primaryImageOfPage":{"@id":"https:\/\/www.aliadospuebla.com\/?p=78455#primaryimage"},"image":{"@id":"https:\/\/www.aliadospuebla.com\/?p=78455#primaryimage"},"thumbnailUrl":"https:\/\/www.aliadospuebla.com\/web2017\/wp-content\/uploads\/2023\/02\/294.jpg","datePublished":"2023-02-26T16:15:33+00:00","author":{"@id":"https:\/\/www.aliadospuebla.com\/#\/schema\/person\/5da7dd09320bd4f392b710017ed5f8ad"},"breadcrumb":{"@id":"https:\/\/www.aliadospuebla.com\/?p=78455#breadcrumb"},"inLanguage":"es","potentialAction":[{"@type":"ReadAction","target":["https:\/\/www.aliadospuebla.com\/?p=78455"]}]},{"@type":"ImageObject","inLanguage":"es","@id":"https:\/\/www.aliadospuebla.com\/?p=78455#primaryimage","url":"https:\/\/www.aliadospuebla.com\/web2017\/wp-content\/uploads\/2023\/02\/294.jpg","contentUrl":"https:\/\/www.aliadospuebla.com\/web2017\/wp-content\/uploads\/2023\/02\/294.jpg","width":600,"height":450},{"@type":"BreadcrumbList","@id":"https:\/\/www.aliadospuebla.com\/?p=78455#breadcrumb","itemListElement":[{"@type":"ListItem","position":1,"name":"Portada","item":"https:\/\/www.aliadospuebla.com\/"},{"@type":"ListItem","position":2,"name":"SAN PEDRO CHOLULA PROMUEVE ACCIONES EN FAVOR DE LA INCLUSI\u00d3N Y EMPODERAMIENTO FEMENINO"}]},{"@type":"WebSite","@id":"https:\/\/www.aliadospuebla.com\/#website","url":"https:\/\/www.aliadospuebla.com\/","name":"AliadosPuebla","description":"La informaci\u00f3n en tus manos","potentialAction":[{"@type":"SearchAction","target":{"@type":"EntryPoint","urlTemplate":"https:\/\/www.aliadospuebla.com\/?s={search_term_string}"},"query-input":{"@type":"PropertyValueSpecification","valueRequired":true,"valueName":"search_term_string"}}],"inLanguage":"es"},{"@type":"Person","@id":"https:\/\/www.aliadospuebla.com\/#\/schema\/person\/5da7dd09320bd4f392b710017ed5f8ad","name":"Aliados17","image":{"@type":"ImageObject","inLanguage":"es","@id":"https:\/\/www.aliadospuebla.com\/web2017\/wp-content\/uploads\/2025\/03\/cropped-para-perfil-8-anos-1-96x96.jpg","url":"https:\/\/www.aliadospuebla.com\/web2017\/wp-content\/uploads\/2025\/03\/cropped-para-perfil-8-anos-1-96x96.jpg","contentUrl":"https:\/\/www.aliadospuebla.com\/web2017\/wp-content\/uploads\/2025\/03\/cropped-para-perfil-8-anos-1-96x96.jpg","caption":"Aliados17"},"sameAs":["https:\/\/www.aliados17.com","https:\/\/www.facebook.com\/Aliados17Pue","https:\/\/x.com\/AliadosPuebla"],"url":"https:\/\/www.aliadospuebla.com\/?author=2"}]}},"views":6,"_links":{"self":[{"href":"https:\/\/www.aliadospuebla.com\/index.php?rest_route=\/wp\/v2\/posts\/78455","targetHints":{"allow":["GET"]}}],"collection":[{"href":"https:\/\/www.aliadospuebla.com\/index.php?rest_route=\/wp\/v2\/posts"}],"about":[{"href":"https:\/\/www.aliadospuebla.com\/index.php?rest_route=\/wp\/v2\/types\/post"}],"author":[{"embeddable":true,"href":"https:\/\/www.aliadospuebla.com\/index.php?rest_route=\/wp\/v2\/users\/2"}],"replies":[{"embeddable":true,"href":"https:\/\/www.aliadospuebla.com\/index.php?rest_route=%2Fwp%2Fv2%2Fcomments&post=78455"}],"version-history":[{"count":1,"href":"https:\/\/www.aliadospuebla.com\/index.php?rest_route=\/wp\/v2\/posts\/78455\/revisions"}],"predecessor-version":[{"id":78457,"href":"https:\/\/www.aliadospuebla.com\/index.php?rest_route=\/wp\/v2\/posts\/78455\/revisions\/78457"}],"wp:featuredmedia":[{"embeddable":true,"href":"https:\/\/www.aliadospuebla.com\/index.php?rest_route=\/wp\/v2\/media\/78456"}],"wp:attachment":[{"href":"https:\/\/www.aliadospuebla.com\/index.php?rest_route=%2Fwp%2Fv2%2Fmedia&parent=78455"}],"wp:term":[{"taxonomy":"category","embeddable":true,"href":"https:\/\/www.aliadospuebla.com\/index.php?rest_route=%2Fwp%2Fv2%2Fcategories&post=78455"},{"taxonomy":"post_tag","embeddable":true,"href":"https:\/\/www.aliadospuebla.com\/index.php?rest_route=%2Fwp%2Fv2%2Ftags&post=78455"}],"curies":[{"name":"wp","href":"https:\/\/api.w.org\/{rel}","templated":true}]}}