{"id":78288,"date":"2023-02-19T20:19:50","date_gmt":"2023-02-20T02:19:50","guid":{"rendered":"https:\/\/www.aliados17.com\/?p=78288"},"modified":"2023-02-20T10:36:50","modified_gmt":"2023-02-20T16:36:50","slug":"rinde-protesta-coordinadora-municipal-de-nueva-izquierda-del-prd-en-la-ciudad-de-puebla","status":"publish","type":"post","link":"https:\/\/www.aliadospuebla.com\/?p=78288","title":{"rendered":"RINDE PROTESTA COORDINADORA MUNICIPAL DE NUEVA IZQUIERDA DEL PRD EN LA CIUDAD DE PUEBLA"},"content":{"rendered":"<p style=\"font-weight: 400;\"><strong>\u00a0<\/strong><\/p>\n<p style=\"font-weight: 400;\">Con el prop\u00f3sito de cerrar filas con la ciudadan\u00eda para fortalecer al Partido de la Revoluci\u00f3n Democr\u00e1tica, el presidente estatal de este instituto pol\u00edtico, Carlos Mart\u00ednez Amador, tom\u00f3 protesta a la coordinadora municipal de nueva izquierda en la ciudad de Puebla.<\/p>\n<p style=\"font-weight: 400;\">Mart\u00ednez Amador reconoci\u00f3 a los ciudadanos por sumarse a esta causa y tener una participaci\u00f3n activa en pol\u00edtica, ya que dijo, es necesario que los partidos se logren ciudadanizar.<\/p>\n<p style=\"font-weight: 400;\">\u201cEl ejercicio de los derechos pol\u00edtico-electorales de las y los poblanos es indispensable para poder tener una naci\u00f3n verdaderamente democr\u00e1tica, por ello queremos sumar a m\u00e1s personas con buenos proyectos a favor de un mejor estado\u201d, expres\u00f3.<\/p>\n<p style=\"font-weight: 400;\">Resalt\u00f3 que mientras m\u00e1s ciudadanos participen en el Sol Azteca, m\u00e1s fuertes ser\u00e1n como partido y mejores soluciones tendr\u00e1n para atender las problem\u00e1ticas de Puebla.<\/p>\n<p style=\"font-weight: 400;\">\u201cHoy m\u00e1s que nunca, se necesita impulsar que las y los ciudadanos ejerzan su derecho a participar en pol\u00edtica, pues es parte de la propia democracia que el\u00a0 PRD ha defendido desde hace m\u00e1s de 30 a\u00f1os, al lograr que se materializara la instauraci\u00f3n del INE, adem\u00e1s de que ha pugnado por la inclusi\u00f3n y la paridad, mucho antes de que hubiera una legislaci\u00f3n al respecto\u201d, finaliz\u00f3.<\/p>\n","protected":false},"excerpt":{"rendered":"<p>\u00a0 Con el prop\u00f3sito de cerrar filas con la ciudadan\u00eda para fortalecer al Partido de la Revoluci\u00f3n Democr\u00e1tica, el presidente estatal de este instituto pol\u00edtico, Carlos Mart\u00ednez Amador, tom\u00f3 protesta a la coordinadora municipal de nueva izquierda en la ciudad de Puebla. Mart\u00ednez Amador reconoci\u00f3 a los ciudadanos por sumarse a esta causa y tener una participaci\u00f3n activa en pol\u00edtica, ya que dijo, es necesario que los partidos se logren ciudadanizar. \u201cEl ejercicio de los derechos pol\u00edtico-electorales de las y los poblanos es indispensable para poder tener una naci\u00f3n verdaderamente democr\u00e1tica, por ello queremos sumar a m\u00e1s personas con buenos proyectos a favor de un mejor estado\u201d, expres\u00f3. Resalt\u00f3 que mientras m\u00e1s ciudadanos participen en el Sol Azteca, m\u00e1s fuertes ser\u00e1n como partido y mejores&hellip;<\/p>\n<p class=\"excerpt-more\"><a class=\"blog-excerpt button\" href=\"https:\/\/www.aliadospuebla.com\/?p=78288\">Leer m\u00e1s&#8230;<\/a><\/p>\n","protected":false},"author":2,"featured_media":78289,"comment_status":"open","ping_status":"open","sticky":false,"template":"","format":"standard","meta":{"_monsterinsights_skip_tracking":false,"footnotes":""},"categories":[6],"tags":[13188,1487,21054,13718,19759],"class_list":["post-78288","post","type-post","status-publish","format-standard","has-post-thumbnail","hentry","category-politica","tag-politica-puebla","tag-prd","tag-prd-mexico","tag-puebla-politica","tag-puebla-prd"],"yoast_head":"<!-- This site is optimized with the Yoast SEO plugin v28.4 - https:\/\/yoast.com\/product\/yoast-seo-wordpress\/ -->\n<title>RINDE PROTESTA COORDINADORA MUNICIPAL DE NUEVA IZQUIERDA DEL PRD EN LA CIUDAD DE PUEBLA - AliadosPuebla<\/title>\n<meta name=\"robots\" content=\"index, follow, max-snippet:-1, max-image-preview:large, max-video-preview:-1\" \/>\n<link rel=\"canonical\" href=\"https:\/\/www.aliadospuebla.com\/?p=78288\" \/>\n<meta property=\"og:locale\" content=\"es_ES\" \/>\n<meta property=\"og:type\" content=\"article\" \/>\n<meta property=\"og:title\" content=\"RINDE PROTESTA COORDINADORA MUNICIPAL DE NUEVA IZQUIERDA DEL PRD EN LA CIUDAD DE PUEBLA - AliadosPuebla\" \/>\n<meta property=\"og:description\" content=\"\u00a0 Con el prop\u00f3sito de cerrar filas con la ciudadan\u00eda para fortalecer al Partido de la Revoluci\u00f3n Democr\u00e1tica, el presidente estatal de este instituto pol\u00edtico, Carlos Mart\u00ednez Amador, tom\u00f3 protesta a la coordinadora municipal de nueva izquierda en la ciudad de Puebla. Mart\u00ednez Amador reconoci\u00f3 a los ciudadanos por sumarse a esta causa y tener una participaci\u00f3n activa en pol\u00edtica, ya que dijo, es necesario que los partidos se logren ciudadanizar. \u201cEl ejercicio de los derechos pol\u00edtico-electorales de las y los poblanos es indispensable para poder tener una naci\u00f3n verdaderamente democr\u00e1tica, por ello queremos sumar a m\u00e1s personas con buenos proyectos a favor de un mejor estado\u201d, expres\u00f3. Resalt\u00f3 que mientras m\u00e1s ciudadanos participen en el Sol Azteca, m\u00e1s fuertes ser\u00e1n como partido y mejores&hellip;Leer m\u00e1s...\" \/>\n<meta property=\"og:url\" content=\"https:\/\/www.aliadospuebla.com\/?p=78288\" \/>\n<meta property=\"og:site_name\" content=\"AliadosPuebla\" \/>\n<meta property=\"article:author\" content=\"https:\/\/www.facebook.com\/Aliados17Pue\" \/>\n<meta property=\"article:published_time\" content=\"2023-02-20T02:19:50+00:00\" \/>\n<meta property=\"article:modified_time\" content=\"2023-02-20T16:36:50+00:00\" \/>\n<meta property=\"og:image\" content=\"https:\/\/www.aliadospuebla.com\/web2017\/wp-content\/uploads\/2023\/02\/244.jpg\" \/>\n\t<meta property=\"og:image:width\" content=\"600\" \/>\n\t<meta property=\"og:image:height\" content=\"450\" \/>\n\t<meta property=\"og:image:type\" content=\"image\/jpeg\" \/>\n<meta name=\"author\" content=\"Aliados17\" \/>\n<meta name=\"twitter:card\" content=\"summary_large_image\" \/>\n<meta name=\"twitter:creator\" content=\"@AliadosPuebla\" \/>\n<meta name=\"twitter:label1\" content=\"Escrito por\" \/>\n\t<meta name=\"twitter:data1\" content=\"Aliados17\" \/>\n\t<meta name=\"twitter:label2\" content=\"Tiempo de lectura\" \/>\n\t<meta name=\"twitter:data2\" content=\"1 minuto\" \/>\n<script type=\"application\/ld+json\" class=\"yoast-schema-graph\">{\"@context\":\"https:\\\/\\\/schema.org\",\"@graph\":[{\"@type\":\"Article\",\"@id\":\"https:\\\/\\\/www.aliadospuebla.com\\\/?p=78288#article\",\"isPartOf\":{\"@id\":\"https:\\\/\\\/www.aliadospuebla.com\\\/?p=78288\"},\"author\":{\"name\":\"Aliados17\",\"@id\":\"https:\\\/\\\/www.aliadospuebla.com\\\/#\\\/schema\\\/person\\\/5da7dd09320bd4f392b710017ed5f8ad\"},\"headline\":\"RINDE PROTESTA COORDINADORA MUNICIPAL DE NUEVA IZQUIERDA DEL PRD EN LA CIUDAD DE PUEBLA\",\"datePublished\":\"2023-02-20T02:19:50+00:00\",\"dateModified\":\"2023-02-20T16:36:50+00:00\",\"mainEntityOfPage\":{\"@id\":\"https:\\\/\\\/www.aliadospuebla.com\\\/?p=78288\"},\"wordCount\":238,\"commentCount\":0,\"image\":{\"@id\":\"https:\\\/\\\/www.aliadospuebla.com\\\/?p=78288#primaryimage\"},\"thumbnailUrl\":\"https:\\\/\\\/www.aliadospuebla.com\\\/web2017\\\/wp-content\\\/uploads\\\/2023\\\/02\\\/244.jpg\",\"keywords\":[\"Politica Puebla\",\"PRD\",\"prd mexico\",\"puebla politica\",\"Puebla PRD\"],\"articleSection\":[\"Pol\u00edtica\"],\"inLanguage\":\"es\",\"potentialAction\":[{\"@type\":\"CommentAction\",\"name\":\"Comment\",\"target\":[\"https:\\\/\\\/www.aliadospuebla.com\\\/?p=78288#respond\"]}]},{\"@type\":\"WebPage\",\"@id\":\"https:\\\/\\\/www.aliadospuebla.com\\\/?p=78288\",\"url\":\"https:\\\/\\\/www.aliadospuebla.com\\\/?p=78288\",\"name\":\"RINDE PROTESTA COORDINADORA MUNICIPAL DE NUEVA IZQUIERDA DEL PRD EN LA CIUDAD DE PUEBLA - AliadosPuebla\",\"isPartOf\":{\"@id\":\"https:\\\/\\\/www.aliadospuebla.com\\\/#website\"},\"primaryImageOfPage\":{\"@id\":\"https:\\\/\\\/www.aliadospuebla.com\\\/?p=78288#primaryimage\"},\"image\":{\"@id\":\"https:\\\/\\\/www.aliadospuebla.com\\\/?p=78288#primaryimage\"},\"thumbnailUrl\":\"https:\\\/\\\/www.aliadospuebla.com\\\/web2017\\\/wp-content\\\/uploads\\\/2023\\\/02\\\/244.jpg\",\"datePublished\":\"2023-02-20T02:19:50+00:00\",\"dateModified\":\"2023-02-20T16:36:50+00:00\",\"author\":{\"@id\":\"https:\\\/\\\/www.aliadospuebla.com\\\/#\\\/schema\\\/person\\\/5da7dd09320bd4f392b710017ed5f8ad\"},\"breadcrumb\":{\"@id\":\"https:\\\/\\\/www.aliadospuebla.com\\\/?p=78288#breadcrumb\"},\"inLanguage\":\"es\",\"potentialAction\":[{\"@type\":\"ReadAction\",\"target\":[\"https:\\\/\\\/www.aliadospuebla.com\\\/?p=78288\"]}]},{\"@type\":\"ImageObject\",\"inLanguage\":\"es\",\"@id\":\"https:\\\/\\\/www.aliadospuebla.com\\\/?p=78288#primaryimage\",\"url\":\"https:\\\/\\\/www.aliadospuebla.com\\\/web2017\\\/wp-content\\\/uploads\\\/2023\\\/02\\\/244.jpg\",\"contentUrl\":\"https:\\\/\\\/www.aliadospuebla.com\\\/web2017\\\/wp-content\\\/uploads\\\/2023\\\/02\\\/244.jpg\",\"width\":600,\"height\":450},{\"@type\":\"BreadcrumbList\",\"@id\":\"https:\\\/\\\/www.aliadospuebla.com\\\/?p=78288#breadcrumb\",\"itemListElement\":[{\"@type\":\"ListItem\",\"position\":1,\"name\":\"Portada\",\"item\":\"https:\\\/\\\/www.aliadospuebla.com\\\/\"},{\"@type\":\"ListItem\",\"position\":2,\"name\":\"RINDE PROTESTA COORDINADORA MUNICIPAL DE NUEVA IZQUIERDA DEL PRD EN LA CIUDAD DE PUEBLA\"}]},{\"@type\":\"WebSite\",\"@id\":\"https:\\\/\\\/www.aliadospuebla.com\\\/#website\",\"url\":\"https:\\\/\\\/www.aliadospuebla.com\\\/\",\"name\":\"AliadosPuebla\",\"description\":\"La informaci\u00f3n en tus manos\",\"potentialAction\":[{\"@type\":\"SearchAction\",\"target\":{\"@type\":\"EntryPoint\",\"urlTemplate\":\"https:\\\/\\\/www.aliadospuebla.com\\\/?s={search_term_string}\"},\"query-input\":{\"@type\":\"PropertyValueSpecification\",\"valueRequired\":true,\"valueName\":\"search_term_string\"}}],\"inLanguage\":\"es\"},{\"@type\":\"Person\",\"@id\":\"https:\\\/\\\/www.aliadospuebla.com\\\/#\\\/schema\\\/person\\\/5da7dd09320bd4f392b710017ed5f8ad\",\"name\":\"Aliados17\",\"image\":{\"@type\":\"ImageObject\",\"inLanguage\":\"es\",\"@id\":\"https:\\\/\\\/www.aliadospuebla.com\\\/web2017\\\/wp-content\\\/uploads\\\/2025\\\/03\\\/cropped-para-perfil-8-anos-1-96x96.jpg\",\"url\":\"https:\\\/\\\/www.aliadospuebla.com\\\/web2017\\\/wp-content\\\/uploads\\\/2025\\\/03\\\/cropped-para-perfil-8-anos-1-96x96.jpg\",\"contentUrl\":\"https:\\\/\\\/www.aliadospuebla.com\\\/web2017\\\/wp-content\\\/uploads\\\/2025\\\/03\\\/cropped-para-perfil-8-anos-1-96x96.jpg\",\"caption\":\"Aliados17\"},\"sameAs\":[\"https:\\\/\\\/www.aliados17.com\",\"https:\\\/\\\/www.facebook.com\\\/Aliados17Pue\",\"https:\\\/\\\/x.com\\\/AliadosPuebla\"],\"url\":\"https:\\\/\\\/www.aliadospuebla.com\\\/?author=2\"}]}<\/script>\n<!-- \/ Yoast SEO plugin. -->","yoast_head_json":{"title":"RINDE PROTESTA COORDINADORA MUNICIPAL DE NUEVA IZQUIERDA DEL PRD EN LA CIUDAD DE PUEBLA - AliadosPuebla","robots":{"index":"index","follow":"follow","max-snippet":"max-snippet:-1","max-image-preview":"max-image-preview:large","max-video-preview":"max-video-preview:-1"},"canonical":"https:\/\/www.aliadospuebla.com\/?p=78288","og_locale":"es_ES","og_type":"article","og_title":"RINDE PROTESTA COORDINADORA MUNICIPAL DE NUEVA IZQUIERDA DEL PRD EN LA CIUDAD DE PUEBLA - AliadosPuebla","og_description":"\u00a0 Con el prop\u00f3sito de cerrar filas con la ciudadan\u00eda para fortalecer al Partido de la Revoluci\u00f3n Democr\u00e1tica, el presidente estatal de este instituto pol\u00edtico, Carlos Mart\u00ednez Amador, tom\u00f3 protesta a la coordinadora municipal de nueva izquierda en la ciudad de Puebla. Mart\u00ednez Amador reconoci\u00f3 a los ciudadanos por sumarse a esta causa y tener una participaci\u00f3n activa en pol\u00edtica, ya que dijo, es necesario que los partidos se logren ciudadanizar. \u201cEl ejercicio de los derechos pol\u00edtico-electorales de las y los poblanos es indispensable para poder tener una naci\u00f3n verdaderamente democr\u00e1tica, por ello queremos sumar a m\u00e1s personas con buenos proyectos a favor de un mejor estado\u201d, expres\u00f3. Resalt\u00f3 que mientras m\u00e1s ciudadanos participen en el Sol Azteca, m\u00e1s fuertes ser\u00e1n como partido y mejores&hellip;Leer m\u00e1s...","og_url":"https:\/\/www.aliadospuebla.com\/?p=78288","og_site_name":"AliadosPuebla","article_author":"https:\/\/www.facebook.com\/Aliados17Pue","article_published_time":"2023-02-20T02:19:50+00:00","article_modified_time":"2023-02-20T16:36:50+00:00","og_image":[{"width":600,"height":450,"url":"https:\/\/www.aliadospuebla.com\/web2017\/wp-content\/uploads\/2023\/02\/244.jpg","type":"image\/jpeg"}],"author":"Aliados17","twitter_card":"summary_large_image","twitter_creator":"@AliadosPuebla","twitter_misc":{"Escrito por":"Aliados17","Tiempo de lectura":"1 minuto"},"schema":{"@context":"https:\/\/schema.org","@graph":[{"@type":"Article","@id":"https:\/\/www.aliadospuebla.com\/?p=78288#article","isPartOf":{"@id":"https:\/\/www.aliadospuebla.com\/?p=78288"},"author":{"name":"Aliados17","@id":"https:\/\/www.aliadospuebla.com\/#\/schema\/person\/5da7dd09320bd4f392b710017ed5f8ad"},"headline":"RINDE PROTESTA COORDINADORA MUNICIPAL DE NUEVA IZQUIERDA DEL PRD EN LA CIUDAD DE PUEBLA","datePublished":"2023-02-20T02:19:50+00:00","dateModified":"2023-02-20T16:36:50+00:00","mainEntityOfPage":{"@id":"https:\/\/www.aliadospuebla.com\/?p=78288"},"wordCount":238,"commentCount":0,"image":{"@id":"https:\/\/www.aliadospuebla.com\/?p=78288#primaryimage"},"thumbnailUrl":"https:\/\/www.aliadospuebla.com\/web2017\/wp-content\/uploads\/2023\/02\/244.jpg","keywords":["Politica Puebla","PRD","prd mexico","puebla politica","Puebla PRD"],"articleSection":["Pol\u00edtica"],"inLanguage":"es","potentialAction":[{"@type":"CommentAction","name":"Comment","target":["https:\/\/www.aliadospuebla.com\/?p=78288#respond"]}]},{"@type":"WebPage","@id":"https:\/\/www.aliadospuebla.com\/?p=78288","url":"https:\/\/www.aliadospuebla.com\/?p=78288","name":"RINDE PROTESTA COORDINADORA MUNICIPAL DE NUEVA IZQUIERDA DEL PRD EN LA CIUDAD DE PUEBLA - AliadosPuebla","isPartOf":{"@id":"https:\/\/www.aliadospuebla.com\/#website"},"primaryImageOfPage":{"@id":"https:\/\/www.aliadospuebla.com\/?p=78288#primaryimage"},"image":{"@id":"https:\/\/www.aliadospuebla.com\/?p=78288#primaryimage"},"thumbnailUrl":"https:\/\/www.aliadospuebla.com\/web2017\/wp-content\/uploads\/2023\/02\/244.jpg","datePublished":"2023-02-20T02:19:50+00:00","dateModified":"2023-02-20T16:36:50+00:00","author":{"@id":"https:\/\/www.aliadospuebla.com\/#\/schema\/person\/5da7dd09320bd4f392b710017ed5f8ad"},"breadcrumb":{"@id":"https:\/\/www.aliadospuebla.com\/?p=78288#breadcrumb"},"inLanguage":"es","potentialAction":[{"@type":"ReadAction","target":["https:\/\/www.aliadospuebla.com\/?p=78288"]}]},{"@type":"ImageObject","inLanguage":"es","@id":"https:\/\/www.aliadospuebla.com\/?p=78288#primaryimage","url":"https:\/\/www.aliadospuebla.com\/web2017\/wp-content\/uploads\/2023\/02\/244.jpg","contentUrl":"https:\/\/www.aliadospuebla.com\/web2017\/wp-content\/uploads\/2023\/02\/244.jpg","width":600,"height":450},{"@type":"BreadcrumbList","@id":"https:\/\/www.aliadospuebla.com\/?p=78288#breadcrumb","itemListElement":[{"@type":"ListItem","position":1,"name":"Portada","item":"https:\/\/www.aliadospuebla.com\/"},{"@type":"ListItem","position":2,"name":"RINDE PROTESTA COORDINADORA MUNICIPAL DE NUEVA IZQUIERDA DEL PRD EN LA CIUDAD DE PUEBLA"}]},{"@type":"WebSite","@id":"https:\/\/www.aliadospuebla.com\/#website","url":"https:\/\/www.aliadospuebla.com\/","name":"AliadosPuebla","description":"La informaci\u00f3n en tus manos","potentialAction":[{"@type":"SearchAction","target":{"@type":"EntryPoint","urlTemplate":"https:\/\/www.aliadospuebla.com\/?s={search_term_string}"},"query-input":{"@type":"PropertyValueSpecification","valueRequired":true,"valueName":"search_term_string"}}],"inLanguage":"es"},{"@type":"Person","@id":"https:\/\/www.aliadospuebla.com\/#\/schema\/person\/5da7dd09320bd4f392b710017ed5f8ad","name":"Aliados17","image":{"@type":"ImageObject","inLanguage":"es","@id":"https:\/\/www.aliadospuebla.com\/web2017\/wp-content\/uploads\/2025\/03\/cropped-para-perfil-8-anos-1-96x96.jpg","url":"https:\/\/www.aliadospuebla.com\/web2017\/wp-content\/uploads\/2025\/03\/cropped-para-perfil-8-anos-1-96x96.jpg","contentUrl":"https:\/\/www.aliadospuebla.com\/web2017\/wp-content\/uploads\/2025\/03\/cropped-para-perfil-8-anos-1-96x96.jpg","caption":"Aliados17"},"sameAs":["https:\/\/www.aliados17.com","https:\/\/www.facebook.com\/Aliados17Pue","https:\/\/x.com\/AliadosPuebla"],"url":"https:\/\/www.aliadospuebla.com\/?author=2"}]}},"views":11,"_links":{"self":[{"href":"https:\/\/www.aliadospuebla.com\/index.php?rest_route=\/wp\/v2\/posts\/78288","targetHints":{"allow":["GET"]}}],"collection":[{"href":"https:\/\/www.aliadospuebla.com\/index.php?rest_route=\/wp\/v2\/posts"}],"about":[{"href":"https:\/\/www.aliadospuebla.com\/index.php?rest_route=\/wp\/v2\/types\/post"}],"author":[{"embeddable":true,"href":"https:\/\/www.aliadospuebla.com\/index.php?rest_route=\/wp\/v2\/users\/2"}],"replies":[{"embeddable":true,"href":"https:\/\/www.aliadospuebla.com\/index.php?rest_route=%2Fwp%2Fv2%2Fcomments&post=78288"}],"version-history":[{"count":1,"href":"https:\/\/www.aliadospuebla.com\/index.php?rest_route=\/wp\/v2\/posts\/78288\/revisions"}],"predecessor-version":[{"id":78295,"href":"https:\/\/www.aliadospuebla.com\/index.php?rest_route=\/wp\/v2\/posts\/78288\/revisions\/78295"}],"wp:featuredmedia":[{"embeddable":true,"href":"https:\/\/www.aliadospuebla.com\/index.php?rest_route=\/wp\/v2\/media\/78289"}],"wp:attachment":[{"href":"https:\/\/www.aliadospuebla.com\/index.php?rest_route=%2Fwp%2Fv2%2Fmedia&parent=78288"}],"wp:term":[{"taxonomy":"category","embeddable":true,"href":"https:\/\/www.aliadospuebla.com\/index.php?rest_route=%2Fwp%2Fv2%2Fcategories&post=78288"},{"taxonomy":"post_tag","embeddable":true,"href":"https:\/\/www.aliadospuebla.com\/index.php?rest_route=%2Fwp%2Fv2%2Ftags&post=78288"}],"curies":[{"name":"wp","href":"https:\/\/api.w.org\/{rel}","templated":true}]}}