{"id":77940,"date":"2023-02-06T09:30:07","date_gmt":"2023-02-06T15:30:07","guid":{"rendered":"https:\/\/www.aliados17.com\/?p=77940"},"modified":"2023-02-06T09:30:07","modified_gmt":"2023-02-06T15:30:07","slug":"gayosso-y-palafox-ajuste-de-cuentas","status":"publish","type":"post","link":"https:\/\/www.aliadospuebla.com\/?p=77940","title":{"rendered":"Gayosso y Palafox, \u201cajuste de cuentas\u201d"},"content":{"rendered":"<p>Tal pareciera que el Presidente del Consejo de la Judicatura del Poder Judicial, <strong>Carlos Palafox Galena<\/strong>, mand\u00f3 a \u201cmadrear\u201d a la presidenta del Tribunal Superior de Justicia <strong>Margarita Gayosso Ponce.<\/strong><br \/>\n<strong>Dos columnas el mismo d\u00eda, viernes 3 de febrero<\/strong>, y con temas coincidentes.<br \/>\n\u201c<strong>Margarita Gayosso Ponce<\/strong> pretende echar abajo la reforma constitucional\u2026 pertinaz golpeteo en medios y columnas\u201d, escribi\u00f3 Arturo Luna Silva en \u201cLa Cr\u00f3nica de Puebla\u201d.<br \/>\n\u201cPor eso se han venido quejando tambi\u00e9n, a trav\u00e9s de sus tomadictado, de la revisi\u00f3n a los trabajadores por honorarios\u2026\u201d, escribi\u00f3 \u00c1lvaro Ram\u00edrez en el Hip\u00f3crita Lector.<br \/>\nLo cierto es que Palafox nunca \u201cencarg\u00f3\u201d a esas respetables columnas \u201cmadrear\u201d a Margarita. NO es el estilo de Carlos.<br \/>\nM\u00e1s bien, lo entiendo como una respuesta a la columna del 31 de enero de Rodolfo Ruiz en e-consulta.com cuando anunci\u00f3 que el Consejo de la Judicatura contrat\u00f3 a \u201cla modelo e influencer <strong>Scarlet Iv\u00f3n Palacios Hevia<\/strong> como titular de la Unidad de Vinculaci\u00f3n y Atenci\u00f3n Ciudadana con un sueldo de 44,900 pesos mensuales, lo que gana un Juez\u201d.<br \/>\nTremendo pleito.<br \/>\nNada que ver, ni Margarita ni Carlos, quienes quedaron en medio del fuego cruzado en un \u201c<strong>ajuste de cuentas<\/strong>\u201d entre columnistas.<br \/>\nV\u00edctimas, pues.<br \/>\nPunto.<br \/>\nHe escrito y he orientado.<br \/>\n\u2026<\/p>\n<h4>Ning\u00fan diputado del PT ir\u00e1 a Bienestar<\/h4>\n<p>Ni se hagan ilusiones.<br \/>\nDe entre los otros diputados locales del Partido del Trabajo NO saldr\u00e1 quien sustituya a<strong> Lizeth S\u00e1nchez Garc\u00eda<\/strong> en la Secretar\u00eda del Bienestar del Estado.<br \/>\nEsta Secretar\u00eda le pertenece al PT o mejor dicho, al due\u00f1o del PT, Alberto, \u201cEl Profe\u201d, Anaya.<br \/>\nFue una concesi\u00f3n del fallecido ex gobernador y que el actual, <strong>Sergio Salom\u00f3n C\u00e9spedes Peregrina<\/strong>, respetar\u00e1 hasta el \u00faltimo d\u00eda del mandato constitucional.<br \/>\n\u00bfQui\u00e9n va a sustituir a Lizeth cuando se vaya como candidata?<br \/>\n\u201cEl Profe\u201d Anaya habr\u00e1 de decidir.<br \/>\nPero, si ya nos mand\u00f3 al <strong>Mauricio Toledo<\/strong> como candidato a diputado federal por San Mart\u00edn Texmelucan, seguro enviar\u00e1 a otro de la Ciudad de M\u00e9xico.<br \/>\nY si se decide por Puebla, ser\u00e1 <strong>Mariano Hern\u00e1ndez Reyes<\/strong> el elegido.<br \/>\nAs\u00ed es que los otros diputados poblanos, ni se hagan ilusiones.<br \/>\nPunto.<br \/>\nHe escrito y he anunciado.<br \/>\n\u2026<\/p>\n<p>El <strong>Grupo \u201cBui-Tres\u201d, sorprende a C\u00e9spedes<\/strong><br \/>\nA Barbosa toda La Pandilla le vio la cara.<br \/>\nIntentan hacerlo con el gobernador <strong>Sergio C\u00e9spedes Peregrina.<\/strong><br \/>\nEn esa tarea, unido est\u00e1 el <strong>Grupo Bui-Tres:<\/strong><br \/>\n\u201cEl Alcalde Basura\u201d.<br \/>\n\u201cEl Ex-Jefe Julio\u201d y<br \/>\n\u201cEl 10 mil pesos\u201d.<br \/>\n\u00bfQu\u00e9 hicieron ahora estas peque\u00f1as criaturas?<br \/>\nBueno, pues pretenden hacer parecer que en Ciudad Serd\u00e1n todo est\u00e1 bien; hay gobernabilidad y el presidente municipal <strong>Uruviel Gonz\u00e1lez Vieyra,<\/strong> es un angelito del se\u00f1or y NO tiene una carpetas de investigaci\u00f3n en la Fiscal\u00eda General del Estado.<br \/>\n\u201cTodo est\u00e1 controlado\u201d, le dijo \u201cEl Ex-Jefe Julio\u201d a \u201cEl Alcalde Basura\u201d.<br \/>\nTenemos copado al Patr\u00f3n (C\u00e9spedes), agreg\u00f3 \u201cEl 10 mil pesos\u201d.<br \/>\nY por eso llevaron un evento de entrega de apoyos para el campo y para el bienestar a Chalchicomula de Sesma o Ciudad Serd\u00e1n.<br \/>\nNO sean gachos, como si juntarlo con Uruviel, le diera buena fama al C. Gobernador.<br \/>\n\u00a1Ay\u00fadenlo!<br \/>\nPunto.<br \/>\nHe dicho y he escrito.<br \/>\n\u2026<\/p>\n<h4>\u201cCongelemos\u201d a la \u201cFraca-Monte\u201d<\/h4>\n<p>La salida, destituci\u00f3n, relevo, cambio, despido o expulsi\u00f3n de \u201cLa Fraca-Monte\u201d es un clamor popular, generalizado de la sociedad poblana. Transportistas, usuarios, la totalidad de la prensa, diputados y miembros del gabinete, todos a favor.<br \/>\nSin embargo, la estrategia ha sido equivocada.<br \/>\nMientras en los medios de comunicaci\u00f3n se solicite la destituci\u00f3n de<strong> Elsa Mar\u00eda Bracamonte Gonz\u00e1lez,<\/strong> como se Secretaria de Movilidad y Transporte del Estado, dif\u00edcilmente el gobernador C\u00e9spedes Peregrina va a ceder.<br \/>\nSi los diputados piden que la Secretaria sea revelada, el gobernador \u201cNO va a ceder a presiones\u201d.<br \/>\nSi NO al rato, se va a ver como un triunfo de la oposici\u00f3n o de la prensa o de los transportistas.<br \/>\nEntonces hay dos caminos:<br \/>\n1.- Mejor que se hable bien de la Fraca-Monte. As\u00ed el C. Gobernador va a decir: \u201c\u2026 \u00e9sta ya compr\u00f3 a la prensa, soborn\u00f3 a diputados o se corrompi\u00f3 con transportistas, porque quiere quedarse\u201d.<br \/>\nDespertemos la duda y as\u00ed, la van a correr m\u00e1s r\u00e1pido.<br \/>\n2.- NO mencionarla, aplicarle la Ley del Hielo y as\u00ed, el C. Gobernador con toda libertad, sin presiones de por medio, le har\u00e1 un bien a Puebla.<br \/>\nSi bien, \u201cLa Fraca-Monte\u201d deber\u00eda terminar en la c\u00e1rcel, por lo menos que la manden a la chin\u2026 Bueno, a su casa.<br \/>\nActuemos con inteligencia.<br \/>\nQue la raz\u00f3n, se imponga a la pasi\u00f3n.<br \/>\nEmpiezo, aunque\u2026 NO s\u00e9 si aguante.<br \/>\nPunto.<br \/>\nHe dicho y he recomendado.<br \/>\n\u2026<\/p>\n<h4>Ni Obama<\/h4>\n<p>Ladr\u00f3n que roba a ladr\u00f3n, es el m\u00e1s rico del pante\u00f3n. Esa frase NO se la sab\u00eda, ni Obama.<br \/>\n\u2026<\/p>\n<h4>El Verdugo<\/h4>\n<p>Todas<strong> quieren sorprender a Gaby Bonilla<\/strong>, presidenta del DIF estatal, peeeero\u2026 Si Denisse Ort\u00edz \u201cpresume\u201d que \u201cbaj\u00f3 50 millones de pesos\u201d para el organismo, entonces \u00bfPara qu\u00e9 sirve Leonor Vargas la directora? Que suban a Denisse y que despidan a Leonor. O mejor, que se vayan las dos. El Verdugo dice: Una por mentirosa y otra por inepta.<br \/>\n\u2026<\/p>\n<p><strong>De Buena Fuente,<\/strong> no es la mejor columna pol\u00edtica, pero tiene\u2026 a los mejores lectores.<br \/>\ncmaciaspalma@yahoo.com.mx<br \/>\n@cmaciaspalma<br \/>\nFB: Carlos Macias Palma<\/p>\n","protected":false},"excerpt":{"rendered":"<p>Tal pareciera que el Presidente del Consejo de la Judicatura del Poder Judicial, Carlos Palafox Galena, mand\u00f3 a \u201cmadrear\u201d a la presidenta del Tribunal Superior de Justicia Margarita Gayosso Ponce. Dos columnas el mismo d\u00eda, viernes 3 de febrero, y con temas coincidentes. \u201cMargarita Gayosso Ponce pretende echar abajo la reforma constitucional\u2026 pertinaz golpeteo en medios y columnas\u201d, escribi\u00f3 Arturo Luna Silva en \u201cLa Cr\u00f3nica de Puebla\u201d. \u201cPor eso se han venido quejando tambi\u00e9n, a trav\u00e9s de sus tomadictado, de la revisi\u00f3n a los trabajadores por honorarios\u2026\u201d, escribi\u00f3 \u00c1lvaro Ram\u00edrez en el Hip\u00f3crita Lector. Lo cierto es que Palafox nunca \u201cencarg\u00f3\u201d a esas respetables columnas \u201cmadrear\u201d a Margarita. NO es el estilo de Carlos. M\u00e1s bien, lo entiendo como una respuesta a la columna del&hellip;<\/p>\n<p class=\"excerpt-more\"><a class=\"blog-excerpt button\" href=\"https:\/\/www.aliadospuebla.com\/?p=77940\">Leer m\u00e1s&#8230;<\/a><\/p>\n","protected":false},"author":2,"featured_media":77941,"comment_status":"open","ping_status":"open","sticky":false,"template":"","format":"standard","meta":{"_monsterinsights_skip_tracking":false,"footnotes":""},"categories":[9],"tags":[20966,20963,20674,17135,20967,10488,20964,15578,2551,20965,10666],"class_list":["post-77940","post","type-post","status-publish","format-standard","has-post-thumbnail","hentry","category-columnas","tag-ajuste","tag-carlos-palafox-galeana","tag-denisse-ortiz","tag-elsa-maria-bracamonte","tag-gaby-bonilla","tag-lizeth-sanchez-garcia","tag-margarita-gayosso-ponce","tag-mariano-hernandez-reyes","tag-pt","tag-scarlet-ivon-palacios-hevia","tag-sergio-salomon-cespedes-peregrina"],"yoast_head":"<!-- This site is optimized with the Yoast SEO plugin v28.3 - https:\/\/yoast.com\/product\/yoast-seo-wordpress\/ -->\n<title>Gayosso y Palafox, \u201cajuste de cuentas\u201d - AliadosPuebla<\/title>\n<meta name=\"robots\" content=\"index, follow, max-snippet:-1, max-image-preview:large, max-video-preview:-1\" \/>\n<link rel=\"canonical\" href=\"https:\/\/www.aliadospuebla.com\/?p=77940\" \/>\n<meta property=\"og:locale\" content=\"es_ES\" \/>\n<meta property=\"og:type\" content=\"article\" \/>\n<meta property=\"og:title\" content=\"Gayosso y Palafox, \u201cajuste de cuentas\u201d - AliadosPuebla\" \/>\n<meta property=\"og:description\" content=\"Tal pareciera que el Presidente del Consejo de la Judicatura del Poder Judicial, Carlos Palafox Galena, mand\u00f3 a \u201cmadrear\u201d a la presidenta del Tribunal Superior de Justicia Margarita Gayosso Ponce. Dos columnas el mismo d\u00eda, viernes 3 de febrero, y con temas coincidentes. \u201cMargarita Gayosso Ponce pretende echar abajo la reforma constitucional\u2026 pertinaz golpeteo en medios y columnas\u201d, escribi\u00f3 Arturo Luna Silva en \u201cLa Cr\u00f3nica de Puebla\u201d. \u201cPor eso se han venido quejando tambi\u00e9n, a trav\u00e9s de sus tomadictado, de la revisi\u00f3n a los trabajadores por honorarios\u2026\u201d, escribi\u00f3 \u00c1lvaro Ram\u00edrez en el Hip\u00f3crita Lector. Lo cierto es que Palafox nunca \u201cencarg\u00f3\u201d a esas respetables columnas \u201cmadrear\u201d a Margarita. NO es el estilo de Carlos. M\u00e1s bien, lo entiendo como una respuesta a la columna del&hellip;Leer m\u00e1s...\" \/>\n<meta property=\"og:url\" content=\"https:\/\/www.aliadospuebla.com\/?p=77940\" \/>\n<meta property=\"og:site_name\" content=\"AliadosPuebla\" \/>\n<meta property=\"article:author\" content=\"https:\/\/www.facebook.com\/Aliados17Pue\" \/>\n<meta property=\"article:published_time\" content=\"2023-02-06T15:30:07+00:00\" \/>\n<meta property=\"og:image\" content=\"https:\/\/www.aliadospuebla.com\/web2017\/wp-content\/uploads\/2023\/02\/041.jpg\" \/>\n\t<meta property=\"og:image:width\" content=\"600\" \/>\n\t<meta property=\"og:image:height\" content=\"450\" \/>\n\t<meta property=\"og:image:type\" content=\"image\/jpeg\" \/>\n<meta name=\"author\" content=\"Aliados17\" \/>\n<meta name=\"twitter:card\" content=\"summary_large_image\" \/>\n<meta name=\"twitter:creator\" content=\"@AliadosPuebla\" \/>\n<meta name=\"twitter:label1\" content=\"Escrito por\" \/>\n\t<meta name=\"twitter:data1\" content=\"Aliados17\" \/>\n\t<meta name=\"twitter:label2\" content=\"Tiempo de lectura\" \/>\n\t<meta name=\"twitter:data2\" content=\"4 minutos\" \/>\n<script type=\"application\/ld+json\" class=\"yoast-schema-graph\">{\"@context\":\"https:\\\/\\\/schema.org\",\"@graph\":[{\"@type\":\"Article\",\"@id\":\"https:\\\/\\\/www.aliadospuebla.com\\\/?p=77940#article\",\"isPartOf\":{\"@id\":\"https:\\\/\\\/www.aliadospuebla.com\\\/?p=77940\"},\"author\":{\"name\":\"Aliados17\",\"@id\":\"https:\\\/\\\/www.aliadospuebla.com\\\/#\\\/schema\\\/person\\\/5da7dd09320bd4f392b710017ed5f8ad\"},\"headline\":\"Gayosso y Palafox, \u201cajuste de cuentas\u201d\",\"datePublished\":\"2023-02-06T15:30:07+00:00\",\"mainEntityOfPage\":{\"@id\":\"https:\\\/\\\/www.aliadospuebla.com\\\/?p=77940\"},\"wordCount\":910,\"commentCount\":0,\"image\":{\"@id\":\"https:\\\/\\\/www.aliadospuebla.com\\\/?p=77940#primaryimage\"},\"thumbnailUrl\":\"https:\\\/\\\/www.aliadospuebla.com\\\/web2017\\\/wp-content\\\/uploads\\\/2023\\\/02\\\/041.jpg\",\"keywords\":[\"ajuste\",\"Carlos Palafox Galeana\",\"Denisse Ort\u00edz\",\"Elsa Mar\u00eda Bracamonte\",\"Gaby Bonilla\",\"LIZETH SANCHEZ GARCIA\",\"Margarita Gayosso Ponce\",\"Mariano Hern\u00e1ndez Reyes\",\"PT\",\"Scarlet Iv\u00f3n Palacios Hevia\",\"Sergio Salom\u00f3n C\u00e9spedes Peregrina\"],\"articleSection\":[\"Columnas\"],\"inLanguage\":\"es\",\"potentialAction\":[{\"@type\":\"CommentAction\",\"name\":\"Comment\",\"target\":[\"https:\\\/\\\/www.aliadospuebla.com\\\/?p=77940#respond\"]}]},{\"@type\":\"WebPage\",\"@id\":\"https:\\\/\\\/www.aliadospuebla.com\\\/?p=77940\",\"url\":\"https:\\\/\\\/www.aliadospuebla.com\\\/?p=77940\",\"name\":\"Gayosso y Palafox, \u201cajuste de cuentas\u201d - AliadosPuebla\",\"isPartOf\":{\"@id\":\"https:\\\/\\\/www.aliadospuebla.com\\\/#website\"},\"primaryImageOfPage\":{\"@id\":\"https:\\\/\\\/www.aliadospuebla.com\\\/?p=77940#primaryimage\"},\"image\":{\"@id\":\"https:\\\/\\\/www.aliadospuebla.com\\\/?p=77940#primaryimage\"},\"thumbnailUrl\":\"https:\\\/\\\/www.aliadospuebla.com\\\/web2017\\\/wp-content\\\/uploads\\\/2023\\\/02\\\/041.jpg\",\"datePublished\":\"2023-02-06T15:30:07+00:00\",\"author\":{\"@id\":\"https:\\\/\\\/www.aliadospuebla.com\\\/#\\\/schema\\\/person\\\/5da7dd09320bd4f392b710017ed5f8ad\"},\"breadcrumb\":{\"@id\":\"https:\\\/\\\/www.aliadospuebla.com\\\/?p=77940#breadcrumb\"},\"inLanguage\":\"es\",\"potentialAction\":[{\"@type\":\"ReadAction\",\"target\":[\"https:\\\/\\\/www.aliadospuebla.com\\\/?p=77940\"]}]},{\"@type\":\"ImageObject\",\"inLanguage\":\"es\",\"@id\":\"https:\\\/\\\/www.aliadospuebla.com\\\/?p=77940#primaryimage\",\"url\":\"https:\\\/\\\/www.aliadospuebla.com\\\/web2017\\\/wp-content\\\/uploads\\\/2023\\\/02\\\/041.jpg\",\"contentUrl\":\"https:\\\/\\\/www.aliadospuebla.com\\\/web2017\\\/wp-content\\\/uploads\\\/2023\\\/02\\\/041.jpg\",\"width\":600,\"height\":450},{\"@type\":\"BreadcrumbList\",\"@id\":\"https:\\\/\\\/www.aliadospuebla.com\\\/?p=77940#breadcrumb\",\"itemListElement\":[{\"@type\":\"ListItem\",\"position\":1,\"name\":\"Portada\",\"item\":\"https:\\\/\\\/www.aliadospuebla.com\\\/\"},{\"@type\":\"ListItem\",\"position\":2,\"name\":\"Gayosso y Palafox, \u201cajuste de cuentas\u201d\"}]},{\"@type\":\"WebSite\",\"@id\":\"https:\\\/\\\/www.aliadospuebla.com\\\/#website\",\"url\":\"https:\\\/\\\/www.aliadospuebla.com\\\/\",\"name\":\"AliadosPuebla\",\"description\":\"La informaci\u00f3n en tus manos\",\"potentialAction\":[{\"@type\":\"SearchAction\",\"target\":{\"@type\":\"EntryPoint\",\"urlTemplate\":\"https:\\\/\\\/www.aliadospuebla.com\\\/?s={search_term_string}\"},\"query-input\":{\"@type\":\"PropertyValueSpecification\",\"valueRequired\":true,\"valueName\":\"search_term_string\"}}],\"inLanguage\":\"es\"},{\"@type\":\"Person\",\"@id\":\"https:\\\/\\\/www.aliadospuebla.com\\\/#\\\/schema\\\/person\\\/5da7dd09320bd4f392b710017ed5f8ad\",\"name\":\"Aliados17\",\"image\":{\"@type\":\"ImageObject\",\"inLanguage\":\"es\",\"@id\":\"https:\\\/\\\/www.aliadospuebla.com\\\/web2017\\\/wp-content\\\/uploads\\\/2025\\\/03\\\/cropped-para-perfil-8-anos-1-96x96.jpg\",\"url\":\"https:\\\/\\\/www.aliadospuebla.com\\\/web2017\\\/wp-content\\\/uploads\\\/2025\\\/03\\\/cropped-para-perfil-8-anos-1-96x96.jpg\",\"contentUrl\":\"https:\\\/\\\/www.aliadospuebla.com\\\/web2017\\\/wp-content\\\/uploads\\\/2025\\\/03\\\/cropped-para-perfil-8-anos-1-96x96.jpg\",\"caption\":\"Aliados17\"},\"sameAs\":[\"https:\\\/\\\/www.aliados17.com\",\"https:\\\/\\\/www.facebook.com\\\/Aliados17Pue\",\"https:\\\/\\\/x.com\\\/AliadosPuebla\"],\"url\":\"https:\\\/\\\/www.aliadospuebla.com\\\/?author=2\"}]}<\/script>\n<!-- \/ Yoast SEO plugin. -->","yoast_head_json":{"title":"Gayosso y Palafox, \u201cajuste de cuentas\u201d - AliadosPuebla","robots":{"index":"index","follow":"follow","max-snippet":"max-snippet:-1","max-image-preview":"max-image-preview:large","max-video-preview":"max-video-preview:-1"},"canonical":"https:\/\/www.aliadospuebla.com\/?p=77940","og_locale":"es_ES","og_type":"article","og_title":"Gayosso y Palafox, \u201cajuste de cuentas\u201d - AliadosPuebla","og_description":"Tal pareciera que el Presidente del Consejo de la Judicatura del Poder Judicial, Carlos Palafox Galena, mand\u00f3 a \u201cmadrear\u201d a la presidenta del Tribunal Superior de Justicia Margarita Gayosso Ponce. Dos columnas el mismo d\u00eda, viernes 3 de febrero, y con temas coincidentes. \u201cMargarita Gayosso Ponce pretende echar abajo la reforma constitucional\u2026 pertinaz golpeteo en medios y columnas\u201d, escribi\u00f3 Arturo Luna Silva en \u201cLa Cr\u00f3nica de Puebla\u201d. \u201cPor eso se han venido quejando tambi\u00e9n, a trav\u00e9s de sus tomadictado, de la revisi\u00f3n a los trabajadores por honorarios\u2026\u201d, escribi\u00f3 \u00c1lvaro Ram\u00edrez en el Hip\u00f3crita Lector. Lo cierto es que Palafox nunca \u201cencarg\u00f3\u201d a esas respetables columnas \u201cmadrear\u201d a Margarita. NO es el estilo de Carlos. M\u00e1s bien, lo entiendo como una respuesta a la columna del&hellip;Leer m\u00e1s...","og_url":"https:\/\/www.aliadospuebla.com\/?p=77940","og_site_name":"AliadosPuebla","article_author":"https:\/\/www.facebook.com\/Aliados17Pue","article_published_time":"2023-02-06T15:30:07+00:00","og_image":[{"width":600,"height":450,"url":"https:\/\/www.aliadospuebla.com\/web2017\/wp-content\/uploads\/2023\/02\/041.jpg","type":"image\/jpeg"}],"author":"Aliados17","twitter_card":"summary_large_image","twitter_creator":"@AliadosPuebla","twitter_misc":{"Escrito por":"Aliados17","Tiempo de lectura":"4 minutos"},"schema":{"@context":"https:\/\/schema.org","@graph":[{"@type":"Article","@id":"https:\/\/www.aliadospuebla.com\/?p=77940#article","isPartOf":{"@id":"https:\/\/www.aliadospuebla.com\/?p=77940"},"author":{"name":"Aliados17","@id":"https:\/\/www.aliadospuebla.com\/#\/schema\/person\/5da7dd09320bd4f392b710017ed5f8ad"},"headline":"Gayosso y Palafox, \u201cajuste de cuentas\u201d","datePublished":"2023-02-06T15:30:07+00:00","mainEntityOfPage":{"@id":"https:\/\/www.aliadospuebla.com\/?p=77940"},"wordCount":910,"commentCount":0,"image":{"@id":"https:\/\/www.aliadospuebla.com\/?p=77940#primaryimage"},"thumbnailUrl":"https:\/\/www.aliadospuebla.com\/web2017\/wp-content\/uploads\/2023\/02\/041.jpg","keywords":["ajuste","Carlos Palafox Galeana","Denisse Ort\u00edz","Elsa Mar\u00eda Bracamonte","Gaby Bonilla","LIZETH SANCHEZ GARCIA","Margarita Gayosso Ponce","Mariano Hern\u00e1ndez Reyes","PT","Scarlet Iv\u00f3n Palacios Hevia","Sergio Salom\u00f3n C\u00e9spedes Peregrina"],"articleSection":["Columnas"],"inLanguage":"es","potentialAction":[{"@type":"CommentAction","name":"Comment","target":["https:\/\/www.aliadospuebla.com\/?p=77940#respond"]}]},{"@type":"WebPage","@id":"https:\/\/www.aliadospuebla.com\/?p=77940","url":"https:\/\/www.aliadospuebla.com\/?p=77940","name":"Gayosso y Palafox, \u201cajuste de cuentas\u201d - AliadosPuebla","isPartOf":{"@id":"https:\/\/www.aliadospuebla.com\/#website"},"primaryImageOfPage":{"@id":"https:\/\/www.aliadospuebla.com\/?p=77940#primaryimage"},"image":{"@id":"https:\/\/www.aliadospuebla.com\/?p=77940#primaryimage"},"thumbnailUrl":"https:\/\/www.aliadospuebla.com\/web2017\/wp-content\/uploads\/2023\/02\/041.jpg","datePublished":"2023-02-06T15:30:07+00:00","author":{"@id":"https:\/\/www.aliadospuebla.com\/#\/schema\/person\/5da7dd09320bd4f392b710017ed5f8ad"},"breadcrumb":{"@id":"https:\/\/www.aliadospuebla.com\/?p=77940#breadcrumb"},"inLanguage":"es","potentialAction":[{"@type":"ReadAction","target":["https:\/\/www.aliadospuebla.com\/?p=77940"]}]},{"@type":"ImageObject","inLanguage":"es","@id":"https:\/\/www.aliadospuebla.com\/?p=77940#primaryimage","url":"https:\/\/www.aliadospuebla.com\/web2017\/wp-content\/uploads\/2023\/02\/041.jpg","contentUrl":"https:\/\/www.aliadospuebla.com\/web2017\/wp-content\/uploads\/2023\/02\/041.jpg","width":600,"height":450},{"@type":"BreadcrumbList","@id":"https:\/\/www.aliadospuebla.com\/?p=77940#breadcrumb","itemListElement":[{"@type":"ListItem","position":1,"name":"Portada","item":"https:\/\/www.aliadospuebla.com\/"},{"@type":"ListItem","position":2,"name":"Gayosso y Palafox, \u201cajuste de cuentas\u201d"}]},{"@type":"WebSite","@id":"https:\/\/www.aliadospuebla.com\/#website","url":"https:\/\/www.aliadospuebla.com\/","name":"AliadosPuebla","description":"La informaci\u00f3n en tus manos","potentialAction":[{"@type":"SearchAction","target":{"@type":"EntryPoint","urlTemplate":"https:\/\/www.aliadospuebla.com\/?s={search_term_string}"},"query-input":{"@type":"PropertyValueSpecification","valueRequired":true,"valueName":"search_term_string"}}],"inLanguage":"es"},{"@type":"Person","@id":"https:\/\/www.aliadospuebla.com\/#\/schema\/person\/5da7dd09320bd4f392b710017ed5f8ad","name":"Aliados17","image":{"@type":"ImageObject","inLanguage":"es","@id":"https:\/\/www.aliadospuebla.com\/web2017\/wp-content\/uploads\/2025\/03\/cropped-para-perfil-8-anos-1-96x96.jpg","url":"https:\/\/www.aliadospuebla.com\/web2017\/wp-content\/uploads\/2025\/03\/cropped-para-perfil-8-anos-1-96x96.jpg","contentUrl":"https:\/\/www.aliadospuebla.com\/web2017\/wp-content\/uploads\/2025\/03\/cropped-para-perfil-8-anos-1-96x96.jpg","caption":"Aliados17"},"sameAs":["https:\/\/www.aliados17.com","https:\/\/www.facebook.com\/Aliados17Pue","https:\/\/x.com\/AliadosPuebla"],"url":"https:\/\/www.aliadospuebla.com\/?author=2"}]}},"views":6,"_links":{"self":[{"href":"https:\/\/www.aliadospuebla.com\/index.php?rest_route=\/wp\/v2\/posts\/77940","targetHints":{"allow":["GET"]}}],"collection":[{"href":"https:\/\/www.aliadospuebla.com\/index.php?rest_route=\/wp\/v2\/posts"}],"about":[{"href":"https:\/\/www.aliadospuebla.com\/index.php?rest_route=\/wp\/v2\/types\/post"}],"author":[{"embeddable":true,"href":"https:\/\/www.aliadospuebla.com\/index.php?rest_route=\/wp\/v2\/users\/2"}],"replies":[{"embeddable":true,"href":"https:\/\/www.aliadospuebla.com\/index.php?rest_route=%2Fwp%2Fv2%2Fcomments&post=77940"}],"version-history":[{"count":1,"href":"https:\/\/www.aliadospuebla.com\/index.php?rest_route=\/wp\/v2\/posts\/77940\/revisions"}],"predecessor-version":[{"id":77942,"href":"https:\/\/www.aliadospuebla.com\/index.php?rest_route=\/wp\/v2\/posts\/77940\/revisions\/77942"}],"wp:featuredmedia":[{"embeddable":true,"href":"https:\/\/www.aliadospuebla.com\/index.php?rest_route=\/wp\/v2\/media\/77941"}],"wp:attachment":[{"href":"https:\/\/www.aliadospuebla.com\/index.php?rest_route=%2Fwp%2Fv2%2Fmedia&parent=77940"}],"wp:term":[{"taxonomy":"category","embeddable":true,"href":"https:\/\/www.aliadospuebla.com\/index.php?rest_route=%2Fwp%2Fv2%2Fcategories&post=77940"},{"taxonomy":"post_tag","embeddable":true,"href":"https:\/\/www.aliadospuebla.com\/index.php?rest_route=%2Fwp%2Fv2%2Ftags&post=77940"}],"curies":[{"name":"wp","href":"https:\/\/api.w.org\/{rel}","templated":true}]}}