{"id":77782,"date":"2023-01-31T06:51:46","date_gmt":"2023-01-31T12:51:46","guid":{"rendered":"https:\/\/www.aliados17.com\/?p=77782"},"modified":"2023-01-31T06:51:46","modified_gmt":"2023-01-31T12:51:46","slug":"cede-pan-al-pri-una-de-las-cholulas","status":"publish","type":"post","link":"https:\/\/www.aliadospuebla.com\/?p=77782","title":{"rendered":"Cede PAN al PRI, una de \u201cLas Cholulas\u201d"},"content":{"rendered":"<p>En la coalici\u00f3n PRI-PAN, PAN-PRI, quienes van a salir perdiendo son los panistas cholultecas.<br \/>\nYa sea los de San Andr\u00e9s o los de San Pedro.<br \/>\nLes informo:<br \/>\nEn las negociaciones entre azules y tricolores, los azules y los tricolores se pusieron de acuerdo para que el PAN, le entregue al PRI alguna de \u201clas Cholulas\u201d.<br \/>\nAs\u00ed es que ahora el pleito es, entre los sanandrese\u00f1os y los cholultecas. Ambos son cholultecas, pero unos son de San Andr\u00e9s y otros de Cholula.<br \/>\nBueno, el caso es que Paola Angon Silva, NO tiene la m\u00e1s m\u00ednima posibilidad de repetir como candidata. Y menos, de ser reelecta como alcaldesa de San Pedro Cholula.<br \/>\n\u00a1Ni de chiste!<br \/>\nPaola \u201cout\u201d.<br \/>\nJorge G\u00f3mez Carranco tiene la maldici\u00f3n de \u201cEl ya m\u00e9rito\u201d. Le tocaba ser candidato en el 2021, pero Genoveva Huerta, la entonces presidenta del PAN, se inclin\u00f3 por Paola con el pretexto de la equidad de g\u00e9nero.<br \/>\nA final de cuentas, Ang\u00f3n NO le cumpli\u00f3 a nadie, ni a Obama.<br \/>\nPara el 2024, G\u00f3mez Carranco era el candidato panista ideal, pero se le atraves\u00f3 el PRI.<br \/>\nFabi\u00e1n Jim\u00e9nez y otros aspirantes, NO tienen nada qu\u00e9 hacer a menos que\u2026<br \/>\nA menos que, en las negociaciones presionen al comit\u00e9 nacional de Marco Cort\u00e9s y al estatal de Augusta D\u00edaz para que en lugar de que al PRI le den San Pedro, mejor le den San Andr\u00e9s.<br \/>\nTotal, ser\u00e1 m\u00e1s f\u00e1cil \u201ctumbar\u201d a la candidata del alcalde Edmundo Tlatlehui, a la se\u00f1ora Guadalupe Cuautle Torres, o sea, su esposa.<br \/>\n\u00bfY de MORENA?<br \/>\nLuego hablamos.<br \/>\nPero, \u201cel tr\u00edo de tres\u201d, hasta ahora, para la alcald\u00eda de San Pedro est\u00e1 compuesto por:<br \/>\nLuis Alberto Arriaga Lil\u00e1.<br \/>\nJulio Lorenzini Rangel.<br \/>\nAlejandro Oaxaca Carre\u00f3n.<br \/>\nPunto.<br \/>\nHe dicho y he escrito.<br \/>\n\u2026<br \/>\nDesfilan \u201ccorcholatas\u201d, con Nacho Mier<br \/>\nEn la Cuarta Reuni\u00f3n Plenaria del grupo legislativo de MORENA, su coordinador Ignacio Mier Velazco organiz\u00f3 el desfile de \u201clas corcholatas\u201d.<br \/>\nRicardo Monreal \u00c1vila, reci\u00e9n incorporado al grupo.<br \/>\nMarcelo Ebrard Casaubon, quien apunta a ser el mejor de la 4T.<br \/>\nClaudia Sheinbaum Pardo, la preferida del C. Presidente.<br \/>\nAd\u00e1n Augusto L\u00f3pez Hern\u00e1ndez, quien casi ya es poblano.<br \/>\n\u00bfQu\u00e9 sigue?<br \/>\nYa mero sabremos.<br \/>\nPunto.<br \/>\nHe informado.<br \/>\n\u2026<\/p>\n<p>Ni Obama<br \/>\nMe dicen que la candidatura a gobernador, ya NO se la quita, ni Obama.<br \/>\n\u2026<\/p>\n<p>El Verdugo<br \/>\nA los pol\u00edticos \u201clos mata\u201d su soberbia. Claudia Rivera, Mario Mar\u00edn, Miguel Barbosa, Rafael Moreno Valle, por mencionar algunos de los encumbrados. Hay otros iguales, pero de bajo nivel. Soberbios al fin. El Verdugo dice: Por eso, los castiga Dios.<br \/>\n\u2026<\/p>\n<p>De Buena Fuente, no es la mejor columna pol\u00edtica, pero tiene\u2026 a los mejores lectores.<br \/>\ncmaciaspalma@yahoo.com.mx<br \/>\n@cmaciaspalma<br \/>\nFB: Carlos Macias Palma<\/p>\n","protected":false},"excerpt":{"rendered":"<p>En la coalici\u00f3n PRI-PAN, PAN-PRI, quienes van a salir perdiendo son los panistas cholultecas. Ya sea los de San Andr\u00e9s o los de San Pedro. Les informo: En las negociaciones entre azules y tricolores, los azules y los tricolores se pusieron de acuerdo para que el PAN, le entregue al PRI alguna de \u201clas Cholulas\u201d. As\u00ed es que ahora el pleito es, entre los sanandrese\u00f1os y los cholultecas. Ambos son cholultecas, pero unos son de San Andr\u00e9s y otros de Cholula. Bueno, el caso es que Paola Angon Silva, NO tiene la m\u00e1s m\u00ednima posibilidad de repetir como candidata. Y menos, de ser reelecta como alcaldesa de San Pedro Cholula. \u00a1Ni de chiste! Paola \u201cout\u201d. Jorge G\u00f3mez Carranco tiene la maldici\u00f3n de \u201cEl ya m\u00e9rito\u201d.&hellip;<\/p>\n<p class=\"excerpt-more\"><a class=\"blog-excerpt button\" href=\"https:\/\/www.aliadospuebla.com\/?p=77782\">Leer m\u00e1s&#8230;<\/a><\/p>\n","protected":false},"author":2,"featured_media":77783,"comment_status":"open","ping_status":"open","sticky":false,"template":"","format":"standard","meta":{"_monsterinsights_skip_tracking":false,"footnotes":""},"categories":[9],"tags":[5362,20900,14869,666,16163,251,15485,45,84,387],"class_list":["post-77782","post","type-post","status-publish","format-standard","has-post-thumbnail","hentry","category-columnas","tag-claudia-rivera-vivanco","tag-fabian-jimenez","tag-jorge-gomez-carranco","tag-morena","tag-nacho-mier","tag-pan","tag-paola-angon-silva","tag-pri","tag-san-andres-cholula","tag-san-pedro-cholula"],"yoast_head":"<!-- This site is optimized with the Yoast SEO plugin v28.3 - https:\/\/yoast.com\/product\/yoast-seo-wordpress\/ -->\n<title>Cede PAN al PRI, una de \u201cLas Cholulas\u201d - AliadosPuebla<\/title>\n<meta name=\"robots\" content=\"index, follow, max-snippet:-1, max-image-preview:large, max-video-preview:-1\" \/>\n<link rel=\"canonical\" href=\"https:\/\/www.aliadospuebla.com\/?p=77782\" \/>\n<meta property=\"og:locale\" content=\"es_ES\" \/>\n<meta property=\"og:type\" content=\"article\" \/>\n<meta property=\"og:title\" content=\"Cede PAN al PRI, una de \u201cLas Cholulas\u201d - AliadosPuebla\" \/>\n<meta property=\"og:description\" content=\"En la coalici\u00f3n PRI-PAN, PAN-PRI, quienes van a salir perdiendo son los panistas cholultecas. Ya sea los de San Andr\u00e9s o los de San Pedro. Les informo: En las negociaciones entre azules y tricolores, los azules y los tricolores se pusieron de acuerdo para que el PAN, le entregue al PRI alguna de \u201clas Cholulas\u201d. As\u00ed es que ahora el pleito es, entre los sanandrese\u00f1os y los cholultecas. Ambos son cholultecas, pero unos son de San Andr\u00e9s y otros de Cholula. Bueno, el caso es que Paola Angon Silva, NO tiene la m\u00e1s m\u00ednima posibilidad de repetir como candidata. Y menos, de ser reelecta como alcaldesa de San Pedro Cholula. \u00a1Ni de chiste! Paola \u201cout\u201d. Jorge G\u00f3mez Carranco tiene la maldici\u00f3n de \u201cEl ya m\u00e9rito\u201d.&hellip;Leer m\u00e1s...\" \/>\n<meta property=\"og:url\" content=\"https:\/\/www.aliadospuebla.com\/?p=77782\" \/>\n<meta property=\"og:site_name\" content=\"AliadosPuebla\" \/>\n<meta property=\"article:author\" content=\"https:\/\/www.facebook.com\/Aliados17Pue\" \/>\n<meta property=\"article:published_time\" content=\"2023-01-31T12:51:46+00:00\" \/>\n<meta property=\"og:image\" content=\"https:\/\/www.aliadospuebla.com\/web2017\/wp-content\/uploads\/2023\/01\/215.jpg\" \/>\n\t<meta property=\"og:image:width\" content=\"600\" \/>\n\t<meta property=\"og:image:height\" content=\"450\" \/>\n\t<meta property=\"og:image:type\" content=\"image\/jpeg\" \/>\n<meta name=\"author\" content=\"Aliados17\" \/>\n<meta name=\"twitter:card\" content=\"summary_large_image\" \/>\n<meta name=\"twitter:creator\" content=\"@AliadosPuebla\" \/>\n<meta name=\"twitter:label1\" content=\"Escrito por\" \/>\n\t<meta name=\"twitter:data1\" content=\"Aliados17\" \/>\n\t<meta name=\"twitter:label2\" content=\"Tiempo de lectura\" \/>\n\t<meta name=\"twitter:data2\" content=\"3 minutos\" \/>\n<script type=\"application\/ld+json\" class=\"yoast-schema-graph\">{\"@context\":\"https:\\\/\\\/schema.org\",\"@graph\":[{\"@type\":\"Article\",\"@id\":\"https:\\\/\\\/www.aliadospuebla.com\\\/?p=77782#article\",\"isPartOf\":{\"@id\":\"https:\\\/\\\/www.aliadospuebla.com\\\/?p=77782\"},\"author\":{\"name\":\"Aliados17\",\"@id\":\"https:\\\/\\\/www.aliadospuebla.com\\\/#\\\/schema\\\/person\\\/5da7dd09320bd4f392b710017ed5f8ad\"},\"headline\":\"Cede PAN al PRI, una de \u201cLas Cholulas\u201d\",\"datePublished\":\"2023-01-31T12:51:46+00:00\",\"mainEntityOfPage\":{\"@id\":\"https:\\\/\\\/www.aliadospuebla.com\\\/?p=77782\"},\"wordCount\":478,\"commentCount\":0,\"image\":{\"@id\":\"https:\\\/\\\/www.aliadospuebla.com\\\/?p=77782#primaryimage\"},\"thumbnailUrl\":\"https:\\\/\\\/www.aliadospuebla.com\\\/web2017\\\/wp-content\\\/uploads\\\/2023\\\/01\\\/215.jpg\",\"keywords\":[\"CLAUDIA RIVERA VIVANCO\",\"Fabian Jim\u00e9nez\",\"Jorge G\u00f3mez Carranco\",\"MORENA\",\"Nacho Mier\",\"PAN\",\"Paola Ang\u00f3n Silva\",\"PRI\",\"San Andr\u00e9s Cholula\",\"SAN PEDRO CHOLULA\"],\"articleSection\":[\"Columnas\"],\"inLanguage\":\"es\",\"potentialAction\":[{\"@type\":\"CommentAction\",\"name\":\"Comment\",\"target\":[\"https:\\\/\\\/www.aliadospuebla.com\\\/?p=77782#respond\"]}]},{\"@type\":\"WebPage\",\"@id\":\"https:\\\/\\\/www.aliadospuebla.com\\\/?p=77782\",\"url\":\"https:\\\/\\\/www.aliadospuebla.com\\\/?p=77782\",\"name\":\"Cede PAN al PRI, una de \u201cLas Cholulas\u201d - AliadosPuebla\",\"isPartOf\":{\"@id\":\"https:\\\/\\\/www.aliadospuebla.com\\\/#website\"},\"primaryImageOfPage\":{\"@id\":\"https:\\\/\\\/www.aliadospuebla.com\\\/?p=77782#primaryimage\"},\"image\":{\"@id\":\"https:\\\/\\\/www.aliadospuebla.com\\\/?p=77782#primaryimage\"},\"thumbnailUrl\":\"https:\\\/\\\/www.aliadospuebla.com\\\/web2017\\\/wp-content\\\/uploads\\\/2023\\\/01\\\/215.jpg\",\"datePublished\":\"2023-01-31T12:51:46+00:00\",\"author\":{\"@id\":\"https:\\\/\\\/www.aliadospuebla.com\\\/#\\\/schema\\\/person\\\/5da7dd09320bd4f392b710017ed5f8ad\"},\"breadcrumb\":{\"@id\":\"https:\\\/\\\/www.aliadospuebla.com\\\/?p=77782#breadcrumb\"},\"inLanguage\":\"es\",\"potentialAction\":[{\"@type\":\"ReadAction\",\"target\":[\"https:\\\/\\\/www.aliadospuebla.com\\\/?p=77782\"]}]},{\"@type\":\"ImageObject\",\"inLanguage\":\"es\",\"@id\":\"https:\\\/\\\/www.aliadospuebla.com\\\/?p=77782#primaryimage\",\"url\":\"https:\\\/\\\/www.aliadospuebla.com\\\/web2017\\\/wp-content\\\/uploads\\\/2023\\\/01\\\/215.jpg\",\"contentUrl\":\"https:\\\/\\\/www.aliadospuebla.com\\\/web2017\\\/wp-content\\\/uploads\\\/2023\\\/01\\\/215.jpg\",\"width\":600,\"height\":450},{\"@type\":\"BreadcrumbList\",\"@id\":\"https:\\\/\\\/www.aliadospuebla.com\\\/?p=77782#breadcrumb\",\"itemListElement\":[{\"@type\":\"ListItem\",\"position\":1,\"name\":\"Portada\",\"item\":\"https:\\\/\\\/www.aliadospuebla.com\\\/\"},{\"@type\":\"ListItem\",\"position\":2,\"name\":\"Cede PAN al PRI, una de \u201cLas Cholulas\u201d\"}]},{\"@type\":\"WebSite\",\"@id\":\"https:\\\/\\\/www.aliadospuebla.com\\\/#website\",\"url\":\"https:\\\/\\\/www.aliadospuebla.com\\\/\",\"name\":\"AliadosPuebla\",\"description\":\"La informaci\u00f3n en tus manos\",\"potentialAction\":[{\"@type\":\"SearchAction\",\"target\":{\"@type\":\"EntryPoint\",\"urlTemplate\":\"https:\\\/\\\/www.aliadospuebla.com\\\/?s={search_term_string}\"},\"query-input\":{\"@type\":\"PropertyValueSpecification\",\"valueRequired\":true,\"valueName\":\"search_term_string\"}}],\"inLanguage\":\"es\"},{\"@type\":\"Person\",\"@id\":\"https:\\\/\\\/www.aliadospuebla.com\\\/#\\\/schema\\\/person\\\/5da7dd09320bd4f392b710017ed5f8ad\",\"name\":\"Aliados17\",\"image\":{\"@type\":\"ImageObject\",\"inLanguage\":\"es\",\"@id\":\"https:\\\/\\\/www.aliadospuebla.com\\\/web2017\\\/wp-content\\\/uploads\\\/2025\\\/03\\\/cropped-para-perfil-8-anos-1-96x96.jpg\",\"url\":\"https:\\\/\\\/www.aliadospuebla.com\\\/web2017\\\/wp-content\\\/uploads\\\/2025\\\/03\\\/cropped-para-perfil-8-anos-1-96x96.jpg\",\"contentUrl\":\"https:\\\/\\\/www.aliadospuebla.com\\\/web2017\\\/wp-content\\\/uploads\\\/2025\\\/03\\\/cropped-para-perfil-8-anos-1-96x96.jpg\",\"caption\":\"Aliados17\"},\"sameAs\":[\"https:\\\/\\\/www.aliados17.com\",\"https:\\\/\\\/www.facebook.com\\\/Aliados17Pue\",\"https:\\\/\\\/x.com\\\/AliadosPuebla\"],\"url\":\"https:\\\/\\\/www.aliadospuebla.com\\\/?author=2\"}]}<\/script>\n<!-- \/ Yoast SEO plugin. -->","yoast_head_json":{"title":"Cede PAN al PRI, una de \u201cLas Cholulas\u201d - AliadosPuebla","robots":{"index":"index","follow":"follow","max-snippet":"max-snippet:-1","max-image-preview":"max-image-preview:large","max-video-preview":"max-video-preview:-1"},"canonical":"https:\/\/www.aliadospuebla.com\/?p=77782","og_locale":"es_ES","og_type":"article","og_title":"Cede PAN al PRI, una de \u201cLas Cholulas\u201d - AliadosPuebla","og_description":"En la coalici\u00f3n PRI-PAN, PAN-PRI, quienes van a salir perdiendo son los panistas cholultecas. Ya sea los de San Andr\u00e9s o los de San Pedro. Les informo: En las negociaciones entre azules y tricolores, los azules y los tricolores se pusieron de acuerdo para que el PAN, le entregue al PRI alguna de \u201clas Cholulas\u201d. As\u00ed es que ahora el pleito es, entre los sanandrese\u00f1os y los cholultecas. Ambos son cholultecas, pero unos son de San Andr\u00e9s y otros de Cholula. Bueno, el caso es que Paola Angon Silva, NO tiene la m\u00e1s m\u00ednima posibilidad de repetir como candidata. Y menos, de ser reelecta como alcaldesa de San Pedro Cholula. \u00a1Ni de chiste! Paola \u201cout\u201d. Jorge G\u00f3mez Carranco tiene la maldici\u00f3n de \u201cEl ya m\u00e9rito\u201d.&hellip;Leer m\u00e1s...","og_url":"https:\/\/www.aliadospuebla.com\/?p=77782","og_site_name":"AliadosPuebla","article_author":"https:\/\/www.facebook.com\/Aliados17Pue","article_published_time":"2023-01-31T12:51:46+00:00","og_image":[{"width":600,"height":450,"url":"https:\/\/www.aliadospuebla.com\/web2017\/wp-content\/uploads\/2023\/01\/215.jpg","type":"image\/jpeg"}],"author":"Aliados17","twitter_card":"summary_large_image","twitter_creator":"@AliadosPuebla","twitter_misc":{"Escrito por":"Aliados17","Tiempo de lectura":"3 minutos"},"schema":{"@context":"https:\/\/schema.org","@graph":[{"@type":"Article","@id":"https:\/\/www.aliadospuebla.com\/?p=77782#article","isPartOf":{"@id":"https:\/\/www.aliadospuebla.com\/?p=77782"},"author":{"name":"Aliados17","@id":"https:\/\/www.aliadospuebla.com\/#\/schema\/person\/5da7dd09320bd4f392b710017ed5f8ad"},"headline":"Cede PAN al PRI, una de \u201cLas Cholulas\u201d","datePublished":"2023-01-31T12:51:46+00:00","mainEntityOfPage":{"@id":"https:\/\/www.aliadospuebla.com\/?p=77782"},"wordCount":478,"commentCount":0,"image":{"@id":"https:\/\/www.aliadospuebla.com\/?p=77782#primaryimage"},"thumbnailUrl":"https:\/\/www.aliadospuebla.com\/web2017\/wp-content\/uploads\/2023\/01\/215.jpg","keywords":["CLAUDIA RIVERA VIVANCO","Fabian Jim\u00e9nez","Jorge G\u00f3mez Carranco","MORENA","Nacho Mier","PAN","Paola Ang\u00f3n Silva","PRI","San Andr\u00e9s Cholula","SAN PEDRO CHOLULA"],"articleSection":["Columnas"],"inLanguage":"es","potentialAction":[{"@type":"CommentAction","name":"Comment","target":["https:\/\/www.aliadospuebla.com\/?p=77782#respond"]}]},{"@type":"WebPage","@id":"https:\/\/www.aliadospuebla.com\/?p=77782","url":"https:\/\/www.aliadospuebla.com\/?p=77782","name":"Cede PAN al PRI, una de \u201cLas Cholulas\u201d - AliadosPuebla","isPartOf":{"@id":"https:\/\/www.aliadospuebla.com\/#website"},"primaryImageOfPage":{"@id":"https:\/\/www.aliadospuebla.com\/?p=77782#primaryimage"},"image":{"@id":"https:\/\/www.aliadospuebla.com\/?p=77782#primaryimage"},"thumbnailUrl":"https:\/\/www.aliadospuebla.com\/web2017\/wp-content\/uploads\/2023\/01\/215.jpg","datePublished":"2023-01-31T12:51:46+00:00","author":{"@id":"https:\/\/www.aliadospuebla.com\/#\/schema\/person\/5da7dd09320bd4f392b710017ed5f8ad"},"breadcrumb":{"@id":"https:\/\/www.aliadospuebla.com\/?p=77782#breadcrumb"},"inLanguage":"es","potentialAction":[{"@type":"ReadAction","target":["https:\/\/www.aliadospuebla.com\/?p=77782"]}]},{"@type":"ImageObject","inLanguage":"es","@id":"https:\/\/www.aliadospuebla.com\/?p=77782#primaryimage","url":"https:\/\/www.aliadospuebla.com\/web2017\/wp-content\/uploads\/2023\/01\/215.jpg","contentUrl":"https:\/\/www.aliadospuebla.com\/web2017\/wp-content\/uploads\/2023\/01\/215.jpg","width":600,"height":450},{"@type":"BreadcrumbList","@id":"https:\/\/www.aliadospuebla.com\/?p=77782#breadcrumb","itemListElement":[{"@type":"ListItem","position":1,"name":"Portada","item":"https:\/\/www.aliadospuebla.com\/"},{"@type":"ListItem","position":2,"name":"Cede PAN al PRI, una de \u201cLas Cholulas\u201d"}]},{"@type":"WebSite","@id":"https:\/\/www.aliadospuebla.com\/#website","url":"https:\/\/www.aliadospuebla.com\/","name":"AliadosPuebla","description":"La informaci\u00f3n en tus manos","potentialAction":[{"@type":"SearchAction","target":{"@type":"EntryPoint","urlTemplate":"https:\/\/www.aliadospuebla.com\/?s={search_term_string}"},"query-input":{"@type":"PropertyValueSpecification","valueRequired":true,"valueName":"search_term_string"}}],"inLanguage":"es"},{"@type":"Person","@id":"https:\/\/www.aliadospuebla.com\/#\/schema\/person\/5da7dd09320bd4f392b710017ed5f8ad","name":"Aliados17","image":{"@type":"ImageObject","inLanguage":"es","@id":"https:\/\/www.aliadospuebla.com\/web2017\/wp-content\/uploads\/2025\/03\/cropped-para-perfil-8-anos-1-96x96.jpg","url":"https:\/\/www.aliadospuebla.com\/web2017\/wp-content\/uploads\/2025\/03\/cropped-para-perfil-8-anos-1-96x96.jpg","contentUrl":"https:\/\/www.aliadospuebla.com\/web2017\/wp-content\/uploads\/2025\/03\/cropped-para-perfil-8-anos-1-96x96.jpg","caption":"Aliados17"},"sameAs":["https:\/\/www.aliados17.com","https:\/\/www.facebook.com\/Aliados17Pue","https:\/\/x.com\/AliadosPuebla"],"url":"https:\/\/www.aliadospuebla.com\/?author=2"}]}},"views":13,"_links":{"self":[{"href":"https:\/\/www.aliadospuebla.com\/index.php?rest_route=\/wp\/v2\/posts\/77782","targetHints":{"allow":["GET"]}}],"collection":[{"href":"https:\/\/www.aliadospuebla.com\/index.php?rest_route=\/wp\/v2\/posts"}],"about":[{"href":"https:\/\/www.aliadospuebla.com\/index.php?rest_route=\/wp\/v2\/types\/post"}],"author":[{"embeddable":true,"href":"https:\/\/www.aliadospuebla.com\/index.php?rest_route=\/wp\/v2\/users\/2"}],"replies":[{"embeddable":true,"href":"https:\/\/www.aliadospuebla.com\/index.php?rest_route=%2Fwp%2Fv2%2Fcomments&post=77782"}],"version-history":[{"count":1,"href":"https:\/\/www.aliadospuebla.com\/index.php?rest_route=\/wp\/v2\/posts\/77782\/revisions"}],"predecessor-version":[{"id":77784,"href":"https:\/\/www.aliadospuebla.com\/index.php?rest_route=\/wp\/v2\/posts\/77782\/revisions\/77784"}],"wp:featuredmedia":[{"embeddable":true,"href":"https:\/\/www.aliadospuebla.com\/index.php?rest_route=\/wp\/v2\/media\/77783"}],"wp:attachment":[{"href":"https:\/\/www.aliadospuebla.com\/index.php?rest_route=%2Fwp%2Fv2%2Fmedia&parent=77782"}],"wp:term":[{"taxonomy":"category","embeddable":true,"href":"https:\/\/www.aliadospuebla.com\/index.php?rest_route=%2Fwp%2Fv2%2Fcategories&post=77782"},{"taxonomy":"post_tag","embeddable":true,"href":"https:\/\/www.aliadospuebla.com\/index.php?rest_route=%2Fwp%2Fv2%2Ftags&post=77782"}],"curies":[{"name":"wp","href":"https:\/\/api.w.org\/{rel}","templated":true}]}}