{"id":77779,"date":"2023-01-31T06:37:57","date_gmt":"2023-01-31T12:37:57","guid":{"rendered":"https:\/\/www.aliados17.com\/?p=77779"},"modified":"2023-01-31T06:37:57","modified_gmt":"2023-01-31T12:37:57","slug":"emprendedores-de-san-jeronimo-caleras-fueron-capacitados-por-el-ayuntamiento-de-puebla","status":"publish","type":"post","link":"https:\/\/www.aliadospuebla.com\/?p=77779","title":{"rendered":"EMPRENDEDORES DE SAN JER\u00d3NIMO CALERAS FUERON CAPACITADOS POR EL AYUNTAMIENTO DE PUEBLA"},"content":{"rendered":"<h4>Se abordaron temas como: entorno econ\u00f3mico, modelo de negocio Canvas, flujo de efectivo, administraci\u00f3n del dinero y ahorro.<\/h4>\n<p>Contar con personas preparadas y con la habilidad de impulsar el crecimiento de sus peque\u00f1as y medianas empresas es el objetivo del Ayuntamiento de Puebla, que preside Eduardo Rivera P\u00e9rez, por ello implementa una serie de capacitaciones, para brindar orientaci\u00f3n a las y los emprendedores.<\/p>\n<p>En esta ocasi\u00f3n, la sede fue el sal\u00f3n de usos m\u00faltiples de San Jer\u00f3nimo Caleras, gracias al apoyo de \u00c1ngel Soto Lim\u00f3n, Presidente de la junta auxiliar, y Berenice Mac\u00edas Dur\u00e1n, titular del Subsistema Municipal DIF.<\/p>\n<p>Personal de la Secretar\u00eda de Econom\u00eda y Turismo a cargo de Alejandro Ca\u00f1edo Priesca, imparti\u00f3 los siguientes cursos en tres sesiones: \u00abEntorno Econ\u00f3mico\u00bb, \u00abModelo de Negocio a trav\u00e9s de Canvas\u00bb, \u00abFlujo de Efectivo, Administraci\u00f3n del dinero y ahorro\u00bb.<\/p>\n<p>Para solicitar informaci\u00f3n sobre estos cursos, las y los interesados pueden comunicarse al tel\u00e9fono: 22 71 04 71 74 en la Direcci\u00f3n de Vinculaci\u00f3n y Econom\u00eda Social.<\/p>\n","protected":false},"excerpt":{"rendered":"<p>Se abordaron temas como: entorno econ\u00f3mico, modelo de negocio Canvas, flujo de efectivo, administraci\u00f3n del dinero y ahorro. Contar con personas preparadas y con la habilidad de impulsar el crecimiento de sus peque\u00f1as y medianas empresas es el objetivo del Ayuntamiento de Puebla, que preside Eduardo Rivera P\u00e9rez, por ello implementa una serie de capacitaciones, para brindar orientaci\u00f3n a las y los emprendedores. En esta ocasi\u00f3n, la sede fue el sal\u00f3n de usos m\u00faltiples de San Jer\u00f3nimo Caleras, gracias al apoyo de \u00c1ngel Soto Lim\u00f3n, Presidente de la junta auxiliar, y Berenice Mac\u00edas Dur\u00e1n, titular del Subsistema Municipal DIF. Personal de la Secretar\u00eda de Econom\u00eda y Turismo a cargo de Alejandro Ca\u00f1edo Priesca, imparti\u00f3 los siguientes cursos en tres sesiones: \u00abEntorno Econ\u00f3mico\u00bb, \u00abModelo de Negocio&hellip;<\/p>\n<p class=\"excerpt-more\"><a class=\"blog-excerpt button\" href=\"https:\/\/www.aliadospuebla.com\/?p=77779\">Leer m\u00e1s&#8230;<\/a><\/p>\n","protected":false},"author":2,"featured_media":77780,"comment_status":"open","ping_status":"open","sticky":false,"template":"","format":"standard","meta":{"_monsterinsights_skip_tracking":false,"footnotes":""},"categories":[62],"tags":[15392,4527,82,2405],"class_list":["post-77779","post","type-post","status-publish","format-standard","has-post-thumbnail","hentry","category-capital","tag-angel-soto-limon","tag-eduardo-rivera-perez","tag-emprendedores","tag-san-jeronimo-caleras"],"yoast_head":"<!-- This site is optimized with the Yoast SEO plugin v28.4 - https:\/\/yoast.com\/product\/yoast-seo-wordpress\/ -->\n<title>EMPRENDEDORES DE SAN JER\u00d3NIMO CALERAS FUERON CAPACITADOS POR EL AYUNTAMIENTO DE PUEBLA - AliadosPuebla<\/title>\n<meta name=\"robots\" content=\"index, follow, max-snippet:-1, max-image-preview:large, max-video-preview:-1\" \/>\n<link rel=\"canonical\" href=\"https:\/\/www.aliadospuebla.com\/?p=77779\" \/>\n<meta property=\"og:locale\" content=\"es_ES\" \/>\n<meta property=\"og:type\" content=\"article\" \/>\n<meta property=\"og:title\" content=\"EMPRENDEDORES DE SAN JER\u00d3NIMO CALERAS FUERON CAPACITADOS POR EL AYUNTAMIENTO DE PUEBLA - AliadosPuebla\" \/>\n<meta property=\"og:description\" content=\"Se abordaron temas como: entorno econ\u00f3mico, modelo de negocio Canvas, flujo de efectivo, administraci\u00f3n del dinero y ahorro. Contar con personas preparadas y con la habilidad de impulsar el crecimiento de sus peque\u00f1as y medianas empresas es el objetivo del Ayuntamiento de Puebla, que preside Eduardo Rivera P\u00e9rez, por ello implementa una serie de capacitaciones, para brindar orientaci\u00f3n a las y los emprendedores. En esta ocasi\u00f3n, la sede fue el sal\u00f3n de usos m\u00faltiples de San Jer\u00f3nimo Caleras, gracias al apoyo de \u00c1ngel Soto Lim\u00f3n, Presidente de la junta auxiliar, y Berenice Mac\u00edas Dur\u00e1n, titular del Subsistema Municipal DIF. Personal de la Secretar\u00eda de Econom\u00eda y Turismo a cargo de Alejandro Ca\u00f1edo Priesca, imparti\u00f3 los siguientes cursos en tres sesiones: \u00abEntorno Econ\u00f3mico\u00bb, \u00abModelo de Negocio&hellip;Leer m\u00e1s...\" \/>\n<meta property=\"og:url\" content=\"https:\/\/www.aliadospuebla.com\/?p=77779\" \/>\n<meta property=\"og:site_name\" content=\"AliadosPuebla\" \/>\n<meta property=\"article:author\" content=\"https:\/\/www.facebook.com\/Aliados17Pue\" \/>\n<meta property=\"article:published_time\" content=\"2023-01-31T12:37:57+00:00\" \/>\n<meta property=\"og:image\" content=\"https:\/\/www.aliadospuebla.com\/web2017\/wp-content\/uploads\/2023\/01\/214.jpg\" \/>\n\t<meta property=\"og:image:width\" content=\"600\" \/>\n\t<meta property=\"og:image:height\" content=\"450\" \/>\n\t<meta property=\"og:image:type\" content=\"image\/jpeg\" \/>\n<meta name=\"author\" content=\"Aliados17\" \/>\n<meta name=\"twitter:card\" content=\"summary_large_image\" \/>\n<meta name=\"twitter:creator\" content=\"@AliadosPuebla\" \/>\n<meta name=\"twitter:label1\" content=\"Escrito por\" \/>\n\t<meta name=\"twitter:data1\" content=\"Aliados17\" \/>\n\t<meta name=\"twitter:label2\" content=\"Tiempo de lectura\" \/>\n\t<meta name=\"twitter:data2\" content=\"1 minuto\" \/>\n<script type=\"application\/ld+json\" class=\"yoast-schema-graph\">{\"@context\":\"https:\\\/\\\/schema.org\",\"@graph\":[{\"@type\":\"Article\",\"@id\":\"https:\\\/\\\/www.aliadospuebla.com\\\/?p=77779#article\",\"isPartOf\":{\"@id\":\"https:\\\/\\\/www.aliadospuebla.com\\\/?p=77779\"},\"author\":{\"name\":\"Aliados17\",\"@id\":\"https:\\\/\\\/www.aliadospuebla.com\\\/#\\\/schema\\\/person\\\/5da7dd09320bd4f392b710017ed5f8ad\"},\"headline\":\"EMPRENDEDORES DE SAN JER\u00d3NIMO CALERAS FUERON CAPACITADOS POR EL AYUNTAMIENTO DE PUEBLA\",\"datePublished\":\"2023-01-31T12:37:57+00:00\",\"mainEntityOfPage\":{\"@id\":\"https:\\\/\\\/www.aliadospuebla.com\\\/?p=77779\"},\"wordCount\":195,\"commentCount\":0,\"image\":{\"@id\":\"https:\\\/\\\/www.aliadospuebla.com\\\/?p=77779#primaryimage\"},\"thumbnailUrl\":\"https:\\\/\\\/www.aliadospuebla.com\\\/web2017\\\/wp-content\\\/uploads\\\/2023\\\/01\\\/214.jpg\",\"keywords\":[\"\u00c1ngel Soto Lim\u00f3n\",\"EDUARDO RIVERA P\u00c9REZ\",\"Emprendedores\",\"SAN JER\u00d3NIMO CALERAS\"],\"articleSection\":[\"Capital\"],\"inLanguage\":\"es\",\"potentialAction\":[{\"@type\":\"CommentAction\",\"name\":\"Comment\",\"target\":[\"https:\\\/\\\/www.aliadospuebla.com\\\/?p=77779#respond\"]}]},{\"@type\":\"WebPage\",\"@id\":\"https:\\\/\\\/www.aliadospuebla.com\\\/?p=77779\",\"url\":\"https:\\\/\\\/www.aliadospuebla.com\\\/?p=77779\",\"name\":\"EMPRENDEDORES DE SAN JER\u00d3NIMO CALERAS FUERON CAPACITADOS POR EL AYUNTAMIENTO DE PUEBLA - AliadosPuebla\",\"isPartOf\":{\"@id\":\"https:\\\/\\\/www.aliadospuebla.com\\\/#website\"},\"primaryImageOfPage\":{\"@id\":\"https:\\\/\\\/www.aliadospuebla.com\\\/?p=77779#primaryimage\"},\"image\":{\"@id\":\"https:\\\/\\\/www.aliadospuebla.com\\\/?p=77779#primaryimage\"},\"thumbnailUrl\":\"https:\\\/\\\/www.aliadospuebla.com\\\/web2017\\\/wp-content\\\/uploads\\\/2023\\\/01\\\/214.jpg\",\"datePublished\":\"2023-01-31T12:37:57+00:00\",\"author\":{\"@id\":\"https:\\\/\\\/www.aliadospuebla.com\\\/#\\\/schema\\\/person\\\/5da7dd09320bd4f392b710017ed5f8ad\"},\"breadcrumb\":{\"@id\":\"https:\\\/\\\/www.aliadospuebla.com\\\/?p=77779#breadcrumb\"},\"inLanguage\":\"es\",\"potentialAction\":[{\"@type\":\"ReadAction\",\"target\":[\"https:\\\/\\\/www.aliadospuebla.com\\\/?p=77779\"]}]},{\"@type\":\"ImageObject\",\"inLanguage\":\"es\",\"@id\":\"https:\\\/\\\/www.aliadospuebla.com\\\/?p=77779#primaryimage\",\"url\":\"https:\\\/\\\/www.aliadospuebla.com\\\/web2017\\\/wp-content\\\/uploads\\\/2023\\\/01\\\/214.jpg\",\"contentUrl\":\"https:\\\/\\\/www.aliadospuebla.com\\\/web2017\\\/wp-content\\\/uploads\\\/2023\\\/01\\\/214.jpg\",\"width\":600,\"height\":450},{\"@type\":\"BreadcrumbList\",\"@id\":\"https:\\\/\\\/www.aliadospuebla.com\\\/?p=77779#breadcrumb\",\"itemListElement\":[{\"@type\":\"ListItem\",\"position\":1,\"name\":\"Portada\",\"item\":\"https:\\\/\\\/www.aliadospuebla.com\\\/\"},{\"@type\":\"ListItem\",\"position\":2,\"name\":\"EMPRENDEDORES DE SAN JER\u00d3NIMO CALERAS FUERON CAPACITADOS POR EL AYUNTAMIENTO DE PUEBLA\"}]},{\"@type\":\"WebSite\",\"@id\":\"https:\\\/\\\/www.aliadospuebla.com\\\/#website\",\"url\":\"https:\\\/\\\/www.aliadospuebla.com\\\/\",\"name\":\"AliadosPuebla\",\"description\":\"La informaci\u00f3n en tus manos\",\"potentialAction\":[{\"@type\":\"SearchAction\",\"target\":{\"@type\":\"EntryPoint\",\"urlTemplate\":\"https:\\\/\\\/www.aliadospuebla.com\\\/?s={search_term_string}\"},\"query-input\":{\"@type\":\"PropertyValueSpecification\",\"valueRequired\":true,\"valueName\":\"search_term_string\"}}],\"inLanguage\":\"es\"},{\"@type\":\"Person\",\"@id\":\"https:\\\/\\\/www.aliadospuebla.com\\\/#\\\/schema\\\/person\\\/5da7dd09320bd4f392b710017ed5f8ad\",\"name\":\"Aliados17\",\"image\":{\"@type\":\"ImageObject\",\"inLanguage\":\"es\",\"@id\":\"https:\\\/\\\/www.aliadospuebla.com\\\/web2017\\\/wp-content\\\/uploads\\\/2025\\\/03\\\/cropped-para-perfil-8-anos-1-96x96.jpg\",\"url\":\"https:\\\/\\\/www.aliadospuebla.com\\\/web2017\\\/wp-content\\\/uploads\\\/2025\\\/03\\\/cropped-para-perfil-8-anos-1-96x96.jpg\",\"contentUrl\":\"https:\\\/\\\/www.aliadospuebla.com\\\/web2017\\\/wp-content\\\/uploads\\\/2025\\\/03\\\/cropped-para-perfil-8-anos-1-96x96.jpg\",\"caption\":\"Aliados17\"},\"sameAs\":[\"https:\\\/\\\/www.aliados17.com\",\"https:\\\/\\\/www.facebook.com\\\/Aliados17Pue\",\"https:\\\/\\\/x.com\\\/AliadosPuebla\"],\"url\":\"https:\\\/\\\/www.aliadospuebla.com\\\/?author=2\"}]}<\/script>\n<!-- \/ Yoast SEO plugin. -->","yoast_head_json":{"title":"EMPRENDEDORES DE SAN JER\u00d3NIMO CALERAS FUERON CAPACITADOS POR EL AYUNTAMIENTO DE PUEBLA - AliadosPuebla","robots":{"index":"index","follow":"follow","max-snippet":"max-snippet:-1","max-image-preview":"max-image-preview:large","max-video-preview":"max-video-preview:-1"},"canonical":"https:\/\/www.aliadospuebla.com\/?p=77779","og_locale":"es_ES","og_type":"article","og_title":"EMPRENDEDORES DE SAN JER\u00d3NIMO CALERAS FUERON CAPACITADOS POR EL AYUNTAMIENTO DE PUEBLA - AliadosPuebla","og_description":"Se abordaron temas como: entorno econ\u00f3mico, modelo de negocio Canvas, flujo de efectivo, administraci\u00f3n del dinero y ahorro. Contar con personas preparadas y con la habilidad de impulsar el crecimiento de sus peque\u00f1as y medianas empresas es el objetivo del Ayuntamiento de Puebla, que preside Eduardo Rivera P\u00e9rez, por ello implementa una serie de capacitaciones, para brindar orientaci\u00f3n a las y los emprendedores. En esta ocasi\u00f3n, la sede fue el sal\u00f3n de usos m\u00faltiples de San Jer\u00f3nimo Caleras, gracias al apoyo de \u00c1ngel Soto Lim\u00f3n, Presidente de la junta auxiliar, y Berenice Mac\u00edas Dur\u00e1n, titular del Subsistema Municipal DIF. Personal de la Secretar\u00eda de Econom\u00eda y Turismo a cargo de Alejandro Ca\u00f1edo Priesca, imparti\u00f3 los siguientes cursos en tres sesiones: \u00abEntorno Econ\u00f3mico\u00bb, \u00abModelo de Negocio&hellip;Leer m\u00e1s...","og_url":"https:\/\/www.aliadospuebla.com\/?p=77779","og_site_name":"AliadosPuebla","article_author":"https:\/\/www.facebook.com\/Aliados17Pue","article_published_time":"2023-01-31T12:37:57+00:00","og_image":[{"width":600,"height":450,"url":"https:\/\/www.aliadospuebla.com\/web2017\/wp-content\/uploads\/2023\/01\/214.jpg","type":"image\/jpeg"}],"author":"Aliados17","twitter_card":"summary_large_image","twitter_creator":"@AliadosPuebla","twitter_misc":{"Escrito por":"Aliados17","Tiempo de lectura":"1 minuto"},"schema":{"@context":"https:\/\/schema.org","@graph":[{"@type":"Article","@id":"https:\/\/www.aliadospuebla.com\/?p=77779#article","isPartOf":{"@id":"https:\/\/www.aliadospuebla.com\/?p=77779"},"author":{"name":"Aliados17","@id":"https:\/\/www.aliadospuebla.com\/#\/schema\/person\/5da7dd09320bd4f392b710017ed5f8ad"},"headline":"EMPRENDEDORES DE SAN JER\u00d3NIMO CALERAS FUERON CAPACITADOS POR EL AYUNTAMIENTO DE PUEBLA","datePublished":"2023-01-31T12:37:57+00:00","mainEntityOfPage":{"@id":"https:\/\/www.aliadospuebla.com\/?p=77779"},"wordCount":195,"commentCount":0,"image":{"@id":"https:\/\/www.aliadospuebla.com\/?p=77779#primaryimage"},"thumbnailUrl":"https:\/\/www.aliadospuebla.com\/web2017\/wp-content\/uploads\/2023\/01\/214.jpg","keywords":["\u00c1ngel Soto Lim\u00f3n","EDUARDO RIVERA P\u00c9REZ","Emprendedores","SAN JER\u00d3NIMO CALERAS"],"articleSection":["Capital"],"inLanguage":"es","potentialAction":[{"@type":"CommentAction","name":"Comment","target":["https:\/\/www.aliadospuebla.com\/?p=77779#respond"]}]},{"@type":"WebPage","@id":"https:\/\/www.aliadospuebla.com\/?p=77779","url":"https:\/\/www.aliadospuebla.com\/?p=77779","name":"EMPRENDEDORES DE SAN JER\u00d3NIMO CALERAS FUERON CAPACITADOS POR EL AYUNTAMIENTO DE PUEBLA - AliadosPuebla","isPartOf":{"@id":"https:\/\/www.aliadospuebla.com\/#website"},"primaryImageOfPage":{"@id":"https:\/\/www.aliadospuebla.com\/?p=77779#primaryimage"},"image":{"@id":"https:\/\/www.aliadospuebla.com\/?p=77779#primaryimage"},"thumbnailUrl":"https:\/\/www.aliadospuebla.com\/web2017\/wp-content\/uploads\/2023\/01\/214.jpg","datePublished":"2023-01-31T12:37:57+00:00","author":{"@id":"https:\/\/www.aliadospuebla.com\/#\/schema\/person\/5da7dd09320bd4f392b710017ed5f8ad"},"breadcrumb":{"@id":"https:\/\/www.aliadospuebla.com\/?p=77779#breadcrumb"},"inLanguage":"es","potentialAction":[{"@type":"ReadAction","target":["https:\/\/www.aliadospuebla.com\/?p=77779"]}]},{"@type":"ImageObject","inLanguage":"es","@id":"https:\/\/www.aliadospuebla.com\/?p=77779#primaryimage","url":"https:\/\/www.aliadospuebla.com\/web2017\/wp-content\/uploads\/2023\/01\/214.jpg","contentUrl":"https:\/\/www.aliadospuebla.com\/web2017\/wp-content\/uploads\/2023\/01\/214.jpg","width":600,"height":450},{"@type":"BreadcrumbList","@id":"https:\/\/www.aliadospuebla.com\/?p=77779#breadcrumb","itemListElement":[{"@type":"ListItem","position":1,"name":"Portada","item":"https:\/\/www.aliadospuebla.com\/"},{"@type":"ListItem","position":2,"name":"EMPRENDEDORES DE SAN JER\u00d3NIMO CALERAS FUERON CAPACITADOS POR EL AYUNTAMIENTO DE PUEBLA"}]},{"@type":"WebSite","@id":"https:\/\/www.aliadospuebla.com\/#website","url":"https:\/\/www.aliadospuebla.com\/","name":"AliadosPuebla","description":"La informaci\u00f3n en tus manos","potentialAction":[{"@type":"SearchAction","target":{"@type":"EntryPoint","urlTemplate":"https:\/\/www.aliadospuebla.com\/?s={search_term_string}"},"query-input":{"@type":"PropertyValueSpecification","valueRequired":true,"valueName":"search_term_string"}}],"inLanguage":"es"},{"@type":"Person","@id":"https:\/\/www.aliadospuebla.com\/#\/schema\/person\/5da7dd09320bd4f392b710017ed5f8ad","name":"Aliados17","image":{"@type":"ImageObject","inLanguage":"es","@id":"https:\/\/www.aliadospuebla.com\/web2017\/wp-content\/uploads\/2025\/03\/cropped-para-perfil-8-anos-1-96x96.jpg","url":"https:\/\/www.aliadospuebla.com\/web2017\/wp-content\/uploads\/2025\/03\/cropped-para-perfil-8-anos-1-96x96.jpg","contentUrl":"https:\/\/www.aliadospuebla.com\/web2017\/wp-content\/uploads\/2025\/03\/cropped-para-perfil-8-anos-1-96x96.jpg","caption":"Aliados17"},"sameAs":["https:\/\/www.aliados17.com","https:\/\/www.facebook.com\/Aliados17Pue","https:\/\/x.com\/AliadosPuebla"],"url":"https:\/\/www.aliadospuebla.com\/?author=2"}]}},"views":16,"_links":{"self":[{"href":"https:\/\/www.aliadospuebla.com\/index.php?rest_route=\/wp\/v2\/posts\/77779","targetHints":{"allow":["GET"]}}],"collection":[{"href":"https:\/\/www.aliadospuebla.com\/index.php?rest_route=\/wp\/v2\/posts"}],"about":[{"href":"https:\/\/www.aliadospuebla.com\/index.php?rest_route=\/wp\/v2\/types\/post"}],"author":[{"embeddable":true,"href":"https:\/\/www.aliadospuebla.com\/index.php?rest_route=\/wp\/v2\/users\/2"}],"replies":[{"embeddable":true,"href":"https:\/\/www.aliadospuebla.com\/index.php?rest_route=%2Fwp%2Fv2%2Fcomments&post=77779"}],"version-history":[{"count":1,"href":"https:\/\/www.aliadospuebla.com\/index.php?rest_route=\/wp\/v2\/posts\/77779\/revisions"}],"predecessor-version":[{"id":77781,"href":"https:\/\/www.aliadospuebla.com\/index.php?rest_route=\/wp\/v2\/posts\/77779\/revisions\/77781"}],"wp:featuredmedia":[{"embeddable":true,"href":"https:\/\/www.aliadospuebla.com\/index.php?rest_route=\/wp\/v2\/media\/77780"}],"wp:attachment":[{"href":"https:\/\/www.aliadospuebla.com\/index.php?rest_route=%2Fwp%2Fv2%2Fmedia&parent=77779"}],"wp:term":[{"taxonomy":"category","embeddable":true,"href":"https:\/\/www.aliadospuebla.com\/index.php?rest_route=%2Fwp%2Fv2%2Fcategories&post=77779"},{"taxonomy":"post_tag","embeddable":true,"href":"https:\/\/www.aliadospuebla.com\/index.php?rest_route=%2Fwp%2Fv2%2Ftags&post=77779"}],"curies":[{"name":"wp","href":"https:\/\/api.w.org\/{rel}","templated":true}]}}