{"id":77346,"date":"2023-01-13T09:58:12","date_gmt":"2023-01-13T15:58:12","guid":{"rendered":"https:\/\/www.aliados17.com\/?p=77346"},"modified":"2023-01-13T09:58:12","modified_gmt":"2023-01-13T15:58:12","slug":"rjxm-cuautlancingo-rinden-protesta","status":"publish","type":"post","link":"https:\/\/www.aliadospuebla.com\/?p=77346","title":{"rendered":"RJXM Cuautlancingo rinden protesta"},"content":{"rendered":"<h4>La juventud es el presente en Cuautlancingo y se encamina a grandes victorias: Delfina pozos<\/h4>\n<p>Cuautlancingo, Pue.- Como parte de la reorganizaci\u00f3n de la<strong> estructura partidista<\/strong><\/p>\n<p>se llev\u00f3 a cabo la<strong> toma de protesta a Jennyfer Hern\u00e1ndez Sarmiento como presidenta y<\/strong><\/p>\n<p><strong>David Sandoval Tlaxcaltecatl como secretario de la Red de J\u00f3venes Por M\u00e9xico<\/strong>.<\/p>\n<p>Esta red dentro de sus<strong> estatutos operativos menciona<\/strong> que:<\/p>\n<p>es la encargada de <strong>contribuir en las campa\u00f1as<\/strong> y<\/p>\n<p>dem\u00e1s tareas del\u00a0 <strong>activismo pol\u00edtico electoral<\/strong>,<\/p>\n<p>trabajando en equipo\u00a0 a trav\u00e9s de<\/p>\n<p>organizaci\u00f3n de campa\u00f1as de afiliaci\u00f3n,<\/p>\n<p>capacitaci\u00f3n de nuevos integrantes,<\/p>\n<p>elaborar manuales de funciones y operaciones<\/p>\n<p>para dicha organizaci\u00f3n y realizar gestiones<\/p>\n<p>para ocupar cargos p\u00fablicos de dirigencia<\/p>\n<p>partidista y electorales.<\/p>\n<p>Todo esto con el <strong>objetivo<\/strong> de dise\u00f1ar <strong>estrategias de corresponsabilidad social<\/strong><\/p>\n<p>en los sectores p\u00fablico y privado como actividades generadoras de desarrollo humano<\/p>\n<p>en los <strong>j\u00f3venes de Cuautlancingo.<\/strong><\/p>\n<p>A la toma de protesta asisti\u00f3 <strong>Delfina Pozos Vergara, Secretaria de Operaci\u00f3n Pol\u00edtica<\/strong><\/p>\n<p>en representaci\u00f3n del presidente del CDE<strong> N\u00e9stor Camarillo Medina<\/strong> quien en su mensaje<\/p>\n<p>refiri\u00f3 que hoy los j\u00f3venes han dejado atr\u00e1s la creencia de que son el futuro del Pa\u00eds,<\/p>\n<p>hoy ellos<strong> son el presente<\/strong> y participan en la vida pol\u00edtica con ideas frescas acordes a<\/p>\n<p>los tiempos que se viven \u00bb no debemos dejar a nadie de lado, en el PRI siempre<\/p>\n<p>hemos escuchado a los ciudadanos que son nuestra fortaleza, venimos a robustecer<\/p>\n<p>nuestro partido con j\u00f3venes capaces de generar y promover la participaci\u00f3n de todos<\/p>\n<p>los sectores de la poblaci\u00f3n, buscando generar con esto, <strong>corresponsabilidad\u00a0<\/strong><\/p>\n<p>pol\u00edtico-social\u00bb<\/p>\n<p>Por su parte el presidente del<strong> CDM del PRI Cuautlancingo, Armando Mexicano\u00a0<\/strong><\/p>\n<p>dijo que el pri\u00edsmo en el municipio est\u00e1 retomando la fuerza que siempre ha<\/p>\n<p>tenido gracias a la<strong> unidad<\/strong> que hoy se esta generando con esfuerzo y dedicaci\u00f3n.<\/p>\n<p>No solo nos estamos preparando para un proceso pol\u00edtico, estamos recuperando<\/p>\n<p>nuestras ra\u00edces, nuestra cercan\u00eda con la gente, nuestra empat\u00eda por las causas justas,<\/p>\n<p>y nuestro amor por <strong>Cuautlancingo .<\/strong><\/p>\n<h3>\u00abHoy es tiempo de dar respuestas y tomar acciones que marcar\u00e1n una diferencia,<\/h3>\n<h3>somos un partido que abre sus puertas a los liderazgos y participa de sus ideas,<\/h3>\n<h3>porque el pri\u00edsmo no es de una sola voz, es la voz de todas y todos\u00bb finaliz\u00f3.<\/h3>\n<p><img loading=\"lazy\" decoding=\"async\" class=\"alignnone size-full wp-image-77347\" src=\"https:\/\/www.aliados17.com\/web2017\/wp-content\/uploads\/2023\/01\/082.jpg\" alt=\"\" width=\"600\" height=\"450\" \/> <img loading=\"lazy\" decoding=\"async\" class=\"alignnone size-medium wp-image-77348\" src=\"https:\/\/www.aliados17.com\/web2017\/wp-content\/uploads\/2023\/01\/083.jpg\" alt=\"\" width=\"600\" height=\"450\" \/> <img loading=\"lazy\" decoding=\"async\" class=\"alignnone size-medium wp-image-77349\" src=\"https:\/\/www.aliados17.com\/web2017\/wp-content\/uploads\/2023\/01\/084.jpg\" alt=\"\" width=\"600\" height=\"450\" \/> <img loading=\"lazy\" decoding=\"async\" class=\"alignnone size-medium wp-image-77350\" src=\"https:\/\/www.aliados17.com\/web2017\/wp-content\/uploads\/2023\/01\/085.jpg\" alt=\"\" width=\"600\" height=\"450\" \/> <img loading=\"lazy\" decoding=\"async\" class=\"alignnone size-medium wp-image-77351\" src=\"https:\/\/www.aliados17.com\/web2017\/wp-content\/uploads\/2023\/01\/086.jpg\" alt=\"\" width=\"600\" height=\"450\" \/> <img loading=\"lazy\" decoding=\"async\" class=\"alignnone size-medium wp-image-77352\" src=\"https:\/\/www.aliados17.com\/web2017\/wp-content\/uploads\/2023\/01\/087.jpg\" alt=\"\" width=\"600\" height=\"450\" \/> <img loading=\"lazy\" decoding=\"async\" class=\"alignnone size-medium wp-image-77353\" src=\"https:\/\/www.aliados17.com\/web2017\/wp-content\/uploads\/2023\/01\/088.jpg\" alt=\"\" width=\"600\" height=\"450\" \/> <img loading=\"lazy\" decoding=\"async\" class=\"alignnone size-medium wp-image-77354\" src=\"https:\/\/www.aliados17.com\/web2017\/wp-content\/uploads\/2023\/01\/089.jpg\" alt=\"\" width=\"600\" height=\"450\" \/><\/p>\n","protected":false},"excerpt":{"rendered":"<p>La juventud es el presente en Cuautlancingo y se encamina a grandes victorias: Delfina pozos Cuautlancingo, Pue.- Como parte de la reorganizaci\u00f3n de la estructura partidista se llev\u00f3 a cabo la toma de protesta a Jennyfer Hern\u00e1ndez Sarmiento como presidenta y David Sandoval Tlaxcaltecatl como secretario de la Red de J\u00f3venes Por M\u00e9xico. Esta red dentro de sus estatutos operativos menciona que: es la encargada de contribuir en las campa\u00f1as y dem\u00e1s tareas del\u00a0 activismo pol\u00edtico electoral, trabajando en equipo\u00a0 a trav\u00e9s de organizaci\u00f3n de campa\u00f1as de afiliaci\u00f3n, capacitaci\u00f3n de nuevos integrantes, elaborar manuales de funciones y operaciones para dicha organizaci\u00f3n y realizar gestiones para ocupar cargos p\u00fablicos de dirigencia partidista y electorales. Todo esto con el objetivo de dise\u00f1ar estrategias de corresponsabilidad social en&hellip;<\/p>\n<p class=\"excerpt-more\"><a class=\"blog-excerpt button\" href=\"https:\/\/www.aliadospuebla.com\/?p=77346\">Leer m\u00e1s&#8230;<\/a><\/p>\n","protected":false},"author":2,"featured_media":77347,"comment_status":"open","ping_status":"open","sticky":false,"template":"","format":"standard","meta":{"_monsterinsights_skip_tracking":false,"footnotes":""},"categories":[6],"tags":[20788,20750,1531,20787,1521,20786,12869,20749,6196,4475],"class_list":["post-77346","post","type-post","status-publish","format-standard","has-post-thumbnail","hentry","category-politica","tag-activismo-politico","tag-armando-mexicano","tag-corresponsabilidad","tag-david-sandoval-tlaxcaltecatl","tag-delfina-pozos","tag-jennyfer-hernandez-sarmiento","tag-nestor-camarillo-medina","tag-pri-cuautlancingo","tag-rinden-protesta","tag-rjxm"],"yoast_head":"<!-- This site is optimized with the Yoast SEO plugin v28.4 - https:\/\/yoast.com\/product\/yoast-seo-wordpress\/ -->\n<title>RJXM Cuautlancingo rinden protesta - AliadosPuebla<\/title>\n<meta name=\"robots\" content=\"index, follow, max-snippet:-1, max-image-preview:large, max-video-preview:-1\" \/>\n<link rel=\"canonical\" href=\"https:\/\/www.aliadospuebla.com\/?p=77346\" \/>\n<meta property=\"og:locale\" content=\"es_ES\" \/>\n<meta property=\"og:type\" content=\"article\" \/>\n<meta property=\"og:title\" content=\"RJXM Cuautlancingo rinden protesta - AliadosPuebla\" \/>\n<meta property=\"og:description\" content=\"La juventud es el presente en Cuautlancingo y se encamina a grandes victorias: Delfina pozos Cuautlancingo, Pue.- Como parte de la reorganizaci\u00f3n de la estructura partidista se llev\u00f3 a cabo la toma de protesta a Jennyfer Hern\u00e1ndez Sarmiento como presidenta y David Sandoval Tlaxcaltecatl como secretario de la Red de J\u00f3venes Por M\u00e9xico. Esta red dentro de sus estatutos operativos menciona que: es la encargada de contribuir en las campa\u00f1as y dem\u00e1s tareas del\u00a0 activismo pol\u00edtico electoral, trabajando en equipo\u00a0 a trav\u00e9s de organizaci\u00f3n de campa\u00f1as de afiliaci\u00f3n, capacitaci\u00f3n de nuevos integrantes, elaborar manuales de funciones y operaciones para dicha organizaci\u00f3n y realizar gestiones para ocupar cargos p\u00fablicos de dirigencia partidista y electorales. Todo esto con el objetivo de dise\u00f1ar estrategias de corresponsabilidad social en&hellip;Leer m\u00e1s...\" \/>\n<meta property=\"og:url\" content=\"https:\/\/www.aliadospuebla.com\/?p=77346\" \/>\n<meta property=\"og:site_name\" content=\"AliadosPuebla\" \/>\n<meta property=\"article:author\" content=\"https:\/\/www.facebook.com\/Aliados17Pue\" \/>\n<meta property=\"article:published_time\" content=\"2023-01-13T15:58:12+00:00\" \/>\n<meta property=\"og:image\" content=\"https:\/\/www.aliadospuebla.com\/web2017\/wp-content\/uploads\/2023\/01\/082.jpg\" \/>\n\t<meta property=\"og:image:width\" content=\"600\" \/>\n\t<meta property=\"og:image:height\" content=\"450\" \/>\n\t<meta property=\"og:image:type\" content=\"image\/jpeg\" \/>\n<meta name=\"author\" content=\"Aliados17\" \/>\n<meta name=\"twitter:card\" content=\"summary_large_image\" \/>\n<meta name=\"twitter:creator\" content=\"@AliadosPuebla\" \/>\n<meta name=\"twitter:label1\" content=\"Escrito por\" \/>\n\t<meta name=\"twitter:data1\" content=\"Aliados17\" \/>\n\t<meta name=\"twitter:label2\" content=\"Tiempo de lectura\" \/>\n\t<meta name=\"twitter:data2\" content=\"4 minutos\" \/>\n<script type=\"application\/ld+json\" class=\"yoast-schema-graph\">{\"@context\":\"https:\\\/\\\/schema.org\",\"@graph\":[{\"@type\":\"Article\",\"@id\":\"https:\\\/\\\/www.aliadospuebla.com\\\/?p=77346#article\",\"isPartOf\":{\"@id\":\"https:\\\/\\\/www.aliadospuebla.com\\\/?p=77346\"},\"author\":{\"name\":\"Aliados17\",\"@id\":\"https:\\\/\\\/www.aliadospuebla.com\\\/#\\\/schema\\\/person\\\/5da7dd09320bd4f392b710017ed5f8ad\"},\"headline\":\"RJXM Cuautlancingo rinden protesta\",\"datePublished\":\"2023-01-13T15:58:12+00:00\",\"mainEntityOfPage\":{\"@id\":\"https:\\\/\\\/www.aliadospuebla.com\\\/?p=77346\"},\"wordCount\":408,\"commentCount\":0,\"image\":{\"@id\":\"https:\\\/\\\/www.aliadospuebla.com\\\/?p=77346#primaryimage\"},\"thumbnailUrl\":\"https:\\\/\\\/www.aliadospuebla.com\\\/web2017\\\/wp-content\\\/uploads\\\/2023\\\/01\\\/082.jpg\",\"keywords\":[\"activismo pol\u00edtico\",\"Armando Mexicano\",\"CORRESPONSABILIDAD\",\"David Sandoval Tlaxcaltecatl\",\"DELFINA POZOS\",\"Jennyfer Hern\u00e1ndez Sarmiento\",\"N\u00e9stor Camarillo Medina\",\"PRI Cuautlancingo\",\"RINDEN PROTESTA\",\"RJXM\"],\"articleSection\":[\"Pol\u00edtica\"],\"inLanguage\":\"es\",\"potentialAction\":[{\"@type\":\"CommentAction\",\"name\":\"Comment\",\"target\":[\"https:\\\/\\\/www.aliadospuebla.com\\\/?p=77346#respond\"]}]},{\"@type\":\"WebPage\",\"@id\":\"https:\\\/\\\/www.aliadospuebla.com\\\/?p=77346\",\"url\":\"https:\\\/\\\/www.aliadospuebla.com\\\/?p=77346\",\"name\":\"RJXM Cuautlancingo rinden protesta - AliadosPuebla\",\"isPartOf\":{\"@id\":\"https:\\\/\\\/www.aliadospuebla.com\\\/#website\"},\"primaryImageOfPage\":{\"@id\":\"https:\\\/\\\/www.aliadospuebla.com\\\/?p=77346#primaryimage\"},\"image\":{\"@id\":\"https:\\\/\\\/www.aliadospuebla.com\\\/?p=77346#primaryimage\"},\"thumbnailUrl\":\"https:\\\/\\\/www.aliadospuebla.com\\\/web2017\\\/wp-content\\\/uploads\\\/2023\\\/01\\\/082.jpg\",\"datePublished\":\"2023-01-13T15:58:12+00:00\",\"author\":{\"@id\":\"https:\\\/\\\/www.aliadospuebla.com\\\/#\\\/schema\\\/person\\\/5da7dd09320bd4f392b710017ed5f8ad\"},\"breadcrumb\":{\"@id\":\"https:\\\/\\\/www.aliadospuebla.com\\\/?p=77346#breadcrumb\"},\"inLanguage\":\"es\",\"potentialAction\":[{\"@type\":\"ReadAction\",\"target\":[\"https:\\\/\\\/www.aliadospuebla.com\\\/?p=77346\"]}]},{\"@type\":\"ImageObject\",\"inLanguage\":\"es\",\"@id\":\"https:\\\/\\\/www.aliadospuebla.com\\\/?p=77346#primaryimage\",\"url\":\"https:\\\/\\\/www.aliadospuebla.com\\\/web2017\\\/wp-content\\\/uploads\\\/2023\\\/01\\\/082.jpg\",\"contentUrl\":\"https:\\\/\\\/www.aliadospuebla.com\\\/web2017\\\/wp-content\\\/uploads\\\/2023\\\/01\\\/082.jpg\",\"width\":600,\"height\":450},{\"@type\":\"BreadcrumbList\",\"@id\":\"https:\\\/\\\/www.aliadospuebla.com\\\/?p=77346#breadcrumb\",\"itemListElement\":[{\"@type\":\"ListItem\",\"position\":1,\"name\":\"Portada\",\"item\":\"https:\\\/\\\/www.aliadospuebla.com\\\/\"},{\"@type\":\"ListItem\",\"position\":2,\"name\":\"RJXM Cuautlancingo rinden protesta\"}]},{\"@type\":\"WebSite\",\"@id\":\"https:\\\/\\\/www.aliadospuebla.com\\\/#website\",\"url\":\"https:\\\/\\\/www.aliadospuebla.com\\\/\",\"name\":\"AliadosPuebla\",\"description\":\"La informaci\u00f3n en tus manos\",\"potentialAction\":[{\"@type\":\"SearchAction\",\"target\":{\"@type\":\"EntryPoint\",\"urlTemplate\":\"https:\\\/\\\/www.aliadospuebla.com\\\/?s={search_term_string}\"},\"query-input\":{\"@type\":\"PropertyValueSpecification\",\"valueRequired\":true,\"valueName\":\"search_term_string\"}}],\"inLanguage\":\"es\"},{\"@type\":\"Person\",\"@id\":\"https:\\\/\\\/www.aliadospuebla.com\\\/#\\\/schema\\\/person\\\/5da7dd09320bd4f392b710017ed5f8ad\",\"name\":\"Aliados17\",\"image\":{\"@type\":\"ImageObject\",\"inLanguage\":\"es\",\"@id\":\"https:\\\/\\\/www.aliadospuebla.com\\\/web2017\\\/wp-content\\\/uploads\\\/2025\\\/03\\\/cropped-para-perfil-8-anos-1-96x96.jpg\",\"url\":\"https:\\\/\\\/www.aliadospuebla.com\\\/web2017\\\/wp-content\\\/uploads\\\/2025\\\/03\\\/cropped-para-perfil-8-anos-1-96x96.jpg\",\"contentUrl\":\"https:\\\/\\\/www.aliadospuebla.com\\\/web2017\\\/wp-content\\\/uploads\\\/2025\\\/03\\\/cropped-para-perfil-8-anos-1-96x96.jpg\",\"caption\":\"Aliados17\"},\"sameAs\":[\"https:\\\/\\\/www.aliados17.com\",\"https:\\\/\\\/www.facebook.com\\\/Aliados17Pue\",\"https:\\\/\\\/x.com\\\/AliadosPuebla\"],\"url\":\"https:\\\/\\\/www.aliadospuebla.com\\\/?author=2\"}]}<\/script>\n<!-- \/ Yoast SEO plugin. -->","yoast_head_json":{"title":"RJXM Cuautlancingo rinden protesta - AliadosPuebla","robots":{"index":"index","follow":"follow","max-snippet":"max-snippet:-1","max-image-preview":"max-image-preview:large","max-video-preview":"max-video-preview:-1"},"canonical":"https:\/\/www.aliadospuebla.com\/?p=77346","og_locale":"es_ES","og_type":"article","og_title":"RJXM Cuautlancingo rinden protesta - AliadosPuebla","og_description":"La juventud es el presente en Cuautlancingo y se encamina a grandes victorias: Delfina pozos Cuautlancingo, Pue.- Como parte de la reorganizaci\u00f3n de la estructura partidista se llev\u00f3 a cabo la toma de protesta a Jennyfer Hern\u00e1ndez Sarmiento como presidenta y David Sandoval Tlaxcaltecatl como secretario de la Red de J\u00f3venes Por M\u00e9xico. Esta red dentro de sus estatutos operativos menciona que: es la encargada de contribuir en las campa\u00f1as y dem\u00e1s tareas del\u00a0 activismo pol\u00edtico electoral, trabajando en equipo\u00a0 a trav\u00e9s de organizaci\u00f3n de campa\u00f1as de afiliaci\u00f3n, capacitaci\u00f3n de nuevos integrantes, elaborar manuales de funciones y operaciones para dicha organizaci\u00f3n y realizar gestiones para ocupar cargos p\u00fablicos de dirigencia partidista y electorales. Todo esto con el objetivo de dise\u00f1ar estrategias de corresponsabilidad social en&hellip;Leer m\u00e1s...","og_url":"https:\/\/www.aliadospuebla.com\/?p=77346","og_site_name":"AliadosPuebla","article_author":"https:\/\/www.facebook.com\/Aliados17Pue","article_published_time":"2023-01-13T15:58:12+00:00","og_image":[{"width":600,"height":450,"url":"https:\/\/www.aliadospuebla.com\/web2017\/wp-content\/uploads\/2023\/01\/082.jpg","type":"image\/jpeg"}],"author":"Aliados17","twitter_card":"summary_large_image","twitter_creator":"@AliadosPuebla","twitter_misc":{"Escrito por":"Aliados17","Tiempo de lectura":"4 minutos"},"schema":{"@context":"https:\/\/schema.org","@graph":[{"@type":"Article","@id":"https:\/\/www.aliadospuebla.com\/?p=77346#article","isPartOf":{"@id":"https:\/\/www.aliadospuebla.com\/?p=77346"},"author":{"name":"Aliados17","@id":"https:\/\/www.aliadospuebla.com\/#\/schema\/person\/5da7dd09320bd4f392b710017ed5f8ad"},"headline":"RJXM Cuautlancingo rinden protesta","datePublished":"2023-01-13T15:58:12+00:00","mainEntityOfPage":{"@id":"https:\/\/www.aliadospuebla.com\/?p=77346"},"wordCount":408,"commentCount":0,"image":{"@id":"https:\/\/www.aliadospuebla.com\/?p=77346#primaryimage"},"thumbnailUrl":"https:\/\/www.aliadospuebla.com\/web2017\/wp-content\/uploads\/2023\/01\/082.jpg","keywords":["activismo pol\u00edtico","Armando Mexicano","CORRESPONSABILIDAD","David Sandoval Tlaxcaltecatl","DELFINA POZOS","Jennyfer Hern\u00e1ndez Sarmiento","N\u00e9stor Camarillo Medina","PRI Cuautlancingo","RINDEN PROTESTA","RJXM"],"articleSection":["Pol\u00edtica"],"inLanguage":"es","potentialAction":[{"@type":"CommentAction","name":"Comment","target":["https:\/\/www.aliadospuebla.com\/?p=77346#respond"]}]},{"@type":"WebPage","@id":"https:\/\/www.aliadospuebla.com\/?p=77346","url":"https:\/\/www.aliadospuebla.com\/?p=77346","name":"RJXM Cuautlancingo rinden protesta - AliadosPuebla","isPartOf":{"@id":"https:\/\/www.aliadospuebla.com\/#website"},"primaryImageOfPage":{"@id":"https:\/\/www.aliadospuebla.com\/?p=77346#primaryimage"},"image":{"@id":"https:\/\/www.aliadospuebla.com\/?p=77346#primaryimage"},"thumbnailUrl":"https:\/\/www.aliadospuebla.com\/web2017\/wp-content\/uploads\/2023\/01\/082.jpg","datePublished":"2023-01-13T15:58:12+00:00","author":{"@id":"https:\/\/www.aliadospuebla.com\/#\/schema\/person\/5da7dd09320bd4f392b710017ed5f8ad"},"breadcrumb":{"@id":"https:\/\/www.aliadospuebla.com\/?p=77346#breadcrumb"},"inLanguage":"es","potentialAction":[{"@type":"ReadAction","target":["https:\/\/www.aliadospuebla.com\/?p=77346"]}]},{"@type":"ImageObject","inLanguage":"es","@id":"https:\/\/www.aliadospuebla.com\/?p=77346#primaryimage","url":"https:\/\/www.aliadospuebla.com\/web2017\/wp-content\/uploads\/2023\/01\/082.jpg","contentUrl":"https:\/\/www.aliadospuebla.com\/web2017\/wp-content\/uploads\/2023\/01\/082.jpg","width":600,"height":450},{"@type":"BreadcrumbList","@id":"https:\/\/www.aliadospuebla.com\/?p=77346#breadcrumb","itemListElement":[{"@type":"ListItem","position":1,"name":"Portada","item":"https:\/\/www.aliadospuebla.com\/"},{"@type":"ListItem","position":2,"name":"RJXM Cuautlancingo rinden protesta"}]},{"@type":"WebSite","@id":"https:\/\/www.aliadospuebla.com\/#website","url":"https:\/\/www.aliadospuebla.com\/","name":"AliadosPuebla","description":"La informaci\u00f3n en tus manos","potentialAction":[{"@type":"SearchAction","target":{"@type":"EntryPoint","urlTemplate":"https:\/\/www.aliadospuebla.com\/?s={search_term_string}"},"query-input":{"@type":"PropertyValueSpecification","valueRequired":true,"valueName":"search_term_string"}}],"inLanguage":"es"},{"@type":"Person","@id":"https:\/\/www.aliadospuebla.com\/#\/schema\/person\/5da7dd09320bd4f392b710017ed5f8ad","name":"Aliados17","image":{"@type":"ImageObject","inLanguage":"es","@id":"https:\/\/www.aliadospuebla.com\/web2017\/wp-content\/uploads\/2025\/03\/cropped-para-perfil-8-anos-1-96x96.jpg","url":"https:\/\/www.aliadospuebla.com\/web2017\/wp-content\/uploads\/2025\/03\/cropped-para-perfil-8-anos-1-96x96.jpg","contentUrl":"https:\/\/www.aliadospuebla.com\/web2017\/wp-content\/uploads\/2025\/03\/cropped-para-perfil-8-anos-1-96x96.jpg","caption":"Aliados17"},"sameAs":["https:\/\/www.aliados17.com","https:\/\/www.facebook.com\/Aliados17Pue","https:\/\/x.com\/AliadosPuebla"],"url":"https:\/\/www.aliadospuebla.com\/?author=2"}]}},"views":13,"_links":{"self":[{"href":"https:\/\/www.aliadospuebla.com\/index.php?rest_route=\/wp\/v2\/posts\/77346","targetHints":{"allow":["GET"]}}],"collection":[{"href":"https:\/\/www.aliadospuebla.com\/index.php?rest_route=\/wp\/v2\/posts"}],"about":[{"href":"https:\/\/www.aliadospuebla.com\/index.php?rest_route=\/wp\/v2\/types\/post"}],"author":[{"embeddable":true,"href":"https:\/\/www.aliadospuebla.com\/index.php?rest_route=\/wp\/v2\/users\/2"}],"replies":[{"embeddable":true,"href":"https:\/\/www.aliadospuebla.com\/index.php?rest_route=%2Fwp%2Fv2%2Fcomments&post=77346"}],"version-history":[{"count":1,"href":"https:\/\/www.aliadospuebla.com\/index.php?rest_route=\/wp\/v2\/posts\/77346\/revisions"}],"predecessor-version":[{"id":77355,"href":"https:\/\/www.aliadospuebla.com\/index.php?rest_route=\/wp\/v2\/posts\/77346\/revisions\/77355"}],"wp:featuredmedia":[{"embeddable":true,"href":"https:\/\/www.aliadospuebla.com\/index.php?rest_route=\/wp\/v2\/media\/77347"}],"wp:attachment":[{"href":"https:\/\/www.aliadospuebla.com\/index.php?rest_route=%2Fwp%2Fv2%2Fmedia&parent=77346"}],"wp:term":[{"taxonomy":"category","embeddable":true,"href":"https:\/\/www.aliadospuebla.com\/index.php?rest_route=%2Fwp%2Fv2%2Fcategories&post=77346"},{"taxonomy":"post_tag","embeddable":true,"href":"https:\/\/www.aliadospuebla.com\/index.php?rest_route=%2Fwp%2Fv2%2Ftags&post=77346"}],"curies":[{"name":"wp","href":"https:\/\/api.w.org\/{rel}","templated":true}]}}