{"id":77134,"date":"2023-01-03T19:44:49","date_gmt":"2023-01-04T01:44:49","guid":{"rendered":"https:\/\/www.aliados17.com\/?p=77134"},"modified":"2023-01-03T19:44:49","modified_gmt":"2023-01-04T01:44:49","slug":"ayuntamiento-de-puebla-anuncia-modificaciones-en-el-sistema-de-estacionamiento-rotativo","status":"publish","type":"post","link":"https:\/\/www.aliadospuebla.com\/?p=77134","title":{"rendered":"AYUNTAMIENTO DE PUEBLA ANUNCIA MODIFICACIONES EN EL SISTEMA DE ESTACIONAMIENTO ROTATIVO"},"content":{"rendered":"<h4>Los principales cambios: se ampl\u00eda el tiempo de uso y habr\u00e1 sanciones por falta de placas o por hacer venta irregular desde estos espacios.<\/h4>\n<p>Para continuar con el ordenamiento del espacio p\u00fablico y la reactivaci\u00f3n econ\u00f3mica del Centro Hist\u00f3rico,<\/p>\n<p>el Ayuntamiento<strong> anuncia cambios en el funcionamiento del sistema de parqu\u00edmetros<\/strong><\/p>\n<p>que <strong>entrar\u00e1n en vigor el pr\u00f3ximo lunes 9 de enero.<\/strong><\/p>\n<p>Fernanda Huerta L\u00f3pez, Regidora Presidenta de la Comisi\u00f3n de Infraestructura,<\/p>\n<p>Movilidad y Servicios P\u00fablicos, explic\u00f3 que el primero de los cambios contemplados<\/p>\n<p>es la ampliaci\u00f3n a cinco horas en el funcionamiento \u2013antes de cuatro\u2014,<\/p>\n<p>siendo los \u00faltimos 60 minutos de este periodo el que ahora no tendr\u00e1 ning\u00fan costo.<\/p>\n<p>En segundo lugar, Huerta L\u00f3pez anunci\u00f3 que <strong>se comenzar\u00e1 a utilizar inmovilizadores<\/strong><\/p>\n<p>para aquellos usuarios y usuarias que no cuenten con placas en su veh\u00edculo \u2013o las escondan\u2014,<\/p>\n<p>siendo acreedores de una multa que va de los mil 924 pesos a dos mil 896 \u2013<\/p>\n<p>con su respectivo descuento del 50 por ciento\u2014.<\/p>\n<h4>En este caso, tendr\u00e1n 24 horas a partir de la colocaci\u00f3n de la \u00abara\u00f1a\u00bb para realizar el respectivo pago, ya que en caso de no hacerlo la unidad ser\u00e1 remitida al corral\u00f3n.<\/h4>\n<p>Otro de los cambios que entrar\u00e1n en vigor el pr\u00f3ximo lunes es el de sancionar a aquellas personas<\/p>\n<p>que utilicen los parqu\u00edmetros para abrir la cajuela del veh\u00edculo y vender alg\u00fan producto en la v\u00eda p\u00fablica;<\/p>\n<p>actividad que les har\u00e1 acreedores a una multa que va de los 962 a los mil 924 pesos.<\/p>\n<p>Por \u00faltimo, Rub\u00ed V\u00e1zquez Cruz, Subsecretar\u00eda de Movilidad y Seguridad Vial, explic\u00f3 que<\/p>\n<p>la \u00faltima modificaci\u00f3n contemplada es la ampliaci\u00f3n del servicio,<\/p>\n<p>pasando a ser de lunes a viernes de 8:00 a 22:00 horas, s\u00e1bados y domingos de 11:00 a 19:00 horas para propiciar una din\u00e1mica de orden y rotaci\u00f3n en favor de la reactivaci\u00f3n comercial del coraz\u00f3n de la ciudad.<\/p>\n<p>Tambi\u00e9n encabez\u00f3 el anunci\u00f3 de estas modificaciones al sistema de parqu\u00edmetros Fernando Cort\u00e9s Betanzos, Coordinador General de Comunicaci\u00f3n Social, quien present\u00f3 el tr\u00edptico informativo con el cual se realizar\u00e1 la socializaci\u00f3n cara a cara de estas nuevas medidas con habitantes y visitantes del Centro Hist\u00f3rico.<\/p>\n","protected":false},"excerpt":{"rendered":"<p>Los principales cambios: se ampl\u00eda el tiempo de uso y habr\u00e1 sanciones por falta de placas o por hacer venta irregular desde estos espacios. Para continuar con el ordenamiento del espacio p\u00fablico y la reactivaci\u00f3n econ\u00f3mica del Centro Hist\u00f3rico, el Ayuntamiento anuncia cambios en el funcionamiento del sistema de parqu\u00edmetros que entrar\u00e1n en vigor el pr\u00f3ximo lunes 9 de enero. Fernanda Huerta L\u00f3pez, Regidora Presidenta de la Comisi\u00f3n de Infraestructura, Movilidad y Servicios P\u00fablicos, explic\u00f3 que el primero de los cambios contemplados es la ampliaci\u00f3n a cinco horas en el funcionamiento \u2013antes de cuatro\u2014, siendo los \u00faltimos 60 minutos de este periodo el que ahora no tendr\u00e1 ning\u00fan costo. En segundo lugar, Huerta L\u00f3pez anunci\u00f3 que se comenzar\u00e1 a utilizar inmovilizadores para aquellos usuarios y&hellip;<\/p>\n<p class=\"excerpt-more\"><a class=\"blog-excerpt button\" href=\"https:\/\/www.aliadospuebla.com\/?p=77134\">Leer m\u00e1s&#8230;<\/a><\/p>\n","protected":false},"author":2,"featured_media":77135,"comment_status":"open","ping_status":"open","sticky":false,"template":"","format":"standard","meta":{"_monsterinsights_skip_tracking":false,"footnotes":""},"categories":[62],"tags":[20718,20717,20716,1337,15517],"class_list":["post-77134","post","type-post","status-publish","format-standard","has-post-thumbnail","hentry","category-capital","tag-ampliacion-del-servicio","tag-arana","tag-inmovilizadores","tag-parquimetros","tag-sanciones"],"yoast_head":"<!-- This site is optimized with the Yoast SEO plugin v28.4 - https:\/\/yoast.com\/product\/yoast-seo-wordpress\/ -->\n<title>AYUNTAMIENTO DE PUEBLA ANUNCIA MODIFICACIONES EN EL SISTEMA DE ESTACIONAMIENTO ROTATIVO - AliadosPuebla<\/title>\n<meta name=\"robots\" content=\"index, follow, max-snippet:-1, max-image-preview:large, max-video-preview:-1\" \/>\n<link rel=\"canonical\" href=\"https:\/\/www.aliadospuebla.com\/?p=77134\" \/>\n<meta property=\"og:locale\" content=\"es_ES\" \/>\n<meta property=\"og:type\" content=\"article\" \/>\n<meta property=\"og:title\" content=\"AYUNTAMIENTO DE PUEBLA ANUNCIA MODIFICACIONES EN EL SISTEMA DE ESTACIONAMIENTO ROTATIVO - AliadosPuebla\" \/>\n<meta property=\"og:description\" content=\"Los principales cambios: se ampl\u00eda el tiempo de uso y habr\u00e1 sanciones por falta de placas o por hacer venta irregular desde estos espacios. Para continuar con el ordenamiento del espacio p\u00fablico y la reactivaci\u00f3n econ\u00f3mica del Centro Hist\u00f3rico, el Ayuntamiento anuncia cambios en el funcionamiento del sistema de parqu\u00edmetros que entrar\u00e1n en vigor el pr\u00f3ximo lunes 9 de enero. Fernanda Huerta L\u00f3pez, Regidora Presidenta de la Comisi\u00f3n de Infraestructura, Movilidad y Servicios P\u00fablicos, explic\u00f3 que el primero de los cambios contemplados es la ampliaci\u00f3n a cinco horas en el funcionamiento \u2013antes de cuatro\u2014, siendo los \u00faltimos 60 minutos de este periodo el que ahora no tendr\u00e1 ning\u00fan costo. En segundo lugar, Huerta L\u00f3pez anunci\u00f3 que se comenzar\u00e1 a utilizar inmovilizadores para aquellos usuarios y&hellip;Leer m\u00e1s...\" \/>\n<meta property=\"og:url\" content=\"https:\/\/www.aliadospuebla.com\/?p=77134\" \/>\n<meta property=\"og:site_name\" content=\"AliadosPuebla\" \/>\n<meta property=\"article:author\" content=\"https:\/\/www.facebook.com\/Aliados17Pue\" \/>\n<meta property=\"article:published_time\" content=\"2023-01-04T01:44:49+00:00\" \/>\n<meta property=\"og:image\" content=\"https:\/\/www.aliadospuebla.com\/web2017\/wp-content\/uploads\/2023\/01\/013.jpg\" \/>\n\t<meta property=\"og:image:width\" content=\"600\" \/>\n\t<meta property=\"og:image:height\" content=\"450\" \/>\n\t<meta property=\"og:image:type\" content=\"image\/jpeg\" \/>\n<meta name=\"author\" content=\"Aliados17\" \/>\n<meta name=\"twitter:card\" content=\"summary_large_image\" \/>\n<meta name=\"twitter:creator\" content=\"@AliadosPuebla\" \/>\n<meta name=\"twitter:label1\" content=\"Escrito por\" \/>\n\t<meta name=\"twitter:data1\" content=\"Aliados17\" \/>\n\t<meta name=\"twitter:label2\" content=\"Tiempo de lectura\" \/>\n\t<meta name=\"twitter:data2\" content=\"2 minutos\" \/>\n<script type=\"application\/ld+json\" class=\"yoast-schema-graph\">{\"@context\":\"https:\\\/\\\/schema.org\",\"@graph\":[{\"@type\":\"Article\",\"@id\":\"https:\\\/\\\/www.aliadospuebla.com\\\/?p=77134#article\",\"isPartOf\":{\"@id\":\"https:\\\/\\\/www.aliadospuebla.com\\\/?p=77134\"},\"author\":{\"name\":\"Aliados17\",\"@id\":\"https:\\\/\\\/www.aliadospuebla.com\\\/#\\\/schema\\\/person\\\/5da7dd09320bd4f392b710017ed5f8ad\"},\"headline\":\"AYUNTAMIENTO DE PUEBLA ANUNCIA MODIFICACIONES EN EL SISTEMA DE ESTACIONAMIENTO ROTATIVO\",\"datePublished\":\"2023-01-04T01:44:49+00:00\",\"mainEntityOfPage\":{\"@id\":\"https:\\\/\\\/www.aliadospuebla.com\\\/?p=77134\"},\"wordCount\":394,\"commentCount\":0,\"image\":{\"@id\":\"https:\\\/\\\/www.aliadospuebla.com\\\/?p=77134#primaryimage\"},\"thumbnailUrl\":\"https:\\\/\\\/www.aliadospuebla.com\\\/web2017\\\/wp-content\\\/uploads\\\/2023\\\/01\\\/013.jpg\",\"keywords\":[\"ampliaci\u00f3n del servicio\",\"ara\u00f1a\",\"inmovilizadores\",\"PARQU\u00cdMETROS\",\"sanciones\"],\"articleSection\":[\"Capital\"],\"inLanguage\":\"es\",\"potentialAction\":[{\"@type\":\"CommentAction\",\"name\":\"Comment\",\"target\":[\"https:\\\/\\\/www.aliadospuebla.com\\\/?p=77134#respond\"]}]},{\"@type\":\"WebPage\",\"@id\":\"https:\\\/\\\/www.aliadospuebla.com\\\/?p=77134\",\"url\":\"https:\\\/\\\/www.aliadospuebla.com\\\/?p=77134\",\"name\":\"AYUNTAMIENTO DE PUEBLA ANUNCIA MODIFICACIONES EN EL SISTEMA DE ESTACIONAMIENTO ROTATIVO - AliadosPuebla\",\"isPartOf\":{\"@id\":\"https:\\\/\\\/www.aliadospuebla.com\\\/#website\"},\"primaryImageOfPage\":{\"@id\":\"https:\\\/\\\/www.aliadospuebla.com\\\/?p=77134#primaryimage\"},\"image\":{\"@id\":\"https:\\\/\\\/www.aliadospuebla.com\\\/?p=77134#primaryimage\"},\"thumbnailUrl\":\"https:\\\/\\\/www.aliadospuebla.com\\\/web2017\\\/wp-content\\\/uploads\\\/2023\\\/01\\\/013.jpg\",\"datePublished\":\"2023-01-04T01:44:49+00:00\",\"author\":{\"@id\":\"https:\\\/\\\/www.aliadospuebla.com\\\/#\\\/schema\\\/person\\\/5da7dd09320bd4f392b710017ed5f8ad\"},\"breadcrumb\":{\"@id\":\"https:\\\/\\\/www.aliadospuebla.com\\\/?p=77134#breadcrumb\"},\"inLanguage\":\"es\",\"potentialAction\":[{\"@type\":\"ReadAction\",\"target\":[\"https:\\\/\\\/www.aliadospuebla.com\\\/?p=77134\"]}]},{\"@type\":\"ImageObject\",\"inLanguage\":\"es\",\"@id\":\"https:\\\/\\\/www.aliadospuebla.com\\\/?p=77134#primaryimage\",\"url\":\"https:\\\/\\\/www.aliadospuebla.com\\\/web2017\\\/wp-content\\\/uploads\\\/2023\\\/01\\\/013.jpg\",\"contentUrl\":\"https:\\\/\\\/www.aliadospuebla.com\\\/web2017\\\/wp-content\\\/uploads\\\/2023\\\/01\\\/013.jpg\",\"width\":600,\"height\":450},{\"@type\":\"BreadcrumbList\",\"@id\":\"https:\\\/\\\/www.aliadospuebla.com\\\/?p=77134#breadcrumb\",\"itemListElement\":[{\"@type\":\"ListItem\",\"position\":1,\"name\":\"Portada\",\"item\":\"https:\\\/\\\/www.aliadospuebla.com\\\/\"},{\"@type\":\"ListItem\",\"position\":2,\"name\":\"AYUNTAMIENTO DE PUEBLA ANUNCIA MODIFICACIONES EN EL SISTEMA DE ESTACIONAMIENTO ROTATIVO\"}]},{\"@type\":\"WebSite\",\"@id\":\"https:\\\/\\\/www.aliadospuebla.com\\\/#website\",\"url\":\"https:\\\/\\\/www.aliadospuebla.com\\\/\",\"name\":\"AliadosPuebla\",\"description\":\"La informaci\u00f3n en tus manos\",\"potentialAction\":[{\"@type\":\"SearchAction\",\"target\":{\"@type\":\"EntryPoint\",\"urlTemplate\":\"https:\\\/\\\/www.aliadospuebla.com\\\/?s={search_term_string}\"},\"query-input\":{\"@type\":\"PropertyValueSpecification\",\"valueRequired\":true,\"valueName\":\"search_term_string\"}}],\"inLanguage\":\"es\"},{\"@type\":\"Person\",\"@id\":\"https:\\\/\\\/www.aliadospuebla.com\\\/#\\\/schema\\\/person\\\/5da7dd09320bd4f392b710017ed5f8ad\",\"name\":\"Aliados17\",\"image\":{\"@type\":\"ImageObject\",\"inLanguage\":\"es\",\"@id\":\"https:\\\/\\\/www.aliadospuebla.com\\\/web2017\\\/wp-content\\\/uploads\\\/2025\\\/03\\\/cropped-para-perfil-8-anos-1-96x96.jpg\",\"url\":\"https:\\\/\\\/www.aliadospuebla.com\\\/web2017\\\/wp-content\\\/uploads\\\/2025\\\/03\\\/cropped-para-perfil-8-anos-1-96x96.jpg\",\"contentUrl\":\"https:\\\/\\\/www.aliadospuebla.com\\\/web2017\\\/wp-content\\\/uploads\\\/2025\\\/03\\\/cropped-para-perfil-8-anos-1-96x96.jpg\",\"caption\":\"Aliados17\"},\"sameAs\":[\"https:\\\/\\\/www.aliados17.com\",\"https:\\\/\\\/www.facebook.com\\\/Aliados17Pue\",\"https:\\\/\\\/x.com\\\/AliadosPuebla\"],\"url\":\"https:\\\/\\\/www.aliadospuebla.com\\\/?author=2\"}]}<\/script>\n<!-- \/ Yoast SEO plugin. -->","yoast_head_json":{"title":"AYUNTAMIENTO DE PUEBLA ANUNCIA MODIFICACIONES EN EL SISTEMA DE ESTACIONAMIENTO ROTATIVO - AliadosPuebla","robots":{"index":"index","follow":"follow","max-snippet":"max-snippet:-1","max-image-preview":"max-image-preview:large","max-video-preview":"max-video-preview:-1"},"canonical":"https:\/\/www.aliadospuebla.com\/?p=77134","og_locale":"es_ES","og_type":"article","og_title":"AYUNTAMIENTO DE PUEBLA ANUNCIA MODIFICACIONES EN EL SISTEMA DE ESTACIONAMIENTO ROTATIVO - AliadosPuebla","og_description":"Los principales cambios: se ampl\u00eda el tiempo de uso y habr\u00e1 sanciones por falta de placas o por hacer venta irregular desde estos espacios. Para continuar con el ordenamiento del espacio p\u00fablico y la reactivaci\u00f3n econ\u00f3mica del Centro Hist\u00f3rico, el Ayuntamiento anuncia cambios en el funcionamiento del sistema de parqu\u00edmetros que entrar\u00e1n en vigor el pr\u00f3ximo lunes 9 de enero. Fernanda Huerta L\u00f3pez, Regidora Presidenta de la Comisi\u00f3n de Infraestructura, Movilidad y Servicios P\u00fablicos, explic\u00f3 que el primero de los cambios contemplados es la ampliaci\u00f3n a cinco horas en el funcionamiento \u2013antes de cuatro\u2014, siendo los \u00faltimos 60 minutos de este periodo el que ahora no tendr\u00e1 ning\u00fan costo. En segundo lugar, Huerta L\u00f3pez anunci\u00f3 que se comenzar\u00e1 a utilizar inmovilizadores para aquellos usuarios y&hellip;Leer m\u00e1s...","og_url":"https:\/\/www.aliadospuebla.com\/?p=77134","og_site_name":"AliadosPuebla","article_author":"https:\/\/www.facebook.com\/Aliados17Pue","article_published_time":"2023-01-04T01:44:49+00:00","og_image":[{"width":600,"height":450,"url":"https:\/\/www.aliadospuebla.com\/web2017\/wp-content\/uploads\/2023\/01\/013.jpg","type":"image\/jpeg"}],"author":"Aliados17","twitter_card":"summary_large_image","twitter_creator":"@AliadosPuebla","twitter_misc":{"Escrito por":"Aliados17","Tiempo de lectura":"2 minutos"},"schema":{"@context":"https:\/\/schema.org","@graph":[{"@type":"Article","@id":"https:\/\/www.aliadospuebla.com\/?p=77134#article","isPartOf":{"@id":"https:\/\/www.aliadospuebla.com\/?p=77134"},"author":{"name":"Aliados17","@id":"https:\/\/www.aliadospuebla.com\/#\/schema\/person\/5da7dd09320bd4f392b710017ed5f8ad"},"headline":"AYUNTAMIENTO DE PUEBLA ANUNCIA MODIFICACIONES EN EL SISTEMA DE ESTACIONAMIENTO ROTATIVO","datePublished":"2023-01-04T01:44:49+00:00","mainEntityOfPage":{"@id":"https:\/\/www.aliadospuebla.com\/?p=77134"},"wordCount":394,"commentCount":0,"image":{"@id":"https:\/\/www.aliadospuebla.com\/?p=77134#primaryimage"},"thumbnailUrl":"https:\/\/www.aliadospuebla.com\/web2017\/wp-content\/uploads\/2023\/01\/013.jpg","keywords":["ampliaci\u00f3n del servicio","ara\u00f1a","inmovilizadores","PARQU\u00cdMETROS","sanciones"],"articleSection":["Capital"],"inLanguage":"es","potentialAction":[{"@type":"CommentAction","name":"Comment","target":["https:\/\/www.aliadospuebla.com\/?p=77134#respond"]}]},{"@type":"WebPage","@id":"https:\/\/www.aliadospuebla.com\/?p=77134","url":"https:\/\/www.aliadospuebla.com\/?p=77134","name":"AYUNTAMIENTO DE PUEBLA ANUNCIA MODIFICACIONES EN EL SISTEMA DE ESTACIONAMIENTO ROTATIVO - AliadosPuebla","isPartOf":{"@id":"https:\/\/www.aliadospuebla.com\/#website"},"primaryImageOfPage":{"@id":"https:\/\/www.aliadospuebla.com\/?p=77134#primaryimage"},"image":{"@id":"https:\/\/www.aliadospuebla.com\/?p=77134#primaryimage"},"thumbnailUrl":"https:\/\/www.aliadospuebla.com\/web2017\/wp-content\/uploads\/2023\/01\/013.jpg","datePublished":"2023-01-04T01:44:49+00:00","author":{"@id":"https:\/\/www.aliadospuebla.com\/#\/schema\/person\/5da7dd09320bd4f392b710017ed5f8ad"},"breadcrumb":{"@id":"https:\/\/www.aliadospuebla.com\/?p=77134#breadcrumb"},"inLanguage":"es","potentialAction":[{"@type":"ReadAction","target":["https:\/\/www.aliadospuebla.com\/?p=77134"]}]},{"@type":"ImageObject","inLanguage":"es","@id":"https:\/\/www.aliadospuebla.com\/?p=77134#primaryimage","url":"https:\/\/www.aliadospuebla.com\/web2017\/wp-content\/uploads\/2023\/01\/013.jpg","contentUrl":"https:\/\/www.aliadospuebla.com\/web2017\/wp-content\/uploads\/2023\/01\/013.jpg","width":600,"height":450},{"@type":"BreadcrumbList","@id":"https:\/\/www.aliadospuebla.com\/?p=77134#breadcrumb","itemListElement":[{"@type":"ListItem","position":1,"name":"Portada","item":"https:\/\/www.aliadospuebla.com\/"},{"@type":"ListItem","position":2,"name":"AYUNTAMIENTO DE PUEBLA ANUNCIA MODIFICACIONES EN EL SISTEMA DE ESTACIONAMIENTO ROTATIVO"}]},{"@type":"WebSite","@id":"https:\/\/www.aliadospuebla.com\/#website","url":"https:\/\/www.aliadospuebla.com\/","name":"AliadosPuebla","description":"La informaci\u00f3n en tus manos","potentialAction":[{"@type":"SearchAction","target":{"@type":"EntryPoint","urlTemplate":"https:\/\/www.aliadospuebla.com\/?s={search_term_string}"},"query-input":{"@type":"PropertyValueSpecification","valueRequired":true,"valueName":"search_term_string"}}],"inLanguage":"es"},{"@type":"Person","@id":"https:\/\/www.aliadospuebla.com\/#\/schema\/person\/5da7dd09320bd4f392b710017ed5f8ad","name":"Aliados17","image":{"@type":"ImageObject","inLanguage":"es","@id":"https:\/\/www.aliadospuebla.com\/web2017\/wp-content\/uploads\/2025\/03\/cropped-para-perfil-8-anos-1-96x96.jpg","url":"https:\/\/www.aliadospuebla.com\/web2017\/wp-content\/uploads\/2025\/03\/cropped-para-perfil-8-anos-1-96x96.jpg","contentUrl":"https:\/\/www.aliadospuebla.com\/web2017\/wp-content\/uploads\/2025\/03\/cropped-para-perfil-8-anos-1-96x96.jpg","caption":"Aliados17"},"sameAs":["https:\/\/www.aliados17.com","https:\/\/www.facebook.com\/Aliados17Pue","https:\/\/x.com\/AliadosPuebla"],"url":"https:\/\/www.aliadospuebla.com\/?author=2"}]}},"views":7,"_links":{"self":[{"href":"https:\/\/www.aliadospuebla.com\/index.php?rest_route=\/wp\/v2\/posts\/77134","targetHints":{"allow":["GET"]}}],"collection":[{"href":"https:\/\/www.aliadospuebla.com\/index.php?rest_route=\/wp\/v2\/posts"}],"about":[{"href":"https:\/\/www.aliadospuebla.com\/index.php?rest_route=\/wp\/v2\/types\/post"}],"author":[{"embeddable":true,"href":"https:\/\/www.aliadospuebla.com\/index.php?rest_route=\/wp\/v2\/users\/2"}],"replies":[{"embeddable":true,"href":"https:\/\/www.aliadospuebla.com\/index.php?rest_route=%2Fwp%2Fv2%2Fcomments&post=77134"}],"version-history":[{"count":1,"href":"https:\/\/www.aliadospuebla.com\/index.php?rest_route=\/wp\/v2\/posts\/77134\/revisions"}],"predecessor-version":[{"id":77136,"href":"https:\/\/www.aliadospuebla.com\/index.php?rest_route=\/wp\/v2\/posts\/77134\/revisions\/77136"}],"wp:featuredmedia":[{"embeddable":true,"href":"https:\/\/www.aliadospuebla.com\/index.php?rest_route=\/wp\/v2\/media\/77135"}],"wp:attachment":[{"href":"https:\/\/www.aliadospuebla.com\/index.php?rest_route=%2Fwp%2Fv2%2Fmedia&parent=77134"}],"wp:term":[{"taxonomy":"category","embeddable":true,"href":"https:\/\/www.aliadospuebla.com\/index.php?rest_route=%2Fwp%2Fv2%2Fcategories&post=77134"},{"taxonomy":"post_tag","embeddable":true,"href":"https:\/\/www.aliadospuebla.com\/index.php?rest_route=%2Fwp%2Fv2%2Ftags&post=77134"}],"curies":[{"name":"wp","href":"https:\/\/api.w.org\/{rel}","templated":true}]}}