{"id":77097,"date":"2023-01-02T12:00:08","date_gmt":"2023-01-02T18:00:08","guid":{"rendered":"https:\/\/www.aliados17.com\/?p=77097"},"modified":"2023-01-02T12:01:03","modified_gmt":"2023-01-02T18:01:03","slug":"el-gobierno-municipal-de-amozoc-dio-a-conocer-que-hubo-saldo-blanco-durante-la-celebracion-de-ano-nuevo","status":"publish","type":"post","link":"https:\/\/www.aliadospuebla.com\/?p=77097","title":{"rendered":"El Gobierno Municipal de Amozoc dio a conocer que hubo saldo blanco durante la celebraci\u00f3n de A\u00f1o Nuevo."},"content":{"rendered":"<p>A trav\u00e9s de la Direcci\u00f3n de Seguridad P\u00fablica y Tr\u00e1nsito Municipal detall\u00f3 que se implementaron diferentes operativos como Pasajero Seguro, Diciembre Seguro, Comercio Seguro y acompa\u00f1amiento a personas que realizaron retiros bancarios, brindando el traslado a su domicilio.<\/p>\n<p>Fue de manera constante que los elementos de<strong> Seguridad P\u00fablica, Tr\u00e1nsito Municipal y Protecci\u00f3n Civil<\/strong> realizaron <strong>recorridos de proximidad social en diferentes puntos estrat\u00e9gicos<\/strong> y de alta afluencia de personas, como centros comerciales, el mercado municipal Ignacio Zaragoza y parques, as\u00ed como accesos y salidas del municipio.<\/p>\n<h4>De igual manera la comuna inform\u00f3 que se mantienen recorridos constantes en el z\u00f3calo municipal debido a instalaci\u00f3n de la Feria Cuna de Artesanos 2023.<\/h4>\n<p>Tambi\u00e9n dio a conocer que todas las \u00e1reas est\u00e1n para servir a los ciudadanos y atender sus peticiones, dejando los siguientes n\u00fameros 2215209641 y 2271538768 para emergencias o alguna solicitud.<\/p>\n<p>En el Gobierno Municipal de Amozoc que preside el alcalde <strong>Mario de la Rosa Romero<\/strong> trabajan por tu seguridad.<\/p>\n","protected":false},"excerpt":{"rendered":"<p>A trav\u00e9s de la Direcci\u00f3n de Seguridad P\u00fablica y Tr\u00e1nsito Municipal detall\u00f3 que se implementaron diferentes operativos como Pasajero Seguro, Diciembre Seguro, Comercio Seguro y acompa\u00f1amiento a personas que realizaron retiros bancarios, brindando el traslado a su domicilio. Fue de manera constante que los elementos de Seguridad P\u00fablica, Tr\u00e1nsito Municipal y Protecci\u00f3n Civil realizaron recorridos de proximidad social en diferentes puntos estrat\u00e9gicos y de alta afluencia de personas, como centros comerciales, el mercado municipal Ignacio Zaragoza y parques, as\u00ed como accesos y salidas del municipio. De igual manera la comuna inform\u00f3 que se mantienen recorridos constantes en el z\u00f3calo municipal debido a instalaci\u00f3n de la Feria Cuna de Artesanos 2023. Tambi\u00e9n dio a conocer que todas las \u00e1reas est\u00e1n para servir a los ciudadanos y&hellip;<\/p>\n<p class=\"excerpt-more\"><a class=\"blog-excerpt button\" href=\"https:\/\/www.aliadospuebla.com\/?p=77097\">Leer m\u00e1s&#8230;<\/a><\/p>\n","protected":false},"author":2,"featured_media":77098,"comment_status":"open","ping_status":"open","sticky":false,"template":"","format":"standard","meta":{"_monsterinsights_skip_tracking":false,"footnotes":""},"categories":[4],"tags":[1667,8030,1500,8898,9407,1227,20704],"class_list":["post-77097","post","type-post","status-publish","format-standard","has-post-thumbnail","hentry","category-municipios","tag-amozoc","tag-ano-nuevo","tag-festejos","tag-mario-de-la-rosa-romero","tag-proximidad-social","tag-saldo-blanco","tag-seguirad-publica"],"yoast_head":"<!-- This site is optimized with the Yoast SEO plugin v28.3 - https:\/\/yoast.com\/product\/yoast-seo-wordpress\/ -->\n<title>El Gobierno Municipal de Amozoc dio a conocer que hubo saldo blanco durante la celebraci\u00f3n de A\u00f1o Nuevo. - AliadosPuebla<\/title>\n<meta name=\"robots\" content=\"index, follow, max-snippet:-1, max-image-preview:large, max-video-preview:-1\" \/>\n<link rel=\"canonical\" href=\"https:\/\/www.aliadospuebla.com\/?p=77097\" \/>\n<meta property=\"og:locale\" content=\"es_ES\" \/>\n<meta property=\"og:type\" content=\"article\" \/>\n<meta property=\"og:title\" content=\"El Gobierno Municipal de Amozoc dio a conocer que hubo saldo blanco durante la celebraci\u00f3n de A\u00f1o Nuevo. - AliadosPuebla\" \/>\n<meta property=\"og:description\" content=\"A trav\u00e9s de la Direcci\u00f3n de Seguridad P\u00fablica y Tr\u00e1nsito Municipal detall\u00f3 que se implementaron diferentes operativos como Pasajero Seguro, Diciembre Seguro, Comercio Seguro y acompa\u00f1amiento a personas que realizaron retiros bancarios, brindando el traslado a su domicilio. Fue de manera constante que los elementos de Seguridad P\u00fablica, Tr\u00e1nsito Municipal y Protecci\u00f3n Civil realizaron recorridos de proximidad social en diferentes puntos estrat\u00e9gicos y de alta afluencia de personas, como centros comerciales, el mercado municipal Ignacio Zaragoza y parques, as\u00ed como accesos y salidas del municipio. De igual manera la comuna inform\u00f3 que se mantienen recorridos constantes en el z\u00f3calo municipal debido a instalaci\u00f3n de la Feria Cuna de Artesanos 2023. Tambi\u00e9n dio a conocer que todas las \u00e1reas est\u00e1n para servir a los ciudadanos y&hellip;Leer m\u00e1s...\" \/>\n<meta property=\"og:url\" content=\"https:\/\/www.aliadospuebla.com\/?p=77097\" \/>\n<meta property=\"og:site_name\" content=\"AliadosPuebla\" \/>\n<meta property=\"article:author\" content=\"https:\/\/www.facebook.com\/Aliados17Pue\" \/>\n<meta property=\"article:published_time\" content=\"2023-01-02T18:00:08+00:00\" \/>\n<meta property=\"article:modified_time\" content=\"2023-01-02T18:01:03+00:00\" \/>\n<meta property=\"og:image\" content=\"https:\/\/www.aliadospuebla.com\/web2017\/wp-content\/uploads\/2023\/01\/001.jpg\" \/>\n\t<meta property=\"og:image:width\" content=\"600\" \/>\n\t<meta property=\"og:image:height\" content=\"450\" \/>\n\t<meta property=\"og:image:type\" content=\"image\/jpeg\" \/>\n<meta name=\"author\" content=\"Aliados17\" \/>\n<meta name=\"twitter:card\" content=\"summary_large_image\" \/>\n<meta name=\"twitter:creator\" content=\"@AliadosPuebla\" \/>\n<meta name=\"twitter:label1\" content=\"Escrito por\" \/>\n\t<meta name=\"twitter:data1\" content=\"Aliados17\" \/>\n\t<meta name=\"twitter:label2\" content=\"Tiempo de lectura\" \/>\n\t<meta name=\"twitter:data2\" content=\"1 minuto\" \/>\n<script type=\"application\/ld+json\" class=\"yoast-schema-graph\">{\"@context\":\"https:\\\/\\\/schema.org\",\"@graph\":[{\"@type\":\"Article\",\"@id\":\"https:\\\/\\\/www.aliadospuebla.com\\\/?p=77097#article\",\"isPartOf\":{\"@id\":\"https:\\\/\\\/www.aliadospuebla.com\\\/?p=77097\"},\"author\":{\"name\":\"Aliados17\",\"@id\":\"https:\\\/\\\/www.aliadospuebla.com\\\/#\\\/schema\\\/person\\\/5da7dd09320bd4f392b710017ed5f8ad\"},\"headline\":\"El Gobierno Municipal de Amozoc dio a conocer que hubo saldo blanco durante la celebraci\u00f3n de A\u00f1o Nuevo.\",\"datePublished\":\"2023-01-02T18:00:08+00:00\",\"dateModified\":\"2023-01-02T18:01:03+00:00\",\"mainEntityOfPage\":{\"@id\":\"https:\\\/\\\/www.aliadospuebla.com\\\/?p=77097\"},\"wordCount\":190,\"commentCount\":0,\"image\":{\"@id\":\"https:\\\/\\\/www.aliadospuebla.com\\\/?p=77097#primaryimage\"},\"thumbnailUrl\":\"https:\\\/\\\/www.aliadospuebla.com\\\/web2017\\\/wp-content\\\/uploads\\\/2023\\\/01\\\/001.jpg\",\"keywords\":[\"AMOZOC\",\"A\u00d1O NUEVO\",\"FESTEJOS\",\"MARIO DE LA ROSA ROMERO\",\"Proximidad social\",\"SALDO BLANCO\",\"seguirad p\u00fablica\"],\"articleSection\":[\"Municipios\"],\"inLanguage\":\"es\",\"potentialAction\":[{\"@type\":\"CommentAction\",\"name\":\"Comment\",\"target\":[\"https:\\\/\\\/www.aliadospuebla.com\\\/?p=77097#respond\"]}]},{\"@type\":\"WebPage\",\"@id\":\"https:\\\/\\\/www.aliadospuebla.com\\\/?p=77097\",\"url\":\"https:\\\/\\\/www.aliadospuebla.com\\\/?p=77097\",\"name\":\"El Gobierno Municipal de Amozoc dio a conocer que hubo saldo blanco durante la celebraci\u00f3n de A\u00f1o Nuevo. - AliadosPuebla\",\"isPartOf\":{\"@id\":\"https:\\\/\\\/www.aliadospuebla.com\\\/#website\"},\"primaryImageOfPage\":{\"@id\":\"https:\\\/\\\/www.aliadospuebla.com\\\/?p=77097#primaryimage\"},\"image\":{\"@id\":\"https:\\\/\\\/www.aliadospuebla.com\\\/?p=77097#primaryimage\"},\"thumbnailUrl\":\"https:\\\/\\\/www.aliadospuebla.com\\\/web2017\\\/wp-content\\\/uploads\\\/2023\\\/01\\\/001.jpg\",\"datePublished\":\"2023-01-02T18:00:08+00:00\",\"dateModified\":\"2023-01-02T18:01:03+00:00\",\"author\":{\"@id\":\"https:\\\/\\\/www.aliadospuebla.com\\\/#\\\/schema\\\/person\\\/5da7dd09320bd4f392b710017ed5f8ad\"},\"breadcrumb\":{\"@id\":\"https:\\\/\\\/www.aliadospuebla.com\\\/?p=77097#breadcrumb\"},\"inLanguage\":\"es\",\"potentialAction\":[{\"@type\":\"ReadAction\",\"target\":[\"https:\\\/\\\/www.aliadospuebla.com\\\/?p=77097\"]}]},{\"@type\":\"ImageObject\",\"inLanguage\":\"es\",\"@id\":\"https:\\\/\\\/www.aliadospuebla.com\\\/?p=77097#primaryimage\",\"url\":\"https:\\\/\\\/www.aliadospuebla.com\\\/web2017\\\/wp-content\\\/uploads\\\/2023\\\/01\\\/001.jpg\",\"contentUrl\":\"https:\\\/\\\/www.aliadospuebla.com\\\/web2017\\\/wp-content\\\/uploads\\\/2023\\\/01\\\/001.jpg\",\"width\":600,\"height\":450},{\"@type\":\"BreadcrumbList\",\"@id\":\"https:\\\/\\\/www.aliadospuebla.com\\\/?p=77097#breadcrumb\",\"itemListElement\":[{\"@type\":\"ListItem\",\"position\":1,\"name\":\"Portada\",\"item\":\"https:\\\/\\\/www.aliadospuebla.com\\\/\"},{\"@type\":\"ListItem\",\"position\":2,\"name\":\"El Gobierno Municipal de Amozoc dio a conocer que hubo saldo blanco durante la celebraci\u00f3n de A\u00f1o Nuevo.\"}]},{\"@type\":\"WebSite\",\"@id\":\"https:\\\/\\\/www.aliadospuebla.com\\\/#website\",\"url\":\"https:\\\/\\\/www.aliadospuebla.com\\\/\",\"name\":\"AliadosPuebla\",\"description\":\"La informaci\u00f3n en tus manos\",\"potentialAction\":[{\"@type\":\"SearchAction\",\"target\":{\"@type\":\"EntryPoint\",\"urlTemplate\":\"https:\\\/\\\/www.aliadospuebla.com\\\/?s={search_term_string}\"},\"query-input\":{\"@type\":\"PropertyValueSpecification\",\"valueRequired\":true,\"valueName\":\"search_term_string\"}}],\"inLanguage\":\"es\"},{\"@type\":\"Person\",\"@id\":\"https:\\\/\\\/www.aliadospuebla.com\\\/#\\\/schema\\\/person\\\/5da7dd09320bd4f392b710017ed5f8ad\",\"name\":\"Aliados17\",\"image\":{\"@type\":\"ImageObject\",\"inLanguage\":\"es\",\"@id\":\"https:\\\/\\\/www.aliadospuebla.com\\\/web2017\\\/wp-content\\\/uploads\\\/2025\\\/03\\\/cropped-para-perfil-8-anos-1-96x96.jpg\",\"url\":\"https:\\\/\\\/www.aliadospuebla.com\\\/web2017\\\/wp-content\\\/uploads\\\/2025\\\/03\\\/cropped-para-perfil-8-anos-1-96x96.jpg\",\"contentUrl\":\"https:\\\/\\\/www.aliadospuebla.com\\\/web2017\\\/wp-content\\\/uploads\\\/2025\\\/03\\\/cropped-para-perfil-8-anos-1-96x96.jpg\",\"caption\":\"Aliados17\"},\"sameAs\":[\"https:\\\/\\\/www.aliados17.com\",\"https:\\\/\\\/www.facebook.com\\\/Aliados17Pue\",\"https:\\\/\\\/x.com\\\/AliadosPuebla\"],\"url\":\"https:\\\/\\\/www.aliadospuebla.com\\\/?author=2\"}]}<\/script>\n<!-- \/ Yoast SEO plugin. -->","yoast_head_json":{"title":"El Gobierno Municipal de Amozoc dio a conocer que hubo saldo blanco durante la celebraci\u00f3n de A\u00f1o Nuevo. - AliadosPuebla","robots":{"index":"index","follow":"follow","max-snippet":"max-snippet:-1","max-image-preview":"max-image-preview:large","max-video-preview":"max-video-preview:-1"},"canonical":"https:\/\/www.aliadospuebla.com\/?p=77097","og_locale":"es_ES","og_type":"article","og_title":"El Gobierno Municipal de Amozoc dio a conocer que hubo saldo blanco durante la celebraci\u00f3n de A\u00f1o Nuevo. - AliadosPuebla","og_description":"A trav\u00e9s de la Direcci\u00f3n de Seguridad P\u00fablica y Tr\u00e1nsito Municipal detall\u00f3 que se implementaron diferentes operativos como Pasajero Seguro, Diciembre Seguro, Comercio Seguro y acompa\u00f1amiento a personas que realizaron retiros bancarios, brindando el traslado a su domicilio. Fue de manera constante que los elementos de Seguridad P\u00fablica, Tr\u00e1nsito Municipal y Protecci\u00f3n Civil realizaron recorridos de proximidad social en diferentes puntos estrat\u00e9gicos y de alta afluencia de personas, como centros comerciales, el mercado municipal Ignacio Zaragoza y parques, as\u00ed como accesos y salidas del municipio. De igual manera la comuna inform\u00f3 que se mantienen recorridos constantes en el z\u00f3calo municipal debido a instalaci\u00f3n de la Feria Cuna de Artesanos 2023. Tambi\u00e9n dio a conocer que todas las \u00e1reas est\u00e1n para servir a los ciudadanos y&hellip;Leer m\u00e1s...","og_url":"https:\/\/www.aliadospuebla.com\/?p=77097","og_site_name":"AliadosPuebla","article_author":"https:\/\/www.facebook.com\/Aliados17Pue","article_published_time":"2023-01-02T18:00:08+00:00","article_modified_time":"2023-01-02T18:01:03+00:00","og_image":[{"width":600,"height":450,"url":"https:\/\/www.aliadospuebla.com\/web2017\/wp-content\/uploads\/2023\/01\/001.jpg","type":"image\/jpeg"}],"author":"Aliados17","twitter_card":"summary_large_image","twitter_creator":"@AliadosPuebla","twitter_misc":{"Escrito por":"Aliados17","Tiempo de lectura":"1 minuto"},"schema":{"@context":"https:\/\/schema.org","@graph":[{"@type":"Article","@id":"https:\/\/www.aliadospuebla.com\/?p=77097#article","isPartOf":{"@id":"https:\/\/www.aliadospuebla.com\/?p=77097"},"author":{"name":"Aliados17","@id":"https:\/\/www.aliadospuebla.com\/#\/schema\/person\/5da7dd09320bd4f392b710017ed5f8ad"},"headline":"El Gobierno Municipal de Amozoc dio a conocer que hubo saldo blanco durante la celebraci\u00f3n de A\u00f1o Nuevo.","datePublished":"2023-01-02T18:00:08+00:00","dateModified":"2023-01-02T18:01:03+00:00","mainEntityOfPage":{"@id":"https:\/\/www.aliadospuebla.com\/?p=77097"},"wordCount":190,"commentCount":0,"image":{"@id":"https:\/\/www.aliadospuebla.com\/?p=77097#primaryimage"},"thumbnailUrl":"https:\/\/www.aliadospuebla.com\/web2017\/wp-content\/uploads\/2023\/01\/001.jpg","keywords":["AMOZOC","A\u00d1O NUEVO","FESTEJOS","MARIO DE LA ROSA ROMERO","Proximidad social","SALDO BLANCO","seguirad p\u00fablica"],"articleSection":["Municipios"],"inLanguage":"es","potentialAction":[{"@type":"CommentAction","name":"Comment","target":["https:\/\/www.aliadospuebla.com\/?p=77097#respond"]}]},{"@type":"WebPage","@id":"https:\/\/www.aliadospuebla.com\/?p=77097","url":"https:\/\/www.aliadospuebla.com\/?p=77097","name":"El Gobierno Municipal de Amozoc dio a conocer que hubo saldo blanco durante la celebraci\u00f3n de A\u00f1o Nuevo. - AliadosPuebla","isPartOf":{"@id":"https:\/\/www.aliadospuebla.com\/#website"},"primaryImageOfPage":{"@id":"https:\/\/www.aliadospuebla.com\/?p=77097#primaryimage"},"image":{"@id":"https:\/\/www.aliadospuebla.com\/?p=77097#primaryimage"},"thumbnailUrl":"https:\/\/www.aliadospuebla.com\/web2017\/wp-content\/uploads\/2023\/01\/001.jpg","datePublished":"2023-01-02T18:00:08+00:00","dateModified":"2023-01-02T18:01:03+00:00","author":{"@id":"https:\/\/www.aliadospuebla.com\/#\/schema\/person\/5da7dd09320bd4f392b710017ed5f8ad"},"breadcrumb":{"@id":"https:\/\/www.aliadospuebla.com\/?p=77097#breadcrumb"},"inLanguage":"es","potentialAction":[{"@type":"ReadAction","target":["https:\/\/www.aliadospuebla.com\/?p=77097"]}]},{"@type":"ImageObject","inLanguage":"es","@id":"https:\/\/www.aliadospuebla.com\/?p=77097#primaryimage","url":"https:\/\/www.aliadospuebla.com\/web2017\/wp-content\/uploads\/2023\/01\/001.jpg","contentUrl":"https:\/\/www.aliadospuebla.com\/web2017\/wp-content\/uploads\/2023\/01\/001.jpg","width":600,"height":450},{"@type":"BreadcrumbList","@id":"https:\/\/www.aliadospuebla.com\/?p=77097#breadcrumb","itemListElement":[{"@type":"ListItem","position":1,"name":"Portada","item":"https:\/\/www.aliadospuebla.com\/"},{"@type":"ListItem","position":2,"name":"El Gobierno Municipal de Amozoc dio a conocer que hubo saldo blanco durante la celebraci\u00f3n de A\u00f1o Nuevo."}]},{"@type":"WebSite","@id":"https:\/\/www.aliadospuebla.com\/#website","url":"https:\/\/www.aliadospuebla.com\/","name":"AliadosPuebla","description":"La informaci\u00f3n en tus manos","potentialAction":[{"@type":"SearchAction","target":{"@type":"EntryPoint","urlTemplate":"https:\/\/www.aliadospuebla.com\/?s={search_term_string}"},"query-input":{"@type":"PropertyValueSpecification","valueRequired":true,"valueName":"search_term_string"}}],"inLanguage":"es"},{"@type":"Person","@id":"https:\/\/www.aliadospuebla.com\/#\/schema\/person\/5da7dd09320bd4f392b710017ed5f8ad","name":"Aliados17","image":{"@type":"ImageObject","inLanguage":"es","@id":"https:\/\/www.aliadospuebla.com\/web2017\/wp-content\/uploads\/2025\/03\/cropped-para-perfil-8-anos-1-96x96.jpg","url":"https:\/\/www.aliadospuebla.com\/web2017\/wp-content\/uploads\/2025\/03\/cropped-para-perfil-8-anos-1-96x96.jpg","contentUrl":"https:\/\/www.aliadospuebla.com\/web2017\/wp-content\/uploads\/2025\/03\/cropped-para-perfil-8-anos-1-96x96.jpg","caption":"Aliados17"},"sameAs":["https:\/\/www.aliados17.com","https:\/\/www.facebook.com\/Aliados17Pue","https:\/\/x.com\/AliadosPuebla"],"url":"https:\/\/www.aliadospuebla.com\/?author=2"}]}},"views":20,"_links":{"self":[{"href":"https:\/\/www.aliadospuebla.com\/index.php?rest_route=\/wp\/v2\/posts\/77097","targetHints":{"allow":["GET"]}}],"collection":[{"href":"https:\/\/www.aliadospuebla.com\/index.php?rest_route=\/wp\/v2\/posts"}],"about":[{"href":"https:\/\/www.aliadospuebla.com\/index.php?rest_route=\/wp\/v2\/types\/post"}],"author":[{"embeddable":true,"href":"https:\/\/www.aliadospuebla.com\/index.php?rest_route=\/wp\/v2\/users\/2"}],"replies":[{"embeddable":true,"href":"https:\/\/www.aliadospuebla.com\/index.php?rest_route=%2Fwp%2Fv2%2Fcomments&post=77097"}],"version-history":[{"count":1,"href":"https:\/\/www.aliadospuebla.com\/index.php?rest_route=\/wp\/v2\/posts\/77097\/revisions"}],"predecessor-version":[{"id":77099,"href":"https:\/\/www.aliadospuebla.com\/index.php?rest_route=\/wp\/v2\/posts\/77097\/revisions\/77099"}],"wp:featuredmedia":[{"embeddable":true,"href":"https:\/\/www.aliadospuebla.com\/index.php?rest_route=\/wp\/v2\/media\/77098"}],"wp:attachment":[{"href":"https:\/\/www.aliadospuebla.com\/index.php?rest_route=%2Fwp%2Fv2%2Fmedia&parent=77097"}],"wp:term":[{"taxonomy":"category","embeddable":true,"href":"https:\/\/www.aliadospuebla.com\/index.php?rest_route=%2Fwp%2Fv2%2Fcategories&post=77097"},{"taxonomy":"post_tag","embeddable":true,"href":"https:\/\/www.aliadospuebla.com\/index.php?rest_route=%2Fwp%2Fv2%2Ftags&post=77097"}],"curies":[{"name":"wp","href":"https:\/\/api.w.org\/{rel}","templated":true}]}}