{"id":77020,"date":"2022-12-22T09:09:29","date_gmt":"2022-12-22T15:09:29","guid":{"rendered":"https:\/\/www.aliados17.com\/?p=77020"},"modified":"2022-12-22T09:09:29","modified_gmt":"2022-12-22T15:09:29","slug":"castro-lopez-malo-manrique-natale","status":"publish","type":"post","link":"https:\/\/www.aliadospuebla.com\/?p=77020","title":{"rendered":"Castro\/L\u00f3pez Malo. Manrique\/Natale"},"content":{"rendered":"<h4>Y en la revisi\u00f3n del gabinete del gobierno estatal vamos por partes.<\/h4>\n<p><strong>Mar\u00eda Teresa Castro Corro<\/strong> \u00bfHa demostrado eficiencia para el manejo del dinero o las finanzas p\u00fablicas poblanas?<br \/>\nSi es as\u00ed, que se quede al frente de la <strong>Secretar\u00eda de Administraci\u00f3n y Finanzas.<\/strong><br \/>\nY dejemos de poner etiquetas pol\u00edticas a quienes sean capaces de hacer su trabajo en el servicio p\u00fablico.<br \/>\nClaro, si hay negociaciones pol\u00edticas con el<strong> PRI<\/strong> para relevar a la se\u00f1ora Castro, pues NO la salva ni Obama.<br \/>\nAdem\u00e1s NO creo que tenga, as\u00ed, como muchas ganas de quedarse.<br \/>\n<strong>Beatriz Manrique Guevara<\/strong> es<strong> Secretar\u00eda de Medio Ambiente<\/strong>. Es posici\u00f3n del <strong>Partido Verde.<\/strong> As\u00ed es que, si se va, vendr\u00e1 otra persona que mande el comit\u00e9 nacional del partido del tuc\u00e1n.<br \/>\nAl menos este gobernador s\u00ed se sabe su nombre.<br \/>\nAhora bien, por ser posici\u00f3n del Partido Verde, al relevo pudiera llegar <strong>Jaime Natale Uranga<\/strong>, diputado que vot\u00f3 a favor de <strong>Sergio Salom\u00f3n.<\/strong><br \/>\nHabr\u00e1 que ver qui\u00e9n es el suplente de Natale. Por si las dudas.<br \/>\n<strong>Lizeth S\u00e1nchez Garc\u00eda,<\/strong> Secretaria de Bienestar est\u00e1 ah\u00ed por ser posici\u00f3n del Partido del Trabajo.<br \/>\nAs\u00ed es que veo complicado que la quiten.<br \/>\nFue compa\u00f1era en el Congreso del Estado del gobernador <strong>Sergio Salom\u00f3n C\u00e9spedes Peregrina.<\/strong><br \/>\nPero ella depende del PT.<br \/>\n\u00bfLo dem\u00e1s?<br \/>\nLe vale.<br \/>\nEs cuanto.<br \/>\nPor el momento.<br \/>\nPunto.<br \/>\n\u2026<\/p>\n<p><strong>Denisse Ortiz<\/strong>. La desgracia del DIF<br \/>\nEn el Sistema DIF estatal ya nada es igual.<br \/>\nEl ambiente es otro.<br \/>\nY a los subalternos de Denisse Ort\u00edz P\u00e9rez, la vida los premi\u00f3.<br \/>\nFin a la se\u00f1ora prepotente, grosera, majadera, pelada, traumada, abusiva, amenazadora, arrogante, soberbia.<br \/>\nIgualita a Moreno Valle: Servil con los de arriba; humillante con los de abajo.<br \/>\nPero eso, ya se acab\u00f3.<br \/>\nTal vez a Denisse la designen Directora General del DIF (estoy escribiendo ir\u00f3nicamente; en pol\u00edtica todo es posible), pero su actitud ser\u00e1 diferente.<br \/>\nLa esposa del gobernador <strong>Sergio Salom\u00f3n C\u00e9spedes<\/strong> <strong>Peregrina,<\/strong> NO permitir\u00eda jam\u00e1s una actitud tan despreciable.<br \/>\nNO m\u00e1s abusos de Denisse en el DIF estatal.<br \/>\nRecuerdo que las despensas que se compraron para entregar a las familias poblanas durante la pandemia, se echaron a perder en las instalaciones de la Casa del Abue, porque Denisse impidi\u00f3 su distribuci\u00f3n.<br \/>\nSin embargo, fue hasta que <strong>De Buena Fuente<\/strong> dio a conocer esta anomal\u00eda, como lo poco que sobr\u00f3 se regal\u00f3.<br \/>\nLo dem\u00e1s, se lo comieron las ratas, literal.<br \/>\nPor cierto la \u00faltima vez que me top\u00e9 personalmente con Denisse, fue en el evento de entrega del Doctorado Honoris Causa a <strong>In\u00e9s Saturnino L\u00f3pez Ponce<\/strong>, ex presidente municipal de Tecamachalco, su benefactor y en aquel entonces, \u201c<strong>grandes amigos<\/strong>\u201d.<br \/>\nA decir verdad, <strong>Denisse Ort\u00edz P\u00e9rez<\/strong> me importa un caraj\u2026; me vale una ching\u2026 pero los trabajadores del DIF estatal est\u00e1n felices, empezando por la aun directora <strong>Leonor Vargas.<\/strong><br \/>\nEsta entrega es, en su honor.<br \/>\nDisfruten el duelo de Denisse.<br \/>\nPunto.<br \/>\nHe dicho y he escrito.<br \/>\n\u2026<\/p>\n<p>Ni Obama<br \/>\nA ver priistas. Si<strong> Alejandro Moreno<\/strong> se va a quedar en el PRI, en Puebla va a ser igual con <strong>N\u00e9stor Camarillo<\/strong>: Su reino NO tendr\u00e1 fin. En Movimiento Ciudadano, Fernando Morales ser\u00e1 m\u00e1s eterno que Don Blas (Chumacero) en la CTM. As\u00ed es que oportunidades NO las ofrece, ni Obama.<br \/>\n\u2026<\/p>\n<h4>El Verdugo<\/h4>\n<p>Los taxis \u201cpirata\u201d del perif\u00e9rico generan econom\u00eda, pero tambi\u00e9n son riesgosos; circulan sin placas, a alta velocidad, con riesgo a los pasajeros, sin seguridad jur\u00eddica para nadie. Moreno Valle los cre\u00f3, Barbosa nunca resolvi\u00f3. El Verdugo dice: El fracaso total es de Elsa Fraca-Monte.<br \/>\n\u2026<\/p>\n<p><strong>De Buena Fuente<\/strong> No es la mejor columna pol\u00edtica, pero tiene a los mejores lectores.<\/p>\n<p>cmaciaspalma@yahoo.com.mx<br \/>\n@cmaciaspalma<br \/>\nFB: Carlos Macias Palma<\/p>\n","protected":false},"excerpt":{"rendered":"<p>Y en la revisi\u00f3n del gabinete del gobierno estatal vamos por partes. Mar\u00eda Teresa Castro Corro \u00bfHa demostrado eficiencia para el manejo del dinero o las finanzas p\u00fablicas poblanas? Si es as\u00ed, que se quede al frente de la Secretar\u00eda de Administraci\u00f3n y Finanzas. Y dejemos de poner etiquetas pol\u00edticas a quienes sean capaces de hacer su trabajo en el servicio p\u00fablico. Claro, si hay negociaciones pol\u00edticas con el PRI para relevar a la se\u00f1ora Castro, pues NO la salva ni Obama. Adem\u00e1s NO creo que tenga, as\u00ed, como muchas ganas de quedarse. Beatriz Manrique Guevara es Secretar\u00eda de Medio Ambiente. Es posici\u00f3n del Partido Verde. As\u00ed es que, si se va, vendr\u00e1 otra persona que mande el comit\u00e9 nacional del partido del tuc\u00e1n. Al&hellip;<\/p>\n<p class=\"excerpt-more\"><a class=\"blog-excerpt button\" href=\"https:\/\/www.aliadospuebla.com\/?p=77020\">Leer m\u00e1s&#8230;<\/a><\/p>\n","protected":false},"author":2,"featured_media":77021,"comment_status":"open","ping_status":"open","sticky":false,"template":"","format":"standard","meta":{"_monsterinsights_skip_tracking":false,"footnotes":""},"categories":[9],"tags":[10755,20674,607,20673,7669,10488,16604,20672,5180,10666],"class_list":["post-77020","post","type-post","status-publish","format-standard","has-post-thumbnail","hentry","category-columnas","tag-beatriz-manrique-guevara","tag-denisse-ortiz","tag-dif","tag-jaime-natale-uranga","tag-leonor-vargas","tag-lizeth-sanchez-garcia","tag-maria-teresa-castro-corro","tag-negociaciones-politicas","tag-partido-verde","tag-sergio-salomon-cespedes-peregrina"],"yoast_head":"<!-- This site is optimized with the Yoast SEO plugin v28.3 - https:\/\/yoast.com\/product\/yoast-seo-wordpress\/ -->\n<title>Castro\/L\u00f3pez Malo. Manrique\/Natale - AliadosPuebla<\/title>\n<meta name=\"robots\" content=\"index, follow, max-snippet:-1, max-image-preview:large, max-video-preview:-1\" \/>\n<link rel=\"canonical\" href=\"https:\/\/www.aliadospuebla.com\/?p=77020\" \/>\n<meta property=\"og:locale\" content=\"es_ES\" \/>\n<meta property=\"og:type\" content=\"article\" \/>\n<meta property=\"og:title\" content=\"Castro\/L\u00f3pez Malo. Manrique\/Natale - AliadosPuebla\" \/>\n<meta property=\"og:description\" content=\"Y en la revisi\u00f3n del gabinete del gobierno estatal vamos por partes. Mar\u00eda Teresa Castro Corro \u00bfHa demostrado eficiencia para el manejo del dinero o las finanzas p\u00fablicas poblanas? Si es as\u00ed, que se quede al frente de la Secretar\u00eda de Administraci\u00f3n y Finanzas. Y dejemos de poner etiquetas pol\u00edticas a quienes sean capaces de hacer su trabajo en el servicio p\u00fablico. Claro, si hay negociaciones pol\u00edticas con el PRI para relevar a la se\u00f1ora Castro, pues NO la salva ni Obama. Adem\u00e1s NO creo que tenga, as\u00ed, como muchas ganas de quedarse. Beatriz Manrique Guevara es Secretar\u00eda de Medio Ambiente. Es posici\u00f3n del Partido Verde. As\u00ed es que, si se va, vendr\u00e1 otra persona que mande el comit\u00e9 nacional del partido del tuc\u00e1n. Al&hellip;Leer m\u00e1s...\" \/>\n<meta property=\"og:url\" content=\"https:\/\/www.aliadospuebla.com\/?p=77020\" \/>\n<meta property=\"og:site_name\" content=\"AliadosPuebla\" \/>\n<meta property=\"article:author\" content=\"https:\/\/www.facebook.com\/Aliados17Pue\" \/>\n<meta property=\"article:published_time\" content=\"2022-12-22T15:09:29+00:00\" \/>\n<meta property=\"og:image\" content=\"https:\/\/www.aliadospuebla.com\/web2017\/wp-content\/uploads\/2022\/12\/116.jpg\" \/>\n\t<meta property=\"og:image:width\" content=\"600\" \/>\n\t<meta property=\"og:image:height\" content=\"450\" \/>\n\t<meta property=\"og:image:type\" content=\"image\/jpeg\" \/>\n<meta name=\"author\" content=\"Aliados17\" \/>\n<meta name=\"twitter:card\" content=\"summary_large_image\" \/>\n<meta name=\"twitter:creator\" content=\"@AliadosPuebla\" \/>\n<meta name=\"twitter:label1\" content=\"Escrito por\" \/>\n\t<meta name=\"twitter:data1\" content=\"Aliados17\" \/>\n\t<meta name=\"twitter:label2\" content=\"Tiempo de lectura\" \/>\n\t<meta name=\"twitter:data2\" content=\"3 minutos\" \/>\n<script type=\"application\/ld+json\" class=\"yoast-schema-graph\">{\"@context\":\"https:\\\/\\\/schema.org\",\"@graph\":[{\"@type\":\"Article\",\"@id\":\"https:\\\/\\\/www.aliadospuebla.com\\\/?p=77020#article\",\"isPartOf\":{\"@id\":\"https:\\\/\\\/www.aliadospuebla.com\\\/?p=77020\"},\"author\":{\"name\":\"Aliados17\",\"@id\":\"https:\\\/\\\/www.aliadospuebla.com\\\/#\\\/schema\\\/person\\\/5da7dd09320bd4f392b710017ed5f8ad\"},\"headline\":\"Castro\\\/L\u00f3pez Malo. Manrique\\\/Natale\",\"datePublished\":\"2022-12-22T15:09:29+00:00\",\"mainEntityOfPage\":{\"@id\":\"https:\\\/\\\/www.aliadospuebla.com\\\/?p=77020\"},\"wordCount\":653,\"commentCount\":0,\"image\":{\"@id\":\"https:\\\/\\\/www.aliadospuebla.com\\\/?p=77020#primaryimage\"},\"thumbnailUrl\":\"https:\\\/\\\/www.aliadospuebla.com\\\/web2017\\\/wp-content\\\/uploads\\\/2022\\\/12\\\/116.jpg\",\"keywords\":[\"BEATRIZ MANRIQUE GUEVARA\",\"Denisse Ort\u00edz\",\"DIF\",\"Jaime Natale Uranga\",\"LEONOR VARGAS\",\"LIZETH SANCHEZ GARCIA\",\"Mar\u00eda Teresa Castro Corro\",\"negociaciones pol\u00edticas\",\"PARTIDO VERDE\",\"Sergio Salom\u00f3n C\u00e9spedes Peregrina\"],\"articleSection\":[\"Columnas\"],\"inLanguage\":\"es\",\"potentialAction\":[{\"@type\":\"CommentAction\",\"name\":\"Comment\",\"target\":[\"https:\\\/\\\/www.aliadospuebla.com\\\/?p=77020#respond\"]}]},{\"@type\":\"WebPage\",\"@id\":\"https:\\\/\\\/www.aliadospuebla.com\\\/?p=77020\",\"url\":\"https:\\\/\\\/www.aliadospuebla.com\\\/?p=77020\",\"name\":\"Castro\\\/L\u00f3pez Malo. Manrique\\\/Natale - AliadosPuebla\",\"isPartOf\":{\"@id\":\"https:\\\/\\\/www.aliadospuebla.com\\\/#website\"},\"primaryImageOfPage\":{\"@id\":\"https:\\\/\\\/www.aliadospuebla.com\\\/?p=77020#primaryimage\"},\"image\":{\"@id\":\"https:\\\/\\\/www.aliadospuebla.com\\\/?p=77020#primaryimage\"},\"thumbnailUrl\":\"https:\\\/\\\/www.aliadospuebla.com\\\/web2017\\\/wp-content\\\/uploads\\\/2022\\\/12\\\/116.jpg\",\"datePublished\":\"2022-12-22T15:09:29+00:00\",\"author\":{\"@id\":\"https:\\\/\\\/www.aliadospuebla.com\\\/#\\\/schema\\\/person\\\/5da7dd09320bd4f392b710017ed5f8ad\"},\"breadcrumb\":{\"@id\":\"https:\\\/\\\/www.aliadospuebla.com\\\/?p=77020#breadcrumb\"},\"inLanguage\":\"es\",\"potentialAction\":[{\"@type\":\"ReadAction\",\"target\":[\"https:\\\/\\\/www.aliadospuebla.com\\\/?p=77020\"]}]},{\"@type\":\"ImageObject\",\"inLanguage\":\"es\",\"@id\":\"https:\\\/\\\/www.aliadospuebla.com\\\/?p=77020#primaryimage\",\"url\":\"https:\\\/\\\/www.aliadospuebla.com\\\/web2017\\\/wp-content\\\/uploads\\\/2022\\\/12\\\/116.jpg\",\"contentUrl\":\"https:\\\/\\\/www.aliadospuebla.com\\\/web2017\\\/wp-content\\\/uploads\\\/2022\\\/12\\\/116.jpg\",\"width\":600,\"height\":450},{\"@type\":\"BreadcrumbList\",\"@id\":\"https:\\\/\\\/www.aliadospuebla.com\\\/?p=77020#breadcrumb\",\"itemListElement\":[{\"@type\":\"ListItem\",\"position\":1,\"name\":\"Portada\",\"item\":\"https:\\\/\\\/www.aliadospuebla.com\\\/\"},{\"@type\":\"ListItem\",\"position\":2,\"name\":\"Castro\\\/L\u00f3pez Malo. Manrique\\\/Natale\"}]},{\"@type\":\"WebSite\",\"@id\":\"https:\\\/\\\/www.aliadospuebla.com\\\/#website\",\"url\":\"https:\\\/\\\/www.aliadospuebla.com\\\/\",\"name\":\"AliadosPuebla\",\"description\":\"La informaci\u00f3n en tus manos\",\"potentialAction\":[{\"@type\":\"SearchAction\",\"target\":{\"@type\":\"EntryPoint\",\"urlTemplate\":\"https:\\\/\\\/www.aliadospuebla.com\\\/?s={search_term_string}\"},\"query-input\":{\"@type\":\"PropertyValueSpecification\",\"valueRequired\":true,\"valueName\":\"search_term_string\"}}],\"inLanguage\":\"es\"},{\"@type\":\"Person\",\"@id\":\"https:\\\/\\\/www.aliadospuebla.com\\\/#\\\/schema\\\/person\\\/5da7dd09320bd4f392b710017ed5f8ad\",\"name\":\"Aliados17\",\"image\":{\"@type\":\"ImageObject\",\"inLanguage\":\"es\",\"@id\":\"https:\\\/\\\/www.aliadospuebla.com\\\/web2017\\\/wp-content\\\/uploads\\\/2025\\\/03\\\/cropped-para-perfil-8-anos-1-96x96.jpg\",\"url\":\"https:\\\/\\\/www.aliadospuebla.com\\\/web2017\\\/wp-content\\\/uploads\\\/2025\\\/03\\\/cropped-para-perfil-8-anos-1-96x96.jpg\",\"contentUrl\":\"https:\\\/\\\/www.aliadospuebla.com\\\/web2017\\\/wp-content\\\/uploads\\\/2025\\\/03\\\/cropped-para-perfil-8-anos-1-96x96.jpg\",\"caption\":\"Aliados17\"},\"sameAs\":[\"https:\\\/\\\/www.aliados17.com\",\"https:\\\/\\\/www.facebook.com\\\/Aliados17Pue\",\"https:\\\/\\\/x.com\\\/AliadosPuebla\"],\"url\":\"https:\\\/\\\/www.aliadospuebla.com\\\/?author=2\"}]}<\/script>\n<!-- \/ Yoast SEO plugin. -->","yoast_head_json":{"title":"Castro\/L\u00f3pez Malo. Manrique\/Natale - AliadosPuebla","robots":{"index":"index","follow":"follow","max-snippet":"max-snippet:-1","max-image-preview":"max-image-preview:large","max-video-preview":"max-video-preview:-1"},"canonical":"https:\/\/www.aliadospuebla.com\/?p=77020","og_locale":"es_ES","og_type":"article","og_title":"Castro\/L\u00f3pez Malo. Manrique\/Natale - AliadosPuebla","og_description":"Y en la revisi\u00f3n del gabinete del gobierno estatal vamos por partes. Mar\u00eda Teresa Castro Corro \u00bfHa demostrado eficiencia para el manejo del dinero o las finanzas p\u00fablicas poblanas? Si es as\u00ed, que se quede al frente de la Secretar\u00eda de Administraci\u00f3n y Finanzas. Y dejemos de poner etiquetas pol\u00edticas a quienes sean capaces de hacer su trabajo en el servicio p\u00fablico. Claro, si hay negociaciones pol\u00edticas con el PRI para relevar a la se\u00f1ora Castro, pues NO la salva ni Obama. Adem\u00e1s NO creo que tenga, as\u00ed, como muchas ganas de quedarse. Beatriz Manrique Guevara es Secretar\u00eda de Medio Ambiente. Es posici\u00f3n del Partido Verde. As\u00ed es que, si se va, vendr\u00e1 otra persona que mande el comit\u00e9 nacional del partido del tuc\u00e1n. Al&hellip;Leer m\u00e1s...","og_url":"https:\/\/www.aliadospuebla.com\/?p=77020","og_site_name":"AliadosPuebla","article_author":"https:\/\/www.facebook.com\/Aliados17Pue","article_published_time":"2022-12-22T15:09:29+00:00","og_image":[{"width":600,"height":450,"url":"https:\/\/www.aliadospuebla.com\/web2017\/wp-content\/uploads\/2022\/12\/116.jpg","type":"image\/jpeg"}],"author":"Aliados17","twitter_card":"summary_large_image","twitter_creator":"@AliadosPuebla","twitter_misc":{"Escrito por":"Aliados17","Tiempo de lectura":"3 minutos"},"schema":{"@context":"https:\/\/schema.org","@graph":[{"@type":"Article","@id":"https:\/\/www.aliadospuebla.com\/?p=77020#article","isPartOf":{"@id":"https:\/\/www.aliadospuebla.com\/?p=77020"},"author":{"name":"Aliados17","@id":"https:\/\/www.aliadospuebla.com\/#\/schema\/person\/5da7dd09320bd4f392b710017ed5f8ad"},"headline":"Castro\/L\u00f3pez Malo. Manrique\/Natale","datePublished":"2022-12-22T15:09:29+00:00","mainEntityOfPage":{"@id":"https:\/\/www.aliadospuebla.com\/?p=77020"},"wordCount":653,"commentCount":0,"image":{"@id":"https:\/\/www.aliadospuebla.com\/?p=77020#primaryimage"},"thumbnailUrl":"https:\/\/www.aliadospuebla.com\/web2017\/wp-content\/uploads\/2022\/12\/116.jpg","keywords":["BEATRIZ MANRIQUE GUEVARA","Denisse Ort\u00edz","DIF","Jaime Natale Uranga","LEONOR VARGAS","LIZETH SANCHEZ GARCIA","Mar\u00eda Teresa Castro Corro","negociaciones pol\u00edticas","PARTIDO VERDE","Sergio Salom\u00f3n C\u00e9spedes Peregrina"],"articleSection":["Columnas"],"inLanguage":"es","potentialAction":[{"@type":"CommentAction","name":"Comment","target":["https:\/\/www.aliadospuebla.com\/?p=77020#respond"]}]},{"@type":"WebPage","@id":"https:\/\/www.aliadospuebla.com\/?p=77020","url":"https:\/\/www.aliadospuebla.com\/?p=77020","name":"Castro\/L\u00f3pez Malo. Manrique\/Natale - AliadosPuebla","isPartOf":{"@id":"https:\/\/www.aliadospuebla.com\/#website"},"primaryImageOfPage":{"@id":"https:\/\/www.aliadospuebla.com\/?p=77020#primaryimage"},"image":{"@id":"https:\/\/www.aliadospuebla.com\/?p=77020#primaryimage"},"thumbnailUrl":"https:\/\/www.aliadospuebla.com\/web2017\/wp-content\/uploads\/2022\/12\/116.jpg","datePublished":"2022-12-22T15:09:29+00:00","author":{"@id":"https:\/\/www.aliadospuebla.com\/#\/schema\/person\/5da7dd09320bd4f392b710017ed5f8ad"},"breadcrumb":{"@id":"https:\/\/www.aliadospuebla.com\/?p=77020#breadcrumb"},"inLanguage":"es","potentialAction":[{"@type":"ReadAction","target":["https:\/\/www.aliadospuebla.com\/?p=77020"]}]},{"@type":"ImageObject","inLanguage":"es","@id":"https:\/\/www.aliadospuebla.com\/?p=77020#primaryimage","url":"https:\/\/www.aliadospuebla.com\/web2017\/wp-content\/uploads\/2022\/12\/116.jpg","contentUrl":"https:\/\/www.aliadospuebla.com\/web2017\/wp-content\/uploads\/2022\/12\/116.jpg","width":600,"height":450},{"@type":"BreadcrumbList","@id":"https:\/\/www.aliadospuebla.com\/?p=77020#breadcrumb","itemListElement":[{"@type":"ListItem","position":1,"name":"Portada","item":"https:\/\/www.aliadospuebla.com\/"},{"@type":"ListItem","position":2,"name":"Castro\/L\u00f3pez Malo. Manrique\/Natale"}]},{"@type":"WebSite","@id":"https:\/\/www.aliadospuebla.com\/#website","url":"https:\/\/www.aliadospuebla.com\/","name":"AliadosPuebla","description":"La informaci\u00f3n en tus manos","potentialAction":[{"@type":"SearchAction","target":{"@type":"EntryPoint","urlTemplate":"https:\/\/www.aliadospuebla.com\/?s={search_term_string}"},"query-input":{"@type":"PropertyValueSpecification","valueRequired":true,"valueName":"search_term_string"}}],"inLanguage":"es"},{"@type":"Person","@id":"https:\/\/www.aliadospuebla.com\/#\/schema\/person\/5da7dd09320bd4f392b710017ed5f8ad","name":"Aliados17","image":{"@type":"ImageObject","inLanguage":"es","@id":"https:\/\/www.aliadospuebla.com\/web2017\/wp-content\/uploads\/2025\/03\/cropped-para-perfil-8-anos-1-96x96.jpg","url":"https:\/\/www.aliadospuebla.com\/web2017\/wp-content\/uploads\/2025\/03\/cropped-para-perfil-8-anos-1-96x96.jpg","contentUrl":"https:\/\/www.aliadospuebla.com\/web2017\/wp-content\/uploads\/2025\/03\/cropped-para-perfil-8-anos-1-96x96.jpg","caption":"Aliados17"},"sameAs":["https:\/\/www.aliados17.com","https:\/\/www.facebook.com\/Aliados17Pue","https:\/\/x.com\/AliadosPuebla"],"url":"https:\/\/www.aliadospuebla.com\/?author=2"}]}},"views":7,"_links":{"self":[{"href":"https:\/\/www.aliadospuebla.com\/index.php?rest_route=\/wp\/v2\/posts\/77020","targetHints":{"allow":["GET"]}}],"collection":[{"href":"https:\/\/www.aliadospuebla.com\/index.php?rest_route=\/wp\/v2\/posts"}],"about":[{"href":"https:\/\/www.aliadospuebla.com\/index.php?rest_route=\/wp\/v2\/types\/post"}],"author":[{"embeddable":true,"href":"https:\/\/www.aliadospuebla.com\/index.php?rest_route=\/wp\/v2\/users\/2"}],"replies":[{"embeddable":true,"href":"https:\/\/www.aliadospuebla.com\/index.php?rest_route=%2Fwp%2Fv2%2Fcomments&post=77020"}],"version-history":[{"count":1,"href":"https:\/\/www.aliadospuebla.com\/index.php?rest_route=\/wp\/v2\/posts\/77020\/revisions"}],"predecessor-version":[{"id":77022,"href":"https:\/\/www.aliadospuebla.com\/index.php?rest_route=\/wp\/v2\/posts\/77020\/revisions\/77022"}],"wp:featuredmedia":[{"embeddable":true,"href":"https:\/\/www.aliadospuebla.com\/index.php?rest_route=\/wp\/v2\/media\/77021"}],"wp:attachment":[{"href":"https:\/\/www.aliadospuebla.com\/index.php?rest_route=%2Fwp%2Fv2%2Fmedia&parent=77020"}],"wp:term":[{"taxonomy":"category","embeddable":true,"href":"https:\/\/www.aliadospuebla.com\/index.php?rest_route=%2Fwp%2Fv2%2Fcategories&post=77020"},{"taxonomy":"post_tag","embeddable":true,"href":"https:\/\/www.aliadospuebla.com\/index.php?rest_route=%2Fwp%2Fv2%2Ftags&post=77020"}],"curies":[{"name":"wp","href":"https:\/\/api.w.org\/{rel}","templated":true}]}}