{"id":76899,"date":"2022-12-15T09:38:00","date_gmt":"2022-12-15T15:38:00","guid":{"rendered":"https:\/\/www.aliados17.com\/?p=76899"},"modified":"2022-12-15T09:38:00","modified_gmt":"2022-12-15T15:38:00","slug":"en-el-zocalo-de-tepeaca-se-presentara-el-clasico-de-todos-los-tiempos-el-cascanueces","status":"publish","type":"post","link":"https:\/\/www.aliadospuebla.com\/?p=76899","title":{"rendered":"En el z\u00f3calo de Tepeaca se presentar\u00e1 el cl\u00e1sico de todos los tiempos El Cascanueces"},"content":{"rendered":"<p>Este viernes 16 de diciembre, por temporada navide\u00f1a, se presentar\u00e1 el cl\u00e1sico de todos los tiempos <strong>El Cascanueces<\/strong> XXV a\u00f1os, <strong>Villa Navidad M\u00e1gica Expreso Polar<\/strong> en esta ocasi\u00f3n la gala tendr\u00e1 como sede el <strong>Z\u00f3calo de Tepeaca<\/strong>, la entrada es gratuita y la cita es a las 7:00 de la noche.<br \/>\nLa <strong>Compa\u00f1\u00eda de Danza Antoinette<\/strong>, est\u00e1 presentando este maravilloso cuento de<strong> Navidad,<\/strong> un regalo que la Compa\u00f1\u00eda en coordinaci\u00f3n con el <strong>Sistema Municipal DIF de Tepeaca<\/strong>, el Gobierno del Estado de Puebla, ofrece a las familias tepeaquenses.<br \/>\nLa gente que asista disfrutar\u00e1 de m\u00e1s de 100 artistas en escena, bellos vestuarios, m\u00fasica y emotivas escenograf\u00edas, una oportunidad de disfrutar este cuento en compa\u00f1\u00eda de la familia y los seres queridos por el bello mensaje que ofrece.<br \/>\nEl Ballet transportar\u00e1 a los presentes, a este <strong>cuento atemporal<\/strong> de Piotr Ilich Tchaikovski , en una selecci\u00f3n de n\u00fameros de ballet que acompa\u00f1an esta Suite de aproximadamente dos horas con dos intermedios, para ofrecer una historia donde se celebra una gran fiesta en casa de \u201cClara\u201d, quien es una peque\u00f1a ni\u00f1a que junto con su hermano esperan esta fecha tan importante: La Navidad.<br \/>\nEl personaje de Clara estar\u00e1 a cargo de Lorena S\u00e1nchez, el Cascanueces, Jorge D\u00edaz de Le\u00f3n.<\/p>\n","protected":false},"excerpt":{"rendered":"<p>Este viernes 16 de diciembre, por temporada navide\u00f1a, se presentar\u00e1 el cl\u00e1sico de todos los tiempos El Cascanueces XXV a\u00f1os, Villa Navidad M\u00e1gica Expreso Polar en esta ocasi\u00f3n la gala tendr\u00e1 como sede el Z\u00f3calo de Tepeaca, la entrada es gratuita y la cita es a las 7:00 de la noche. La Compa\u00f1\u00eda de Danza Antoinette, est\u00e1 presentando este maravilloso cuento de Navidad, un regalo que la Compa\u00f1\u00eda en coordinaci\u00f3n con el Sistema Municipal DIF de Tepeaca, el Gobierno del Estado de Puebla, ofrece a las familias tepeaquenses. La gente que asista disfrutar\u00e1 de m\u00e1s de 100 artistas en escena, bellos vestuarios, m\u00fasica y emotivas escenograf\u00edas, una oportunidad de disfrutar este cuento en compa\u00f1\u00eda de la familia y los seres queridos por el bello mensaje&hellip;<\/p>\n<p class=\"excerpt-more\"><a class=\"blog-excerpt button\" href=\"https:\/\/www.aliadospuebla.com\/?p=76899\">Leer m\u00e1s&#8230;<\/a><\/p>\n","protected":false},"author":2,"featured_media":76900,"comment_status":"open","ping_status":"open","sticky":false,"template":"","format":"standard","meta":{"_monsterinsights_skip_tracking":false,"footnotes":""},"categories":[4],"tags":[20640,20638,7903,1797,1565,20639],"class_list":["post-76899","post","type-post","status-publish","format-standard","has-post-thumbnail","hentry","category-municipios","tag-cuento-atemporal","tag-el-cascanueces","tag-navidad","tag-smdif","tag-tepeaca","tag-villa-navidad"],"yoast_head":"<!-- This site is optimized with the Yoast SEO plugin v28.3 - https:\/\/yoast.com\/product\/yoast-seo-wordpress\/ -->\n<title>En el z\u00f3calo de Tepeaca se presentar\u00e1 el cl\u00e1sico de todos los tiempos El Cascanueces - AliadosPuebla<\/title>\n<meta name=\"robots\" content=\"index, follow, max-snippet:-1, max-image-preview:large, max-video-preview:-1\" \/>\n<link rel=\"canonical\" href=\"https:\/\/www.aliadospuebla.com\/?p=76899\" \/>\n<meta property=\"og:locale\" content=\"es_ES\" \/>\n<meta property=\"og:type\" content=\"article\" \/>\n<meta property=\"og:title\" content=\"En el z\u00f3calo de Tepeaca se presentar\u00e1 el cl\u00e1sico de todos los tiempos El Cascanueces - AliadosPuebla\" \/>\n<meta property=\"og:description\" content=\"Este viernes 16 de diciembre, por temporada navide\u00f1a, se presentar\u00e1 el cl\u00e1sico de todos los tiempos El Cascanueces XXV a\u00f1os, Villa Navidad M\u00e1gica Expreso Polar en esta ocasi\u00f3n la gala tendr\u00e1 como sede el Z\u00f3calo de Tepeaca, la entrada es gratuita y la cita es a las 7:00 de la noche. La Compa\u00f1\u00eda de Danza Antoinette, est\u00e1 presentando este maravilloso cuento de Navidad, un regalo que la Compa\u00f1\u00eda en coordinaci\u00f3n con el Sistema Municipal DIF de Tepeaca, el Gobierno del Estado de Puebla, ofrece a las familias tepeaquenses. La gente que asista disfrutar\u00e1 de m\u00e1s de 100 artistas en escena, bellos vestuarios, m\u00fasica y emotivas escenograf\u00edas, una oportunidad de disfrutar este cuento en compa\u00f1\u00eda de la familia y los seres queridos por el bello mensaje&hellip;Leer m\u00e1s...\" \/>\n<meta property=\"og:url\" content=\"https:\/\/www.aliadospuebla.com\/?p=76899\" \/>\n<meta property=\"og:site_name\" content=\"AliadosPuebla\" \/>\n<meta property=\"article:author\" content=\"https:\/\/www.facebook.com\/Aliados17Pue\" \/>\n<meta property=\"article:published_time\" content=\"2022-12-15T15:38:00+00:00\" \/>\n<meta property=\"og:image\" content=\"https:\/\/www.aliadospuebla.com\/web2017\/wp-content\/uploads\/2022\/12\/070.jpg\" \/>\n\t<meta property=\"og:image:width\" content=\"600\" \/>\n\t<meta property=\"og:image:height\" content=\"450\" \/>\n\t<meta property=\"og:image:type\" content=\"image\/jpeg\" \/>\n<meta name=\"author\" content=\"Aliados17\" \/>\n<meta name=\"twitter:card\" content=\"summary_large_image\" \/>\n<meta name=\"twitter:creator\" content=\"@AliadosPuebla\" \/>\n<meta name=\"twitter:label1\" content=\"Escrito por\" \/>\n\t<meta name=\"twitter:data1\" content=\"Aliados17\" \/>\n\t<meta name=\"twitter:label2\" content=\"Tiempo de lectura\" \/>\n\t<meta name=\"twitter:data2\" content=\"1 minuto\" \/>\n<script type=\"application\/ld+json\" class=\"yoast-schema-graph\">{\"@context\":\"https:\\\/\\\/schema.org\",\"@graph\":[{\"@type\":\"Article\",\"@id\":\"https:\\\/\\\/www.aliadospuebla.com\\\/?p=76899#article\",\"isPartOf\":{\"@id\":\"https:\\\/\\\/www.aliadospuebla.com\\\/?p=76899\"},\"author\":{\"name\":\"Aliados17\",\"@id\":\"https:\\\/\\\/www.aliadospuebla.com\\\/#\\\/schema\\\/person\\\/5da7dd09320bd4f392b710017ed5f8ad\"},\"headline\":\"En el z\u00f3calo de Tepeaca se presentar\u00e1 el cl\u00e1sico de todos los tiempos El Cascanueces\",\"datePublished\":\"2022-12-15T15:38:00+00:00\",\"mainEntityOfPage\":{\"@id\":\"https:\\\/\\\/www.aliadospuebla.com\\\/?p=76899\"},\"wordCount\":241,\"commentCount\":0,\"image\":{\"@id\":\"https:\\\/\\\/www.aliadospuebla.com\\\/?p=76899#primaryimage\"},\"thumbnailUrl\":\"https:\\\/\\\/www.aliadospuebla.com\\\/web2017\\\/wp-content\\\/uploads\\\/2022\\\/12\\\/070.jpg\",\"keywords\":[\"cuento atemporal\",\"El cascanueces\",\"NAVIDAD\",\"SMDIF\",\"TEPEACA\",\"Villa Navidad\"],\"articleSection\":[\"Municipios\"],\"inLanguage\":\"es\",\"potentialAction\":[{\"@type\":\"CommentAction\",\"name\":\"Comment\",\"target\":[\"https:\\\/\\\/www.aliadospuebla.com\\\/?p=76899#respond\"]}]},{\"@type\":\"WebPage\",\"@id\":\"https:\\\/\\\/www.aliadospuebla.com\\\/?p=76899\",\"url\":\"https:\\\/\\\/www.aliadospuebla.com\\\/?p=76899\",\"name\":\"En el z\u00f3calo de Tepeaca se presentar\u00e1 el cl\u00e1sico de todos los tiempos El Cascanueces - AliadosPuebla\",\"isPartOf\":{\"@id\":\"https:\\\/\\\/www.aliadospuebla.com\\\/#website\"},\"primaryImageOfPage\":{\"@id\":\"https:\\\/\\\/www.aliadospuebla.com\\\/?p=76899#primaryimage\"},\"image\":{\"@id\":\"https:\\\/\\\/www.aliadospuebla.com\\\/?p=76899#primaryimage\"},\"thumbnailUrl\":\"https:\\\/\\\/www.aliadospuebla.com\\\/web2017\\\/wp-content\\\/uploads\\\/2022\\\/12\\\/070.jpg\",\"datePublished\":\"2022-12-15T15:38:00+00:00\",\"author\":{\"@id\":\"https:\\\/\\\/www.aliadospuebla.com\\\/#\\\/schema\\\/person\\\/5da7dd09320bd4f392b710017ed5f8ad\"},\"breadcrumb\":{\"@id\":\"https:\\\/\\\/www.aliadospuebla.com\\\/?p=76899#breadcrumb\"},\"inLanguage\":\"es\",\"potentialAction\":[{\"@type\":\"ReadAction\",\"target\":[\"https:\\\/\\\/www.aliadospuebla.com\\\/?p=76899\"]}]},{\"@type\":\"ImageObject\",\"inLanguage\":\"es\",\"@id\":\"https:\\\/\\\/www.aliadospuebla.com\\\/?p=76899#primaryimage\",\"url\":\"https:\\\/\\\/www.aliadospuebla.com\\\/web2017\\\/wp-content\\\/uploads\\\/2022\\\/12\\\/070.jpg\",\"contentUrl\":\"https:\\\/\\\/www.aliadospuebla.com\\\/web2017\\\/wp-content\\\/uploads\\\/2022\\\/12\\\/070.jpg\",\"width\":600,\"height\":450},{\"@type\":\"BreadcrumbList\",\"@id\":\"https:\\\/\\\/www.aliadospuebla.com\\\/?p=76899#breadcrumb\",\"itemListElement\":[{\"@type\":\"ListItem\",\"position\":1,\"name\":\"Portada\",\"item\":\"https:\\\/\\\/www.aliadospuebla.com\\\/\"},{\"@type\":\"ListItem\",\"position\":2,\"name\":\"En el z\u00f3calo de Tepeaca se presentar\u00e1 el cl\u00e1sico de todos los tiempos El Cascanueces\"}]},{\"@type\":\"WebSite\",\"@id\":\"https:\\\/\\\/www.aliadospuebla.com\\\/#website\",\"url\":\"https:\\\/\\\/www.aliadospuebla.com\\\/\",\"name\":\"AliadosPuebla\",\"description\":\"La informaci\u00f3n en tus manos\",\"potentialAction\":[{\"@type\":\"SearchAction\",\"target\":{\"@type\":\"EntryPoint\",\"urlTemplate\":\"https:\\\/\\\/www.aliadospuebla.com\\\/?s={search_term_string}\"},\"query-input\":{\"@type\":\"PropertyValueSpecification\",\"valueRequired\":true,\"valueName\":\"search_term_string\"}}],\"inLanguage\":\"es\"},{\"@type\":\"Person\",\"@id\":\"https:\\\/\\\/www.aliadospuebla.com\\\/#\\\/schema\\\/person\\\/5da7dd09320bd4f392b710017ed5f8ad\",\"name\":\"Aliados17\",\"image\":{\"@type\":\"ImageObject\",\"inLanguage\":\"es\",\"@id\":\"https:\\\/\\\/www.aliadospuebla.com\\\/web2017\\\/wp-content\\\/uploads\\\/2025\\\/03\\\/cropped-para-perfil-8-anos-1-96x96.jpg\",\"url\":\"https:\\\/\\\/www.aliadospuebla.com\\\/web2017\\\/wp-content\\\/uploads\\\/2025\\\/03\\\/cropped-para-perfil-8-anos-1-96x96.jpg\",\"contentUrl\":\"https:\\\/\\\/www.aliadospuebla.com\\\/web2017\\\/wp-content\\\/uploads\\\/2025\\\/03\\\/cropped-para-perfil-8-anos-1-96x96.jpg\",\"caption\":\"Aliados17\"},\"sameAs\":[\"https:\\\/\\\/www.aliados17.com\",\"https:\\\/\\\/www.facebook.com\\\/Aliados17Pue\",\"https:\\\/\\\/x.com\\\/AliadosPuebla\"],\"url\":\"https:\\\/\\\/www.aliadospuebla.com\\\/?author=2\"}]}<\/script>\n<!-- \/ Yoast SEO plugin. -->","yoast_head_json":{"title":"En el z\u00f3calo de Tepeaca se presentar\u00e1 el cl\u00e1sico de todos los tiempos El Cascanueces - AliadosPuebla","robots":{"index":"index","follow":"follow","max-snippet":"max-snippet:-1","max-image-preview":"max-image-preview:large","max-video-preview":"max-video-preview:-1"},"canonical":"https:\/\/www.aliadospuebla.com\/?p=76899","og_locale":"es_ES","og_type":"article","og_title":"En el z\u00f3calo de Tepeaca se presentar\u00e1 el cl\u00e1sico de todos los tiempos El Cascanueces - AliadosPuebla","og_description":"Este viernes 16 de diciembre, por temporada navide\u00f1a, se presentar\u00e1 el cl\u00e1sico de todos los tiempos El Cascanueces XXV a\u00f1os, Villa Navidad M\u00e1gica Expreso Polar en esta ocasi\u00f3n la gala tendr\u00e1 como sede el Z\u00f3calo de Tepeaca, la entrada es gratuita y la cita es a las 7:00 de la noche. La Compa\u00f1\u00eda de Danza Antoinette, est\u00e1 presentando este maravilloso cuento de Navidad, un regalo que la Compa\u00f1\u00eda en coordinaci\u00f3n con el Sistema Municipal DIF de Tepeaca, el Gobierno del Estado de Puebla, ofrece a las familias tepeaquenses. La gente que asista disfrutar\u00e1 de m\u00e1s de 100 artistas en escena, bellos vestuarios, m\u00fasica y emotivas escenograf\u00edas, una oportunidad de disfrutar este cuento en compa\u00f1\u00eda de la familia y los seres queridos por el bello mensaje&hellip;Leer m\u00e1s...","og_url":"https:\/\/www.aliadospuebla.com\/?p=76899","og_site_name":"AliadosPuebla","article_author":"https:\/\/www.facebook.com\/Aliados17Pue","article_published_time":"2022-12-15T15:38:00+00:00","og_image":[{"width":600,"height":450,"url":"https:\/\/www.aliadospuebla.com\/web2017\/wp-content\/uploads\/2022\/12\/070.jpg","type":"image\/jpeg"}],"author":"Aliados17","twitter_card":"summary_large_image","twitter_creator":"@AliadosPuebla","twitter_misc":{"Escrito por":"Aliados17","Tiempo de lectura":"1 minuto"},"schema":{"@context":"https:\/\/schema.org","@graph":[{"@type":"Article","@id":"https:\/\/www.aliadospuebla.com\/?p=76899#article","isPartOf":{"@id":"https:\/\/www.aliadospuebla.com\/?p=76899"},"author":{"name":"Aliados17","@id":"https:\/\/www.aliadospuebla.com\/#\/schema\/person\/5da7dd09320bd4f392b710017ed5f8ad"},"headline":"En el z\u00f3calo de Tepeaca se presentar\u00e1 el cl\u00e1sico de todos los tiempos El Cascanueces","datePublished":"2022-12-15T15:38:00+00:00","mainEntityOfPage":{"@id":"https:\/\/www.aliadospuebla.com\/?p=76899"},"wordCount":241,"commentCount":0,"image":{"@id":"https:\/\/www.aliadospuebla.com\/?p=76899#primaryimage"},"thumbnailUrl":"https:\/\/www.aliadospuebla.com\/web2017\/wp-content\/uploads\/2022\/12\/070.jpg","keywords":["cuento atemporal","El cascanueces","NAVIDAD","SMDIF","TEPEACA","Villa Navidad"],"articleSection":["Municipios"],"inLanguage":"es","potentialAction":[{"@type":"CommentAction","name":"Comment","target":["https:\/\/www.aliadospuebla.com\/?p=76899#respond"]}]},{"@type":"WebPage","@id":"https:\/\/www.aliadospuebla.com\/?p=76899","url":"https:\/\/www.aliadospuebla.com\/?p=76899","name":"En el z\u00f3calo de Tepeaca se presentar\u00e1 el cl\u00e1sico de todos los tiempos El Cascanueces - AliadosPuebla","isPartOf":{"@id":"https:\/\/www.aliadospuebla.com\/#website"},"primaryImageOfPage":{"@id":"https:\/\/www.aliadospuebla.com\/?p=76899#primaryimage"},"image":{"@id":"https:\/\/www.aliadospuebla.com\/?p=76899#primaryimage"},"thumbnailUrl":"https:\/\/www.aliadospuebla.com\/web2017\/wp-content\/uploads\/2022\/12\/070.jpg","datePublished":"2022-12-15T15:38:00+00:00","author":{"@id":"https:\/\/www.aliadospuebla.com\/#\/schema\/person\/5da7dd09320bd4f392b710017ed5f8ad"},"breadcrumb":{"@id":"https:\/\/www.aliadospuebla.com\/?p=76899#breadcrumb"},"inLanguage":"es","potentialAction":[{"@type":"ReadAction","target":["https:\/\/www.aliadospuebla.com\/?p=76899"]}]},{"@type":"ImageObject","inLanguage":"es","@id":"https:\/\/www.aliadospuebla.com\/?p=76899#primaryimage","url":"https:\/\/www.aliadospuebla.com\/web2017\/wp-content\/uploads\/2022\/12\/070.jpg","contentUrl":"https:\/\/www.aliadospuebla.com\/web2017\/wp-content\/uploads\/2022\/12\/070.jpg","width":600,"height":450},{"@type":"BreadcrumbList","@id":"https:\/\/www.aliadospuebla.com\/?p=76899#breadcrumb","itemListElement":[{"@type":"ListItem","position":1,"name":"Portada","item":"https:\/\/www.aliadospuebla.com\/"},{"@type":"ListItem","position":2,"name":"En el z\u00f3calo de Tepeaca se presentar\u00e1 el cl\u00e1sico de todos los tiempos El Cascanueces"}]},{"@type":"WebSite","@id":"https:\/\/www.aliadospuebla.com\/#website","url":"https:\/\/www.aliadospuebla.com\/","name":"AliadosPuebla","description":"La informaci\u00f3n en tus manos","potentialAction":[{"@type":"SearchAction","target":{"@type":"EntryPoint","urlTemplate":"https:\/\/www.aliadospuebla.com\/?s={search_term_string}"},"query-input":{"@type":"PropertyValueSpecification","valueRequired":true,"valueName":"search_term_string"}}],"inLanguage":"es"},{"@type":"Person","@id":"https:\/\/www.aliadospuebla.com\/#\/schema\/person\/5da7dd09320bd4f392b710017ed5f8ad","name":"Aliados17","image":{"@type":"ImageObject","inLanguage":"es","@id":"https:\/\/www.aliadospuebla.com\/web2017\/wp-content\/uploads\/2025\/03\/cropped-para-perfil-8-anos-1-96x96.jpg","url":"https:\/\/www.aliadospuebla.com\/web2017\/wp-content\/uploads\/2025\/03\/cropped-para-perfil-8-anos-1-96x96.jpg","contentUrl":"https:\/\/www.aliadospuebla.com\/web2017\/wp-content\/uploads\/2025\/03\/cropped-para-perfil-8-anos-1-96x96.jpg","caption":"Aliados17"},"sameAs":["https:\/\/www.aliados17.com","https:\/\/www.facebook.com\/Aliados17Pue","https:\/\/x.com\/AliadosPuebla"],"url":"https:\/\/www.aliadospuebla.com\/?author=2"}]}},"views":8,"_links":{"self":[{"href":"https:\/\/www.aliadospuebla.com\/index.php?rest_route=\/wp\/v2\/posts\/76899","targetHints":{"allow":["GET"]}}],"collection":[{"href":"https:\/\/www.aliadospuebla.com\/index.php?rest_route=\/wp\/v2\/posts"}],"about":[{"href":"https:\/\/www.aliadospuebla.com\/index.php?rest_route=\/wp\/v2\/types\/post"}],"author":[{"embeddable":true,"href":"https:\/\/www.aliadospuebla.com\/index.php?rest_route=\/wp\/v2\/users\/2"}],"replies":[{"embeddable":true,"href":"https:\/\/www.aliadospuebla.com\/index.php?rest_route=%2Fwp%2Fv2%2Fcomments&post=76899"}],"version-history":[{"count":1,"href":"https:\/\/www.aliadospuebla.com\/index.php?rest_route=\/wp\/v2\/posts\/76899\/revisions"}],"predecessor-version":[{"id":76901,"href":"https:\/\/www.aliadospuebla.com\/index.php?rest_route=\/wp\/v2\/posts\/76899\/revisions\/76901"}],"wp:featuredmedia":[{"embeddable":true,"href":"https:\/\/www.aliadospuebla.com\/index.php?rest_route=\/wp\/v2\/media\/76900"}],"wp:attachment":[{"href":"https:\/\/www.aliadospuebla.com\/index.php?rest_route=%2Fwp%2Fv2%2Fmedia&parent=76899"}],"wp:term":[{"taxonomy":"category","embeddable":true,"href":"https:\/\/www.aliadospuebla.com\/index.php?rest_route=%2Fwp%2Fv2%2Fcategories&post=76899"},{"taxonomy":"post_tag","embeddable":true,"href":"https:\/\/www.aliadospuebla.com\/index.php?rest_route=%2Fwp%2Fv2%2Ftags&post=76899"}],"curies":[{"name":"wp","href":"https:\/\/api.w.org\/{rel}","templated":true}]}}