{"id":76748,"date":"2022-12-05T22:20:54","date_gmt":"2022-12-06T04:20:54","guid":{"rendered":"https:\/\/www.aliados17.com\/?p=76748"},"modified":"2022-12-05T22:20:54","modified_gmt":"2022-12-06T04:20:54","slug":"ante-amparo-de-empresas-por-retirar-sellos-de-contenido-de-sus-productos-armenta-defendera-al-pueblo","status":"publish","type":"post","link":"https:\/\/www.aliadospuebla.com\/?p=76748","title":{"rendered":"Ante amparo de empresas por retirar sellos de contenido de sus productos, Armenta defender\u00e1 al pueblo"},"content":{"rendered":"<h4>El senador poblano reiter\u00f3 que las etiquetas deben permanecer pues alertan sobre riesgos en la salud de las y los mexicanos.<\/h4>\n<p>Sierra Nororiental, Puebla. Desde Huehuetla, el senador de Morena por Puebla,<\/p>\n<p><strong>Alejandro Armenta<\/strong> hizo un llamado a la <strong>Suprema Corte de Justicia de la Naci\u00f3n<\/strong><\/p>\n<p>a ponderar los intereses de las y los mexicanos por encima de los intereses<\/p>\n<p>de las grandes empresas que se ampararon para retirar las etiquetas de contenido<\/p>\n<p>en los productos procesados que manejan.<\/p>\n<p>\u00abLas empresas industriales de alimentos quieren quitar los sellos de advertencia<\/p>\n<p>porque s\u00f3lo les interesa vender sus productos, dejando a un lado la salud de nuestro pueblo;<\/p>\n<p>nosotros en el Senado privilegiamos a las y los mexicanos porque fui electo por el pueblo\u00bb<\/p>\n<p>puntualiz\u00f3 <strong>Alejandro Armenta.<\/strong><\/p>\n<p>A invitaci\u00f3n de los habitantes de la Sierra Norte, el presidente del Senado realiz\u00f3 jornada informativa sobre los riesgos que tiene el consumo excesivo de productos procesados, reiterando que \u00abla salud es un derecho humano que garantiza la vida y, la alimentaci\u00f3n informada significa que las grandes empresas industriales se comprometan a compartir con el consumidor lo que contienen sus productos\u00bb enfatiz\u00f3 el legislador poblano.<\/p>\n<p>En esta presentaci\u00f3n de su libro \u00abLa Pandemia de los Edulcorantes en M\u00e9xico\u00bb, el senador Armenta inform\u00f3 que desde la C\u00e1mara Alta se impuls\u00f3 la obligatoriedad de las etiquetas en los productos como advertencia de lo que contienen \u00aby que las personas tomen conciencia de que el alto consumo desencadena en enfermedades mortales como las cardiovasculares y la diabetes\u00bb.<\/p>\n<h4>\nEl legislador poblano refrend\u00f3 que se aprueban leyes para procurar la vida saludables y los derechos humanos como un compromiso permanente.<\/h4>\n<p>El senador poblano comparti\u00f3 que al igual que los habitantes de Huehuetla es una persona educada con los valores de la gratitud y del respeto \u00abdespu\u00e9s de ser presidente municipal de Acatzingo inici\u00e9 con recorridos en el estado, empezando por Huehuetla que es muestra de la pluriculturalidad, del reconocimiento a las etnias y polo educativo regional a a trav\u00e9s de la Universidad Intercultural\u00bb.<\/p>\n","protected":false},"excerpt":{"rendered":"<p>El senador poblano reiter\u00f3 que las etiquetas deben permanecer pues alertan sobre riesgos en la salud de las y los mexicanos. Sierra Nororiental, Puebla. Desde Huehuetla, el senador de Morena por Puebla, Alejandro Armenta hizo un llamado a la Suprema Corte de Justicia de la Naci\u00f3n a ponderar los intereses de las y los mexicanos por encima de los intereses de las grandes empresas que se ampararon para retirar las etiquetas de contenido en los productos procesados que manejan. \u00abLas empresas industriales de alimentos quieren quitar los sellos de advertencia porque s\u00f3lo les interesa vender sus productos, dejando a un lado la salud de nuestro pueblo; nosotros en el Senado privilegiamos a las y los mexicanos porque fui electo por el pueblo\u00bb puntualiz\u00f3 Alejandro Armenta.&hellip;<\/p>\n<p class=\"excerpt-more\"><a class=\"blog-excerpt button\" href=\"https:\/\/www.aliadospuebla.com\/?p=76748\">Leer m\u00e1s&#8230;<\/a><\/p>\n","protected":false},"author":2,"featured_media":76749,"comment_status":"open","ping_status":"open","sticky":false,"template":"","format":"standard","meta":{"_monsterinsights_skip_tracking":false,"footnotes":""},"categories":[6],"tags":[4780,19907,20310,365,20583],"class_list":["post-76748","post","type-post","status-publish","format-standard","has-post-thumbnail","hentry","category-politica","tag-alejandro-armenta","tag-edulcorantes","tag-productos-procesados","tag-salud","tag-sellos"],"yoast_head":"<!-- This site is optimized with the Yoast SEO plugin v28.4 - https:\/\/yoast.com\/product\/yoast-seo-wordpress\/ -->\n<title>Ante amparo de empresas por retirar sellos de contenido de sus productos, Armenta defender\u00e1 al pueblo - AliadosPuebla<\/title>\n<meta name=\"robots\" content=\"index, follow, max-snippet:-1, max-image-preview:large, max-video-preview:-1\" \/>\n<link rel=\"canonical\" href=\"https:\/\/www.aliadospuebla.com\/?p=76748\" \/>\n<meta property=\"og:locale\" content=\"es_ES\" \/>\n<meta property=\"og:type\" content=\"article\" \/>\n<meta property=\"og:title\" content=\"Ante amparo de empresas por retirar sellos de contenido de sus productos, Armenta defender\u00e1 al pueblo - AliadosPuebla\" \/>\n<meta property=\"og:description\" content=\"El senador poblano reiter\u00f3 que las etiquetas deben permanecer pues alertan sobre riesgos en la salud de las y los mexicanos. Sierra Nororiental, Puebla. Desde Huehuetla, el senador de Morena por Puebla, Alejandro Armenta hizo un llamado a la Suprema Corte de Justicia de la Naci\u00f3n a ponderar los intereses de las y los mexicanos por encima de los intereses de las grandes empresas que se ampararon para retirar las etiquetas de contenido en los productos procesados que manejan. \u00abLas empresas industriales de alimentos quieren quitar los sellos de advertencia porque s\u00f3lo les interesa vender sus productos, dejando a un lado la salud de nuestro pueblo; nosotros en el Senado privilegiamos a las y los mexicanos porque fui electo por el pueblo\u00bb puntualiz\u00f3 Alejandro Armenta.&hellip;Leer m\u00e1s...\" \/>\n<meta property=\"og:url\" content=\"https:\/\/www.aliadospuebla.com\/?p=76748\" \/>\n<meta property=\"og:site_name\" content=\"AliadosPuebla\" \/>\n<meta property=\"article:author\" content=\"https:\/\/www.facebook.com\/Aliados17Pue\" \/>\n<meta property=\"article:published_time\" content=\"2022-12-06T04:20:54+00:00\" \/>\n<meta property=\"og:image\" content=\"https:\/\/www.aliadospuebla.com\/web2017\/wp-content\/uploads\/2022\/12\/022.jpg\" \/>\n\t<meta property=\"og:image:width\" content=\"600\" \/>\n\t<meta property=\"og:image:height\" content=\"450\" \/>\n\t<meta property=\"og:image:type\" content=\"image\/jpeg\" \/>\n<meta name=\"author\" content=\"Aliados17\" \/>\n<meta name=\"twitter:card\" content=\"summary_large_image\" \/>\n<meta name=\"twitter:creator\" content=\"@AliadosPuebla\" \/>\n<meta name=\"twitter:label1\" content=\"Escrito por\" \/>\n\t<meta name=\"twitter:data1\" content=\"Aliados17\" \/>\n\t<meta name=\"twitter:label2\" content=\"Tiempo de lectura\" \/>\n\t<meta name=\"twitter:data2\" content=\"2 minutos\" \/>\n<script type=\"application\/ld+json\" class=\"yoast-schema-graph\">{\"@context\":\"https:\\\/\\\/schema.org\",\"@graph\":[{\"@type\":\"Article\",\"@id\":\"https:\\\/\\\/www.aliadospuebla.com\\\/?p=76748#article\",\"isPartOf\":{\"@id\":\"https:\\\/\\\/www.aliadospuebla.com\\\/?p=76748\"},\"author\":{\"name\":\"Aliados17\",\"@id\":\"https:\\\/\\\/www.aliadospuebla.com\\\/#\\\/schema\\\/person\\\/5da7dd09320bd4f392b710017ed5f8ad\"},\"headline\":\"Ante amparo de empresas por retirar sellos de contenido de sus productos, Armenta defender\u00e1 al pueblo\",\"datePublished\":\"2022-12-06T04:20:54+00:00\",\"mainEntityOfPage\":{\"@id\":\"https:\\\/\\\/www.aliadospuebla.com\\\/?p=76748\"},\"wordCount\":358,\"commentCount\":0,\"image\":{\"@id\":\"https:\\\/\\\/www.aliadospuebla.com\\\/?p=76748#primaryimage\"},\"thumbnailUrl\":\"https:\\\/\\\/www.aliadospuebla.com\\\/web2017\\\/wp-content\\\/uploads\\\/2022\\\/12\\\/022.jpg\",\"keywords\":[\"ALEJANDRO ARMENTA\",\"edulcorantes\",\"productos procesados\",\"SALUD\",\"sellos\"],\"articleSection\":[\"Pol\u00edtica\"],\"inLanguage\":\"es\",\"potentialAction\":[{\"@type\":\"CommentAction\",\"name\":\"Comment\",\"target\":[\"https:\\\/\\\/www.aliadospuebla.com\\\/?p=76748#respond\"]}]},{\"@type\":\"WebPage\",\"@id\":\"https:\\\/\\\/www.aliadospuebla.com\\\/?p=76748\",\"url\":\"https:\\\/\\\/www.aliadospuebla.com\\\/?p=76748\",\"name\":\"Ante amparo de empresas por retirar sellos de contenido de sus productos, Armenta defender\u00e1 al pueblo - AliadosPuebla\",\"isPartOf\":{\"@id\":\"https:\\\/\\\/www.aliadospuebla.com\\\/#website\"},\"primaryImageOfPage\":{\"@id\":\"https:\\\/\\\/www.aliadospuebla.com\\\/?p=76748#primaryimage\"},\"image\":{\"@id\":\"https:\\\/\\\/www.aliadospuebla.com\\\/?p=76748#primaryimage\"},\"thumbnailUrl\":\"https:\\\/\\\/www.aliadospuebla.com\\\/web2017\\\/wp-content\\\/uploads\\\/2022\\\/12\\\/022.jpg\",\"datePublished\":\"2022-12-06T04:20:54+00:00\",\"author\":{\"@id\":\"https:\\\/\\\/www.aliadospuebla.com\\\/#\\\/schema\\\/person\\\/5da7dd09320bd4f392b710017ed5f8ad\"},\"breadcrumb\":{\"@id\":\"https:\\\/\\\/www.aliadospuebla.com\\\/?p=76748#breadcrumb\"},\"inLanguage\":\"es\",\"potentialAction\":[{\"@type\":\"ReadAction\",\"target\":[\"https:\\\/\\\/www.aliadospuebla.com\\\/?p=76748\"]}]},{\"@type\":\"ImageObject\",\"inLanguage\":\"es\",\"@id\":\"https:\\\/\\\/www.aliadospuebla.com\\\/?p=76748#primaryimage\",\"url\":\"https:\\\/\\\/www.aliadospuebla.com\\\/web2017\\\/wp-content\\\/uploads\\\/2022\\\/12\\\/022.jpg\",\"contentUrl\":\"https:\\\/\\\/www.aliadospuebla.com\\\/web2017\\\/wp-content\\\/uploads\\\/2022\\\/12\\\/022.jpg\",\"width\":600,\"height\":450},{\"@type\":\"BreadcrumbList\",\"@id\":\"https:\\\/\\\/www.aliadospuebla.com\\\/?p=76748#breadcrumb\",\"itemListElement\":[{\"@type\":\"ListItem\",\"position\":1,\"name\":\"Portada\",\"item\":\"https:\\\/\\\/www.aliadospuebla.com\\\/\"},{\"@type\":\"ListItem\",\"position\":2,\"name\":\"Ante amparo de empresas por retirar sellos de contenido de sus productos, Armenta defender\u00e1 al pueblo\"}]},{\"@type\":\"WebSite\",\"@id\":\"https:\\\/\\\/www.aliadospuebla.com\\\/#website\",\"url\":\"https:\\\/\\\/www.aliadospuebla.com\\\/\",\"name\":\"AliadosPuebla\",\"description\":\"La informaci\u00f3n en tus manos\",\"potentialAction\":[{\"@type\":\"SearchAction\",\"target\":{\"@type\":\"EntryPoint\",\"urlTemplate\":\"https:\\\/\\\/www.aliadospuebla.com\\\/?s={search_term_string}\"},\"query-input\":{\"@type\":\"PropertyValueSpecification\",\"valueRequired\":true,\"valueName\":\"search_term_string\"}}],\"inLanguage\":\"es\"},{\"@type\":\"Person\",\"@id\":\"https:\\\/\\\/www.aliadospuebla.com\\\/#\\\/schema\\\/person\\\/5da7dd09320bd4f392b710017ed5f8ad\",\"name\":\"Aliados17\",\"image\":{\"@type\":\"ImageObject\",\"inLanguage\":\"es\",\"@id\":\"https:\\\/\\\/www.aliadospuebla.com\\\/web2017\\\/wp-content\\\/uploads\\\/2025\\\/03\\\/cropped-para-perfil-8-anos-1-96x96.jpg\",\"url\":\"https:\\\/\\\/www.aliadospuebla.com\\\/web2017\\\/wp-content\\\/uploads\\\/2025\\\/03\\\/cropped-para-perfil-8-anos-1-96x96.jpg\",\"contentUrl\":\"https:\\\/\\\/www.aliadospuebla.com\\\/web2017\\\/wp-content\\\/uploads\\\/2025\\\/03\\\/cropped-para-perfil-8-anos-1-96x96.jpg\",\"caption\":\"Aliados17\"},\"sameAs\":[\"https:\\\/\\\/www.aliados17.com\",\"https:\\\/\\\/www.facebook.com\\\/Aliados17Pue\",\"https:\\\/\\\/x.com\\\/AliadosPuebla\"],\"url\":\"https:\\\/\\\/www.aliadospuebla.com\\\/?author=2\"}]}<\/script>\n<!-- \/ Yoast SEO plugin. -->","yoast_head_json":{"title":"Ante amparo de empresas por retirar sellos de contenido de sus productos, Armenta defender\u00e1 al pueblo - AliadosPuebla","robots":{"index":"index","follow":"follow","max-snippet":"max-snippet:-1","max-image-preview":"max-image-preview:large","max-video-preview":"max-video-preview:-1"},"canonical":"https:\/\/www.aliadospuebla.com\/?p=76748","og_locale":"es_ES","og_type":"article","og_title":"Ante amparo de empresas por retirar sellos de contenido de sus productos, Armenta defender\u00e1 al pueblo - AliadosPuebla","og_description":"El senador poblano reiter\u00f3 que las etiquetas deben permanecer pues alertan sobre riesgos en la salud de las y los mexicanos. Sierra Nororiental, Puebla. Desde Huehuetla, el senador de Morena por Puebla, Alejandro Armenta hizo un llamado a la Suprema Corte de Justicia de la Naci\u00f3n a ponderar los intereses de las y los mexicanos por encima de los intereses de las grandes empresas que se ampararon para retirar las etiquetas de contenido en los productos procesados que manejan. \u00abLas empresas industriales de alimentos quieren quitar los sellos de advertencia porque s\u00f3lo les interesa vender sus productos, dejando a un lado la salud de nuestro pueblo; nosotros en el Senado privilegiamos a las y los mexicanos porque fui electo por el pueblo\u00bb puntualiz\u00f3 Alejandro Armenta.&hellip;Leer m\u00e1s...","og_url":"https:\/\/www.aliadospuebla.com\/?p=76748","og_site_name":"AliadosPuebla","article_author":"https:\/\/www.facebook.com\/Aliados17Pue","article_published_time":"2022-12-06T04:20:54+00:00","og_image":[{"width":600,"height":450,"url":"https:\/\/www.aliadospuebla.com\/web2017\/wp-content\/uploads\/2022\/12\/022.jpg","type":"image\/jpeg"}],"author":"Aliados17","twitter_card":"summary_large_image","twitter_creator":"@AliadosPuebla","twitter_misc":{"Escrito por":"Aliados17","Tiempo de lectura":"2 minutos"},"schema":{"@context":"https:\/\/schema.org","@graph":[{"@type":"Article","@id":"https:\/\/www.aliadospuebla.com\/?p=76748#article","isPartOf":{"@id":"https:\/\/www.aliadospuebla.com\/?p=76748"},"author":{"name":"Aliados17","@id":"https:\/\/www.aliadospuebla.com\/#\/schema\/person\/5da7dd09320bd4f392b710017ed5f8ad"},"headline":"Ante amparo de empresas por retirar sellos de contenido de sus productos, Armenta defender\u00e1 al pueblo","datePublished":"2022-12-06T04:20:54+00:00","mainEntityOfPage":{"@id":"https:\/\/www.aliadospuebla.com\/?p=76748"},"wordCount":358,"commentCount":0,"image":{"@id":"https:\/\/www.aliadospuebla.com\/?p=76748#primaryimage"},"thumbnailUrl":"https:\/\/www.aliadospuebla.com\/web2017\/wp-content\/uploads\/2022\/12\/022.jpg","keywords":["ALEJANDRO ARMENTA","edulcorantes","productos procesados","SALUD","sellos"],"articleSection":["Pol\u00edtica"],"inLanguage":"es","potentialAction":[{"@type":"CommentAction","name":"Comment","target":["https:\/\/www.aliadospuebla.com\/?p=76748#respond"]}]},{"@type":"WebPage","@id":"https:\/\/www.aliadospuebla.com\/?p=76748","url":"https:\/\/www.aliadospuebla.com\/?p=76748","name":"Ante amparo de empresas por retirar sellos de contenido de sus productos, Armenta defender\u00e1 al pueblo - AliadosPuebla","isPartOf":{"@id":"https:\/\/www.aliadospuebla.com\/#website"},"primaryImageOfPage":{"@id":"https:\/\/www.aliadospuebla.com\/?p=76748#primaryimage"},"image":{"@id":"https:\/\/www.aliadospuebla.com\/?p=76748#primaryimage"},"thumbnailUrl":"https:\/\/www.aliadospuebla.com\/web2017\/wp-content\/uploads\/2022\/12\/022.jpg","datePublished":"2022-12-06T04:20:54+00:00","author":{"@id":"https:\/\/www.aliadospuebla.com\/#\/schema\/person\/5da7dd09320bd4f392b710017ed5f8ad"},"breadcrumb":{"@id":"https:\/\/www.aliadospuebla.com\/?p=76748#breadcrumb"},"inLanguage":"es","potentialAction":[{"@type":"ReadAction","target":["https:\/\/www.aliadospuebla.com\/?p=76748"]}]},{"@type":"ImageObject","inLanguage":"es","@id":"https:\/\/www.aliadospuebla.com\/?p=76748#primaryimage","url":"https:\/\/www.aliadospuebla.com\/web2017\/wp-content\/uploads\/2022\/12\/022.jpg","contentUrl":"https:\/\/www.aliadospuebla.com\/web2017\/wp-content\/uploads\/2022\/12\/022.jpg","width":600,"height":450},{"@type":"BreadcrumbList","@id":"https:\/\/www.aliadospuebla.com\/?p=76748#breadcrumb","itemListElement":[{"@type":"ListItem","position":1,"name":"Portada","item":"https:\/\/www.aliadospuebla.com\/"},{"@type":"ListItem","position":2,"name":"Ante amparo de empresas por retirar sellos de contenido de sus productos, Armenta defender\u00e1 al pueblo"}]},{"@type":"WebSite","@id":"https:\/\/www.aliadospuebla.com\/#website","url":"https:\/\/www.aliadospuebla.com\/","name":"AliadosPuebla","description":"La informaci\u00f3n en tus manos","potentialAction":[{"@type":"SearchAction","target":{"@type":"EntryPoint","urlTemplate":"https:\/\/www.aliadospuebla.com\/?s={search_term_string}"},"query-input":{"@type":"PropertyValueSpecification","valueRequired":true,"valueName":"search_term_string"}}],"inLanguage":"es"},{"@type":"Person","@id":"https:\/\/www.aliadospuebla.com\/#\/schema\/person\/5da7dd09320bd4f392b710017ed5f8ad","name":"Aliados17","image":{"@type":"ImageObject","inLanguage":"es","@id":"https:\/\/www.aliadospuebla.com\/web2017\/wp-content\/uploads\/2025\/03\/cropped-para-perfil-8-anos-1-96x96.jpg","url":"https:\/\/www.aliadospuebla.com\/web2017\/wp-content\/uploads\/2025\/03\/cropped-para-perfil-8-anos-1-96x96.jpg","contentUrl":"https:\/\/www.aliadospuebla.com\/web2017\/wp-content\/uploads\/2025\/03\/cropped-para-perfil-8-anos-1-96x96.jpg","caption":"Aliados17"},"sameAs":["https:\/\/www.aliados17.com","https:\/\/www.facebook.com\/Aliados17Pue","https:\/\/x.com\/AliadosPuebla"],"url":"https:\/\/www.aliadospuebla.com\/?author=2"}]}},"views":5,"_links":{"self":[{"href":"https:\/\/www.aliadospuebla.com\/index.php?rest_route=\/wp\/v2\/posts\/76748","targetHints":{"allow":["GET"]}}],"collection":[{"href":"https:\/\/www.aliadospuebla.com\/index.php?rest_route=\/wp\/v2\/posts"}],"about":[{"href":"https:\/\/www.aliadospuebla.com\/index.php?rest_route=\/wp\/v2\/types\/post"}],"author":[{"embeddable":true,"href":"https:\/\/www.aliadospuebla.com\/index.php?rest_route=\/wp\/v2\/users\/2"}],"replies":[{"embeddable":true,"href":"https:\/\/www.aliadospuebla.com\/index.php?rest_route=%2Fwp%2Fv2%2Fcomments&post=76748"}],"version-history":[{"count":1,"href":"https:\/\/www.aliadospuebla.com\/index.php?rest_route=\/wp\/v2\/posts\/76748\/revisions"}],"predecessor-version":[{"id":76750,"href":"https:\/\/www.aliadospuebla.com\/index.php?rest_route=\/wp\/v2\/posts\/76748\/revisions\/76750"}],"wp:featuredmedia":[{"embeddable":true,"href":"https:\/\/www.aliadospuebla.com\/index.php?rest_route=\/wp\/v2\/media\/76749"}],"wp:attachment":[{"href":"https:\/\/www.aliadospuebla.com\/index.php?rest_route=%2Fwp%2Fv2%2Fmedia&parent=76748"}],"wp:term":[{"taxonomy":"category","embeddable":true,"href":"https:\/\/www.aliadospuebla.com\/index.php?rest_route=%2Fwp%2Fv2%2Fcategories&post=76748"},{"taxonomy":"post_tag","embeddable":true,"href":"https:\/\/www.aliadospuebla.com\/index.php?rest_route=%2Fwp%2Fv2%2Ftags&post=76748"}],"curies":[{"name":"wp","href":"https:\/\/api.w.org\/{rel}","templated":true}]}}