{"id":76745,"date":"2022-12-05T22:00:43","date_gmt":"2022-12-06T04:00:43","guid":{"rendered":"https:\/\/www.aliados17.com\/?p=76745"},"modified":"2022-12-05T22:00:43","modified_gmt":"2022-12-06T04:00:43","slug":"smdif-inicia-semana-de-actividades-para-conmemorar-el-dia-internacional-de-la-discapacidad","status":"publish","type":"post","link":"https:\/\/www.aliadospuebla.com\/?p=76745","title":{"rendered":"SMDIF INICIA SEMANA DE ACTIVIDADES PARA CONMEMORAR EL D\u00cdA INTERNACIONAL DE LA DISCAPACIDAD"},"content":{"rendered":"<h4>El Centro Municipal de Equinoterapia y Rehabilitaci\u00f3n Integral de Puebla ha capacitado a 250 personas con discapacidad a trav\u00e9s de talleres de inclusi\u00f3n social y laboral.<\/h4>\n<p>Con el compromiso de fomentar el goce pleno de los derechos<\/p>\n<p>y brindar igualdad de oportunidades a personas con discapacidad,<\/p>\n<p>el Ayuntamiento de Puebla a trav\u00e9s del <strong>Sistema Municipal DIF (SMDIF)<\/strong><\/p>\n<p>que preside de forma honoraria <strong>Liliana Ortiz P\u00e9rez<\/strong>, entreg\u00f3 el reconocimiento<\/p>\n<p>\u201c<strong>Contigo y Con Rumbo por la Inclusi\u00f3n Social de las Personas Con Discapacidad<\/strong>\u201d<\/p>\n<p>a Empresas e Instituciones Socialmente Responsables que les ha empleado.<\/p>\n<p>Durante la presentaci\u00f3n de actividades en el marco del D\u00eda Internacional de las Personas<\/p>\n<p>con Discapacidad, Carolina Morales Garc\u00eda, Directora del SMDIF,<\/p>\n<p>recalc\u00f3 la importancia de hacer alianzas en favor de crear espacios<\/p>\n<p>para personas en esta situaci\u00f3n que les permitan desarrollarse dignamente;<\/p>\n<p>adicionalmente comparti\u00f3 que en el Centro Municipal de Equinoterapia<\/p>\n<p>y Rehabilitaci\u00f3n Integral (CMERI) del SMDIF, se ha beneficiado a mil 227 personas<\/p>\n<p>con discapacidad a trav\u00e9s de diversos servicios y 250 personas se han capacitado<\/p>\n<p>en los diferentes talleres para la inclusi\u00f3n laboral.<\/p>\n<h4>Por su parte, Mariano S\u00e1nchez Cuevas, Vicerrector Acad\u00e9mico de la Universidad Popular Aut\u00f3noma del Estado de Puebla (UPAEP), mencion\u00f3 que estas oportunidades ayudan a que todas y todos puedan vivir valores como el respeto a la dignidad de la persona, solidaridad, bien com\u00fan y justicia.<\/h4>\n<p>El distintivo que se entreg\u00f3 a 27 instituciones, se dividi\u00f3 en dos categor\u00edas: Promotor de la Inclusi\u00f3n Laboral a las empresas que en su equipo de trabajo cuenten con personal con discapacidad; y Promotor de la Inclusi\u00f3n Social: a aquellas empresas que promuevan el goce pleno de los derechos de las personas con discapacidad.<\/p>\n<p>Para las empresas e instituciones que quieran emplear a personas con discapacidad, o bien, para quienes tengan el inter\u00e9s de tomar alguno de los talleres de capacitaci\u00f3n y formar parte de la bolsa de trabajo del SMDIF, pueden comunicarse de lunes a viernes, de 8:00 a 15:30 horas al 22 21 29 41 72 extensi\u00f3n 109 o acudir a las instalaciones de CMERI, ubicado en Prolongaci\u00f3n de la 11 Sur S\/N Cuarta Secci\u00f3n de Bioparque de Agua Santa.<\/p>\n","protected":false},"excerpt":{"rendered":"<p>El Centro Municipal de Equinoterapia y Rehabilitaci\u00f3n Integral de Puebla ha capacitado a 250 personas con discapacidad a trav\u00e9s de talleres de inclusi\u00f3n social y laboral. Con el compromiso de fomentar el goce pleno de los derechos y brindar igualdad de oportunidades a personas con discapacidad, el Ayuntamiento de Puebla a trav\u00e9s del Sistema Municipal DIF (SMDIF) que preside de forma honoraria Liliana Ortiz P\u00e9rez, entreg\u00f3 el reconocimiento \u201cContigo y Con Rumbo por la Inclusi\u00f3n Social de las Personas Con Discapacidad\u201d a Empresas e Instituciones Socialmente Responsables que les ha empleado. Durante la presentaci\u00f3n de actividades en el marco del D\u00eda Internacional de las Personas con Discapacidad, Carolina Morales Garc\u00eda, Directora del SMDIF, recalc\u00f3 la importancia de hacer alianzas en favor de crear espacios para&hellip;<\/p>\n<p class=\"excerpt-more\"><a class=\"blog-excerpt button\" href=\"https:\/\/www.aliadospuebla.com\/?p=76745\">Leer m\u00e1s&#8230;<\/a><\/p>\n","protected":false},"author":2,"featured_media":76746,"comment_status":"open","ping_status":"open","sticky":false,"template":"","format":"standard","meta":{"_monsterinsights_skip_tracking":false,"footnotes":""},"categories":[62],"tags":[1929,8812,16682,3218,1797,2316],"class_list":["post-76745","post","type-post","status-publish","format-standard","has-post-thumbnail","hentry","category-capital","tag-equinoterapia","tag-inclusion-social","tag-liliana-ortiz-perez","tag-personas-con-discapacidad","tag-smdif","tag-talleres"],"yoast_head":"<!-- This site is optimized with the Yoast SEO plugin v28.4 - https:\/\/yoast.com\/product\/yoast-seo-wordpress\/ -->\n<title>SMDIF INICIA SEMANA DE ACTIVIDADES PARA CONMEMORAR EL D\u00cdA INTERNACIONAL DE LA DISCAPACIDAD - AliadosPuebla<\/title>\n<meta name=\"robots\" content=\"index, follow, max-snippet:-1, max-image-preview:large, max-video-preview:-1\" \/>\n<link rel=\"canonical\" href=\"https:\/\/www.aliadospuebla.com\/?p=76745\" \/>\n<meta property=\"og:locale\" content=\"es_ES\" \/>\n<meta property=\"og:type\" content=\"article\" \/>\n<meta property=\"og:title\" content=\"SMDIF INICIA SEMANA DE ACTIVIDADES PARA CONMEMORAR EL D\u00cdA INTERNACIONAL DE LA DISCAPACIDAD - AliadosPuebla\" \/>\n<meta property=\"og:description\" content=\"El Centro Municipal de Equinoterapia y Rehabilitaci\u00f3n Integral de Puebla ha capacitado a 250 personas con discapacidad a trav\u00e9s de talleres de inclusi\u00f3n social y laboral. Con el compromiso de fomentar el goce pleno de los derechos y brindar igualdad de oportunidades a personas con discapacidad, el Ayuntamiento de Puebla a trav\u00e9s del Sistema Municipal DIF (SMDIF) que preside de forma honoraria Liliana Ortiz P\u00e9rez, entreg\u00f3 el reconocimiento \u201cContigo y Con Rumbo por la Inclusi\u00f3n Social de las Personas Con Discapacidad\u201d a Empresas e Instituciones Socialmente Responsables que les ha empleado. Durante la presentaci\u00f3n de actividades en el marco del D\u00eda Internacional de las Personas con Discapacidad, Carolina Morales Garc\u00eda, Directora del SMDIF, recalc\u00f3 la importancia de hacer alianzas en favor de crear espacios para&hellip;Leer m\u00e1s...\" \/>\n<meta property=\"og:url\" content=\"https:\/\/www.aliadospuebla.com\/?p=76745\" \/>\n<meta property=\"og:site_name\" content=\"AliadosPuebla\" \/>\n<meta property=\"article:author\" content=\"https:\/\/www.facebook.com\/Aliados17Pue\" \/>\n<meta property=\"article:published_time\" content=\"2022-12-06T04:00:43+00:00\" \/>\n<meta property=\"og:image\" content=\"https:\/\/www.aliadospuebla.com\/web2017\/wp-content\/uploads\/2022\/12\/021.jpg\" \/>\n\t<meta property=\"og:image:width\" content=\"600\" \/>\n\t<meta property=\"og:image:height\" content=\"450\" \/>\n\t<meta property=\"og:image:type\" content=\"image\/jpeg\" \/>\n<meta name=\"author\" content=\"Aliados17\" \/>\n<meta name=\"twitter:card\" content=\"summary_large_image\" \/>\n<meta name=\"twitter:creator\" content=\"@AliadosPuebla\" \/>\n<meta name=\"twitter:label1\" content=\"Escrito por\" \/>\n\t<meta name=\"twitter:data1\" content=\"Aliados17\" \/>\n\t<meta name=\"twitter:label2\" content=\"Tiempo de lectura\" \/>\n\t<meta name=\"twitter:data2\" content=\"2 minutos\" \/>\n<script type=\"application\/ld+json\" class=\"yoast-schema-graph\">{\"@context\":\"https:\\\/\\\/schema.org\",\"@graph\":[{\"@type\":\"Article\",\"@id\":\"https:\\\/\\\/www.aliadospuebla.com\\\/?p=76745#article\",\"isPartOf\":{\"@id\":\"https:\\\/\\\/www.aliadospuebla.com\\\/?p=76745\"},\"author\":{\"name\":\"Aliados17\",\"@id\":\"https:\\\/\\\/www.aliadospuebla.com\\\/#\\\/schema\\\/person\\\/5da7dd09320bd4f392b710017ed5f8ad\"},\"headline\":\"SMDIF INICIA SEMANA DE ACTIVIDADES PARA CONMEMORAR EL D\u00cdA INTERNACIONAL DE LA DISCAPACIDAD\",\"datePublished\":\"2022-12-06T04:00:43+00:00\",\"mainEntityOfPage\":{\"@id\":\"https:\\\/\\\/www.aliadospuebla.com\\\/?p=76745\"},\"wordCount\":381,\"commentCount\":0,\"image\":{\"@id\":\"https:\\\/\\\/www.aliadospuebla.com\\\/?p=76745#primaryimage\"},\"thumbnailUrl\":\"https:\\\/\\\/www.aliadospuebla.com\\\/web2017\\\/wp-content\\\/uploads\\\/2022\\\/12\\\/021.jpg\",\"keywords\":[\"EQUINOTERAPIA\",\"inclusi\u00f3n social\",\"Liliana Ort\u00edz P\u00e9rez\",\"PERSONAS CON DISCAPACIDAD\",\"SMDIF\",\"TALLERES\"],\"articleSection\":[\"Capital\"],\"inLanguage\":\"es\",\"potentialAction\":[{\"@type\":\"CommentAction\",\"name\":\"Comment\",\"target\":[\"https:\\\/\\\/www.aliadospuebla.com\\\/?p=76745#respond\"]}]},{\"@type\":\"WebPage\",\"@id\":\"https:\\\/\\\/www.aliadospuebla.com\\\/?p=76745\",\"url\":\"https:\\\/\\\/www.aliadospuebla.com\\\/?p=76745\",\"name\":\"SMDIF INICIA SEMANA DE ACTIVIDADES PARA CONMEMORAR EL D\u00cdA INTERNACIONAL DE LA DISCAPACIDAD - AliadosPuebla\",\"isPartOf\":{\"@id\":\"https:\\\/\\\/www.aliadospuebla.com\\\/#website\"},\"primaryImageOfPage\":{\"@id\":\"https:\\\/\\\/www.aliadospuebla.com\\\/?p=76745#primaryimage\"},\"image\":{\"@id\":\"https:\\\/\\\/www.aliadospuebla.com\\\/?p=76745#primaryimage\"},\"thumbnailUrl\":\"https:\\\/\\\/www.aliadospuebla.com\\\/web2017\\\/wp-content\\\/uploads\\\/2022\\\/12\\\/021.jpg\",\"datePublished\":\"2022-12-06T04:00:43+00:00\",\"author\":{\"@id\":\"https:\\\/\\\/www.aliadospuebla.com\\\/#\\\/schema\\\/person\\\/5da7dd09320bd4f392b710017ed5f8ad\"},\"breadcrumb\":{\"@id\":\"https:\\\/\\\/www.aliadospuebla.com\\\/?p=76745#breadcrumb\"},\"inLanguage\":\"es\",\"potentialAction\":[{\"@type\":\"ReadAction\",\"target\":[\"https:\\\/\\\/www.aliadospuebla.com\\\/?p=76745\"]}]},{\"@type\":\"ImageObject\",\"inLanguage\":\"es\",\"@id\":\"https:\\\/\\\/www.aliadospuebla.com\\\/?p=76745#primaryimage\",\"url\":\"https:\\\/\\\/www.aliadospuebla.com\\\/web2017\\\/wp-content\\\/uploads\\\/2022\\\/12\\\/021.jpg\",\"contentUrl\":\"https:\\\/\\\/www.aliadospuebla.com\\\/web2017\\\/wp-content\\\/uploads\\\/2022\\\/12\\\/021.jpg\",\"width\":600,\"height\":450},{\"@type\":\"BreadcrumbList\",\"@id\":\"https:\\\/\\\/www.aliadospuebla.com\\\/?p=76745#breadcrumb\",\"itemListElement\":[{\"@type\":\"ListItem\",\"position\":1,\"name\":\"Portada\",\"item\":\"https:\\\/\\\/www.aliadospuebla.com\\\/\"},{\"@type\":\"ListItem\",\"position\":2,\"name\":\"SMDIF INICIA SEMANA DE ACTIVIDADES PARA CONMEMORAR EL D\u00cdA INTERNACIONAL DE LA DISCAPACIDAD\"}]},{\"@type\":\"WebSite\",\"@id\":\"https:\\\/\\\/www.aliadospuebla.com\\\/#website\",\"url\":\"https:\\\/\\\/www.aliadospuebla.com\\\/\",\"name\":\"AliadosPuebla\",\"description\":\"La informaci\u00f3n en tus manos\",\"potentialAction\":[{\"@type\":\"SearchAction\",\"target\":{\"@type\":\"EntryPoint\",\"urlTemplate\":\"https:\\\/\\\/www.aliadospuebla.com\\\/?s={search_term_string}\"},\"query-input\":{\"@type\":\"PropertyValueSpecification\",\"valueRequired\":true,\"valueName\":\"search_term_string\"}}],\"inLanguage\":\"es\"},{\"@type\":\"Person\",\"@id\":\"https:\\\/\\\/www.aliadospuebla.com\\\/#\\\/schema\\\/person\\\/5da7dd09320bd4f392b710017ed5f8ad\",\"name\":\"Aliados17\",\"image\":{\"@type\":\"ImageObject\",\"inLanguage\":\"es\",\"@id\":\"https:\\\/\\\/www.aliadospuebla.com\\\/web2017\\\/wp-content\\\/uploads\\\/2025\\\/03\\\/cropped-para-perfil-8-anos-1-96x96.jpg\",\"url\":\"https:\\\/\\\/www.aliadospuebla.com\\\/web2017\\\/wp-content\\\/uploads\\\/2025\\\/03\\\/cropped-para-perfil-8-anos-1-96x96.jpg\",\"contentUrl\":\"https:\\\/\\\/www.aliadospuebla.com\\\/web2017\\\/wp-content\\\/uploads\\\/2025\\\/03\\\/cropped-para-perfil-8-anos-1-96x96.jpg\",\"caption\":\"Aliados17\"},\"sameAs\":[\"https:\\\/\\\/www.aliados17.com\",\"https:\\\/\\\/www.facebook.com\\\/Aliados17Pue\",\"https:\\\/\\\/x.com\\\/AliadosPuebla\"],\"url\":\"https:\\\/\\\/www.aliadospuebla.com\\\/?author=2\"}]}<\/script>\n<!-- \/ Yoast SEO plugin. -->","yoast_head_json":{"title":"SMDIF INICIA SEMANA DE ACTIVIDADES PARA CONMEMORAR EL D\u00cdA INTERNACIONAL DE LA DISCAPACIDAD - AliadosPuebla","robots":{"index":"index","follow":"follow","max-snippet":"max-snippet:-1","max-image-preview":"max-image-preview:large","max-video-preview":"max-video-preview:-1"},"canonical":"https:\/\/www.aliadospuebla.com\/?p=76745","og_locale":"es_ES","og_type":"article","og_title":"SMDIF INICIA SEMANA DE ACTIVIDADES PARA CONMEMORAR EL D\u00cdA INTERNACIONAL DE LA DISCAPACIDAD - AliadosPuebla","og_description":"El Centro Municipal de Equinoterapia y Rehabilitaci\u00f3n Integral de Puebla ha capacitado a 250 personas con discapacidad a trav\u00e9s de talleres de inclusi\u00f3n social y laboral. Con el compromiso de fomentar el goce pleno de los derechos y brindar igualdad de oportunidades a personas con discapacidad, el Ayuntamiento de Puebla a trav\u00e9s del Sistema Municipal DIF (SMDIF) que preside de forma honoraria Liliana Ortiz P\u00e9rez, entreg\u00f3 el reconocimiento \u201cContigo y Con Rumbo por la Inclusi\u00f3n Social de las Personas Con Discapacidad\u201d a Empresas e Instituciones Socialmente Responsables que les ha empleado. Durante la presentaci\u00f3n de actividades en el marco del D\u00eda Internacional de las Personas con Discapacidad, Carolina Morales Garc\u00eda, Directora del SMDIF, recalc\u00f3 la importancia de hacer alianzas en favor de crear espacios para&hellip;Leer m\u00e1s...","og_url":"https:\/\/www.aliadospuebla.com\/?p=76745","og_site_name":"AliadosPuebla","article_author":"https:\/\/www.facebook.com\/Aliados17Pue","article_published_time":"2022-12-06T04:00:43+00:00","og_image":[{"width":600,"height":450,"url":"https:\/\/www.aliadospuebla.com\/web2017\/wp-content\/uploads\/2022\/12\/021.jpg","type":"image\/jpeg"}],"author":"Aliados17","twitter_card":"summary_large_image","twitter_creator":"@AliadosPuebla","twitter_misc":{"Escrito por":"Aliados17","Tiempo de lectura":"2 minutos"},"schema":{"@context":"https:\/\/schema.org","@graph":[{"@type":"Article","@id":"https:\/\/www.aliadospuebla.com\/?p=76745#article","isPartOf":{"@id":"https:\/\/www.aliadospuebla.com\/?p=76745"},"author":{"name":"Aliados17","@id":"https:\/\/www.aliadospuebla.com\/#\/schema\/person\/5da7dd09320bd4f392b710017ed5f8ad"},"headline":"SMDIF INICIA SEMANA DE ACTIVIDADES PARA CONMEMORAR EL D\u00cdA INTERNACIONAL DE LA DISCAPACIDAD","datePublished":"2022-12-06T04:00:43+00:00","mainEntityOfPage":{"@id":"https:\/\/www.aliadospuebla.com\/?p=76745"},"wordCount":381,"commentCount":0,"image":{"@id":"https:\/\/www.aliadospuebla.com\/?p=76745#primaryimage"},"thumbnailUrl":"https:\/\/www.aliadospuebla.com\/web2017\/wp-content\/uploads\/2022\/12\/021.jpg","keywords":["EQUINOTERAPIA","inclusi\u00f3n social","Liliana Ort\u00edz P\u00e9rez","PERSONAS CON DISCAPACIDAD","SMDIF","TALLERES"],"articleSection":["Capital"],"inLanguage":"es","potentialAction":[{"@type":"CommentAction","name":"Comment","target":["https:\/\/www.aliadospuebla.com\/?p=76745#respond"]}]},{"@type":"WebPage","@id":"https:\/\/www.aliadospuebla.com\/?p=76745","url":"https:\/\/www.aliadospuebla.com\/?p=76745","name":"SMDIF INICIA SEMANA DE ACTIVIDADES PARA CONMEMORAR EL D\u00cdA INTERNACIONAL DE LA DISCAPACIDAD - AliadosPuebla","isPartOf":{"@id":"https:\/\/www.aliadospuebla.com\/#website"},"primaryImageOfPage":{"@id":"https:\/\/www.aliadospuebla.com\/?p=76745#primaryimage"},"image":{"@id":"https:\/\/www.aliadospuebla.com\/?p=76745#primaryimage"},"thumbnailUrl":"https:\/\/www.aliadospuebla.com\/web2017\/wp-content\/uploads\/2022\/12\/021.jpg","datePublished":"2022-12-06T04:00:43+00:00","author":{"@id":"https:\/\/www.aliadospuebla.com\/#\/schema\/person\/5da7dd09320bd4f392b710017ed5f8ad"},"breadcrumb":{"@id":"https:\/\/www.aliadospuebla.com\/?p=76745#breadcrumb"},"inLanguage":"es","potentialAction":[{"@type":"ReadAction","target":["https:\/\/www.aliadospuebla.com\/?p=76745"]}]},{"@type":"ImageObject","inLanguage":"es","@id":"https:\/\/www.aliadospuebla.com\/?p=76745#primaryimage","url":"https:\/\/www.aliadospuebla.com\/web2017\/wp-content\/uploads\/2022\/12\/021.jpg","contentUrl":"https:\/\/www.aliadospuebla.com\/web2017\/wp-content\/uploads\/2022\/12\/021.jpg","width":600,"height":450},{"@type":"BreadcrumbList","@id":"https:\/\/www.aliadospuebla.com\/?p=76745#breadcrumb","itemListElement":[{"@type":"ListItem","position":1,"name":"Portada","item":"https:\/\/www.aliadospuebla.com\/"},{"@type":"ListItem","position":2,"name":"SMDIF INICIA SEMANA DE ACTIVIDADES PARA CONMEMORAR EL D\u00cdA INTERNACIONAL DE LA DISCAPACIDAD"}]},{"@type":"WebSite","@id":"https:\/\/www.aliadospuebla.com\/#website","url":"https:\/\/www.aliadospuebla.com\/","name":"AliadosPuebla","description":"La informaci\u00f3n en tus manos","potentialAction":[{"@type":"SearchAction","target":{"@type":"EntryPoint","urlTemplate":"https:\/\/www.aliadospuebla.com\/?s={search_term_string}"},"query-input":{"@type":"PropertyValueSpecification","valueRequired":true,"valueName":"search_term_string"}}],"inLanguage":"es"},{"@type":"Person","@id":"https:\/\/www.aliadospuebla.com\/#\/schema\/person\/5da7dd09320bd4f392b710017ed5f8ad","name":"Aliados17","image":{"@type":"ImageObject","inLanguage":"es","@id":"https:\/\/www.aliadospuebla.com\/web2017\/wp-content\/uploads\/2025\/03\/cropped-para-perfil-8-anos-1-96x96.jpg","url":"https:\/\/www.aliadospuebla.com\/web2017\/wp-content\/uploads\/2025\/03\/cropped-para-perfil-8-anos-1-96x96.jpg","contentUrl":"https:\/\/www.aliadospuebla.com\/web2017\/wp-content\/uploads\/2025\/03\/cropped-para-perfil-8-anos-1-96x96.jpg","caption":"Aliados17"},"sameAs":["https:\/\/www.aliados17.com","https:\/\/www.facebook.com\/Aliados17Pue","https:\/\/x.com\/AliadosPuebla"],"url":"https:\/\/www.aliadospuebla.com\/?author=2"}]}},"views":10,"_links":{"self":[{"href":"https:\/\/www.aliadospuebla.com\/index.php?rest_route=\/wp\/v2\/posts\/76745","targetHints":{"allow":["GET"]}}],"collection":[{"href":"https:\/\/www.aliadospuebla.com\/index.php?rest_route=\/wp\/v2\/posts"}],"about":[{"href":"https:\/\/www.aliadospuebla.com\/index.php?rest_route=\/wp\/v2\/types\/post"}],"author":[{"embeddable":true,"href":"https:\/\/www.aliadospuebla.com\/index.php?rest_route=\/wp\/v2\/users\/2"}],"replies":[{"embeddable":true,"href":"https:\/\/www.aliadospuebla.com\/index.php?rest_route=%2Fwp%2Fv2%2Fcomments&post=76745"}],"version-history":[{"count":1,"href":"https:\/\/www.aliadospuebla.com\/index.php?rest_route=\/wp\/v2\/posts\/76745\/revisions"}],"predecessor-version":[{"id":76747,"href":"https:\/\/www.aliadospuebla.com\/index.php?rest_route=\/wp\/v2\/posts\/76745\/revisions\/76747"}],"wp:featuredmedia":[{"embeddable":true,"href":"https:\/\/www.aliadospuebla.com\/index.php?rest_route=\/wp\/v2\/media\/76746"}],"wp:attachment":[{"href":"https:\/\/www.aliadospuebla.com\/index.php?rest_route=%2Fwp%2Fv2%2Fmedia&parent=76745"}],"wp:term":[{"taxonomy":"category","embeddable":true,"href":"https:\/\/www.aliadospuebla.com\/index.php?rest_route=%2Fwp%2Fv2%2Fcategories&post=76745"},{"taxonomy":"post_tag","embeddable":true,"href":"https:\/\/www.aliadospuebla.com\/index.php?rest_route=%2Fwp%2Fv2%2Ftags&post=76745"}],"curies":[{"name":"wp","href":"https:\/\/api.w.org\/{rel}","templated":true}]}}