{"id":76727,"date":"2022-12-03T15:31:57","date_gmt":"2022-12-03T21:31:57","guid":{"rendered":"https:\/\/www.aliados17.com\/?p=76727"},"modified":"2022-12-03T15:31:57","modified_gmt":"2022-12-03T21:31:57","slug":"sisg-y-smdif-puebla-premian-el-talento-de-mujeres-emprendedoras-para-fortalecer-su-negocio","status":"publish","type":"post","link":"https:\/\/www.aliadospuebla.com\/?p=76727","title":{"rendered":"SISG Y SMDIF PUEBLA PREMIAN EL TALENTO DE MUJERES EMPRENDEDORAS PARA FORTALECER SU NEGOCIO"},"content":{"rendered":"<h4>Las 40 egresadas de los talleres de capacitaci\u00f3n del programa Contigo Mujer, formaron parte de la primera Feria de Autoempleo exponiendo los productos que realizan para mejorar su econom\u00eda.<\/h4>\n<p>Como parte del compromiso realizado por el Gobierno Municipal de <strong>impulsar el empoderamiento<\/strong><\/p>\n<p>y la <strong>autonom\u00eda econ\u00f3mica de las poblanas<\/strong> a trav\u00e9s de la capacitaci\u00f3n<\/p>\n<p>para descubrir y potenciar sus habilidades y talentos con la <strong>finalidad de emprender<\/strong><\/p>\n<p>o bien realizar mejoras en caso de contar con un modelo de negocio,<\/p>\n<p>se llev\u00f3 a cabo la primera <strong>Feria de Autoempleo \u00abContigo Mujer\u00bb,<\/strong><\/p>\n<p>en la que 40 egresadas de los talleres impartidos por la Secretar\u00eda para la Igualdad Sustantiva<\/p>\n<p>de G\u00e9nero (SISG) y el Refugio Municipal participaron exponiendo sus productos al p\u00fablico en general.<\/p>\n<p>En dicho evento tambi\u00e9n se realiz\u00f3 la Primera entrega de Premios <strong>\u00abContigo Mujer\u00bb, <\/strong><\/p>\n<p>en la que cinco mujeres emprendedoras resultaron ganadoras de 20 mil pesos<\/p>\n<p>a fondo perdido para que puedan invertirlo para mejorar o impulsar sus emprendimientos.<\/p>\n<p><strong>Liliana Ortiz P\u00e9rez,<\/strong> Presidenta del Sistema Municipal DIF (SMDIF),<\/p>\n<p>reconoci\u00f3 a cada una de las participantes no solo por decidir continuar prepar\u00e1ndose,<\/p>\n<p>sino tambi\u00e9n por vencer el miedo al fracaso y creer en su talento para poner en marcha sus metas y sue\u00f1os.<\/p>\n<p>De la misma forma comparti\u00f3 que gracias al Programa \u00abContigo Mujer Contra la Violencia\u00bb se ha logrado acompa\u00f1ar y capacitar a mujeres que han sido v\u00edctimas de violencia, con la finalidad de salir adelante f\u00edsica, emocional y jur\u00eddicamente.<\/p>\n<p>Por su parte, Karina Romero Alcal\u00e1, Titular del SISG, agradeci\u00f3 la confianza que las poblanas han depositado en el Ayuntamiento para acompa\u00f1arlas durante el proceso de preparaci\u00f3n y las invit\u00f3 a permanecer juntas para hacer equipo, pero sobre todo las alent\u00f3 a seguir creyendo en ellas mismas, en sus capacidades y en su potencial.<\/p>\n<p>Al evento tambi\u00e9n acudieron la Regidora Christian Lucero Guzm\u00e1n, el Regidor Manuel Herrera Rojas; Carolina Morales Garc\u00eda, Directora del SMDIF; Beatriz Camacho Ruiz, Presidenta de Comisi\u00f3n de Equidad en COPARMEX y Svetlana Alma Rosa Rivera, Directora de Apoyo a Organismos Colegiados CONAPRED.<\/p>\n","protected":false},"excerpt":{"rendered":"<p>Las 40 egresadas de los talleres de capacitaci\u00f3n del programa Contigo Mujer, formaron parte de la primera Feria de Autoempleo exponiendo los productos que realizan para mejorar su econom\u00eda. Como parte del compromiso realizado por el Gobierno Municipal de impulsar el empoderamiento y la autonom\u00eda econ\u00f3mica de las poblanas a trav\u00e9s de la capacitaci\u00f3n para descubrir y potenciar sus habilidades y talentos con la finalidad de emprender o bien realizar mejoras en caso de contar con un modelo de negocio, se llev\u00f3 a cabo la primera Feria de Autoempleo \u00abContigo Mujer\u00bb, en la que 40 egresadas de los talleres impartidos por la Secretar\u00eda para la Igualdad Sustantiva de G\u00e9nero (SISG) y el Refugio Municipal participaron exponiendo sus productos al p\u00fablico en general. En dicho evento&hellip;<\/p>\n<p class=\"excerpt-more\"><a class=\"blog-excerpt button\" href=\"https:\/\/www.aliadospuebla.com\/?p=76727\">Leer m\u00e1s&#8230;<\/a><\/p>\n","protected":false},"author":2,"featured_media":76728,"comment_status":"open","ping_status":"open","sticky":false,"template":"","format":"standard","meta":{"_monsterinsights_skip_tracking":false,"footnotes":""},"categories":[62],"tags":[13692,16402,19566,16682,3101,1797,2798],"class_list":["post-76727","post","type-post","status-publish","format-standard","has-post-thumbnail","hentry","category-capital","tag-autonomia-economica","tag-contigo-mujer","tag-feria-de-autoempleo","tag-liliana-ortiz-perez","tag-mujeres-emprendedoras","tag-smdif","tag-talento"],"yoast_head":"<!-- This site is optimized with the Yoast SEO plugin v28.3 - https:\/\/yoast.com\/product\/yoast-seo-wordpress\/ -->\n<title>SISG Y SMDIF PUEBLA PREMIAN EL TALENTO DE MUJERES EMPRENDEDORAS PARA FORTALECER SU NEGOCIO - AliadosPuebla<\/title>\n<meta name=\"robots\" content=\"index, follow, max-snippet:-1, max-image-preview:large, max-video-preview:-1\" \/>\n<link rel=\"canonical\" href=\"https:\/\/www.aliadospuebla.com\/?p=76727\" \/>\n<meta property=\"og:locale\" content=\"es_ES\" \/>\n<meta property=\"og:type\" content=\"article\" \/>\n<meta property=\"og:title\" content=\"SISG Y SMDIF PUEBLA PREMIAN EL TALENTO DE MUJERES EMPRENDEDORAS PARA FORTALECER SU NEGOCIO - AliadosPuebla\" \/>\n<meta property=\"og:description\" content=\"Las 40 egresadas de los talleres de capacitaci\u00f3n del programa Contigo Mujer, formaron parte de la primera Feria de Autoempleo exponiendo los productos que realizan para mejorar su econom\u00eda. Como parte del compromiso realizado por el Gobierno Municipal de impulsar el empoderamiento y la autonom\u00eda econ\u00f3mica de las poblanas a trav\u00e9s de la capacitaci\u00f3n para descubrir y potenciar sus habilidades y talentos con la finalidad de emprender o bien realizar mejoras en caso de contar con un modelo de negocio, se llev\u00f3 a cabo la primera Feria de Autoempleo \u00abContigo Mujer\u00bb, en la que 40 egresadas de los talleres impartidos por la Secretar\u00eda para la Igualdad Sustantiva de G\u00e9nero (SISG) y el Refugio Municipal participaron exponiendo sus productos al p\u00fablico en general. En dicho evento&hellip;Leer m\u00e1s...\" \/>\n<meta property=\"og:url\" content=\"https:\/\/www.aliadospuebla.com\/?p=76727\" \/>\n<meta property=\"og:site_name\" content=\"AliadosPuebla\" \/>\n<meta property=\"article:author\" content=\"https:\/\/www.facebook.com\/Aliados17Pue\" \/>\n<meta property=\"article:published_time\" content=\"2022-12-03T21:31:57+00:00\" \/>\n<meta property=\"og:image\" content=\"https:\/\/www.aliadospuebla.com\/web2017\/wp-content\/uploads\/2022\/12\/015.jpg\" \/>\n\t<meta property=\"og:image:width\" content=\"600\" \/>\n\t<meta property=\"og:image:height\" content=\"450\" \/>\n\t<meta property=\"og:image:type\" content=\"image\/jpeg\" \/>\n<meta name=\"author\" content=\"Aliados17\" \/>\n<meta name=\"twitter:card\" content=\"summary_large_image\" \/>\n<meta name=\"twitter:creator\" content=\"@AliadosPuebla\" \/>\n<meta name=\"twitter:label1\" content=\"Escrito por\" \/>\n\t<meta name=\"twitter:data1\" content=\"Aliados17\" \/>\n\t<meta name=\"twitter:label2\" content=\"Tiempo de lectura\" \/>\n\t<meta name=\"twitter:data2\" content=\"2 minutos\" \/>\n<script type=\"application\/ld+json\" class=\"yoast-schema-graph\">{\"@context\":\"https:\\\/\\\/schema.org\",\"@graph\":[{\"@type\":\"Article\",\"@id\":\"https:\\\/\\\/www.aliadospuebla.com\\\/?p=76727#article\",\"isPartOf\":{\"@id\":\"https:\\\/\\\/www.aliadospuebla.com\\\/?p=76727\"},\"author\":{\"name\":\"Aliados17\",\"@id\":\"https:\\\/\\\/www.aliadospuebla.com\\\/#\\\/schema\\\/person\\\/5da7dd09320bd4f392b710017ed5f8ad\"},\"headline\":\"SISG Y SMDIF PUEBLA PREMIAN EL TALENTO DE MUJERES EMPRENDEDORAS PARA FORTALECER SU NEGOCIO\",\"datePublished\":\"2022-12-03T21:31:57+00:00\",\"mainEntityOfPage\":{\"@id\":\"https:\\\/\\\/www.aliadospuebla.com\\\/?p=76727\"},\"wordCount\":372,\"commentCount\":0,\"image\":{\"@id\":\"https:\\\/\\\/www.aliadospuebla.com\\\/?p=76727#primaryimage\"},\"thumbnailUrl\":\"https:\\\/\\\/www.aliadospuebla.com\\\/web2017\\\/wp-content\\\/uploads\\\/2022\\\/12\\\/015.jpg\",\"keywords\":[\"autonom\u00eda econ\u00f3mica\",\"Contigo Mujer\",\"feria de autoempleo\",\"Liliana Ort\u00edz P\u00e9rez\",\"MUJERES EMPRENDEDORAS\",\"SMDIF\",\"TALENTO\"],\"articleSection\":[\"Capital\"],\"inLanguage\":\"es\",\"potentialAction\":[{\"@type\":\"CommentAction\",\"name\":\"Comment\",\"target\":[\"https:\\\/\\\/www.aliadospuebla.com\\\/?p=76727#respond\"]}]},{\"@type\":\"WebPage\",\"@id\":\"https:\\\/\\\/www.aliadospuebla.com\\\/?p=76727\",\"url\":\"https:\\\/\\\/www.aliadospuebla.com\\\/?p=76727\",\"name\":\"SISG Y SMDIF PUEBLA PREMIAN EL TALENTO DE MUJERES EMPRENDEDORAS PARA FORTALECER SU NEGOCIO - AliadosPuebla\",\"isPartOf\":{\"@id\":\"https:\\\/\\\/www.aliadospuebla.com\\\/#website\"},\"primaryImageOfPage\":{\"@id\":\"https:\\\/\\\/www.aliadospuebla.com\\\/?p=76727#primaryimage\"},\"image\":{\"@id\":\"https:\\\/\\\/www.aliadospuebla.com\\\/?p=76727#primaryimage\"},\"thumbnailUrl\":\"https:\\\/\\\/www.aliadospuebla.com\\\/web2017\\\/wp-content\\\/uploads\\\/2022\\\/12\\\/015.jpg\",\"datePublished\":\"2022-12-03T21:31:57+00:00\",\"author\":{\"@id\":\"https:\\\/\\\/www.aliadospuebla.com\\\/#\\\/schema\\\/person\\\/5da7dd09320bd4f392b710017ed5f8ad\"},\"breadcrumb\":{\"@id\":\"https:\\\/\\\/www.aliadospuebla.com\\\/?p=76727#breadcrumb\"},\"inLanguage\":\"es\",\"potentialAction\":[{\"@type\":\"ReadAction\",\"target\":[\"https:\\\/\\\/www.aliadospuebla.com\\\/?p=76727\"]}]},{\"@type\":\"ImageObject\",\"inLanguage\":\"es\",\"@id\":\"https:\\\/\\\/www.aliadospuebla.com\\\/?p=76727#primaryimage\",\"url\":\"https:\\\/\\\/www.aliadospuebla.com\\\/web2017\\\/wp-content\\\/uploads\\\/2022\\\/12\\\/015.jpg\",\"contentUrl\":\"https:\\\/\\\/www.aliadospuebla.com\\\/web2017\\\/wp-content\\\/uploads\\\/2022\\\/12\\\/015.jpg\",\"width\":600,\"height\":450},{\"@type\":\"BreadcrumbList\",\"@id\":\"https:\\\/\\\/www.aliadospuebla.com\\\/?p=76727#breadcrumb\",\"itemListElement\":[{\"@type\":\"ListItem\",\"position\":1,\"name\":\"Portada\",\"item\":\"https:\\\/\\\/www.aliadospuebla.com\\\/\"},{\"@type\":\"ListItem\",\"position\":2,\"name\":\"SISG Y SMDIF PUEBLA PREMIAN EL TALENTO DE MUJERES EMPRENDEDORAS PARA FORTALECER SU NEGOCIO\"}]},{\"@type\":\"WebSite\",\"@id\":\"https:\\\/\\\/www.aliadospuebla.com\\\/#website\",\"url\":\"https:\\\/\\\/www.aliadospuebla.com\\\/\",\"name\":\"AliadosPuebla\",\"description\":\"La informaci\u00f3n en tus manos\",\"potentialAction\":[{\"@type\":\"SearchAction\",\"target\":{\"@type\":\"EntryPoint\",\"urlTemplate\":\"https:\\\/\\\/www.aliadospuebla.com\\\/?s={search_term_string}\"},\"query-input\":{\"@type\":\"PropertyValueSpecification\",\"valueRequired\":true,\"valueName\":\"search_term_string\"}}],\"inLanguage\":\"es\"},{\"@type\":\"Person\",\"@id\":\"https:\\\/\\\/www.aliadospuebla.com\\\/#\\\/schema\\\/person\\\/5da7dd09320bd4f392b710017ed5f8ad\",\"name\":\"Aliados17\",\"image\":{\"@type\":\"ImageObject\",\"inLanguage\":\"es\",\"@id\":\"https:\\\/\\\/www.aliadospuebla.com\\\/web2017\\\/wp-content\\\/uploads\\\/2025\\\/03\\\/cropped-para-perfil-8-anos-1-96x96.jpg\",\"url\":\"https:\\\/\\\/www.aliadospuebla.com\\\/web2017\\\/wp-content\\\/uploads\\\/2025\\\/03\\\/cropped-para-perfil-8-anos-1-96x96.jpg\",\"contentUrl\":\"https:\\\/\\\/www.aliadospuebla.com\\\/web2017\\\/wp-content\\\/uploads\\\/2025\\\/03\\\/cropped-para-perfil-8-anos-1-96x96.jpg\",\"caption\":\"Aliados17\"},\"sameAs\":[\"https:\\\/\\\/www.aliados17.com\",\"https:\\\/\\\/www.facebook.com\\\/Aliados17Pue\",\"https:\\\/\\\/x.com\\\/AliadosPuebla\"],\"url\":\"https:\\\/\\\/www.aliadospuebla.com\\\/?author=2\"}]}<\/script>\n<!-- \/ Yoast SEO plugin. -->","yoast_head_json":{"title":"SISG Y SMDIF PUEBLA PREMIAN EL TALENTO DE MUJERES EMPRENDEDORAS PARA FORTALECER SU NEGOCIO - AliadosPuebla","robots":{"index":"index","follow":"follow","max-snippet":"max-snippet:-1","max-image-preview":"max-image-preview:large","max-video-preview":"max-video-preview:-1"},"canonical":"https:\/\/www.aliadospuebla.com\/?p=76727","og_locale":"es_ES","og_type":"article","og_title":"SISG Y SMDIF PUEBLA PREMIAN EL TALENTO DE MUJERES EMPRENDEDORAS PARA FORTALECER SU NEGOCIO - AliadosPuebla","og_description":"Las 40 egresadas de los talleres de capacitaci\u00f3n del programa Contigo Mujer, formaron parte de la primera Feria de Autoempleo exponiendo los productos que realizan para mejorar su econom\u00eda. Como parte del compromiso realizado por el Gobierno Municipal de impulsar el empoderamiento y la autonom\u00eda econ\u00f3mica de las poblanas a trav\u00e9s de la capacitaci\u00f3n para descubrir y potenciar sus habilidades y talentos con la finalidad de emprender o bien realizar mejoras en caso de contar con un modelo de negocio, se llev\u00f3 a cabo la primera Feria de Autoempleo \u00abContigo Mujer\u00bb, en la que 40 egresadas de los talleres impartidos por la Secretar\u00eda para la Igualdad Sustantiva de G\u00e9nero (SISG) y el Refugio Municipal participaron exponiendo sus productos al p\u00fablico en general. En dicho evento&hellip;Leer m\u00e1s...","og_url":"https:\/\/www.aliadospuebla.com\/?p=76727","og_site_name":"AliadosPuebla","article_author":"https:\/\/www.facebook.com\/Aliados17Pue","article_published_time":"2022-12-03T21:31:57+00:00","og_image":[{"width":600,"height":450,"url":"https:\/\/www.aliadospuebla.com\/web2017\/wp-content\/uploads\/2022\/12\/015.jpg","type":"image\/jpeg"}],"author":"Aliados17","twitter_card":"summary_large_image","twitter_creator":"@AliadosPuebla","twitter_misc":{"Escrito por":"Aliados17","Tiempo de lectura":"2 minutos"},"schema":{"@context":"https:\/\/schema.org","@graph":[{"@type":"Article","@id":"https:\/\/www.aliadospuebla.com\/?p=76727#article","isPartOf":{"@id":"https:\/\/www.aliadospuebla.com\/?p=76727"},"author":{"name":"Aliados17","@id":"https:\/\/www.aliadospuebla.com\/#\/schema\/person\/5da7dd09320bd4f392b710017ed5f8ad"},"headline":"SISG Y SMDIF PUEBLA PREMIAN EL TALENTO DE MUJERES EMPRENDEDORAS PARA FORTALECER SU NEGOCIO","datePublished":"2022-12-03T21:31:57+00:00","mainEntityOfPage":{"@id":"https:\/\/www.aliadospuebla.com\/?p=76727"},"wordCount":372,"commentCount":0,"image":{"@id":"https:\/\/www.aliadospuebla.com\/?p=76727#primaryimage"},"thumbnailUrl":"https:\/\/www.aliadospuebla.com\/web2017\/wp-content\/uploads\/2022\/12\/015.jpg","keywords":["autonom\u00eda econ\u00f3mica","Contigo Mujer","feria de autoempleo","Liliana Ort\u00edz P\u00e9rez","MUJERES EMPRENDEDORAS","SMDIF","TALENTO"],"articleSection":["Capital"],"inLanguage":"es","potentialAction":[{"@type":"CommentAction","name":"Comment","target":["https:\/\/www.aliadospuebla.com\/?p=76727#respond"]}]},{"@type":"WebPage","@id":"https:\/\/www.aliadospuebla.com\/?p=76727","url":"https:\/\/www.aliadospuebla.com\/?p=76727","name":"SISG Y SMDIF PUEBLA PREMIAN EL TALENTO DE MUJERES EMPRENDEDORAS PARA FORTALECER SU NEGOCIO - AliadosPuebla","isPartOf":{"@id":"https:\/\/www.aliadospuebla.com\/#website"},"primaryImageOfPage":{"@id":"https:\/\/www.aliadospuebla.com\/?p=76727#primaryimage"},"image":{"@id":"https:\/\/www.aliadospuebla.com\/?p=76727#primaryimage"},"thumbnailUrl":"https:\/\/www.aliadospuebla.com\/web2017\/wp-content\/uploads\/2022\/12\/015.jpg","datePublished":"2022-12-03T21:31:57+00:00","author":{"@id":"https:\/\/www.aliadospuebla.com\/#\/schema\/person\/5da7dd09320bd4f392b710017ed5f8ad"},"breadcrumb":{"@id":"https:\/\/www.aliadospuebla.com\/?p=76727#breadcrumb"},"inLanguage":"es","potentialAction":[{"@type":"ReadAction","target":["https:\/\/www.aliadospuebla.com\/?p=76727"]}]},{"@type":"ImageObject","inLanguage":"es","@id":"https:\/\/www.aliadospuebla.com\/?p=76727#primaryimage","url":"https:\/\/www.aliadospuebla.com\/web2017\/wp-content\/uploads\/2022\/12\/015.jpg","contentUrl":"https:\/\/www.aliadospuebla.com\/web2017\/wp-content\/uploads\/2022\/12\/015.jpg","width":600,"height":450},{"@type":"BreadcrumbList","@id":"https:\/\/www.aliadospuebla.com\/?p=76727#breadcrumb","itemListElement":[{"@type":"ListItem","position":1,"name":"Portada","item":"https:\/\/www.aliadospuebla.com\/"},{"@type":"ListItem","position":2,"name":"SISG Y SMDIF PUEBLA PREMIAN EL TALENTO DE MUJERES EMPRENDEDORAS PARA FORTALECER SU NEGOCIO"}]},{"@type":"WebSite","@id":"https:\/\/www.aliadospuebla.com\/#website","url":"https:\/\/www.aliadospuebla.com\/","name":"AliadosPuebla","description":"La informaci\u00f3n en tus manos","potentialAction":[{"@type":"SearchAction","target":{"@type":"EntryPoint","urlTemplate":"https:\/\/www.aliadospuebla.com\/?s={search_term_string}"},"query-input":{"@type":"PropertyValueSpecification","valueRequired":true,"valueName":"search_term_string"}}],"inLanguage":"es"},{"@type":"Person","@id":"https:\/\/www.aliadospuebla.com\/#\/schema\/person\/5da7dd09320bd4f392b710017ed5f8ad","name":"Aliados17","image":{"@type":"ImageObject","inLanguage":"es","@id":"https:\/\/www.aliadospuebla.com\/web2017\/wp-content\/uploads\/2025\/03\/cropped-para-perfil-8-anos-1-96x96.jpg","url":"https:\/\/www.aliadospuebla.com\/web2017\/wp-content\/uploads\/2025\/03\/cropped-para-perfil-8-anos-1-96x96.jpg","contentUrl":"https:\/\/www.aliadospuebla.com\/web2017\/wp-content\/uploads\/2025\/03\/cropped-para-perfil-8-anos-1-96x96.jpg","caption":"Aliados17"},"sameAs":["https:\/\/www.aliados17.com","https:\/\/www.facebook.com\/Aliados17Pue","https:\/\/x.com\/AliadosPuebla"],"url":"https:\/\/www.aliadospuebla.com\/?author=2"}]}},"views":6,"_links":{"self":[{"href":"https:\/\/www.aliadospuebla.com\/index.php?rest_route=\/wp\/v2\/posts\/76727","targetHints":{"allow":["GET"]}}],"collection":[{"href":"https:\/\/www.aliadospuebla.com\/index.php?rest_route=\/wp\/v2\/posts"}],"about":[{"href":"https:\/\/www.aliadospuebla.com\/index.php?rest_route=\/wp\/v2\/types\/post"}],"author":[{"embeddable":true,"href":"https:\/\/www.aliadospuebla.com\/index.php?rest_route=\/wp\/v2\/users\/2"}],"replies":[{"embeddable":true,"href":"https:\/\/www.aliadospuebla.com\/index.php?rest_route=%2Fwp%2Fv2%2Fcomments&post=76727"}],"version-history":[{"count":1,"href":"https:\/\/www.aliadospuebla.com\/index.php?rest_route=\/wp\/v2\/posts\/76727\/revisions"}],"predecessor-version":[{"id":76729,"href":"https:\/\/www.aliadospuebla.com\/index.php?rest_route=\/wp\/v2\/posts\/76727\/revisions\/76729"}],"wp:featuredmedia":[{"embeddable":true,"href":"https:\/\/www.aliadospuebla.com\/index.php?rest_route=\/wp\/v2\/media\/76728"}],"wp:attachment":[{"href":"https:\/\/www.aliadospuebla.com\/index.php?rest_route=%2Fwp%2Fv2%2Fmedia&parent=76727"}],"wp:term":[{"taxonomy":"category","embeddable":true,"href":"https:\/\/www.aliadospuebla.com\/index.php?rest_route=%2Fwp%2Fv2%2Fcategories&post=76727"},{"taxonomy":"post_tag","embeddable":true,"href":"https:\/\/www.aliadospuebla.com\/index.php?rest_route=%2Fwp%2Fv2%2Ftags&post=76727"}],"curies":[{"name":"wp","href":"https:\/\/api.w.org\/{rel}","templated":true}]}}