{"id":76626,"date":"2022-11-29T00:32:06","date_gmt":"2022-11-29T06:32:06","guid":{"rendered":"https:\/\/www.aliados17.com\/?p=76626"},"modified":"2022-11-29T00:32:06","modified_gmt":"2022-11-29T06:32:06","slug":"zacatlan-el-corazon-de-la-sierra-listo-con-actividades-navidenas-para-recibir-a-miles-de-turistas","status":"publish","type":"post","link":"https:\/\/www.aliadospuebla.com\/?p=76626","title":{"rendered":"Zacatl\u00e1n el coraz\u00f3n de la Sierra listo con actividades navide\u00f1as para recibir a  miles de turistas"},"content":{"rendered":"<h4>Habr\u00e1 desde desfile Navide\u00f1o hasta m\u00fasica en vivo y pirotecnia para \u201cA\u00f1o Nuevo en<br \/>\nZacatl\u00e1n\u201d<\/h4>\n<p>Se presentaron las actividades de navidad que se llevar\u00e1n a cabo en el municipio<br \/>\na partir del 3 y hasta el 31 de diciembre, fechas en las que se espera la llegada de<br \/>\nm\u00e1s de 200 mil visitantes y una derrama econ\u00f3mica de 300 millones de pesos.<br \/>\nDurante conferencia de prensa con la Secretaria de Turismo, Marta Ornelas y el<br \/>\nSecretario de Cultura, Sergio Vergara Berdejo, el Director de Fomento Econ\u00f3mico<br \/>\ny Turismo de Zacatl\u00e1n, Fernando Torres, explic\u00f3 que para este \u00faltimo mes del a\u00f1o<br \/>\nhabr\u00e1 una serie de actividades en este pueblo m\u00e1gico.<br \/>\n\u201cQuienes nos visiten podr\u00e1n disfrutar de la iluminaci\u00f3n y el \u201cPueblito Navide\u00f1o\u201d, el<br \/>\ngran desfile de Navidad, la visita a casas sidreras, a la escuela de la Manzana,<br \/>\nrodada navide\u00f1a, as\u00ed como la puesta en marcha de \u201cMi pueblito T\u00edpico\u201d para<br \/>\nconocer gastronom\u00eda, usos y costumbres de la junta auxiliar de Jicolapa.<br \/>\n\u201cY por vez primera junto con locales y turistas que nos visitar\u00e1n conviviremos en<br \/>\nel \u201cRecibe el a\u00f1o Nuevo en Zacatl\u00e1n\u201d en donde el 31 de Diciembre habr\u00e1 m\u00fasica<br \/>\nen vivo y pirotecnia para iniciar el 2023 y restauranteros ofrecer\u00e1n cenas para una<br \/>\nnoche de m\u00fasica y diversi\u00f3n\u201d, explic\u00f3.<br \/>\nCabe mencionar, que esta conferencia de prensa adem\u00e1s se ofreci\u00f3 con<br \/>\nfuncionarios de los municipios de Santa Rita Tlahuapan y Amozoc, quienes<br \/>\ntambi\u00e9n dieron a conocer la venta de \u00e1rboles de Navidad y figuras para nacimiento<br \/>\nrespectivamente.<\/p>\n","protected":false},"excerpt":{"rendered":"<p>Habr\u00e1 desde desfile Navide\u00f1o hasta m\u00fasica en vivo y pirotecnia para \u201cA\u00f1o Nuevo en Zacatl\u00e1n\u201d Se presentaron las actividades de navidad que se llevar\u00e1n a cabo en el municipio a partir del 3 y hasta el 31 de diciembre, fechas en las que se espera la llegada de m\u00e1s de 200 mil visitantes y una derrama econ\u00f3mica de 300 millones de pesos. Durante conferencia de prensa con la Secretaria de Turismo, Marta Ornelas y el Secretario de Cultura, Sergio Vergara Berdejo, el Director de Fomento Econ\u00f3mico y Turismo de Zacatl\u00e1n, Fernando Torres, explic\u00f3 que para este \u00faltimo mes del a\u00f1o habr\u00e1 una serie de actividades en este pueblo m\u00e1gico. \u201cQuienes nos visiten podr\u00e1n disfrutar de la iluminaci\u00f3n y el \u201cPueblito Navide\u00f1o\u201d, el gran desfile de&hellip;<\/p>\n<p class=\"excerpt-more\"><a class=\"blog-excerpt button\" href=\"https:\/\/www.aliadospuebla.com\/?p=76626\">Leer m\u00e1s&#8230;<\/a><\/p>\n","protected":false},"author":2,"featured_media":76627,"comment_status":"open","ping_status":"open","sticky":false,"template":"","format":"standard","meta":{"_monsterinsights_skip_tracking":false,"footnotes":""},"categories":[4],"tags":[349,16308,20555,7903,894],"class_list":["post-76626","post","type-post","status-publish","format-standard","has-post-thumbnail","hentry","category-municipios","tag-desfile","tag-marta-ornelas","tag-mi-pueblito","tag-navidad","tag-zacatlan"],"yoast_head":"<!-- This site is optimized with the Yoast SEO plugin v28.4 - https:\/\/yoast.com\/product\/yoast-seo-wordpress\/ -->\n<title>Zacatl\u00e1n el coraz\u00f3n de la Sierra listo con actividades navide\u00f1as para recibir a miles de turistas - AliadosPuebla<\/title>\n<meta name=\"robots\" content=\"index, follow, max-snippet:-1, max-image-preview:large, max-video-preview:-1\" \/>\n<link rel=\"canonical\" href=\"https:\/\/www.aliadospuebla.com\/?p=76626\" \/>\n<meta property=\"og:locale\" content=\"es_ES\" \/>\n<meta property=\"og:type\" content=\"article\" \/>\n<meta property=\"og:title\" content=\"Zacatl\u00e1n el coraz\u00f3n de la Sierra listo con actividades navide\u00f1as para recibir a miles de turistas - AliadosPuebla\" \/>\n<meta property=\"og:description\" content=\"Habr\u00e1 desde desfile Navide\u00f1o hasta m\u00fasica en vivo y pirotecnia para \u201cA\u00f1o Nuevo en Zacatl\u00e1n\u201d Se presentaron las actividades de navidad que se llevar\u00e1n a cabo en el municipio a partir del 3 y hasta el 31 de diciembre, fechas en las que se espera la llegada de m\u00e1s de 200 mil visitantes y una derrama econ\u00f3mica de 300 millones de pesos. Durante conferencia de prensa con la Secretaria de Turismo, Marta Ornelas y el Secretario de Cultura, Sergio Vergara Berdejo, el Director de Fomento Econ\u00f3mico y Turismo de Zacatl\u00e1n, Fernando Torres, explic\u00f3 que para este \u00faltimo mes del a\u00f1o habr\u00e1 una serie de actividades en este pueblo m\u00e1gico. \u201cQuienes nos visiten podr\u00e1n disfrutar de la iluminaci\u00f3n y el \u201cPueblito Navide\u00f1o\u201d, el gran desfile de&hellip;Leer m\u00e1s...\" \/>\n<meta property=\"og:url\" content=\"https:\/\/www.aliadospuebla.com\/?p=76626\" \/>\n<meta property=\"og:site_name\" content=\"AliadosPuebla\" \/>\n<meta property=\"article:author\" content=\"https:\/\/www.facebook.com\/Aliados17Pue\" \/>\n<meta property=\"article:published_time\" content=\"2022-11-29T06:32:06+00:00\" \/>\n<meta property=\"og:image\" content=\"https:\/\/www.aliadospuebla.com\/web2017\/wp-content\/uploads\/2022\/11\/165.jpg\" \/>\n\t<meta property=\"og:image:width\" content=\"600\" \/>\n\t<meta property=\"og:image:height\" content=\"450\" \/>\n\t<meta property=\"og:image:type\" content=\"image\/jpeg\" \/>\n<meta name=\"author\" content=\"Aliados17\" \/>\n<meta name=\"twitter:card\" content=\"summary_large_image\" \/>\n<meta name=\"twitter:creator\" content=\"@AliadosPuebla\" \/>\n<meta name=\"twitter:label1\" content=\"Escrito por\" \/>\n\t<meta name=\"twitter:data1\" content=\"Aliados17\" \/>\n\t<meta name=\"twitter:label2\" content=\"Tiempo de lectura\" \/>\n\t<meta name=\"twitter:data2\" content=\"2 minutos\" \/>\n<script type=\"application\/ld+json\" class=\"yoast-schema-graph\">{\"@context\":\"https:\\\/\\\/schema.org\",\"@graph\":[{\"@type\":\"Article\",\"@id\":\"https:\\\/\\\/www.aliadospuebla.com\\\/?p=76626#article\",\"isPartOf\":{\"@id\":\"https:\\\/\\\/www.aliadospuebla.com\\\/?p=76626\"},\"author\":{\"name\":\"Aliados17\",\"@id\":\"https:\\\/\\\/www.aliadospuebla.com\\\/#\\\/schema\\\/person\\\/5da7dd09320bd4f392b710017ed5f8ad\"},\"headline\":\"Zacatl\u00e1n el coraz\u00f3n de la Sierra listo con actividades navide\u00f1as para recibir a miles de turistas\",\"datePublished\":\"2022-11-29T06:32:06+00:00\",\"mainEntityOfPage\":{\"@id\":\"https:\\\/\\\/www.aliadospuebla.com\\\/?p=76626\"},\"wordCount\":286,\"commentCount\":0,\"image\":{\"@id\":\"https:\\\/\\\/www.aliadospuebla.com\\\/?p=76626#primaryimage\"},\"thumbnailUrl\":\"https:\\\/\\\/www.aliadospuebla.com\\\/web2017\\\/wp-content\\\/uploads\\\/2022\\\/11\\\/165.jpg\",\"keywords\":[\"DESFILE\",\"Marta Ornelas\",\"Mi pueblito\",\"NAVIDAD\",\"ZACATL\u00c1N\"],\"articleSection\":[\"Municipios\"],\"inLanguage\":\"es\",\"potentialAction\":[{\"@type\":\"CommentAction\",\"name\":\"Comment\",\"target\":[\"https:\\\/\\\/www.aliadospuebla.com\\\/?p=76626#respond\"]}]},{\"@type\":\"WebPage\",\"@id\":\"https:\\\/\\\/www.aliadospuebla.com\\\/?p=76626\",\"url\":\"https:\\\/\\\/www.aliadospuebla.com\\\/?p=76626\",\"name\":\"Zacatl\u00e1n el coraz\u00f3n de la Sierra listo con actividades navide\u00f1as para recibir a miles de turistas - AliadosPuebla\",\"isPartOf\":{\"@id\":\"https:\\\/\\\/www.aliadospuebla.com\\\/#website\"},\"primaryImageOfPage\":{\"@id\":\"https:\\\/\\\/www.aliadospuebla.com\\\/?p=76626#primaryimage\"},\"image\":{\"@id\":\"https:\\\/\\\/www.aliadospuebla.com\\\/?p=76626#primaryimage\"},\"thumbnailUrl\":\"https:\\\/\\\/www.aliadospuebla.com\\\/web2017\\\/wp-content\\\/uploads\\\/2022\\\/11\\\/165.jpg\",\"datePublished\":\"2022-11-29T06:32:06+00:00\",\"author\":{\"@id\":\"https:\\\/\\\/www.aliadospuebla.com\\\/#\\\/schema\\\/person\\\/5da7dd09320bd4f392b710017ed5f8ad\"},\"breadcrumb\":{\"@id\":\"https:\\\/\\\/www.aliadospuebla.com\\\/?p=76626#breadcrumb\"},\"inLanguage\":\"es\",\"potentialAction\":[{\"@type\":\"ReadAction\",\"target\":[\"https:\\\/\\\/www.aliadospuebla.com\\\/?p=76626\"]}]},{\"@type\":\"ImageObject\",\"inLanguage\":\"es\",\"@id\":\"https:\\\/\\\/www.aliadospuebla.com\\\/?p=76626#primaryimage\",\"url\":\"https:\\\/\\\/www.aliadospuebla.com\\\/web2017\\\/wp-content\\\/uploads\\\/2022\\\/11\\\/165.jpg\",\"contentUrl\":\"https:\\\/\\\/www.aliadospuebla.com\\\/web2017\\\/wp-content\\\/uploads\\\/2022\\\/11\\\/165.jpg\",\"width\":600,\"height\":450},{\"@type\":\"BreadcrumbList\",\"@id\":\"https:\\\/\\\/www.aliadospuebla.com\\\/?p=76626#breadcrumb\",\"itemListElement\":[{\"@type\":\"ListItem\",\"position\":1,\"name\":\"Portada\",\"item\":\"https:\\\/\\\/www.aliadospuebla.com\\\/\"},{\"@type\":\"ListItem\",\"position\":2,\"name\":\"Zacatl\u00e1n el coraz\u00f3n de la Sierra listo con actividades navide\u00f1as para recibir a miles de turistas\"}]},{\"@type\":\"WebSite\",\"@id\":\"https:\\\/\\\/www.aliadospuebla.com\\\/#website\",\"url\":\"https:\\\/\\\/www.aliadospuebla.com\\\/\",\"name\":\"AliadosPuebla\",\"description\":\"La informaci\u00f3n en tus manos\",\"potentialAction\":[{\"@type\":\"SearchAction\",\"target\":{\"@type\":\"EntryPoint\",\"urlTemplate\":\"https:\\\/\\\/www.aliadospuebla.com\\\/?s={search_term_string}\"},\"query-input\":{\"@type\":\"PropertyValueSpecification\",\"valueRequired\":true,\"valueName\":\"search_term_string\"}}],\"inLanguage\":\"es\"},{\"@type\":\"Person\",\"@id\":\"https:\\\/\\\/www.aliadospuebla.com\\\/#\\\/schema\\\/person\\\/5da7dd09320bd4f392b710017ed5f8ad\",\"name\":\"Aliados17\",\"image\":{\"@type\":\"ImageObject\",\"inLanguage\":\"es\",\"@id\":\"https:\\\/\\\/www.aliadospuebla.com\\\/web2017\\\/wp-content\\\/uploads\\\/2025\\\/03\\\/cropped-para-perfil-8-anos-1-96x96.jpg\",\"url\":\"https:\\\/\\\/www.aliadospuebla.com\\\/web2017\\\/wp-content\\\/uploads\\\/2025\\\/03\\\/cropped-para-perfil-8-anos-1-96x96.jpg\",\"contentUrl\":\"https:\\\/\\\/www.aliadospuebla.com\\\/web2017\\\/wp-content\\\/uploads\\\/2025\\\/03\\\/cropped-para-perfil-8-anos-1-96x96.jpg\",\"caption\":\"Aliados17\"},\"sameAs\":[\"https:\\\/\\\/www.aliados17.com\",\"https:\\\/\\\/www.facebook.com\\\/Aliados17Pue\",\"https:\\\/\\\/x.com\\\/AliadosPuebla\"],\"url\":\"https:\\\/\\\/www.aliadospuebla.com\\\/?author=2\"}]}<\/script>\n<!-- \/ Yoast SEO plugin. -->","yoast_head_json":{"title":"Zacatl\u00e1n el coraz\u00f3n de la Sierra listo con actividades navide\u00f1as para recibir a miles de turistas - AliadosPuebla","robots":{"index":"index","follow":"follow","max-snippet":"max-snippet:-1","max-image-preview":"max-image-preview:large","max-video-preview":"max-video-preview:-1"},"canonical":"https:\/\/www.aliadospuebla.com\/?p=76626","og_locale":"es_ES","og_type":"article","og_title":"Zacatl\u00e1n el coraz\u00f3n de la Sierra listo con actividades navide\u00f1as para recibir a miles de turistas - AliadosPuebla","og_description":"Habr\u00e1 desde desfile Navide\u00f1o hasta m\u00fasica en vivo y pirotecnia para \u201cA\u00f1o Nuevo en Zacatl\u00e1n\u201d Se presentaron las actividades de navidad que se llevar\u00e1n a cabo en el municipio a partir del 3 y hasta el 31 de diciembre, fechas en las que se espera la llegada de m\u00e1s de 200 mil visitantes y una derrama econ\u00f3mica de 300 millones de pesos. Durante conferencia de prensa con la Secretaria de Turismo, Marta Ornelas y el Secretario de Cultura, Sergio Vergara Berdejo, el Director de Fomento Econ\u00f3mico y Turismo de Zacatl\u00e1n, Fernando Torres, explic\u00f3 que para este \u00faltimo mes del a\u00f1o habr\u00e1 una serie de actividades en este pueblo m\u00e1gico. \u201cQuienes nos visiten podr\u00e1n disfrutar de la iluminaci\u00f3n y el \u201cPueblito Navide\u00f1o\u201d, el gran desfile de&hellip;Leer m\u00e1s...","og_url":"https:\/\/www.aliadospuebla.com\/?p=76626","og_site_name":"AliadosPuebla","article_author":"https:\/\/www.facebook.com\/Aliados17Pue","article_published_time":"2022-11-29T06:32:06+00:00","og_image":[{"width":600,"height":450,"url":"https:\/\/www.aliadospuebla.com\/web2017\/wp-content\/uploads\/2022\/11\/165.jpg","type":"image\/jpeg"}],"author":"Aliados17","twitter_card":"summary_large_image","twitter_creator":"@AliadosPuebla","twitter_misc":{"Escrito por":"Aliados17","Tiempo de lectura":"2 minutos"},"schema":{"@context":"https:\/\/schema.org","@graph":[{"@type":"Article","@id":"https:\/\/www.aliadospuebla.com\/?p=76626#article","isPartOf":{"@id":"https:\/\/www.aliadospuebla.com\/?p=76626"},"author":{"name":"Aliados17","@id":"https:\/\/www.aliadospuebla.com\/#\/schema\/person\/5da7dd09320bd4f392b710017ed5f8ad"},"headline":"Zacatl\u00e1n el coraz\u00f3n de la Sierra listo con actividades navide\u00f1as para recibir a miles de turistas","datePublished":"2022-11-29T06:32:06+00:00","mainEntityOfPage":{"@id":"https:\/\/www.aliadospuebla.com\/?p=76626"},"wordCount":286,"commentCount":0,"image":{"@id":"https:\/\/www.aliadospuebla.com\/?p=76626#primaryimage"},"thumbnailUrl":"https:\/\/www.aliadospuebla.com\/web2017\/wp-content\/uploads\/2022\/11\/165.jpg","keywords":["DESFILE","Marta Ornelas","Mi pueblito","NAVIDAD","ZACATL\u00c1N"],"articleSection":["Municipios"],"inLanguage":"es","potentialAction":[{"@type":"CommentAction","name":"Comment","target":["https:\/\/www.aliadospuebla.com\/?p=76626#respond"]}]},{"@type":"WebPage","@id":"https:\/\/www.aliadospuebla.com\/?p=76626","url":"https:\/\/www.aliadospuebla.com\/?p=76626","name":"Zacatl\u00e1n el coraz\u00f3n de la Sierra listo con actividades navide\u00f1as para recibir a miles de turistas - AliadosPuebla","isPartOf":{"@id":"https:\/\/www.aliadospuebla.com\/#website"},"primaryImageOfPage":{"@id":"https:\/\/www.aliadospuebla.com\/?p=76626#primaryimage"},"image":{"@id":"https:\/\/www.aliadospuebla.com\/?p=76626#primaryimage"},"thumbnailUrl":"https:\/\/www.aliadospuebla.com\/web2017\/wp-content\/uploads\/2022\/11\/165.jpg","datePublished":"2022-11-29T06:32:06+00:00","author":{"@id":"https:\/\/www.aliadospuebla.com\/#\/schema\/person\/5da7dd09320bd4f392b710017ed5f8ad"},"breadcrumb":{"@id":"https:\/\/www.aliadospuebla.com\/?p=76626#breadcrumb"},"inLanguage":"es","potentialAction":[{"@type":"ReadAction","target":["https:\/\/www.aliadospuebla.com\/?p=76626"]}]},{"@type":"ImageObject","inLanguage":"es","@id":"https:\/\/www.aliadospuebla.com\/?p=76626#primaryimage","url":"https:\/\/www.aliadospuebla.com\/web2017\/wp-content\/uploads\/2022\/11\/165.jpg","contentUrl":"https:\/\/www.aliadospuebla.com\/web2017\/wp-content\/uploads\/2022\/11\/165.jpg","width":600,"height":450},{"@type":"BreadcrumbList","@id":"https:\/\/www.aliadospuebla.com\/?p=76626#breadcrumb","itemListElement":[{"@type":"ListItem","position":1,"name":"Portada","item":"https:\/\/www.aliadospuebla.com\/"},{"@type":"ListItem","position":2,"name":"Zacatl\u00e1n el coraz\u00f3n de la Sierra listo con actividades navide\u00f1as para recibir a miles de turistas"}]},{"@type":"WebSite","@id":"https:\/\/www.aliadospuebla.com\/#website","url":"https:\/\/www.aliadospuebla.com\/","name":"AliadosPuebla","description":"La informaci\u00f3n en tus manos","potentialAction":[{"@type":"SearchAction","target":{"@type":"EntryPoint","urlTemplate":"https:\/\/www.aliadospuebla.com\/?s={search_term_string}"},"query-input":{"@type":"PropertyValueSpecification","valueRequired":true,"valueName":"search_term_string"}}],"inLanguage":"es"},{"@type":"Person","@id":"https:\/\/www.aliadospuebla.com\/#\/schema\/person\/5da7dd09320bd4f392b710017ed5f8ad","name":"Aliados17","image":{"@type":"ImageObject","inLanguage":"es","@id":"https:\/\/www.aliadospuebla.com\/web2017\/wp-content\/uploads\/2025\/03\/cropped-para-perfil-8-anos-1-96x96.jpg","url":"https:\/\/www.aliadospuebla.com\/web2017\/wp-content\/uploads\/2025\/03\/cropped-para-perfil-8-anos-1-96x96.jpg","contentUrl":"https:\/\/www.aliadospuebla.com\/web2017\/wp-content\/uploads\/2025\/03\/cropped-para-perfil-8-anos-1-96x96.jpg","caption":"Aliados17"},"sameAs":["https:\/\/www.aliados17.com","https:\/\/www.facebook.com\/Aliados17Pue","https:\/\/x.com\/AliadosPuebla"],"url":"https:\/\/www.aliadospuebla.com\/?author=2"}]}},"views":8,"_links":{"self":[{"href":"https:\/\/www.aliadospuebla.com\/index.php?rest_route=\/wp\/v2\/posts\/76626","targetHints":{"allow":["GET"]}}],"collection":[{"href":"https:\/\/www.aliadospuebla.com\/index.php?rest_route=\/wp\/v2\/posts"}],"about":[{"href":"https:\/\/www.aliadospuebla.com\/index.php?rest_route=\/wp\/v2\/types\/post"}],"author":[{"embeddable":true,"href":"https:\/\/www.aliadospuebla.com\/index.php?rest_route=\/wp\/v2\/users\/2"}],"replies":[{"embeddable":true,"href":"https:\/\/www.aliadospuebla.com\/index.php?rest_route=%2Fwp%2Fv2%2Fcomments&post=76626"}],"version-history":[{"count":1,"href":"https:\/\/www.aliadospuebla.com\/index.php?rest_route=\/wp\/v2\/posts\/76626\/revisions"}],"predecessor-version":[{"id":76628,"href":"https:\/\/www.aliadospuebla.com\/index.php?rest_route=\/wp\/v2\/posts\/76626\/revisions\/76628"}],"wp:featuredmedia":[{"embeddable":true,"href":"https:\/\/www.aliadospuebla.com\/index.php?rest_route=\/wp\/v2\/media\/76627"}],"wp:attachment":[{"href":"https:\/\/www.aliadospuebla.com\/index.php?rest_route=%2Fwp%2Fv2%2Fmedia&parent=76626"}],"wp:term":[{"taxonomy":"category","embeddable":true,"href":"https:\/\/www.aliadospuebla.com\/index.php?rest_route=%2Fwp%2Fv2%2Fcategories&post=76626"},{"taxonomy":"post_tag","embeddable":true,"href":"https:\/\/www.aliadospuebla.com\/index.php?rest_route=%2Fwp%2Fv2%2Ftags&post=76626"}],"curies":[{"name":"wp","href":"https:\/\/api.w.org\/{rel}","templated":true}]}}