{"id":76614,"date":"2022-11-28T23:25:12","date_gmt":"2022-11-29T05:25:12","guid":{"rendered":"https:\/\/www.aliados17.com\/?p=76614"},"modified":"2022-11-28T23:25:12","modified_gmt":"2022-11-29T05:25:12","slug":"vaniloquio-2022-supero-expectativas-en-derrama-economica","status":"publish","type":"post","link":"https:\/\/www.aliadospuebla.com\/?p=76614","title":{"rendered":"VANILOQUIO 2022 SUPER\u00d3 EXPECTATIVAS EN DERRAMA ECON\u00d3MICA"},"content":{"rendered":"<h4>De acuerdo con datos de los prestadores de servicios y establecimientos, se superaron los 15 millones estimados de derrama econ\u00f3mica.<\/h4>\n<p>San Pedro Cholula, Puebla.- Tras tres d\u00edas de celebraciones del <strong>Festival Internacional Vaniloquio, <\/strong><\/p>\n<p>se superaron las expectativas de derrama econ\u00f3mica, toda vez que se hab\u00edan estimado<\/p>\n<p>15 millones de pesos durante este fin de semana.<\/p>\n<p>Los datos preliminares recabados a trav\u00e9s de prestadores de servicios,<\/p>\n<p>hoteles y restaurantes, arrojaron que dicha cifra se super\u00f3.<\/p>\n<p>Adicionalmente, se registr\u00f3 una afluencia calculada en m\u00e1s de 5 mil personas<\/p>\n<p>para disfrutar del <strong>Concierto de Campanas<\/strong>, sin contar con los visitantes<\/p>\n<p>que acudieron a los negocios ubicados en el primer cuadro de la ciudad<\/p>\n<p>para disfrutar del espect\u00e1culo musical y los juegos pirot\u00e9cnicos.<\/p>\n<p>&nbsp;<\/p>\n<h4>En ese sentido, cabe recordar que restaurantes de San Pedro Cholula se sumaron a la campa\u00f1a para ofertar descuentos a los potenciales clientes que acudieron al Vaniloquio 2022.<\/h4>\n<p>En esta 31\u00aa Edici\u00f3n del <strong>Festival Internacional Vaniloquio<\/strong> adem\u00e1s se alcanz\u00f3 un hito,<\/p>\n<p>con la participaci\u00f3n de <strong>42 iglesias del municipio<\/strong> tocando sus campanas:<\/p>\n<p>14 con partitura y 28 m\u00e1s con repique general, gracias al apoyo y coordinaci\u00f3n<\/p>\n<p>del P\u00e1rroco de Cholula, mayordomos y ciudadan\u00eda en general.<\/p>\n<p>Asimismo, se cont\u00f3 con la asistencia de coros, ensambles vocales y agrupaciones de reconocido renombre en los diferentes espacios p\u00fablicos, donde se dieron cita aproximadamente 15 mil personas en total, para disfrutar de coros como el de la Universidad de Guadalajara, la Vasco de Quiroga, el Polit\u00e9cnico Nacional, Esperanza Azteca, UDLAP, entre muchos otros.<\/p>\n<p>De esta forma, el <strong>Gobierno de Cholula<\/strong> que encabeza la Presidenta Municipal<strong> Paola Angon<\/strong> reitera su compromiso con la preservaci\u00f3n de una tradici\u00f3n que enorgullece a San Pedro Cholula, misma que se refuerza con la participaci\u00f3n de ciudadan\u00eda y gobierno para demostrar que la cultura vive en Cholula.<\/p>\n","protected":false},"excerpt":{"rendered":"<p>De acuerdo con datos de los prestadores de servicios y establecimientos, se superaron los 15 millones estimados de derrama econ\u00f3mica. San Pedro Cholula, Puebla.- Tras tres d\u00edas de celebraciones del Festival Internacional Vaniloquio, se superaron las expectativas de derrama econ\u00f3mica, toda vez que se hab\u00edan estimado 15 millones de pesos durante este fin de semana. Los datos preliminares recabados a trav\u00e9s de prestadores de servicios, hoteles y restaurantes, arrojaron que dicha cifra se super\u00f3. Adicionalmente, se registr\u00f3 una afluencia calculada en m\u00e1s de 5 mil personas para disfrutar del Concierto de Campanas, sin contar con los visitantes que acudieron a los negocios ubicados en el primer cuadro de la ciudad para disfrutar del espect\u00e1culo musical y los juegos pirot\u00e9cnicos. &nbsp; En ese sentido, cabe recordar&hellip;<\/p>\n<p class=\"excerpt-more\"><a class=\"blog-excerpt button\" href=\"https:\/\/www.aliadospuebla.com\/?p=76614\">Leer m\u00e1s&#8230;<\/a><\/p>\n","protected":false},"author":2,"featured_media":76615,"comment_status":"open","ping_status":"open","sticky":false,"template":"","format":"standard","meta":{"_monsterinsights_skip_tracking":false,"footnotes":""},"categories":[4],"tags":[20550,20551,15797,387],"class_list":["post-76614","post","type-post","status-publish","format-standard","has-post-thumbnail","hentry","category-municipios","tag-concierto-de-campanas","tag-festival-internacional-vaniloquio","tag-paola-angon","tag-san-pedro-cholula"],"yoast_head":"<!-- This site is optimized with the Yoast SEO plugin v28.3 - https:\/\/yoast.com\/product\/yoast-seo-wordpress\/ -->\n<title>VANILOQUIO 2022 SUPER\u00d3 EXPECTATIVAS EN DERRAMA ECON\u00d3MICA - AliadosPuebla<\/title>\n<meta name=\"robots\" content=\"index, follow, max-snippet:-1, max-image-preview:large, max-video-preview:-1\" \/>\n<link rel=\"canonical\" href=\"https:\/\/www.aliadospuebla.com\/?p=76614\" \/>\n<meta property=\"og:locale\" content=\"es_ES\" \/>\n<meta property=\"og:type\" content=\"article\" \/>\n<meta property=\"og:title\" content=\"VANILOQUIO 2022 SUPER\u00d3 EXPECTATIVAS EN DERRAMA ECON\u00d3MICA - AliadosPuebla\" \/>\n<meta property=\"og:description\" content=\"De acuerdo con datos de los prestadores de servicios y establecimientos, se superaron los 15 millones estimados de derrama econ\u00f3mica. San Pedro Cholula, Puebla.- Tras tres d\u00edas de celebraciones del Festival Internacional Vaniloquio, se superaron las expectativas de derrama econ\u00f3mica, toda vez que se hab\u00edan estimado 15 millones de pesos durante este fin de semana. Los datos preliminares recabados a trav\u00e9s de prestadores de servicios, hoteles y restaurantes, arrojaron que dicha cifra se super\u00f3. Adicionalmente, se registr\u00f3 una afluencia calculada en m\u00e1s de 5 mil personas para disfrutar del Concierto de Campanas, sin contar con los visitantes que acudieron a los negocios ubicados en el primer cuadro de la ciudad para disfrutar del espect\u00e1culo musical y los juegos pirot\u00e9cnicos. &nbsp; En ese sentido, cabe recordar&hellip;Leer m\u00e1s...\" \/>\n<meta property=\"og:url\" content=\"https:\/\/www.aliadospuebla.com\/?p=76614\" \/>\n<meta property=\"og:site_name\" content=\"AliadosPuebla\" \/>\n<meta property=\"article:author\" content=\"https:\/\/www.facebook.com\/Aliados17Pue\" \/>\n<meta property=\"article:published_time\" content=\"2022-11-29T05:25:12+00:00\" \/>\n<meta property=\"og:image\" content=\"https:\/\/www.aliadospuebla.com\/web2017\/wp-content\/uploads\/2022\/11\/161.jpg\" \/>\n\t<meta property=\"og:image:width\" content=\"600\" \/>\n\t<meta property=\"og:image:height\" content=\"450\" \/>\n\t<meta property=\"og:image:type\" content=\"image\/jpeg\" \/>\n<meta name=\"author\" content=\"Aliados17\" \/>\n<meta name=\"twitter:card\" content=\"summary_large_image\" \/>\n<meta name=\"twitter:creator\" content=\"@AliadosPuebla\" \/>\n<meta name=\"twitter:label1\" content=\"Escrito por\" \/>\n\t<meta name=\"twitter:data1\" content=\"Aliados17\" \/>\n\t<meta name=\"twitter:label2\" content=\"Tiempo de lectura\" \/>\n\t<meta name=\"twitter:data2\" content=\"2 minutos\" \/>\n<script type=\"application\/ld+json\" class=\"yoast-schema-graph\">{\"@context\":\"https:\\\/\\\/schema.org\",\"@graph\":[{\"@type\":\"Article\",\"@id\":\"https:\\\/\\\/www.aliadospuebla.com\\\/?p=76614#article\",\"isPartOf\":{\"@id\":\"https:\\\/\\\/www.aliadospuebla.com\\\/?p=76614\"},\"author\":{\"name\":\"Aliados17\",\"@id\":\"https:\\\/\\\/www.aliadospuebla.com\\\/#\\\/schema\\\/person\\\/5da7dd09320bd4f392b710017ed5f8ad\"},\"headline\":\"VANILOQUIO 2022 SUPER\u00d3 EXPECTATIVAS EN DERRAMA ECON\u00d3MICA\",\"datePublished\":\"2022-11-29T05:25:12+00:00\",\"mainEntityOfPage\":{\"@id\":\"https:\\\/\\\/www.aliadospuebla.com\\\/?p=76614\"},\"wordCount\":318,\"commentCount\":0,\"image\":{\"@id\":\"https:\\\/\\\/www.aliadospuebla.com\\\/?p=76614#primaryimage\"},\"thumbnailUrl\":\"https:\\\/\\\/www.aliadospuebla.com\\\/web2017\\\/wp-content\\\/uploads\\\/2022\\\/11\\\/161.jpg\",\"keywords\":[\"Concierto de campanas\",\"Festival Internacional Vaniloquio\",\"PAOLA ANGON\",\"SAN PEDRO CHOLULA\"],\"articleSection\":[\"Municipios\"],\"inLanguage\":\"es\",\"potentialAction\":[{\"@type\":\"CommentAction\",\"name\":\"Comment\",\"target\":[\"https:\\\/\\\/www.aliadospuebla.com\\\/?p=76614#respond\"]}]},{\"@type\":\"WebPage\",\"@id\":\"https:\\\/\\\/www.aliadospuebla.com\\\/?p=76614\",\"url\":\"https:\\\/\\\/www.aliadospuebla.com\\\/?p=76614\",\"name\":\"VANILOQUIO 2022 SUPER\u00d3 EXPECTATIVAS EN DERRAMA ECON\u00d3MICA - AliadosPuebla\",\"isPartOf\":{\"@id\":\"https:\\\/\\\/www.aliadospuebla.com\\\/#website\"},\"primaryImageOfPage\":{\"@id\":\"https:\\\/\\\/www.aliadospuebla.com\\\/?p=76614#primaryimage\"},\"image\":{\"@id\":\"https:\\\/\\\/www.aliadospuebla.com\\\/?p=76614#primaryimage\"},\"thumbnailUrl\":\"https:\\\/\\\/www.aliadospuebla.com\\\/web2017\\\/wp-content\\\/uploads\\\/2022\\\/11\\\/161.jpg\",\"datePublished\":\"2022-11-29T05:25:12+00:00\",\"author\":{\"@id\":\"https:\\\/\\\/www.aliadospuebla.com\\\/#\\\/schema\\\/person\\\/5da7dd09320bd4f392b710017ed5f8ad\"},\"breadcrumb\":{\"@id\":\"https:\\\/\\\/www.aliadospuebla.com\\\/?p=76614#breadcrumb\"},\"inLanguage\":\"es\",\"potentialAction\":[{\"@type\":\"ReadAction\",\"target\":[\"https:\\\/\\\/www.aliadospuebla.com\\\/?p=76614\"]}]},{\"@type\":\"ImageObject\",\"inLanguage\":\"es\",\"@id\":\"https:\\\/\\\/www.aliadospuebla.com\\\/?p=76614#primaryimage\",\"url\":\"https:\\\/\\\/www.aliadospuebla.com\\\/web2017\\\/wp-content\\\/uploads\\\/2022\\\/11\\\/161.jpg\",\"contentUrl\":\"https:\\\/\\\/www.aliadospuebla.com\\\/web2017\\\/wp-content\\\/uploads\\\/2022\\\/11\\\/161.jpg\",\"width\":600,\"height\":450},{\"@type\":\"BreadcrumbList\",\"@id\":\"https:\\\/\\\/www.aliadospuebla.com\\\/?p=76614#breadcrumb\",\"itemListElement\":[{\"@type\":\"ListItem\",\"position\":1,\"name\":\"Portada\",\"item\":\"https:\\\/\\\/www.aliadospuebla.com\\\/\"},{\"@type\":\"ListItem\",\"position\":2,\"name\":\"VANILOQUIO 2022 SUPER\u00d3 EXPECTATIVAS EN DERRAMA ECON\u00d3MICA\"}]},{\"@type\":\"WebSite\",\"@id\":\"https:\\\/\\\/www.aliadospuebla.com\\\/#website\",\"url\":\"https:\\\/\\\/www.aliadospuebla.com\\\/\",\"name\":\"AliadosPuebla\",\"description\":\"La informaci\u00f3n en tus manos\",\"potentialAction\":[{\"@type\":\"SearchAction\",\"target\":{\"@type\":\"EntryPoint\",\"urlTemplate\":\"https:\\\/\\\/www.aliadospuebla.com\\\/?s={search_term_string}\"},\"query-input\":{\"@type\":\"PropertyValueSpecification\",\"valueRequired\":true,\"valueName\":\"search_term_string\"}}],\"inLanguage\":\"es\"},{\"@type\":\"Person\",\"@id\":\"https:\\\/\\\/www.aliadospuebla.com\\\/#\\\/schema\\\/person\\\/5da7dd09320bd4f392b710017ed5f8ad\",\"name\":\"Aliados17\",\"image\":{\"@type\":\"ImageObject\",\"inLanguage\":\"es\",\"@id\":\"https:\\\/\\\/www.aliadospuebla.com\\\/web2017\\\/wp-content\\\/uploads\\\/2025\\\/03\\\/cropped-para-perfil-8-anos-1-96x96.jpg\",\"url\":\"https:\\\/\\\/www.aliadospuebla.com\\\/web2017\\\/wp-content\\\/uploads\\\/2025\\\/03\\\/cropped-para-perfil-8-anos-1-96x96.jpg\",\"contentUrl\":\"https:\\\/\\\/www.aliadospuebla.com\\\/web2017\\\/wp-content\\\/uploads\\\/2025\\\/03\\\/cropped-para-perfil-8-anos-1-96x96.jpg\",\"caption\":\"Aliados17\"},\"sameAs\":[\"https:\\\/\\\/www.aliados17.com\",\"https:\\\/\\\/www.facebook.com\\\/Aliados17Pue\",\"https:\\\/\\\/x.com\\\/AliadosPuebla\"],\"url\":\"https:\\\/\\\/www.aliadospuebla.com\\\/?author=2\"}]}<\/script>\n<!-- \/ Yoast SEO plugin. -->","yoast_head_json":{"title":"VANILOQUIO 2022 SUPER\u00d3 EXPECTATIVAS EN DERRAMA ECON\u00d3MICA - AliadosPuebla","robots":{"index":"index","follow":"follow","max-snippet":"max-snippet:-1","max-image-preview":"max-image-preview:large","max-video-preview":"max-video-preview:-1"},"canonical":"https:\/\/www.aliadospuebla.com\/?p=76614","og_locale":"es_ES","og_type":"article","og_title":"VANILOQUIO 2022 SUPER\u00d3 EXPECTATIVAS EN DERRAMA ECON\u00d3MICA - AliadosPuebla","og_description":"De acuerdo con datos de los prestadores de servicios y establecimientos, se superaron los 15 millones estimados de derrama econ\u00f3mica. San Pedro Cholula, Puebla.- Tras tres d\u00edas de celebraciones del Festival Internacional Vaniloquio, se superaron las expectativas de derrama econ\u00f3mica, toda vez que se hab\u00edan estimado 15 millones de pesos durante este fin de semana. Los datos preliminares recabados a trav\u00e9s de prestadores de servicios, hoteles y restaurantes, arrojaron que dicha cifra se super\u00f3. Adicionalmente, se registr\u00f3 una afluencia calculada en m\u00e1s de 5 mil personas para disfrutar del Concierto de Campanas, sin contar con los visitantes que acudieron a los negocios ubicados en el primer cuadro de la ciudad para disfrutar del espect\u00e1culo musical y los juegos pirot\u00e9cnicos. &nbsp; En ese sentido, cabe recordar&hellip;Leer m\u00e1s...","og_url":"https:\/\/www.aliadospuebla.com\/?p=76614","og_site_name":"AliadosPuebla","article_author":"https:\/\/www.facebook.com\/Aliados17Pue","article_published_time":"2022-11-29T05:25:12+00:00","og_image":[{"width":600,"height":450,"url":"https:\/\/www.aliadospuebla.com\/web2017\/wp-content\/uploads\/2022\/11\/161.jpg","type":"image\/jpeg"}],"author":"Aliados17","twitter_card":"summary_large_image","twitter_creator":"@AliadosPuebla","twitter_misc":{"Escrito por":"Aliados17","Tiempo de lectura":"2 minutos"},"schema":{"@context":"https:\/\/schema.org","@graph":[{"@type":"Article","@id":"https:\/\/www.aliadospuebla.com\/?p=76614#article","isPartOf":{"@id":"https:\/\/www.aliadospuebla.com\/?p=76614"},"author":{"name":"Aliados17","@id":"https:\/\/www.aliadospuebla.com\/#\/schema\/person\/5da7dd09320bd4f392b710017ed5f8ad"},"headline":"VANILOQUIO 2022 SUPER\u00d3 EXPECTATIVAS EN DERRAMA ECON\u00d3MICA","datePublished":"2022-11-29T05:25:12+00:00","mainEntityOfPage":{"@id":"https:\/\/www.aliadospuebla.com\/?p=76614"},"wordCount":318,"commentCount":0,"image":{"@id":"https:\/\/www.aliadospuebla.com\/?p=76614#primaryimage"},"thumbnailUrl":"https:\/\/www.aliadospuebla.com\/web2017\/wp-content\/uploads\/2022\/11\/161.jpg","keywords":["Concierto de campanas","Festival Internacional Vaniloquio","PAOLA ANGON","SAN PEDRO CHOLULA"],"articleSection":["Municipios"],"inLanguage":"es","potentialAction":[{"@type":"CommentAction","name":"Comment","target":["https:\/\/www.aliadospuebla.com\/?p=76614#respond"]}]},{"@type":"WebPage","@id":"https:\/\/www.aliadospuebla.com\/?p=76614","url":"https:\/\/www.aliadospuebla.com\/?p=76614","name":"VANILOQUIO 2022 SUPER\u00d3 EXPECTATIVAS EN DERRAMA ECON\u00d3MICA - AliadosPuebla","isPartOf":{"@id":"https:\/\/www.aliadospuebla.com\/#website"},"primaryImageOfPage":{"@id":"https:\/\/www.aliadospuebla.com\/?p=76614#primaryimage"},"image":{"@id":"https:\/\/www.aliadospuebla.com\/?p=76614#primaryimage"},"thumbnailUrl":"https:\/\/www.aliadospuebla.com\/web2017\/wp-content\/uploads\/2022\/11\/161.jpg","datePublished":"2022-11-29T05:25:12+00:00","author":{"@id":"https:\/\/www.aliadospuebla.com\/#\/schema\/person\/5da7dd09320bd4f392b710017ed5f8ad"},"breadcrumb":{"@id":"https:\/\/www.aliadospuebla.com\/?p=76614#breadcrumb"},"inLanguage":"es","potentialAction":[{"@type":"ReadAction","target":["https:\/\/www.aliadospuebla.com\/?p=76614"]}]},{"@type":"ImageObject","inLanguage":"es","@id":"https:\/\/www.aliadospuebla.com\/?p=76614#primaryimage","url":"https:\/\/www.aliadospuebla.com\/web2017\/wp-content\/uploads\/2022\/11\/161.jpg","contentUrl":"https:\/\/www.aliadospuebla.com\/web2017\/wp-content\/uploads\/2022\/11\/161.jpg","width":600,"height":450},{"@type":"BreadcrumbList","@id":"https:\/\/www.aliadospuebla.com\/?p=76614#breadcrumb","itemListElement":[{"@type":"ListItem","position":1,"name":"Portada","item":"https:\/\/www.aliadospuebla.com\/"},{"@type":"ListItem","position":2,"name":"VANILOQUIO 2022 SUPER\u00d3 EXPECTATIVAS EN DERRAMA ECON\u00d3MICA"}]},{"@type":"WebSite","@id":"https:\/\/www.aliadospuebla.com\/#website","url":"https:\/\/www.aliadospuebla.com\/","name":"AliadosPuebla","description":"La informaci\u00f3n en tus manos","potentialAction":[{"@type":"SearchAction","target":{"@type":"EntryPoint","urlTemplate":"https:\/\/www.aliadospuebla.com\/?s={search_term_string}"},"query-input":{"@type":"PropertyValueSpecification","valueRequired":true,"valueName":"search_term_string"}}],"inLanguage":"es"},{"@type":"Person","@id":"https:\/\/www.aliadospuebla.com\/#\/schema\/person\/5da7dd09320bd4f392b710017ed5f8ad","name":"Aliados17","image":{"@type":"ImageObject","inLanguage":"es","@id":"https:\/\/www.aliadospuebla.com\/web2017\/wp-content\/uploads\/2025\/03\/cropped-para-perfil-8-anos-1-96x96.jpg","url":"https:\/\/www.aliadospuebla.com\/web2017\/wp-content\/uploads\/2025\/03\/cropped-para-perfil-8-anos-1-96x96.jpg","contentUrl":"https:\/\/www.aliadospuebla.com\/web2017\/wp-content\/uploads\/2025\/03\/cropped-para-perfil-8-anos-1-96x96.jpg","caption":"Aliados17"},"sameAs":["https:\/\/www.aliados17.com","https:\/\/www.facebook.com\/Aliados17Pue","https:\/\/x.com\/AliadosPuebla"],"url":"https:\/\/www.aliadospuebla.com\/?author=2"}]}},"views":4,"_links":{"self":[{"href":"https:\/\/www.aliadospuebla.com\/index.php?rest_route=\/wp\/v2\/posts\/76614","targetHints":{"allow":["GET"]}}],"collection":[{"href":"https:\/\/www.aliadospuebla.com\/index.php?rest_route=\/wp\/v2\/posts"}],"about":[{"href":"https:\/\/www.aliadospuebla.com\/index.php?rest_route=\/wp\/v2\/types\/post"}],"author":[{"embeddable":true,"href":"https:\/\/www.aliadospuebla.com\/index.php?rest_route=\/wp\/v2\/users\/2"}],"replies":[{"embeddable":true,"href":"https:\/\/www.aliadospuebla.com\/index.php?rest_route=%2Fwp%2Fv2%2Fcomments&post=76614"}],"version-history":[{"count":1,"href":"https:\/\/www.aliadospuebla.com\/index.php?rest_route=\/wp\/v2\/posts\/76614\/revisions"}],"predecessor-version":[{"id":76616,"href":"https:\/\/www.aliadospuebla.com\/index.php?rest_route=\/wp\/v2\/posts\/76614\/revisions\/76616"}],"wp:featuredmedia":[{"embeddable":true,"href":"https:\/\/www.aliadospuebla.com\/index.php?rest_route=\/wp\/v2\/media\/76615"}],"wp:attachment":[{"href":"https:\/\/www.aliadospuebla.com\/index.php?rest_route=%2Fwp%2Fv2%2Fmedia&parent=76614"}],"wp:term":[{"taxonomy":"category","embeddable":true,"href":"https:\/\/www.aliadospuebla.com\/index.php?rest_route=%2Fwp%2Fv2%2Fcategories&post=76614"},{"taxonomy":"post_tag","embeddable":true,"href":"https:\/\/www.aliadospuebla.com\/index.php?rest_route=%2Fwp%2Fv2%2Ftags&post=76614"}],"curies":[{"name":"wp","href":"https:\/\/api.w.org\/{rel}","templated":true}]}}