{"id":76006,"date":"2022-10-27T19:14:36","date_gmt":"2022-10-28T00:14:36","guid":{"rendered":"https:\/\/www.aliados17.com\/?p=76006"},"modified":"2022-10-27T19:14:36","modified_gmt":"2022-10-28T00:14:36","slug":"de-que-depende-la-alianza","status":"publish","type":"post","link":"https:\/\/www.aliadospuebla.com\/?p=76006","title":{"rendered":"\u00bfDe qu\u00e9 depende la Alianza?"},"content":{"rendered":"<p>A nadie le cabe duda del momento decisivo que atraviesa el pa\u00eds, despu\u00e9s de lo afirmado por dos expresidentes de M\u00e9xico en Espa\u00f1a, el que no lo quiera ver, no es ciego, es necio.<\/p>\n<p>El camino es uno y lo es, con imperante urgencia:sacar al peligro de Palacio Nacional.<\/p>\n<p>Lo haremos con voluntades ciudadanas en el 2024 porque construimos los triunfos<\/p>\n<p>con una base democr\u00e1tica y pac\u00edfica, tampoco es cambiar por cambiar,tampoco<\/p>\n<p>es el \u201cqu\u00edtate t\u00fa, para ponerme yo\u201d.<\/p>\n<p>Es tener la generosidad y aportar cada uno, a un proyecto de naci\u00f3n definido y justo,<\/p>\n<p>Acci\u00f3n Nacional quiere una Patria Ordenada y Generosa y una vida mejor y m\u00e1s digna<\/p>\n<p>para todos, es una manera concisa de enunciar el proyecto amplio y complejo<\/p>\n<p>que significa lograr esto, para las y los mexicanos.<\/p>\n<p>Pero ese es nuestro rumbo, no hay m\u00e1s.<\/p>\n<p>Todas las fuerzas pol\u00edticas estamos llamadas a aportar lo mejor que tenemos<\/p>\n<p>para lograr vencer electoralmente al adversario que juega sucio, trampea y miente,<\/p>\n<p>todos los d\u00edas con la ayuda de los recursos y medios del gobierno federal.<\/p>\n<p>Tampoco se trata de rebajar los Valores o de ir sin Principios a obtener el poder.<\/p>\n<p>No nos confundamos, los panistas caminaremos de la mano con la ciudadan\u00eda<\/p>\n<p>y convocamos a los dem\u00e1s partidos a encontrar coincidencias en este actuar,<\/p>\n<p>no estamos al acarreo de votos, ni personas, ni militantes.<\/p>\n<h4>La dirigencia nacional del Revolucionario ha dejado claro con su actuar,cu\u00e1l es su proyecto, cu\u00e1les son sus motivaciones y cu\u00e1l su grado de compromiso y est\u00e1 a la vista de todas y todos los poblanos.<\/h4>\n<p>Hasta el d\u00eda de hoy, ha demostrado que pareciera que tenemos diferentes proyectos\u00a0 de Naci\u00f3n.<\/p>\n<p>La alianza electoral deber\u00e1 ser el resultado de coincidencias, de v\u00e9rtices ideol\u00f3gicos,<\/p>\n<p>proyectos de naci\u00f3n y sociedad, toda vez que trasciende alas personas, a las dirigencias,<\/p>\n<p>militantes y liderazgos, va m\u00e1s all\u00e1 de las relaciones personales o simpat\u00edas,<\/p>\n<p>esas se dan por a\u00f1adidura.<\/p>\n<p>Se puede mantener amistad y excelente relaci\u00f3n con dirigentes y militantes<\/p>\n<p>de otras fuerzas pol\u00edticas, pero eso no condiciona una alianza electoral y menos.<\/p>\n<p>Aun cuando externen que se llevan bien en el plan personal, ellos tienen una responsabilidad<\/p>\n<p>con los proyectos de sus partidos y con la vida democr\u00e1tica del pa\u00eds.<\/p>\n<p>Todos estamos atentos a factores nacionales, observadores de momento local<\/p>\n<p>y abiertos a escuchar a las y los militantes de nuestro partido y de los otros partidos<\/p>\n<p>para ir construyendo esta gran alianza.<\/p>\n<p>Estoy seguro que militantes y l\u00edderes de todas las fuerzas pol\u00edticas estamos sensibles<\/p>\n<p>a los dif\u00edciles tiempos que atraviesa el pa\u00eds,<\/p>\n<p>incluso miles de desilusionados de los actuales gobiernos est\u00e1n a la expectativa<\/p>\n<p>de la propuesta de una gran alianza que rescate al pa\u00eds de estos p\u00e9simos gobiernos,<\/p>\n<p>pero que sepa bien hacia d\u00f3nde pretende ir y a qu\u00e9 costo, porque de eso,<\/p>\n<p>depende la alianza. Facebook: Rafael Micalco M\u00e9ndezTwitter: @rafamicalcoInstagram: Rafael.micalco<\/p>\n","protected":false},"excerpt":{"rendered":"<p>A nadie le cabe duda del momento decisivo que atraviesa el pa\u00eds, despu\u00e9s de lo afirmado por dos expresidentes de M\u00e9xico en Espa\u00f1a, el que no lo quiera ver, no es ciego, es necio. El camino es uno y lo es, con imperante urgencia:sacar al peligro de Palacio Nacional. Lo haremos con voluntades ciudadanas en el 2024 porque construimos los triunfos con una base democr\u00e1tica y pac\u00edfica, tampoco es cambiar por cambiar,tampoco es el \u201cqu\u00edtate t\u00fa, para ponerme yo\u201d. Es tener la generosidad y aportar cada uno, a un proyecto de naci\u00f3n definido y justo, Acci\u00f3n Nacional quiere una Patria Ordenada y Generosa y una vida mejor y m\u00e1s digna para todos, es una manera concisa de enunciar el proyecto amplio y complejo que significa&hellip;<\/p>\n<p class=\"excerpt-more\"><a class=\"blog-excerpt button\" href=\"https:\/\/www.aliadospuebla.com\/?p=76006\">Leer m\u00e1s&#8230;<\/a><\/p>\n","protected":false},"author":2,"featured_media":76007,"comment_status":"open","ping_status":"open","sticky":false,"template":"","format":"standard","meta":{"_monsterinsights_skip_tracking":false,"footnotes":""},"categories":[9],"tags":[14839,3054,3756,7620,11059,20382],"class_list":["post-76006","post","type-post","status-publish","format-standard","has-post-thumbnail","hentry","category-columnas","tag-14839","tag-accion-nacional","tag-alianza","tag-fuerzas-politicas","tag-palacio-nacional","tag-proyecto-de-nacion"],"yoast_head":"<!-- This site is optimized with the Yoast SEO plugin v28.4 - https:\/\/yoast.com\/product\/yoast-seo-wordpress\/ -->\n<title>\u00bfDe qu\u00e9 depende la Alianza? - AliadosPuebla<\/title>\n<meta name=\"robots\" content=\"index, follow, max-snippet:-1, max-image-preview:large, max-video-preview:-1\" \/>\n<link rel=\"canonical\" href=\"https:\/\/www.aliadospuebla.com\/?p=76006\" \/>\n<meta property=\"og:locale\" content=\"es_ES\" \/>\n<meta property=\"og:type\" content=\"article\" \/>\n<meta property=\"og:title\" content=\"\u00bfDe qu\u00e9 depende la Alianza? - AliadosPuebla\" \/>\n<meta property=\"og:description\" content=\"A nadie le cabe duda del momento decisivo que atraviesa el pa\u00eds, despu\u00e9s de lo afirmado por dos expresidentes de M\u00e9xico en Espa\u00f1a, el que no lo quiera ver, no es ciego, es necio. El camino es uno y lo es, con imperante urgencia:sacar al peligro de Palacio Nacional. Lo haremos con voluntades ciudadanas en el 2024 porque construimos los triunfos con una base democr\u00e1tica y pac\u00edfica, tampoco es cambiar por cambiar,tampoco es el \u201cqu\u00edtate t\u00fa, para ponerme yo\u201d. Es tener la generosidad y aportar cada uno, a un proyecto de naci\u00f3n definido y justo, Acci\u00f3n Nacional quiere una Patria Ordenada y Generosa y una vida mejor y m\u00e1s digna para todos, es una manera concisa de enunciar el proyecto amplio y complejo que significa&hellip;Leer m\u00e1s...\" \/>\n<meta property=\"og:url\" content=\"https:\/\/www.aliadospuebla.com\/?p=76006\" \/>\n<meta property=\"og:site_name\" content=\"AliadosPuebla\" \/>\n<meta property=\"article:author\" content=\"https:\/\/www.facebook.com\/Aliados17Pue\" \/>\n<meta property=\"article:published_time\" content=\"2022-10-28T00:14:36+00:00\" \/>\n<meta property=\"og:image\" content=\"https:\/\/www.aliadospuebla.com\/web2017\/wp-content\/uploads\/2022\/10\/179.jpg\" \/>\n\t<meta property=\"og:image:width\" content=\"600\" \/>\n\t<meta property=\"og:image:height\" content=\"450\" \/>\n\t<meta property=\"og:image:type\" content=\"image\/jpeg\" \/>\n<meta name=\"author\" content=\"Aliados17\" \/>\n<meta name=\"twitter:card\" content=\"summary_large_image\" \/>\n<meta name=\"twitter:creator\" content=\"@AliadosPuebla\" \/>\n<meta name=\"twitter:label1\" content=\"Escrito por\" \/>\n\t<meta name=\"twitter:data1\" content=\"Aliados17\" \/>\n\t<meta name=\"twitter:label2\" content=\"Tiempo de lectura\" \/>\n\t<meta name=\"twitter:data2\" content=\"3 minutos\" \/>\n<script type=\"application\/ld+json\" class=\"yoast-schema-graph\">{\"@context\":\"https:\\\/\\\/schema.org\",\"@graph\":[{\"@type\":\"Article\",\"@id\":\"https:\\\/\\\/www.aliadospuebla.com\\\/?p=76006#article\",\"isPartOf\":{\"@id\":\"https:\\\/\\\/www.aliadospuebla.com\\\/?p=76006\"},\"author\":{\"name\":\"Aliados17\",\"@id\":\"https:\\\/\\\/www.aliadospuebla.com\\\/#\\\/schema\\\/person\\\/5da7dd09320bd4f392b710017ed5f8ad\"},\"headline\":\"\u00bfDe qu\u00e9 depende la Alianza?\",\"datePublished\":\"2022-10-28T00:14:36+00:00\",\"mainEntityOfPage\":{\"@id\":\"https:\\\/\\\/www.aliadospuebla.com\\\/?p=76006\"},\"wordCount\":525,\"commentCount\":0,\"image\":{\"@id\":\"https:\\\/\\\/www.aliadospuebla.com\\\/?p=76006#primaryimage\"},\"thumbnailUrl\":\"https:\\\/\\\/www.aliadospuebla.com\\\/web2017\\\/wp-content\\\/uploads\\\/2022\\\/10\\\/179.jpg\",\"keywords\":[\"2024\",\"ACCI\u00d3N NACIONAL\",\"ALIANZA\",\"FUERZAS POL\u00cdTICAS\",\"PALACIO NACIONAL\",\"proyecto de naci\u00f3n\"],\"articleSection\":[\"Columnas\"],\"inLanguage\":\"es\",\"potentialAction\":[{\"@type\":\"CommentAction\",\"name\":\"Comment\",\"target\":[\"https:\\\/\\\/www.aliadospuebla.com\\\/?p=76006#respond\"]}]},{\"@type\":\"WebPage\",\"@id\":\"https:\\\/\\\/www.aliadospuebla.com\\\/?p=76006\",\"url\":\"https:\\\/\\\/www.aliadospuebla.com\\\/?p=76006\",\"name\":\"\u00bfDe qu\u00e9 depende la Alianza? - AliadosPuebla\",\"isPartOf\":{\"@id\":\"https:\\\/\\\/www.aliadospuebla.com\\\/#website\"},\"primaryImageOfPage\":{\"@id\":\"https:\\\/\\\/www.aliadospuebla.com\\\/?p=76006#primaryimage\"},\"image\":{\"@id\":\"https:\\\/\\\/www.aliadospuebla.com\\\/?p=76006#primaryimage\"},\"thumbnailUrl\":\"https:\\\/\\\/www.aliadospuebla.com\\\/web2017\\\/wp-content\\\/uploads\\\/2022\\\/10\\\/179.jpg\",\"datePublished\":\"2022-10-28T00:14:36+00:00\",\"author\":{\"@id\":\"https:\\\/\\\/www.aliadospuebla.com\\\/#\\\/schema\\\/person\\\/5da7dd09320bd4f392b710017ed5f8ad\"},\"breadcrumb\":{\"@id\":\"https:\\\/\\\/www.aliadospuebla.com\\\/?p=76006#breadcrumb\"},\"inLanguage\":\"es\",\"potentialAction\":[{\"@type\":\"ReadAction\",\"target\":[\"https:\\\/\\\/www.aliadospuebla.com\\\/?p=76006\"]}]},{\"@type\":\"ImageObject\",\"inLanguage\":\"es\",\"@id\":\"https:\\\/\\\/www.aliadospuebla.com\\\/?p=76006#primaryimage\",\"url\":\"https:\\\/\\\/www.aliadospuebla.com\\\/web2017\\\/wp-content\\\/uploads\\\/2022\\\/10\\\/179.jpg\",\"contentUrl\":\"https:\\\/\\\/www.aliadospuebla.com\\\/web2017\\\/wp-content\\\/uploads\\\/2022\\\/10\\\/179.jpg\",\"width\":600,\"height\":450},{\"@type\":\"BreadcrumbList\",\"@id\":\"https:\\\/\\\/www.aliadospuebla.com\\\/?p=76006#breadcrumb\",\"itemListElement\":[{\"@type\":\"ListItem\",\"position\":1,\"name\":\"Portada\",\"item\":\"https:\\\/\\\/www.aliadospuebla.com\\\/\"},{\"@type\":\"ListItem\",\"position\":2,\"name\":\"\u00bfDe qu\u00e9 depende la Alianza?\"}]},{\"@type\":\"WebSite\",\"@id\":\"https:\\\/\\\/www.aliadospuebla.com\\\/#website\",\"url\":\"https:\\\/\\\/www.aliadospuebla.com\\\/\",\"name\":\"AliadosPuebla\",\"description\":\"La informaci\u00f3n en tus manos\",\"potentialAction\":[{\"@type\":\"SearchAction\",\"target\":{\"@type\":\"EntryPoint\",\"urlTemplate\":\"https:\\\/\\\/www.aliadospuebla.com\\\/?s={search_term_string}\"},\"query-input\":{\"@type\":\"PropertyValueSpecification\",\"valueRequired\":true,\"valueName\":\"search_term_string\"}}],\"inLanguage\":\"es\"},{\"@type\":\"Person\",\"@id\":\"https:\\\/\\\/www.aliadospuebla.com\\\/#\\\/schema\\\/person\\\/5da7dd09320bd4f392b710017ed5f8ad\",\"name\":\"Aliados17\",\"image\":{\"@type\":\"ImageObject\",\"inLanguage\":\"es\",\"@id\":\"https:\\\/\\\/www.aliadospuebla.com\\\/web2017\\\/wp-content\\\/uploads\\\/2025\\\/03\\\/cropped-para-perfil-8-anos-1-96x96.jpg\",\"url\":\"https:\\\/\\\/www.aliadospuebla.com\\\/web2017\\\/wp-content\\\/uploads\\\/2025\\\/03\\\/cropped-para-perfil-8-anos-1-96x96.jpg\",\"contentUrl\":\"https:\\\/\\\/www.aliadospuebla.com\\\/web2017\\\/wp-content\\\/uploads\\\/2025\\\/03\\\/cropped-para-perfil-8-anos-1-96x96.jpg\",\"caption\":\"Aliados17\"},\"sameAs\":[\"https:\\\/\\\/www.aliados17.com\",\"https:\\\/\\\/www.facebook.com\\\/Aliados17Pue\",\"https:\\\/\\\/x.com\\\/AliadosPuebla\"],\"url\":\"https:\\\/\\\/www.aliadospuebla.com\\\/?author=2\"}]}<\/script>\n<!-- \/ Yoast SEO plugin. -->","yoast_head_json":{"title":"\u00bfDe qu\u00e9 depende la Alianza? - AliadosPuebla","robots":{"index":"index","follow":"follow","max-snippet":"max-snippet:-1","max-image-preview":"max-image-preview:large","max-video-preview":"max-video-preview:-1"},"canonical":"https:\/\/www.aliadospuebla.com\/?p=76006","og_locale":"es_ES","og_type":"article","og_title":"\u00bfDe qu\u00e9 depende la Alianza? - AliadosPuebla","og_description":"A nadie le cabe duda del momento decisivo que atraviesa el pa\u00eds, despu\u00e9s de lo afirmado por dos expresidentes de M\u00e9xico en Espa\u00f1a, el que no lo quiera ver, no es ciego, es necio. El camino es uno y lo es, con imperante urgencia:sacar al peligro de Palacio Nacional. Lo haremos con voluntades ciudadanas en el 2024 porque construimos los triunfos con una base democr\u00e1tica y pac\u00edfica, tampoco es cambiar por cambiar,tampoco es el \u201cqu\u00edtate t\u00fa, para ponerme yo\u201d. Es tener la generosidad y aportar cada uno, a un proyecto de naci\u00f3n definido y justo, Acci\u00f3n Nacional quiere una Patria Ordenada y Generosa y una vida mejor y m\u00e1s digna para todos, es una manera concisa de enunciar el proyecto amplio y complejo que significa&hellip;Leer m\u00e1s...","og_url":"https:\/\/www.aliadospuebla.com\/?p=76006","og_site_name":"AliadosPuebla","article_author":"https:\/\/www.facebook.com\/Aliados17Pue","article_published_time":"2022-10-28T00:14:36+00:00","og_image":[{"width":600,"height":450,"url":"https:\/\/www.aliadospuebla.com\/web2017\/wp-content\/uploads\/2022\/10\/179.jpg","type":"image\/jpeg"}],"author":"Aliados17","twitter_card":"summary_large_image","twitter_creator":"@AliadosPuebla","twitter_misc":{"Escrito por":"Aliados17","Tiempo de lectura":"3 minutos"},"schema":{"@context":"https:\/\/schema.org","@graph":[{"@type":"Article","@id":"https:\/\/www.aliadospuebla.com\/?p=76006#article","isPartOf":{"@id":"https:\/\/www.aliadospuebla.com\/?p=76006"},"author":{"name":"Aliados17","@id":"https:\/\/www.aliadospuebla.com\/#\/schema\/person\/5da7dd09320bd4f392b710017ed5f8ad"},"headline":"\u00bfDe qu\u00e9 depende la Alianza?","datePublished":"2022-10-28T00:14:36+00:00","mainEntityOfPage":{"@id":"https:\/\/www.aliadospuebla.com\/?p=76006"},"wordCount":525,"commentCount":0,"image":{"@id":"https:\/\/www.aliadospuebla.com\/?p=76006#primaryimage"},"thumbnailUrl":"https:\/\/www.aliadospuebla.com\/web2017\/wp-content\/uploads\/2022\/10\/179.jpg","keywords":["2024","ACCI\u00d3N NACIONAL","ALIANZA","FUERZAS POL\u00cdTICAS","PALACIO NACIONAL","proyecto de naci\u00f3n"],"articleSection":["Columnas"],"inLanguage":"es","potentialAction":[{"@type":"CommentAction","name":"Comment","target":["https:\/\/www.aliadospuebla.com\/?p=76006#respond"]}]},{"@type":"WebPage","@id":"https:\/\/www.aliadospuebla.com\/?p=76006","url":"https:\/\/www.aliadospuebla.com\/?p=76006","name":"\u00bfDe qu\u00e9 depende la Alianza? - AliadosPuebla","isPartOf":{"@id":"https:\/\/www.aliadospuebla.com\/#website"},"primaryImageOfPage":{"@id":"https:\/\/www.aliadospuebla.com\/?p=76006#primaryimage"},"image":{"@id":"https:\/\/www.aliadospuebla.com\/?p=76006#primaryimage"},"thumbnailUrl":"https:\/\/www.aliadospuebla.com\/web2017\/wp-content\/uploads\/2022\/10\/179.jpg","datePublished":"2022-10-28T00:14:36+00:00","author":{"@id":"https:\/\/www.aliadospuebla.com\/#\/schema\/person\/5da7dd09320bd4f392b710017ed5f8ad"},"breadcrumb":{"@id":"https:\/\/www.aliadospuebla.com\/?p=76006#breadcrumb"},"inLanguage":"es","potentialAction":[{"@type":"ReadAction","target":["https:\/\/www.aliadospuebla.com\/?p=76006"]}]},{"@type":"ImageObject","inLanguage":"es","@id":"https:\/\/www.aliadospuebla.com\/?p=76006#primaryimage","url":"https:\/\/www.aliadospuebla.com\/web2017\/wp-content\/uploads\/2022\/10\/179.jpg","contentUrl":"https:\/\/www.aliadospuebla.com\/web2017\/wp-content\/uploads\/2022\/10\/179.jpg","width":600,"height":450},{"@type":"BreadcrumbList","@id":"https:\/\/www.aliadospuebla.com\/?p=76006#breadcrumb","itemListElement":[{"@type":"ListItem","position":1,"name":"Portada","item":"https:\/\/www.aliadospuebla.com\/"},{"@type":"ListItem","position":2,"name":"\u00bfDe qu\u00e9 depende la Alianza?"}]},{"@type":"WebSite","@id":"https:\/\/www.aliadospuebla.com\/#website","url":"https:\/\/www.aliadospuebla.com\/","name":"AliadosPuebla","description":"La informaci\u00f3n en tus manos","potentialAction":[{"@type":"SearchAction","target":{"@type":"EntryPoint","urlTemplate":"https:\/\/www.aliadospuebla.com\/?s={search_term_string}"},"query-input":{"@type":"PropertyValueSpecification","valueRequired":true,"valueName":"search_term_string"}}],"inLanguage":"es"},{"@type":"Person","@id":"https:\/\/www.aliadospuebla.com\/#\/schema\/person\/5da7dd09320bd4f392b710017ed5f8ad","name":"Aliados17","image":{"@type":"ImageObject","inLanguage":"es","@id":"https:\/\/www.aliadospuebla.com\/web2017\/wp-content\/uploads\/2025\/03\/cropped-para-perfil-8-anos-1-96x96.jpg","url":"https:\/\/www.aliadospuebla.com\/web2017\/wp-content\/uploads\/2025\/03\/cropped-para-perfil-8-anos-1-96x96.jpg","contentUrl":"https:\/\/www.aliadospuebla.com\/web2017\/wp-content\/uploads\/2025\/03\/cropped-para-perfil-8-anos-1-96x96.jpg","caption":"Aliados17"},"sameAs":["https:\/\/www.aliados17.com","https:\/\/www.facebook.com\/Aliados17Pue","https:\/\/x.com\/AliadosPuebla"],"url":"https:\/\/www.aliadospuebla.com\/?author=2"}]}},"views":7,"_links":{"self":[{"href":"https:\/\/www.aliadospuebla.com\/index.php?rest_route=\/wp\/v2\/posts\/76006","targetHints":{"allow":["GET"]}}],"collection":[{"href":"https:\/\/www.aliadospuebla.com\/index.php?rest_route=\/wp\/v2\/posts"}],"about":[{"href":"https:\/\/www.aliadospuebla.com\/index.php?rest_route=\/wp\/v2\/types\/post"}],"author":[{"embeddable":true,"href":"https:\/\/www.aliadospuebla.com\/index.php?rest_route=\/wp\/v2\/users\/2"}],"replies":[{"embeddable":true,"href":"https:\/\/www.aliadospuebla.com\/index.php?rest_route=%2Fwp%2Fv2%2Fcomments&post=76006"}],"version-history":[{"count":1,"href":"https:\/\/www.aliadospuebla.com\/index.php?rest_route=\/wp\/v2\/posts\/76006\/revisions"}],"predecessor-version":[{"id":76008,"href":"https:\/\/www.aliadospuebla.com\/index.php?rest_route=\/wp\/v2\/posts\/76006\/revisions\/76008"}],"wp:featuredmedia":[{"embeddable":true,"href":"https:\/\/www.aliadospuebla.com\/index.php?rest_route=\/wp\/v2\/media\/76007"}],"wp:attachment":[{"href":"https:\/\/www.aliadospuebla.com\/index.php?rest_route=%2Fwp%2Fv2%2Fmedia&parent=76006"}],"wp:term":[{"taxonomy":"category","embeddable":true,"href":"https:\/\/www.aliadospuebla.com\/index.php?rest_route=%2Fwp%2Fv2%2Fcategories&post=76006"},{"taxonomy":"post_tag","embeddable":true,"href":"https:\/\/www.aliadospuebla.com\/index.php?rest_route=%2Fwp%2Fv2%2Ftags&post=76006"}],"curies":[{"name":"wp","href":"https:\/\/api.w.org\/{rel}","templated":true}]}}