{"id":75687,"date":"2022-10-12T00:07:55","date_gmt":"2022-10-12T05:07:55","guid":{"rendered":"https:\/\/www.aliados17.com\/?p=75687"},"modified":"2022-10-12T00:07:55","modified_gmt":"2022-10-12T05:07:55","slug":"necesario-reconocer-la-violencia-acida-nestor-camarillo","status":"publish","type":"post","link":"https:\/\/www.aliadospuebla.com\/?p=75687","title":{"rendered":"NECESARIO RECONOCER LA VIOLENCIA \u00c1CIDA: N\u00c9STOR CAMARILLO"},"content":{"rendered":"<p>Con el prop\u00f3sito de reconocer y exponer el peligro que representan<\/p>\n<p>las agresiones contra mujeres usando sustancias corrosivas<\/p>\n<p>y ser una de las formas de violencia extrema que existen en M\u00e9xico,<\/p>\n<p>despu\u00e9s del feminicidio, el presidente de la Mesa Directiva del Congreso<\/p>\n<p>del Estado de Puebla, diputado<strong> N\u00e9stor Camarillo Medina<\/strong>, convoc\u00f3 al foro<\/p>\n<p>\u201c<strong>Violencia \u00c1cida<\/strong>\u201d, en la sede del Poder Legislativo.<\/p>\n<p><strong>Camarillo Medina<\/strong> se\u00f1al\u00f3 que los delitos contra las mujeres se han agravado,<\/p>\n<p>no s\u00f3lo porque el n\u00famero aumenta, sino porque la violencia se diversifica,<\/p>\n<p>pues asever\u00f3 que, tan s\u00f3lo en este a\u00f1o, en Puebla han ocurrido dos agresiones con \u00e1cido,<\/p>\n<p>sin que los casos hayan sido resueltos hasta el momento,<\/p>\n<p>debido a que las leyes existentes no permiten que las v\u00edctimas accedan a la justicia,<\/p>\n<p>pues la \u00abviolencia \u00e1cida\u00bb no est\u00e1 contemplada en la Ley,<\/p>\n<p>a pesar de que provoca graves secuelas, tanto f\u00edsicas como psicol\u00f3gicas.<\/p>\n<h4>Lament\u00f3 que Puebla destaque a nivel nacional por los casos de agresiones con \u00e1cido a mujeres, despu\u00e9s de Ciudad de M\u00e9xico y el Estado de M\u00e9xico.<\/h4>\n<p>De acuerdo con la Fundaci\u00f3n Carmen S\u00e1nchez, en dos d\u00e9cadas,<\/p>\n<p>han sido atacadas 28 mujeres con sustancias corrosivas, de las cuales 22 han logrado sobrevivir.<\/p>\n<p>En dicho foro se inform\u00f3 que el 50 por ciento de los casos el autor intelectual fue un hombre,<\/p>\n<p>mientras que el 90 por ciento el ataque ha ido dirigido al rostro.<\/p>\n<p>La mayor\u00eda de los cr\u00edmenes se cometieron en la calle, pero cuatro de ellos en la puerta de su casa.<\/p>\n<p><strong>Camarillo Medina<\/strong> destac\u00f3 que se deben buscar mecanismos oportunos para inhibir la violencia \u00e1cida, a trav\u00e9s de penas ejemplares y promover que las autoridades construyan los protocolos necesarios para que las v\u00edctimas reciban atenci\u00f3n, acompa\u00f1amiento y justicia.<br \/>\nEn dicho acto, se cont\u00f3 con la participaci\u00f3n de las panelistas: Ximena Reyes Canseco, Vicepresidenta de la Fundaci\u00f3n Carmen S\u00e1nchez; Carmen S\u00e1nchez, Presidenta de la Fundaci\u00f3n Carmen S\u00e1nchez, la doctora Leslie Moreno Mu\u00f1oz y Esmeralda Milll\u00e1n y Andrea Flores sobrevivientes al ataque con \u00e1cido.<\/p>\n","protected":false},"excerpt":{"rendered":"<p>Con el prop\u00f3sito de reconocer y exponer el peligro que representan las agresiones contra mujeres usando sustancias corrosivas y ser una de las formas de violencia extrema que existen en M\u00e9xico, despu\u00e9s del feminicidio, el presidente de la Mesa Directiva del Congreso del Estado de Puebla, diputado N\u00e9stor Camarillo Medina, convoc\u00f3 al foro \u201cViolencia \u00c1cida\u201d, en la sede del Poder Legislativo. Camarillo Medina se\u00f1al\u00f3 que los delitos contra las mujeres se han agravado, no s\u00f3lo porque el n\u00famero aumenta, sino porque la violencia se diversifica, pues asever\u00f3 que, tan s\u00f3lo en este a\u00f1o, en Puebla han ocurrido dos agresiones con \u00e1cido, sin que los casos hayan sido resueltos hasta el momento, debido a que las leyes existentes no permiten que las v\u00edctimas accedan a la&hellip;<\/p>\n<p class=\"excerpt-more\"><a class=\"blog-excerpt button\" href=\"https:\/\/www.aliadospuebla.com\/?p=75687\">Leer m\u00e1s&#8230;<\/a><\/p>\n","protected":false},"author":2,"featured_media":75688,"comment_status":"open","ping_status":"open","sticky":false,"template":"","format":"standard","meta":{"_monsterinsights_skip_tracking":false,"footnotes":""},"categories":[6],"tags":[2707,12869,20268,20267],"class_list":["post-75687","post","type-post","status-publish","format-standard","has-post-thumbnail","hentry","category-politica","tag-agresiones","tag-nestor-camarillo-medina","tag-sustancias-corrosivas","tag-violencia-acida"],"yoast_head":"<!-- This site is optimized with the Yoast SEO plugin v28.3 - https:\/\/yoast.com\/product\/yoast-seo-wordpress\/ -->\n<title>NECESARIO RECONOCER LA VIOLENCIA \u00c1CIDA: N\u00c9STOR CAMARILLO - AliadosPuebla<\/title>\n<meta name=\"robots\" content=\"index, follow, max-snippet:-1, max-image-preview:large, max-video-preview:-1\" \/>\n<link rel=\"canonical\" href=\"https:\/\/www.aliadospuebla.com\/?p=75687\" \/>\n<meta property=\"og:locale\" content=\"es_ES\" \/>\n<meta property=\"og:type\" content=\"article\" \/>\n<meta property=\"og:title\" content=\"NECESARIO RECONOCER LA VIOLENCIA \u00c1CIDA: N\u00c9STOR CAMARILLO - AliadosPuebla\" \/>\n<meta property=\"og:description\" content=\"Con el prop\u00f3sito de reconocer y exponer el peligro que representan las agresiones contra mujeres usando sustancias corrosivas y ser una de las formas de violencia extrema que existen en M\u00e9xico, despu\u00e9s del feminicidio, el presidente de la Mesa Directiva del Congreso del Estado de Puebla, diputado N\u00e9stor Camarillo Medina, convoc\u00f3 al foro \u201cViolencia \u00c1cida\u201d, en la sede del Poder Legislativo. Camarillo Medina se\u00f1al\u00f3 que los delitos contra las mujeres se han agravado, no s\u00f3lo porque el n\u00famero aumenta, sino porque la violencia se diversifica, pues asever\u00f3 que, tan s\u00f3lo en este a\u00f1o, en Puebla han ocurrido dos agresiones con \u00e1cido, sin que los casos hayan sido resueltos hasta el momento, debido a que las leyes existentes no permiten que las v\u00edctimas accedan a la&hellip;Leer m\u00e1s...\" \/>\n<meta property=\"og:url\" content=\"https:\/\/www.aliadospuebla.com\/?p=75687\" \/>\n<meta property=\"og:site_name\" content=\"AliadosPuebla\" \/>\n<meta property=\"article:author\" content=\"https:\/\/www.facebook.com\/Aliados17Pue\" \/>\n<meta property=\"article:published_time\" content=\"2022-10-12T05:07:55+00:00\" \/>\n<meta property=\"og:image\" content=\"https:\/\/www.aliadospuebla.com\/web2017\/wp-content\/uploads\/2022\/10\/075.jpg\" \/>\n\t<meta property=\"og:image:width\" content=\"600\" \/>\n\t<meta property=\"og:image:height\" content=\"450\" \/>\n\t<meta property=\"og:image:type\" content=\"image\/jpeg\" \/>\n<meta name=\"author\" content=\"Aliados17\" \/>\n<meta name=\"twitter:card\" content=\"summary_large_image\" \/>\n<meta name=\"twitter:creator\" content=\"@AliadosPuebla\" \/>\n<meta name=\"twitter:label1\" content=\"Escrito por\" \/>\n\t<meta name=\"twitter:data1\" content=\"Aliados17\" \/>\n\t<meta name=\"twitter:label2\" content=\"Tiempo de lectura\" \/>\n\t<meta name=\"twitter:data2\" content=\"2 minutos\" \/>\n<script type=\"application\/ld+json\" class=\"yoast-schema-graph\">{\"@context\":\"https:\\\/\\\/schema.org\",\"@graph\":[{\"@type\":\"Article\",\"@id\":\"https:\\\/\\\/www.aliadospuebla.com\\\/?p=75687#article\",\"isPartOf\":{\"@id\":\"https:\\\/\\\/www.aliadospuebla.com\\\/?p=75687\"},\"author\":{\"name\":\"Aliados17\",\"@id\":\"https:\\\/\\\/www.aliadospuebla.com\\\/#\\\/schema\\\/person\\\/5da7dd09320bd4f392b710017ed5f8ad\"},\"headline\":\"NECESARIO RECONOCER LA VIOLENCIA \u00c1CIDA: N\u00c9STOR CAMARILLO\",\"datePublished\":\"2022-10-12T05:07:55+00:00\",\"mainEntityOfPage\":{\"@id\":\"https:\\\/\\\/www.aliadospuebla.com\\\/?p=75687\"},\"wordCount\":367,\"commentCount\":0,\"image\":{\"@id\":\"https:\\\/\\\/www.aliadospuebla.com\\\/?p=75687#primaryimage\"},\"thumbnailUrl\":\"https:\\\/\\\/www.aliadospuebla.com\\\/web2017\\\/wp-content\\\/uploads\\\/2022\\\/10\\\/075.jpg\",\"keywords\":[\"AGRESIONES\",\"N\u00e9stor Camarillo Medina\",\"sustancias corrosivas\",\"violencia \u00e1cida\"],\"articleSection\":[\"Pol\u00edtica\"],\"inLanguage\":\"es\",\"potentialAction\":[{\"@type\":\"CommentAction\",\"name\":\"Comment\",\"target\":[\"https:\\\/\\\/www.aliadospuebla.com\\\/?p=75687#respond\"]}]},{\"@type\":\"WebPage\",\"@id\":\"https:\\\/\\\/www.aliadospuebla.com\\\/?p=75687\",\"url\":\"https:\\\/\\\/www.aliadospuebla.com\\\/?p=75687\",\"name\":\"NECESARIO RECONOCER LA VIOLENCIA \u00c1CIDA: N\u00c9STOR CAMARILLO - AliadosPuebla\",\"isPartOf\":{\"@id\":\"https:\\\/\\\/www.aliadospuebla.com\\\/#website\"},\"primaryImageOfPage\":{\"@id\":\"https:\\\/\\\/www.aliadospuebla.com\\\/?p=75687#primaryimage\"},\"image\":{\"@id\":\"https:\\\/\\\/www.aliadospuebla.com\\\/?p=75687#primaryimage\"},\"thumbnailUrl\":\"https:\\\/\\\/www.aliadospuebla.com\\\/web2017\\\/wp-content\\\/uploads\\\/2022\\\/10\\\/075.jpg\",\"datePublished\":\"2022-10-12T05:07:55+00:00\",\"author\":{\"@id\":\"https:\\\/\\\/www.aliadospuebla.com\\\/#\\\/schema\\\/person\\\/5da7dd09320bd4f392b710017ed5f8ad\"},\"breadcrumb\":{\"@id\":\"https:\\\/\\\/www.aliadospuebla.com\\\/?p=75687#breadcrumb\"},\"inLanguage\":\"es\",\"potentialAction\":[{\"@type\":\"ReadAction\",\"target\":[\"https:\\\/\\\/www.aliadospuebla.com\\\/?p=75687\"]}]},{\"@type\":\"ImageObject\",\"inLanguage\":\"es\",\"@id\":\"https:\\\/\\\/www.aliadospuebla.com\\\/?p=75687#primaryimage\",\"url\":\"https:\\\/\\\/www.aliadospuebla.com\\\/web2017\\\/wp-content\\\/uploads\\\/2022\\\/10\\\/075.jpg\",\"contentUrl\":\"https:\\\/\\\/www.aliadospuebla.com\\\/web2017\\\/wp-content\\\/uploads\\\/2022\\\/10\\\/075.jpg\",\"width\":600,\"height\":450},{\"@type\":\"BreadcrumbList\",\"@id\":\"https:\\\/\\\/www.aliadospuebla.com\\\/?p=75687#breadcrumb\",\"itemListElement\":[{\"@type\":\"ListItem\",\"position\":1,\"name\":\"Portada\",\"item\":\"https:\\\/\\\/www.aliadospuebla.com\\\/\"},{\"@type\":\"ListItem\",\"position\":2,\"name\":\"NECESARIO RECONOCER LA VIOLENCIA \u00c1CIDA: N\u00c9STOR CAMARILLO\"}]},{\"@type\":\"WebSite\",\"@id\":\"https:\\\/\\\/www.aliadospuebla.com\\\/#website\",\"url\":\"https:\\\/\\\/www.aliadospuebla.com\\\/\",\"name\":\"AliadosPuebla\",\"description\":\"La informaci\u00f3n en tus manos\",\"potentialAction\":[{\"@type\":\"SearchAction\",\"target\":{\"@type\":\"EntryPoint\",\"urlTemplate\":\"https:\\\/\\\/www.aliadospuebla.com\\\/?s={search_term_string}\"},\"query-input\":{\"@type\":\"PropertyValueSpecification\",\"valueRequired\":true,\"valueName\":\"search_term_string\"}}],\"inLanguage\":\"es\"},{\"@type\":\"Person\",\"@id\":\"https:\\\/\\\/www.aliadospuebla.com\\\/#\\\/schema\\\/person\\\/5da7dd09320bd4f392b710017ed5f8ad\",\"name\":\"Aliados17\",\"image\":{\"@type\":\"ImageObject\",\"inLanguage\":\"es\",\"@id\":\"https:\\\/\\\/www.aliadospuebla.com\\\/web2017\\\/wp-content\\\/uploads\\\/2025\\\/03\\\/cropped-para-perfil-8-anos-1-96x96.jpg\",\"url\":\"https:\\\/\\\/www.aliadospuebla.com\\\/web2017\\\/wp-content\\\/uploads\\\/2025\\\/03\\\/cropped-para-perfil-8-anos-1-96x96.jpg\",\"contentUrl\":\"https:\\\/\\\/www.aliadospuebla.com\\\/web2017\\\/wp-content\\\/uploads\\\/2025\\\/03\\\/cropped-para-perfil-8-anos-1-96x96.jpg\",\"caption\":\"Aliados17\"},\"sameAs\":[\"https:\\\/\\\/www.aliados17.com\",\"https:\\\/\\\/www.facebook.com\\\/Aliados17Pue\",\"https:\\\/\\\/x.com\\\/AliadosPuebla\"],\"url\":\"https:\\\/\\\/www.aliadospuebla.com\\\/?author=2\"}]}<\/script>\n<!-- \/ Yoast SEO plugin. -->","yoast_head_json":{"title":"NECESARIO RECONOCER LA VIOLENCIA \u00c1CIDA: N\u00c9STOR CAMARILLO - AliadosPuebla","robots":{"index":"index","follow":"follow","max-snippet":"max-snippet:-1","max-image-preview":"max-image-preview:large","max-video-preview":"max-video-preview:-1"},"canonical":"https:\/\/www.aliadospuebla.com\/?p=75687","og_locale":"es_ES","og_type":"article","og_title":"NECESARIO RECONOCER LA VIOLENCIA \u00c1CIDA: N\u00c9STOR CAMARILLO - AliadosPuebla","og_description":"Con el prop\u00f3sito de reconocer y exponer el peligro que representan las agresiones contra mujeres usando sustancias corrosivas y ser una de las formas de violencia extrema que existen en M\u00e9xico, despu\u00e9s del feminicidio, el presidente de la Mesa Directiva del Congreso del Estado de Puebla, diputado N\u00e9stor Camarillo Medina, convoc\u00f3 al foro \u201cViolencia \u00c1cida\u201d, en la sede del Poder Legislativo. Camarillo Medina se\u00f1al\u00f3 que los delitos contra las mujeres se han agravado, no s\u00f3lo porque el n\u00famero aumenta, sino porque la violencia se diversifica, pues asever\u00f3 que, tan s\u00f3lo en este a\u00f1o, en Puebla han ocurrido dos agresiones con \u00e1cido, sin que los casos hayan sido resueltos hasta el momento, debido a que las leyes existentes no permiten que las v\u00edctimas accedan a la&hellip;Leer m\u00e1s...","og_url":"https:\/\/www.aliadospuebla.com\/?p=75687","og_site_name":"AliadosPuebla","article_author":"https:\/\/www.facebook.com\/Aliados17Pue","article_published_time":"2022-10-12T05:07:55+00:00","og_image":[{"width":600,"height":450,"url":"https:\/\/www.aliadospuebla.com\/web2017\/wp-content\/uploads\/2022\/10\/075.jpg","type":"image\/jpeg"}],"author":"Aliados17","twitter_card":"summary_large_image","twitter_creator":"@AliadosPuebla","twitter_misc":{"Escrito por":"Aliados17","Tiempo de lectura":"2 minutos"},"schema":{"@context":"https:\/\/schema.org","@graph":[{"@type":"Article","@id":"https:\/\/www.aliadospuebla.com\/?p=75687#article","isPartOf":{"@id":"https:\/\/www.aliadospuebla.com\/?p=75687"},"author":{"name":"Aliados17","@id":"https:\/\/www.aliadospuebla.com\/#\/schema\/person\/5da7dd09320bd4f392b710017ed5f8ad"},"headline":"NECESARIO RECONOCER LA VIOLENCIA \u00c1CIDA: N\u00c9STOR CAMARILLO","datePublished":"2022-10-12T05:07:55+00:00","mainEntityOfPage":{"@id":"https:\/\/www.aliadospuebla.com\/?p=75687"},"wordCount":367,"commentCount":0,"image":{"@id":"https:\/\/www.aliadospuebla.com\/?p=75687#primaryimage"},"thumbnailUrl":"https:\/\/www.aliadospuebla.com\/web2017\/wp-content\/uploads\/2022\/10\/075.jpg","keywords":["AGRESIONES","N\u00e9stor Camarillo Medina","sustancias corrosivas","violencia \u00e1cida"],"articleSection":["Pol\u00edtica"],"inLanguage":"es","potentialAction":[{"@type":"CommentAction","name":"Comment","target":["https:\/\/www.aliadospuebla.com\/?p=75687#respond"]}]},{"@type":"WebPage","@id":"https:\/\/www.aliadospuebla.com\/?p=75687","url":"https:\/\/www.aliadospuebla.com\/?p=75687","name":"NECESARIO RECONOCER LA VIOLENCIA \u00c1CIDA: N\u00c9STOR CAMARILLO - AliadosPuebla","isPartOf":{"@id":"https:\/\/www.aliadospuebla.com\/#website"},"primaryImageOfPage":{"@id":"https:\/\/www.aliadospuebla.com\/?p=75687#primaryimage"},"image":{"@id":"https:\/\/www.aliadospuebla.com\/?p=75687#primaryimage"},"thumbnailUrl":"https:\/\/www.aliadospuebla.com\/web2017\/wp-content\/uploads\/2022\/10\/075.jpg","datePublished":"2022-10-12T05:07:55+00:00","author":{"@id":"https:\/\/www.aliadospuebla.com\/#\/schema\/person\/5da7dd09320bd4f392b710017ed5f8ad"},"breadcrumb":{"@id":"https:\/\/www.aliadospuebla.com\/?p=75687#breadcrumb"},"inLanguage":"es","potentialAction":[{"@type":"ReadAction","target":["https:\/\/www.aliadospuebla.com\/?p=75687"]}]},{"@type":"ImageObject","inLanguage":"es","@id":"https:\/\/www.aliadospuebla.com\/?p=75687#primaryimage","url":"https:\/\/www.aliadospuebla.com\/web2017\/wp-content\/uploads\/2022\/10\/075.jpg","contentUrl":"https:\/\/www.aliadospuebla.com\/web2017\/wp-content\/uploads\/2022\/10\/075.jpg","width":600,"height":450},{"@type":"BreadcrumbList","@id":"https:\/\/www.aliadospuebla.com\/?p=75687#breadcrumb","itemListElement":[{"@type":"ListItem","position":1,"name":"Portada","item":"https:\/\/www.aliadospuebla.com\/"},{"@type":"ListItem","position":2,"name":"NECESARIO RECONOCER LA VIOLENCIA \u00c1CIDA: N\u00c9STOR CAMARILLO"}]},{"@type":"WebSite","@id":"https:\/\/www.aliadospuebla.com\/#website","url":"https:\/\/www.aliadospuebla.com\/","name":"AliadosPuebla","description":"La informaci\u00f3n en tus manos","potentialAction":[{"@type":"SearchAction","target":{"@type":"EntryPoint","urlTemplate":"https:\/\/www.aliadospuebla.com\/?s={search_term_string}"},"query-input":{"@type":"PropertyValueSpecification","valueRequired":true,"valueName":"search_term_string"}}],"inLanguage":"es"},{"@type":"Person","@id":"https:\/\/www.aliadospuebla.com\/#\/schema\/person\/5da7dd09320bd4f392b710017ed5f8ad","name":"Aliados17","image":{"@type":"ImageObject","inLanguage":"es","@id":"https:\/\/www.aliadospuebla.com\/web2017\/wp-content\/uploads\/2025\/03\/cropped-para-perfil-8-anos-1-96x96.jpg","url":"https:\/\/www.aliadospuebla.com\/web2017\/wp-content\/uploads\/2025\/03\/cropped-para-perfil-8-anos-1-96x96.jpg","contentUrl":"https:\/\/www.aliadospuebla.com\/web2017\/wp-content\/uploads\/2025\/03\/cropped-para-perfil-8-anos-1-96x96.jpg","caption":"Aliados17"},"sameAs":["https:\/\/www.aliados17.com","https:\/\/www.facebook.com\/Aliados17Pue","https:\/\/x.com\/AliadosPuebla"],"url":"https:\/\/www.aliadospuebla.com\/?author=2"}]}},"views":6,"_links":{"self":[{"href":"https:\/\/www.aliadospuebla.com\/index.php?rest_route=\/wp\/v2\/posts\/75687","targetHints":{"allow":["GET"]}}],"collection":[{"href":"https:\/\/www.aliadospuebla.com\/index.php?rest_route=\/wp\/v2\/posts"}],"about":[{"href":"https:\/\/www.aliadospuebla.com\/index.php?rest_route=\/wp\/v2\/types\/post"}],"author":[{"embeddable":true,"href":"https:\/\/www.aliadospuebla.com\/index.php?rest_route=\/wp\/v2\/users\/2"}],"replies":[{"embeddable":true,"href":"https:\/\/www.aliadospuebla.com\/index.php?rest_route=%2Fwp%2Fv2%2Fcomments&post=75687"}],"version-history":[{"count":1,"href":"https:\/\/www.aliadospuebla.com\/index.php?rest_route=\/wp\/v2\/posts\/75687\/revisions"}],"predecessor-version":[{"id":75689,"href":"https:\/\/www.aliadospuebla.com\/index.php?rest_route=\/wp\/v2\/posts\/75687\/revisions\/75689"}],"wp:featuredmedia":[{"embeddable":true,"href":"https:\/\/www.aliadospuebla.com\/index.php?rest_route=\/wp\/v2\/media\/75688"}],"wp:attachment":[{"href":"https:\/\/www.aliadospuebla.com\/index.php?rest_route=%2Fwp%2Fv2%2Fmedia&parent=75687"}],"wp:term":[{"taxonomy":"category","embeddable":true,"href":"https:\/\/www.aliadospuebla.com\/index.php?rest_route=%2Fwp%2Fv2%2Fcategories&post=75687"},{"taxonomy":"post_tag","embeddable":true,"href":"https:\/\/www.aliadospuebla.com\/index.php?rest_route=%2Fwp%2Fv2%2Ftags&post=75687"}],"curies":[{"name":"wp","href":"https:\/\/api.w.org\/{rel}","templated":true}]}}