{"id":75052,"date":"2022-09-06T10:40:30","date_gmt":"2022-09-06T15:40:30","guid":{"rendered":"https:\/\/www.aliados17.com\/?p=75052"},"modified":"2022-09-06T10:40:30","modified_gmt":"2022-09-06T15:40:30","slug":"aplauden-presidentes-de-comunidades-de-tlaxcala-capital-lanzamiento-de-marca-turistica","status":"publish","type":"post","link":"https:\/\/www.aliadospuebla.com\/?p=75052","title":{"rendered":"Aplauden presidentes de comunidades de Tlaxcala capital lanzamiento de marca tur\u00edstica"},"content":{"rendered":"<ul>\n<li>\n<h4><em>Coincidieron en que la llegada de m\u00e1s visitantes impactar\u00e1 positivamente en la generaci\u00f3n de empleo y derrama econ\u00f3mica en las 11 comunidades que integran el municipio capitalino<\/em><\/h4>\n<\/li>\n<\/ul>\n<p>Representantes de las presidencias de comunidades del Municipio de Tlaxcala,<\/p>\n<p>aplaudieron la iniciativa del alcalde, <strong>Jorge Corichi,<\/strong> de promocionar los atractivos<\/p>\n<p>de nuestro municipio a trav\u00e9s la creaci\u00f3n de la marca tur\u00edstica \u201cTlaxcala, capital origen de M\u00e9xico\u201d,<\/p>\n<p>presentada en el Castillo de Chapultepec, en CDMX.<\/p>\n<p>La presidenta de comunidad de San Gabriel Cuauhtla, Claudia S\u00e1nchez Ojeda,<\/p>\n<p>destac\u00f3 que la marca tur\u00edstica es una oportunidad para que el comercio local reactive su econom\u00eda.<\/p>\n<p>\u201cFelicitamos al presidente, <strong>Jorge Corichi<\/strong>, por impulsar el turismo para Tlaxcala,<\/p>\n<p>la promoci\u00f3n es importante sobre todo para los restaurantes, hoteles,<\/p>\n<p>tiendas de artesan\u00edas, por ello aplaudimos su trabajo\u201d, expres\u00f3.<\/p>\n<p>Para Carlos \u00c1vila, presidente de comunidad de Tizatl\u00e1n, la atracci\u00f3n de turismo<\/p>\n<p>a diversos puntos del municipio, como en el caso de Tizatl\u00e1n,<\/p>\n<p>dejar\u00e1 una derrama econ\u00f3mica importante para diversos sectores.<\/p>\n<p>\u201cEs un gran logro que se reconozca el turismo de todo el municipio y que se considere<\/p>\n<p>a los artesanos como un atractivo para atraer m\u00e1s visitantes\u201d, extern\u00f3 \u00c1vila Flores.<\/p>\n<p>Por su parte, Octavio S\u00e1nchez, presidente de Tepehitec, asever\u00f3 que<\/p>\n<p>muchas de las comunidades de Tlaxcala a\u00fan conservan tradiciones<\/p>\n<p>y costumbres que deben ser promocionadas como un atractivo tur\u00edstico.<\/p>\n<p>\u201cNosotros en las comunidades tenemos costumbres, tradiciones e historia y eso les va a atraer a los visitantes, ya que, trav\u00e9s de la marca que se lanz\u00f3 a nivel nacional, podemos promocionar nuestros atractivos como las festividades de D\u00eda de Muertos\u201d, manifest\u00f3 S\u00e1nchez Arellano.<\/p>\n<p>La marca destino promociona diversos atractivos que sobresalen en el municipio, entre ellos, zonas naturales, arqueol\u00f3gicas, rutas de artesan\u00eda e historia que recorren las comunidades y colonias de la capital tlaxcalteca.<\/p>\n","protected":false},"excerpt":{"rendered":"<p>Coincidieron en que la llegada de m\u00e1s visitantes impactar\u00e1 positivamente en la generaci\u00f3n de empleo y derrama econ\u00f3mica en las 11 comunidades que integran el municipio capitalino Representantes de las presidencias de comunidades del Municipio de Tlaxcala, aplaudieron la iniciativa del alcalde, Jorge Corichi, de promocionar los atractivos de nuestro municipio a trav\u00e9s la creaci\u00f3n de la marca tur\u00edstica \u201cTlaxcala, capital origen de M\u00e9xico\u201d, presentada en el Castillo de Chapultepec, en CDMX. La presidenta de comunidad de San Gabriel Cuauhtla, Claudia S\u00e1nchez Ojeda, destac\u00f3 que la marca tur\u00edstica es una oportunidad para que el comercio local reactive su econom\u00eda. \u201cFelicitamos al presidente, Jorge Corichi, por impulsar el turismo para Tlaxcala, la promoci\u00f3n es importante sobre todo para los restaurantes, hoteles, tiendas de artesan\u00edas, por ello&hellip;<\/p>\n<p class=\"excerpt-more\"><a class=\"blog-excerpt button\" href=\"https:\/\/www.aliadospuebla.com\/?p=75052\">Leer m\u00e1s&#8230;<\/a><\/p>\n","protected":false},"author":2,"featured_media":75053,"comment_status":"open","ping_status":"open","sticky":false,"template":"","format":"standard","meta":{"_monsterinsights_skip_tracking":false,"footnotes":""},"categories":[8304],"tags":[4646,16288,20026,1098,11417,127],"class_list":["post-75052","post","type-post","status-publish","format-standard","has-post-thumbnail","hentry","category-nacional","tag-historia","tag-jorge-corichi","tag-marca-turistica","tag-promocion","tag-tlaxcala-capital","tag-turismo"],"yoast_head":"<!-- This site is optimized with the Yoast SEO plugin v28.4 - https:\/\/yoast.com\/product\/yoast-seo-wordpress\/ -->\n<title>Aplauden presidentes de comunidades de Tlaxcala capital lanzamiento de marca tur\u00edstica - AliadosPuebla<\/title>\n<meta name=\"robots\" content=\"index, follow, max-snippet:-1, max-image-preview:large, max-video-preview:-1\" \/>\n<link rel=\"canonical\" href=\"https:\/\/www.aliadospuebla.com\/?p=75052\" \/>\n<meta property=\"og:locale\" content=\"es_ES\" \/>\n<meta property=\"og:type\" content=\"article\" \/>\n<meta property=\"og:title\" content=\"Aplauden presidentes de comunidades de Tlaxcala capital lanzamiento de marca tur\u00edstica - AliadosPuebla\" \/>\n<meta property=\"og:description\" content=\"Coincidieron en que la llegada de m\u00e1s visitantes impactar\u00e1 positivamente en la generaci\u00f3n de empleo y derrama econ\u00f3mica en las 11 comunidades que integran el municipio capitalino Representantes de las presidencias de comunidades del Municipio de Tlaxcala, aplaudieron la iniciativa del alcalde, Jorge Corichi, de promocionar los atractivos de nuestro municipio a trav\u00e9s la creaci\u00f3n de la marca tur\u00edstica \u201cTlaxcala, capital origen de M\u00e9xico\u201d, presentada en el Castillo de Chapultepec, en CDMX. La presidenta de comunidad de San Gabriel Cuauhtla, Claudia S\u00e1nchez Ojeda, destac\u00f3 que la marca tur\u00edstica es una oportunidad para que el comercio local reactive su econom\u00eda. \u201cFelicitamos al presidente, Jorge Corichi, por impulsar el turismo para Tlaxcala, la promoci\u00f3n es importante sobre todo para los restaurantes, hoteles, tiendas de artesan\u00edas, por ello&hellip;Leer m\u00e1s...\" \/>\n<meta property=\"og:url\" content=\"https:\/\/www.aliadospuebla.com\/?p=75052\" \/>\n<meta property=\"og:site_name\" content=\"AliadosPuebla\" \/>\n<meta property=\"article:author\" content=\"https:\/\/www.facebook.com\/Aliados17Pue\" \/>\n<meta property=\"article:published_time\" content=\"2022-09-06T15:40:30+00:00\" \/>\n<meta property=\"og:image\" content=\"https:\/\/www.aliadospuebla.com\/web2017\/wp-content\/uploads\/2022\/09\/029.jpg\" \/>\n\t<meta property=\"og:image:width\" content=\"600\" \/>\n\t<meta property=\"og:image:height\" content=\"450\" \/>\n\t<meta property=\"og:image:type\" content=\"image\/jpeg\" \/>\n<meta name=\"author\" content=\"Aliados17\" \/>\n<meta name=\"twitter:card\" content=\"summary_large_image\" \/>\n<meta name=\"twitter:creator\" content=\"@AliadosPuebla\" \/>\n<meta name=\"twitter:label1\" content=\"Escrito por\" \/>\n\t<meta name=\"twitter:data1\" content=\"Aliados17\" \/>\n\t<meta name=\"twitter:label2\" content=\"Tiempo de lectura\" \/>\n\t<meta name=\"twitter:data2\" content=\"2 minutos\" \/>\n<script type=\"application\/ld+json\" class=\"yoast-schema-graph\">{\"@context\":\"https:\\\/\\\/schema.org\",\"@graph\":[{\"@type\":\"Article\",\"@id\":\"https:\\\/\\\/www.aliadospuebla.com\\\/?p=75052#article\",\"isPartOf\":{\"@id\":\"https:\\\/\\\/www.aliadospuebla.com\\\/?p=75052\"},\"author\":{\"name\":\"Aliados17\",\"@id\":\"https:\\\/\\\/www.aliadospuebla.com\\\/#\\\/schema\\\/person\\\/5da7dd09320bd4f392b710017ed5f8ad\"},\"headline\":\"Aplauden presidentes de comunidades de Tlaxcala capital lanzamiento de marca tur\u00edstica\",\"datePublished\":\"2022-09-06T15:40:30+00:00\",\"mainEntityOfPage\":{\"@id\":\"https:\\\/\\\/www.aliadospuebla.com\\\/?p=75052\"},\"wordCount\":330,\"commentCount\":0,\"image\":{\"@id\":\"https:\\\/\\\/www.aliadospuebla.com\\\/?p=75052#primaryimage\"},\"thumbnailUrl\":\"https:\\\/\\\/www.aliadospuebla.com\\\/web2017\\\/wp-content\\\/uploads\\\/2022\\\/09\\\/029.jpg\",\"keywords\":[\"HISTORIA\",\"JORGE CORICHI\",\"marca tur\u00edstica\",\"PROMOCI\u00d3N\",\"TLAXCALA CAPITAL\",\"turismo\"],\"articleSection\":[\"Nacional\"],\"inLanguage\":\"es\",\"potentialAction\":[{\"@type\":\"CommentAction\",\"name\":\"Comment\",\"target\":[\"https:\\\/\\\/www.aliadospuebla.com\\\/?p=75052#respond\"]}]},{\"@type\":\"WebPage\",\"@id\":\"https:\\\/\\\/www.aliadospuebla.com\\\/?p=75052\",\"url\":\"https:\\\/\\\/www.aliadospuebla.com\\\/?p=75052\",\"name\":\"Aplauden presidentes de comunidades de Tlaxcala capital lanzamiento de marca tur\u00edstica - AliadosPuebla\",\"isPartOf\":{\"@id\":\"https:\\\/\\\/www.aliadospuebla.com\\\/#website\"},\"primaryImageOfPage\":{\"@id\":\"https:\\\/\\\/www.aliadospuebla.com\\\/?p=75052#primaryimage\"},\"image\":{\"@id\":\"https:\\\/\\\/www.aliadospuebla.com\\\/?p=75052#primaryimage\"},\"thumbnailUrl\":\"https:\\\/\\\/www.aliadospuebla.com\\\/web2017\\\/wp-content\\\/uploads\\\/2022\\\/09\\\/029.jpg\",\"datePublished\":\"2022-09-06T15:40:30+00:00\",\"author\":{\"@id\":\"https:\\\/\\\/www.aliadospuebla.com\\\/#\\\/schema\\\/person\\\/5da7dd09320bd4f392b710017ed5f8ad\"},\"breadcrumb\":{\"@id\":\"https:\\\/\\\/www.aliadospuebla.com\\\/?p=75052#breadcrumb\"},\"inLanguage\":\"es\",\"potentialAction\":[{\"@type\":\"ReadAction\",\"target\":[\"https:\\\/\\\/www.aliadospuebla.com\\\/?p=75052\"]}]},{\"@type\":\"ImageObject\",\"inLanguage\":\"es\",\"@id\":\"https:\\\/\\\/www.aliadospuebla.com\\\/?p=75052#primaryimage\",\"url\":\"https:\\\/\\\/www.aliadospuebla.com\\\/web2017\\\/wp-content\\\/uploads\\\/2022\\\/09\\\/029.jpg\",\"contentUrl\":\"https:\\\/\\\/www.aliadospuebla.com\\\/web2017\\\/wp-content\\\/uploads\\\/2022\\\/09\\\/029.jpg\",\"width\":600,\"height\":450},{\"@type\":\"BreadcrumbList\",\"@id\":\"https:\\\/\\\/www.aliadospuebla.com\\\/?p=75052#breadcrumb\",\"itemListElement\":[{\"@type\":\"ListItem\",\"position\":1,\"name\":\"Portada\",\"item\":\"https:\\\/\\\/www.aliadospuebla.com\\\/\"},{\"@type\":\"ListItem\",\"position\":2,\"name\":\"Aplauden presidentes de comunidades de Tlaxcala capital lanzamiento de marca tur\u00edstica\"}]},{\"@type\":\"WebSite\",\"@id\":\"https:\\\/\\\/www.aliadospuebla.com\\\/#website\",\"url\":\"https:\\\/\\\/www.aliadospuebla.com\\\/\",\"name\":\"AliadosPuebla\",\"description\":\"La informaci\u00f3n en tus manos\",\"potentialAction\":[{\"@type\":\"SearchAction\",\"target\":{\"@type\":\"EntryPoint\",\"urlTemplate\":\"https:\\\/\\\/www.aliadospuebla.com\\\/?s={search_term_string}\"},\"query-input\":{\"@type\":\"PropertyValueSpecification\",\"valueRequired\":true,\"valueName\":\"search_term_string\"}}],\"inLanguage\":\"es\"},{\"@type\":\"Person\",\"@id\":\"https:\\\/\\\/www.aliadospuebla.com\\\/#\\\/schema\\\/person\\\/5da7dd09320bd4f392b710017ed5f8ad\",\"name\":\"Aliados17\",\"image\":{\"@type\":\"ImageObject\",\"inLanguage\":\"es\",\"@id\":\"https:\\\/\\\/www.aliadospuebla.com\\\/web2017\\\/wp-content\\\/uploads\\\/2025\\\/03\\\/cropped-para-perfil-8-anos-1-96x96.jpg\",\"url\":\"https:\\\/\\\/www.aliadospuebla.com\\\/web2017\\\/wp-content\\\/uploads\\\/2025\\\/03\\\/cropped-para-perfil-8-anos-1-96x96.jpg\",\"contentUrl\":\"https:\\\/\\\/www.aliadospuebla.com\\\/web2017\\\/wp-content\\\/uploads\\\/2025\\\/03\\\/cropped-para-perfil-8-anos-1-96x96.jpg\",\"caption\":\"Aliados17\"},\"sameAs\":[\"https:\\\/\\\/www.aliados17.com\",\"https:\\\/\\\/www.facebook.com\\\/Aliados17Pue\",\"https:\\\/\\\/x.com\\\/AliadosPuebla\"],\"url\":\"https:\\\/\\\/www.aliadospuebla.com\\\/?author=2\"}]}<\/script>\n<!-- \/ Yoast SEO plugin. -->","yoast_head_json":{"title":"Aplauden presidentes de comunidades de Tlaxcala capital lanzamiento de marca tur\u00edstica - AliadosPuebla","robots":{"index":"index","follow":"follow","max-snippet":"max-snippet:-1","max-image-preview":"max-image-preview:large","max-video-preview":"max-video-preview:-1"},"canonical":"https:\/\/www.aliadospuebla.com\/?p=75052","og_locale":"es_ES","og_type":"article","og_title":"Aplauden presidentes de comunidades de Tlaxcala capital lanzamiento de marca tur\u00edstica - AliadosPuebla","og_description":"Coincidieron en que la llegada de m\u00e1s visitantes impactar\u00e1 positivamente en la generaci\u00f3n de empleo y derrama econ\u00f3mica en las 11 comunidades que integran el municipio capitalino Representantes de las presidencias de comunidades del Municipio de Tlaxcala, aplaudieron la iniciativa del alcalde, Jorge Corichi, de promocionar los atractivos de nuestro municipio a trav\u00e9s la creaci\u00f3n de la marca tur\u00edstica \u201cTlaxcala, capital origen de M\u00e9xico\u201d, presentada en el Castillo de Chapultepec, en CDMX. La presidenta de comunidad de San Gabriel Cuauhtla, Claudia S\u00e1nchez Ojeda, destac\u00f3 que la marca tur\u00edstica es una oportunidad para que el comercio local reactive su econom\u00eda. \u201cFelicitamos al presidente, Jorge Corichi, por impulsar el turismo para Tlaxcala, la promoci\u00f3n es importante sobre todo para los restaurantes, hoteles, tiendas de artesan\u00edas, por ello&hellip;Leer m\u00e1s...","og_url":"https:\/\/www.aliadospuebla.com\/?p=75052","og_site_name":"AliadosPuebla","article_author":"https:\/\/www.facebook.com\/Aliados17Pue","article_published_time":"2022-09-06T15:40:30+00:00","og_image":[{"width":600,"height":450,"url":"https:\/\/www.aliadospuebla.com\/web2017\/wp-content\/uploads\/2022\/09\/029.jpg","type":"image\/jpeg"}],"author":"Aliados17","twitter_card":"summary_large_image","twitter_creator":"@AliadosPuebla","twitter_misc":{"Escrito por":"Aliados17","Tiempo de lectura":"2 minutos"},"schema":{"@context":"https:\/\/schema.org","@graph":[{"@type":"Article","@id":"https:\/\/www.aliadospuebla.com\/?p=75052#article","isPartOf":{"@id":"https:\/\/www.aliadospuebla.com\/?p=75052"},"author":{"name":"Aliados17","@id":"https:\/\/www.aliadospuebla.com\/#\/schema\/person\/5da7dd09320bd4f392b710017ed5f8ad"},"headline":"Aplauden presidentes de comunidades de Tlaxcala capital lanzamiento de marca tur\u00edstica","datePublished":"2022-09-06T15:40:30+00:00","mainEntityOfPage":{"@id":"https:\/\/www.aliadospuebla.com\/?p=75052"},"wordCount":330,"commentCount":0,"image":{"@id":"https:\/\/www.aliadospuebla.com\/?p=75052#primaryimage"},"thumbnailUrl":"https:\/\/www.aliadospuebla.com\/web2017\/wp-content\/uploads\/2022\/09\/029.jpg","keywords":["HISTORIA","JORGE CORICHI","marca tur\u00edstica","PROMOCI\u00d3N","TLAXCALA CAPITAL","turismo"],"articleSection":["Nacional"],"inLanguage":"es","potentialAction":[{"@type":"CommentAction","name":"Comment","target":["https:\/\/www.aliadospuebla.com\/?p=75052#respond"]}]},{"@type":"WebPage","@id":"https:\/\/www.aliadospuebla.com\/?p=75052","url":"https:\/\/www.aliadospuebla.com\/?p=75052","name":"Aplauden presidentes de comunidades de Tlaxcala capital lanzamiento de marca tur\u00edstica - AliadosPuebla","isPartOf":{"@id":"https:\/\/www.aliadospuebla.com\/#website"},"primaryImageOfPage":{"@id":"https:\/\/www.aliadospuebla.com\/?p=75052#primaryimage"},"image":{"@id":"https:\/\/www.aliadospuebla.com\/?p=75052#primaryimage"},"thumbnailUrl":"https:\/\/www.aliadospuebla.com\/web2017\/wp-content\/uploads\/2022\/09\/029.jpg","datePublished":"2022-09-06T15:40:30+00:00","author":{"@id":"https:\/\/www.aliadospuebla.com\/#\/schema\/person\/5da7dd09320bd4f392b710017ed5f8ad"},"breadcrumb":{"@id":"https:\/\/www.aliadospuebla.com\/?p=75052#breadcrumb"},"inLanguage":"es","potentialAction":[{"@type":"ReadAction","target":["https:\/\/www.aliadospuebla.com\/?p=75052"]}]},{"@type":"ImageObject","inLanguage":"es","@id":"https:\/\/www.aliadospuebla.com\/?p=75052#primaryimage","url":"https:\/\/www.aliadospuebla.com\/web2017\/wp-content\/uploads\/2022\/09\/029.jpg","contentUrl":"https:\/\/www.aliadospuebla.com\/web2017\/wp-content\/uploads\/2022\/09\/029.jpg","width":600,"height":450},{"@type":"BreadcrumbList","@id":"https:\/\/www.aliadospuebla.com\/?p=75052#breadcrumb","itemListElement":[{"@type":"ListItem","position":1,"name":"Portada","item":"https:\/\/www.aliadospuebla.com\/"},{"@type":"ListItem","position":2,"name":"Aplauden presidentes de comunidades de Tlaxcala capital lanzamiento de marca tur\u00edstica"}]},{"@type":"WebSite","@id":"https:\/\/www.aliadospuebla.com\/#website","url":"https:\/\/www.aliadospuebla.com\/","name":"AliadosPuebla","description":"La informaci\u00f3n en tus manos","potentialAction":[{"@type":"SearchAction","target":{"@type":"EntryPoint","urlTemplate":"https:\/\/www.aliadospuebla.com\/?s={search_term_string}"},"query-input":{"@type":"PropertyValueSpecification","valueRequired":true,"valueName":"search_term_string"}}],"inLanguage":"es"},{"@type":"Person","@id":"https:\/\/www.aliadospuebla.com\/#\/schema\/person\/5da7dd09320bd4f392b710017ed5f8ad","name":"Aliados17","image":{"@type":"ImageObject","inLanguage":"es","@id":"https:\/\/www.aliadospuebla.com\/web2017\/wp-content\/uploads\/2025\/03\/cropped-para-perfil-8-anos-1-96x96.jpg","url":"https:\/\/www.aliadospuebla.com\/web2017\/wp-content\/uploads\/2025\/03\/cropped-para-perfil-8-anos-1-96x96.jpg","contentUrl":"https:\/\/www.aliadospuebla.com\/web2017\/wp-content\/uploads\/2025\/03\/cropped-para-perfil-8-anos-1-96x96.jpg","caption":"Aliados17"},"sameAs":["https:\/\/www.aliados17.com","https:\/\/www.facebook.com\/Aliados17Pue","https:\/\/x.com\/AliadosPuebla"],"url":"https:\/\/www.aliadospuebla.com\/?author=2"}]}},"views":16,"_links":{"self":[{"href":"https:\/\/www.aliadospuebla.com\/index.php?rest_route=\/wp\/v2\/posts\/75052","targetHints":{"allow":["GET"]}}],"collection":[{"href":"https:\/\/www.aliadospuebla.com\/index.php?rest_route=\/wp\/v2\/posts"}],"about":[{"href":"https:\/\/www.aliadospuebla.com\/index.php?rest_route=\/wp\/v2\/types\/post"}],"author":[{"embeddable":true,"href":"https:\/\/www.aliadospuebla.com\/index.php?rest_route=\/wp\/v2\/users\/2"}],"replies":[{"embeddable":true,"href":"https:\/\/www.aliadospuebla.com\/index.php?rest_route=%2Fwp%2Fv2%2Fcomments&post=75052"}],"version-history":[{"count":1,"href":"https:\/\/www.aliadospuebla.com\/index.php?rest_route=\/wp\/v2\/posts\/75052\/revisions"}],"predecessor-version":[{"id":75054,"href":"https:\/\/www.aliadospuebla.com\/index.php?rest_route=\/wp\/v2\/posts\/75052\/revisions\/75054"}],"wp:featuredmedia":[{"embeddable":true,"href":"https:\/\/www.aliadospuebla.com\/index.php?rest_route=\/wp\/v2\/media\/75053"}],"wp:attachment":[{"href":"https:\/\/www.aliadospuebla.com\/index.php?rest_route=%2Fwp%2Fv2%2Fmedia&parent=75052"}],"wp:term":[{"taxonomy":"category","embeddable":true,"href":"https:\/\/www.aliadospuebla.com\/index.php?rest_route=%2Fwp%2Fv2%2Fcategories&post=75052"},{"taxonomy":"post_tag","embeddable":true,"href":"https:\/\/www.aliadospuebla.com\/index.php?rest_route=%2Fwp%2Fv2%2Ftags&post=75052"}],"curies":[{"name":"wp","href":"https:\/\/api.w.org\/{rel}","templated":true}]}}