{"id":74882,"date":"2022-08-28T20:33:18","date_gmt":"2022-08-29T01:33:18","guid":{"rendered":"https:\/\/www.aliados17.com\/?p=74882"},"modified":"2022-08-28T20:33:18","modified_gmt":"2022-08-29T01:33:18","slug":"amar-a-puebla-es-honrar-al-pueblo-con-inclusion-y-sentido-social-puntualizo-alejandro-armenta","status":"publish","type":"post","link":"https:\/\/www.aliadospuebla.com\/?p=74882","title":{"rendered":"Amar a Puebla es honrar al pueblo con inclusi\u00f3n y sentido social puntualiz\u00f3 Alejandro Armenta"},"content":{"rendered":"<h4>El senador de Morena por Puebla present\u00f3 su Tesis Doctoral enfocada a una visi\u00f3n de desarrollo para las pr\u00f3ximos a\u00f1os.<\/h4>\n<p>&nbsp;<\/p>\n<p>\u2022 Reconoci\u00f3 al Gobernador <strong>Miguel Barbosa<\/strong> por la extraordinaria labor de posicionar al Estado como polo de crecimiento nacional.<\/p>\n<p>Puebla, Puebla. Ante la presencia de representantes de diversos sectores de Puebla, el senador Alejandro Armenta comparti\u00f3 la visi\u00f3n de Estado para los pr\u00f3ximos a\u00f1os sustentado en la Bio\u00e9tica Social.<\/p>\n<p>El legislador reconoci\u00f3 la labor del gobernador Miguel Barbosa como parte aguas de los gobiernos cercanos, humanos y con visi\u00f3n de desarrollo \u00abse ha combatido la corrupci\u00f3n y el abuso de poder que imper\u00f3 con los gobiernos de oposici\u00f3n\u00bb.<\/p>\n<p>Y remarc\u00f3 que al ser un Estado Seguro, el mandatario Miguel Barbosa ha logrado atraer inversiones importantes en el sector automotriz y energ\u00e9tico.<\/p>\n<p>En esta Tesis Doctoral del senador Armenta se resalta el amor a Puebla erradicando mandatos mesi\u00e1nicos, \u00abel pueblo pone, el pueblo quita, debemos fortalecer la democracia para lograr justicia social y distribuci\u00f3n equitativa de la riqueza\u00bb.<\/p>\n<p>El legislador poblano puntualiz\u00f3 que por encima de cualquier inter\u00e9s, la visi\u00f3n de Estado debe sustentarse en la construcci\u00f3n de una agenda compuesta de las diversas exigencias que la sociedad demanda \u00abamar a Puebla es gobernar con responsabilidad, humanismo y solidaridad para hacer valer los derechos sociales de todos los sectores de la poblaci\u00f3n\u00bb.<\/p>\n<p>Esta Tesis fundamenta las acciones en ejes importantes de atenci\u00f3n como la seguridad, la salud y la reactivaci\u00f3n econ\u00f3mica.<\/p>\n","protected":false},"excerpt":{"rendered":"<p>El senador de Morena por Puebla present\u00f3 su Tesis Doctoral enfocada a una visi\u00f3n de desarrollo para las pr\u00f3ximos a\u00f1os. &nbsp; \u2022 Reconoci\u00f3 al Gobernador Miguel Barbosa por la extraordinaria labor de posicionar al Estado como polo de crecimiento nacional. Puebla, Puebla. Ante la presencia de representantes de diversos sectores de Puebla, el senador Alejandro Armenta comparti\u00f3 la visi\u00f3n de Estado para los pr\u00f3ximos a\u00f1os sustentado en la Bio\u00e9tica Social. El legislador reconoci\u00f3 la labor del gobernador Miguel Barbosa como parte aguas de los gobiernos cercanos, humanos y con visi\u00f3n de desarrollo \u00abse ha combatido la corrupci\u00f3n y el abuso de poder que imper\u00f3 con los gobiernos de oposici\u00f3n\u00bb. Y remarc\u00f3 que al ser un Estado Seguro, el mandatario Miguel Barbosa ha logrado atraer inversiones&hellip;<\/p>\n<p class=\"excerpt-more\"><a class=\"blog-excerpt button\" href=\"https:\/\/www.aliadospuebla.com\/?p=74882\">Leer m\u00e1s&#8230;<\/a><\/p>\n","protected":false},"author":2,"featured_media":74883,"comment_status":"open","ping_status":"open","sticky":false,"template":"","format":"standard","meta":{"_monsterinsights_skip_tracking":false,"footnotes":""},"categories":[6],"tags":[4780,19984,238,14508,850,666,72,19983,16666],"class_list":["post-74882","post","type-post","status-publish","format-standard","has-post-thumbnail","hentry","category-politica","tag-alejandro-armenta","tag-bioetica-social","tag-desarrollo","tag-humanismo","tag-miguel-barbosa","tag-morena","tag-puebla","tag-tesis-doctoral","tag-vision"],"yoast_head":"<!-- This site is optimized with the Yoast SEO plugin v28.3 - https:\/\/yoast.com\/product\/yoast-seo-wordpress\/ -->\n<title>Amar a Puebla es honrar al pueblo con inclusi\u00f3n y sentido social puntualiz\u00f3 Alejandro Armenta - AliadosPuebla<\/title>\n<meta name=\"robots\" content=\"index, follow, max-snippet:-1, max-image-preview:large, max-video-preview:-1\" \/>\n<link rel=\"canonical\" href=\"https:\/\/www.aliadospuebla.com\/?p=74882\" \/>\n<meta property=\"og:locale\" content=\"es_ES\" \/>\n<meta property=\"og:type\" content=\"article\" \/>\n<meta property=\"og:title\" content=\"Amar a Puebla es honrar al pueblo con inclusi\u00f3n y sentido social puntualiz\u00f3 Alejandro Armenta - AliadosPuebla\" \/>\n<meta property=\"og:description\" content=\"El senador de Morena por Puebla present\u00f3 su Tesis Doctoral enfocada a una visi\u00f3n de desarrollo para las pr\u00f3ximos a\u00f1os. &nbsp; \u2022 Reconoci\u00f3 al Gobernador Miguel Barbosa por la extraordinaria labor de posicionar al Estado como polo de crecimiento nacional. Puebla, Puebla. Ante la presencia de representantes de diversos sectores de Puebla, el senador Alejandro Armenta comparti\u00f3 la visi\u00f3n de Estado para los pr\u00f3ximos a\u00f1os sustentado en la Bio\u00e9tica Social. El legislador reconoci\u00f3 la labor del gobernador Miguel Barbosa como parte aguas de los gobiernos cercanos, humanos y con visi\u00f3n de desarrollo \u00abse ha combatido la corrupci\u00f3n y el abuso de poder que imper\u00f3 con los gobiernos de oposici\u00f3n\u00bb. Y remarc\u00f3 que al ser un Estado Seguro, el mandatario Miguel Barbosa ha logrado atraer inversiones&hellip;Leer m\u00e1s...\" \/>\n<meta property=\"og:url\" content=\"https:\/\/www.aliadospuebla.com\/?p=74882\" \/>\n<meta property=\"og:site_name\" content=\"AliadosPuebla\" \/>\n<meta property=\"article:author\" content=\"https:\/\/www.facebook.com\/Aliados17Pue\" \/>\n<meta property=\"article:published_time\" content=\"2022-08-29T01:33:18+00:00\" \/>\n<meta property=\"og:image\" content=\"https:\/\/www.aliadospuebla.com\/web2017\/wp-content\/uploads\/2022\/08\/130.jpg\" \/>\n\t<meta property=\"og:image:width\" content=\"600\" \/>\n\t<meta property=\"og:image:height\" content=\"450\" \/>\n\t<meta property=\"og:image:type\" content=\"image\/jpeg\" \/>\n<meta name=\"author\" content=\"Aliados17\" \/>\n<meta name=\"twitter:card\" content=\"summary_large_image\" \/>\n<meta name=\"twitter:creator\" content=\"@AliadosPuebla\" \/>\n<meta name=\"twitter:label1\" content=\"Escrito por\" \/>\n\t<meta name=\"twitter:data1\" content=\"Aliados17\" \/>\n\t<meta name=\"twitter:label2\" content=\"Tiempo de lectura\" \/>\n\t<meta name=\"twitter:data2\" content=\"2 minutos\" \/>\n<script type=\"application\/ld+json\" class=\"yoast-schema-graph\">{\"@context\":\"https:\\\/\\\/schema.org\",\"@graph\":[{\"@type\":\"Article\",\"@id\":\"https:\\\/\\\/www.aliadospuebla.com\\\/?p=74882#article\",\"isPartOf\":{\"@id\":\"https:\\\/\\\/www.aliadospuebla.com\\\/?p=74882\"},\"author\":{\"name\":\"Aliados17\",\"@id\":\"https:\\\/\\\/www.aliadospuebla.com\\\/#\\\/schema\\\/person\\\/5da7dd09320bd4f392b710017ed5f8ad\"},\"headline\":\"Amar a Puebla es honrar al pueblo con inclusi\u00f3n y sentido social puntualiz\u00f3 Alejandro Armenta\",\"datePublished\":\"2022-08-29T01:33:18+00:00\",\"mainEntityOfPage\":{\"@id\":\"https:\\\/\\\/www.aliadospuebla.com\\\/?p=74882\"},\"wordCount\":276,\"commentCount\":0,\"image\":{\"@id\":\"https:\\\/\\\/www.aliadospuebla.com\\\/?p=74882#primaryimage\"},\"thumbnailUrl\":\"https:\\\/\\\/www.aliadospuebla.com\\\/web2017\\\/wp-content\\\/uploads\\\/2022\\\/08\\\/130.jpg\",\"keywords\":[\"ALEJANDRO ARMENTA\",\"Bio\u00e9tica social\",\"desarrollo\",\"humanismo\",\"MIGUEL BARBOSA\",\"MORENA\",\"Puebla\",\"tesis doctoral\",\"visi\u00f3n\"],\"articleSection\":[\"Pol\u00edtica\"],\"inLanguage\":\"es\",\"potentialAction\":[{\"@type\":\"CommentAction\",\"name\":\"Comment\",\"target\":[\"https:\\\/\\\/www.aliadospuebla.com\\\/?p=74882#respond\"]}]},{\"@type\":\"WebPage\",\"@id\":\"https:\\\/\\\/www.aliadospuebla.com\\\/?p=74882\",\"url\":\"https:\\\/\\\/www.aliadospuebla.com\\\/?p=74882\",\"name\":\"Amar a Puebla es honrar al pueblo con inclusi\u00f3n y sentido social puntualiz\u00f3 Alejandro Armenta - AliadosPuebla\",\"isPartOf\":{\"@id\":\"https:\\\/\\\/www.aliadospuebla.com\\\/#website\"},\"primaryImageOfPage\":{\"@id\":\"https:\\\/\\\/www.aliadospuebla.com\\\/?p=74882#primaryimage\"},\"image\":{\"@id\":\"https:\\\/\\\/www.aliadospuebla.com\\\/?p=74882#primaryimage\"},\"thumbnailUrl\":\"https:\\\/\\\/www.aliadospuebla.com\\\/web2017\\\/wp-content\\\/uploads\\\/2022\\\/08\\\/130.jpg\",\"datePublished\":\"2022-08-29T01:33:18+00:00\",\"author\":{\"@id\":\"https:\\\/\\\/www.aliadospuebla.com\\\/#\\\/schema\\\/person\\\/5da7dd09320bd4f392b710017ed5f8ad\"},\"breadcrumb\":{\"@id\":\"https:\\\/\\\/www.aliadospuebla.com\\\/?p=74882#breadcrumb\"},\"inLanguage\":\"es\",\"potentialAction\":[{\"@type\":\"ReadAction\",\"target\":[\"https:\\\/\\\/www.aliadospuebla.com\\\/?p=74882\"]}]},{\"@type\":\"ImageObject\",\"inLanguage\":\"es\",\"@id\":\"https:\\\/\\\/www.aliadospuebla.com\\\/?p=74882#primaryimage\",\"url\":\"https:\\\/\\\/www.aliadospuebla.com\\\/web2017\\\/wp-content\\\/uploads\\\/2022\\\/08\\\/130.jpg\",\"contentUrl\":\"https:\\\/\\\/www.aliadospuebla.com\\\/web2017\\\/wp-content\\\/uploads\\\/2022\\\/08\\\/130.jpg\",\"width\":600,\"height\":450},{\"@type\":\"BreadcrumbList\",\"@id\":\"https:\\\/\\\/www.aliadospuebla.com\\\/?p=74882#breadcrumb\",\"itemListElement\":[{\"@type\":\"ListItem\",\"position\":1,\"name\":\"Portada\",\"item\":\"https:\\\/\\\/www.aliadospuebla.com\\\/\"},{\"@type\":\"ListItem\",\"position\":2,\"name\":\"Amar a Puebla es honrar al pueblo con inclusi\u00f3n y sentido social puntualiz\u00f3 Alejandro Armenta\"}]},{\"@type\":\"WebSite\",\"@id\":\"https:\\\/\\\/www.aliadospuebla.com\\\/#website\",\"url\":\"https:\\\/\\\/www.aliadospuebla.com\\\/\",\"name\":\"AliadosPuebla\",\"description\":\"La informaci\u00f3n en tus manos\",\"potentialAction\":[{\"@type\":\"SearchAction\",\"target\":{\"@type\":\"EntryPoint\",\"urlTemplate\":\"https:\\\/\\\/www.aliadospuebla.com\\\/?s={search_term_string}\"},\"query-input\":{\"@type\":\"PropertyValueSpecification\",\"valueRequired\":true,\"valueName\":\"search_term_string\"}}],\"inLanguage\":\"es\"},{\"@type\":\"Person\",\"@id\":\"https:\\\/\\\/www.aliadospuebla.com\\\/#\\\/schema\\\/person\\\/5da7dd09320bd4f392b710017ed5f8ad\",\"name\":\"Aliados17\",\"image\":{\"@type\":\"ImageObject\",\"inLanguage\":\"es\",\"@id\":\"https:\\\/\\\/www.aliadospuebla.com\\\/web2017\\\/wp-content\\\/uploads\\\/2025\\\/03\\\/cropped-para-perfil-8-anos-1-96x96.jpg\",\"url\":\"https:\\\/\\\/www.aliadospuebla.com\\\/web2017\\\/wp-content\\\/uploads\\\/2025\\\/03\\\/cropped-para-perfil-8-anos-1-96x96.jpg\",\"contentUrl\":\"https:\\\/\\\/www.aliadospuebla.com\\\/web2017\\\/wp-content\\\/uploads\\\/2025\\\/03\\\/cropped-para-perfil-8-anos-1-96x96.jpg\",\"caption\":\"Aliados17\"},\"sameAs\":[\"https:\\\/\\\/www.aliados17.com\",\"https:\\\/\\\/www.facebook.com\\\/Aliados17Pue\",\"https:\\\/\\\/x.com\\\/AliadosPuebla\"],\"url\":\"https:\\\/\\\/www.aliadospuebla.com\\\/?author=2\"}]}<\/script>\n<!-- \/ Yoast SEO plugin. -->","yoast_head_json":{"title":"Amar a Puebla es honrar al pueblo con inclusi\u00f3n y sentido social puntualiz\u00f3 Alejandro Armenta - AliadosPuebla","robots":{"index":"index","follow":"follow","max-snippet":"max-snippet:-1","max-image-preview":"max-image-preview:large","max-video-preview":"max-video-preview:-1"},"canonical":"https:\/\/www.aliadospuebla.com\/?p=74882","og_locale":"es_ES","og_type":"article","og_title":"Amar a Puebla es honrar al pueblo con inclusi\u00f3n y sentido social puntualiz\u00f3 Alejandro Armenta - AliadosPuebla","og_description":"El senador de Morena por Puebla present\u00f3 su Tesis Doctoral enfocada a una visi\u00f3n de desarrollo para las pr\u00f3ximos a\u00f1os. &nbsp; \u2022 Reconoci\u00f3 al Gobernador Miguel Barbosa por la extraordinaria labor de posicionar al Estado como polo de crecimiento nacional. Puebla, Puebla. Ante la presencia de representantes de diversos sectores de Puebla, el senador Alejandro Armenta comparti\u00f3 la visi\u00f3n de Estado para los pr\u00f3ximos a\u00f1os sustentado en la Bio\u00e9tica Social. El legislador reconoci\u00f3 la labor del gobernador Miguel Barbosa como parte aguas de los gobiernos cercanos, humanos y con visi\u00f3n de desarrollo \u00abse ha combatido la corrupci\u00f3n y el abuso de poder que imper\u00f3 con los gobiernos de oposici\u00f3n\u00bb. Y remarc\u00f3 que al ser un Estado Seguro, el mandatario Miguel Barbosa ha logrado atraer inversiones&hellip;Leer m\u00e1s...","og_url":"https:\/\/www.aliadospuebla.com\/?p=74882","og_site_name":"AliadosPuebla","article_author":"https:\/\/www.facebook.com\/Aliados17Pue","article_published_time":"2022-08-29T01:33:18+00:00","og_image":[{"width":600,"height":450,"url":"https:\/\/www.aliadospuebla.com\/web2017\/wp-content\/uploads\/2022\/08\/130.jpg","type":"image\/jpeg"}],"author":"Aliados17","twitter_card":"summary_large_image","twitter_creator":"@AliadosPuebla","twitter_misc":{"Escrito por":"Aliados17","Tiempo de lectura":"2 minutos"},"schema":{"@context":"https:\/\/schema.org","@graph":[{"@type":"Article","@id":"https:\/\/www.aliadospuebla.com\/?p=74882#article","isPartOf":{"@id":"https:\/\/www.aliadospuebla.com\/?p=74882"},"author":{"name":"Aliados17","@id":"https:\/\/www.aliadospuebla.com\/#\/schema\/person\/5da7dd09320bd4f392b710017ed5f8ad"},"headline":"Amar a Puebla es honrar al pueblo con inclusi\u00f3n y sentido social puntualiz\u00f3 Alejandro Armenta","datePublished":"2022-08-29T01:33:18+00:00","mainEntityOfPage":{"@id":"https:\/\/www.aliadospuebla.com\/?p=74882"},"wordCount":276,"commentCount":0,"image":{"@id":"https:\/\/www.aliadospuebla.com\/?p=74882#primaryimage"},"thumbnailUrl":"https:\/\/www.aliadospuebla.com\/web2017\/wp-content\/uploads\/2022\/08\/130.jpg","keywords":["ALEJANDRO ARMENTA","Bio\u00e9tica social","desarrollo","humanismo","MIGUEL BARBOSA","MORENA","Puebla","tesis doctoral","visi\u00f3n"],"articleSection":["Pol\u00edtica"],"inLanguage":"es","potentialAction":[{"@type":"CommentAction","name":"Comment","target":["https:\/\/www.aliadospuebla.com\/?p=74882#respond"]}]},{"@type":"WebPage","@id":"https:\/\/www.aliadospuebla.com\/?p=74882","url":"https:\/\/www.aliadospuebla.com\/?p=74882","name":"Amar a Puebla es honrar al pueblo con inclusi\u00f3n y sentido social puntualiz\u00f3 Alejandro Armenta - AliadosPuebla","isPartOf":{"@id":"https:\/\/www.aliadospuebla.com\/#website"},"primaryImageOfPage":{"@id":"https:\/\/www.aliadospuebla.com\/?p=74882#primaryimage"},"image":{"@id":"https:\/\/www.aliadospuebla.com\/?p=74882#primaryimage"},"thumbnailUrl":"https:\/\/www.aliadospuebla.com\/web2017\/wp-content\/uploads\/2022\/08\/130.jpg","datePublished":"2022-08-29T01:33:18+00:00","author":{"@id":"https:\/\/www.aliadospuebla.com\/#\/schema\/person\/5da7dd09320bd4f392b710017ed5f8ad"},"breadcrumb":{"@id":"https:\/\/www.aliadospuebla.com\/?p=74882#breadcrumb"},"inLanguage":"es","potentialAction":[{"@type":"ReadAction","target":["https:\/\/www.aliadospuebla.com\/?p=74882"]}]},{"@type":"ImageObject","inLanguage":"es","@id":"https:\/\/www.aliadospuebla.com\/?p=74882#primaryimage","url":"https:\/\/www.aliadospuebla.com\/web2017\/wp-content\/uploads\/2022\/08\/130.jpg","contentUrl":"https:\/\/www.aliadospuebla.com\/web2017\/wp-content\/uploads\/2022\/08\/130.jpg","width":600,"height":450},{"@type":"BreadcrumbList","@id":"https:\/\/www.aliadospuebla.com\/?p=74882#breadcrumb","itemListElement":[{"@type":"ListItem","position":1,"name":"Portada","item":"https:\/\/www.aliadospuebla.com\/"},{"@type":"ListItem","position":2,"name":"Amar a Puebla es honrar al pueblo con inclusi\u00f3n y sentido social puntualiz\u00f3 Alejandro Armenta"}]},{"@type":"WebSite","@id":"https:\/\/www.aliadospuebla.com\/#website","url":"https:\/\/www.aliadospuebla.com\/","name":"AliadosPuebla","description":"La informaci\u00f3n en tus manos","potentialAction":[{"@type":"SearchAction","target":{"@type":"EntryPoint","urlTemplate":"https:\/\/www.aliadospuebla.com\/?s={search_term_string}"},"query-input":{"@type":"PropertyValueSpecification","valueRequired":true,"valueName":"search_term_string"}}],"inLanguage":"es"},{"@type":"Person","@id":"https:\/\/www.aliadospuebla.com\/#\/schema\/person\/5da7dd09320bd4f392b710017ed5f8ad","name":"Aliados17","image":{"@type":"ImageObject","inLanguage":"es","@id":"https:\/\/www.aliadospuebla.com\/web2017\/wp-content\/uploads\/2025\/03\/cropped-para-perfil-8-anos-1-96x96.jpg","url":"https:\/\/www.aliadospuebla.com\/web2017\/wp-content\/uploads\/2025\/03\/cropped-para-perfil-8-anos-1-96x96.jpg","contentUrl":"https:\/\/www.aliadospuebla.com\/web2017\/wp-content\/uploads\/2025\/03\/cropped-para-perfil-8-anos-1-96x96.jpg","caption":"Aliados17"},"sameAs":["https:\/\/www.aliados17.com","https:\/\/www.facebook.com\/Aliados17Pue","https:\/\/x.com\/AliadosPuebla"],"url":"https:\/\/www.aliadospuebla.com\/?author=2"}]}},"views":11,"_links":{"self":[{"href":"https:\/\/www.aliadospuebla.com\/index.php?rest_route=\/wp\/v2\/posts\/74882","targetHints":{"allow":["GET"]}}],"collection":[{"href":"https:\/\/www.aliadospuebla.com\/index.php?rest_route=\/wp\/v2\/posts"}],"about":[{"href":"https:\/\/www.aliadospuebla.com\/index.php?rest_route=\/wp\/v2\/types\/post"}],"author":[{"embeddable":true,"href":"https:\/\/www.aliadospuebla.com\/index.php?rest_route=\/wp\/v2\/users\/2"}],"replies":[{"embeddable":true,"href":"https:\/\/www.aliadospuebla.com\/index.php?rest_route=%2Fwp%2Fv2%2Fcomments&post=74882"}],"version-history":[{"count":1,"href":"https:\/\/www.aliadospuebla.com\/index.php?rest_route=\/wp\/v2\/posts\/74882\/revisions"}],"predecessor-version":[{"id":74884,"href":"https:\/\/www.aliadospuebla.com\/index.php?rest_route=\/wp\/v2\/posts\/74882\/revisions\/74884"}],"wp:featuredmedia":[{"embeddable":true,"href":"https:\/\/www.aliadospuebla.com\/index.php?rest_route=\/wp\/v2\/media\/74883"}],"wp:attachment":[{"href":"https:\/\/www.aliadospuebla.com\/index.php?rest_route=%2Fwp%2Fv2%2Fmedia&parent=74882"}],"wp:term":[{"taxonomy":"category","embeddable":true,"href":"https:\/\/www.aliadospuebla.com\/index.php?rest_route=%2Fwp%2Fv2%2Fcategories&post=74882"},{"taxonomy":"post_tag","embeddable":true,"href":"https:\/\/www.aliadospuebla.com\/index.php?rest_route=%2Fwp%2Fv2%2Ftags&post=74882"}],"curies":[{"name":"wp","href":"https:\/\/api.w.org\/{rel}","templated":true}]}}