{"id":74688,"date":"2022-08-15T23:05:23","date_gmt":"2022-08-16T04:05:23","guid":{"rendered":"https:\/\/www.aliados17.com\/?p=74688"},"modified":"2022-08-15T23:05:23","modified_gmt":"2022-08-16T04:05:23","slug":"ayuntamiento-de-puebla-iniciara-operativos-con-cinemometros-el-proximo-lunes-22-de-agosto","status":"publish","type":"post","link":"https:\/\/www.aliadospuebla.com\/?p=74688","title":{"rendered":"AYUNTAMIENTO DE PUEBLA INICIAR\u00c1 OPERATIVOS CON CINEM\u00d3METROS EL PR\u00d3XIMO LUNES 22 DE AGOSTO"},"content":{"rendered":"<div id=\":2p\" class=\"ii gt\">\n<div id=\":2q\" class=\"a3s aiL \">\n<div dir=\"ltr\">\n<ul>\n<li><em>Los operativos de control y detenci\u00f3n se llevar\u00e1n a cabo seis d\u00edas a la semana en dos zonas simult\u00e1neas de monitoreo con radares de velocidad.<\/em><\/li>\n<\/ul>\n<div><\/div>\n<div>Por una ciudad con \u201cVisi\u00f3n Cero\u201d, donde se prevengan las lesiones y muertes por hechos de tr\u00e1nsito; ese es el principal objetivo de la estrategia de cinem\u00f3metros que arrancar\u00e1 el pr\u00f3ximo lunes 22 de agosto, ya que, seg\u00fan datos presentados en rueda de prensa por Ad\u00e1n Dom\u00ednguez S\u00e1nchez, Gerente de Gobierno Municipal, hasta el 65 por ciento de la ciudadan\u00eda circula a exceso de velocidad por las calles de Puebla capital.<\/div>\n<div><\/div>\n<div><\/div>\n<div>Y es que tan s\u00f3lo en lo que va de este a\u00f1o 2022, se han registrado en la Angel\u00f3polis tres mil 358 accidentes viales, revel\u00f3 Consuelo Cruz Galindo, Secretaria de Seguridad Ciudadana, por ello el Ayuntamiento de Puebla ha decidido tomar acciones preventivas mediante operativos de control de velocidades y puntos de detenci\u00f3n de infractores.<\/div>\n<div><\/div>\n<div><\/div>\n<div>Estos se desplegar\u00e1n seis d\u00edas a la semana, en dos zonas simult\u00e1neas de monitoreo con cinem\u00f3metros, explic\u00f3 Mar\u00eda del Rayo Ram\u00edrez Polo, Directora de Control de Tr\u00e1nsito Municipal, para hacer un exhorto activo \u2013y en su caso multa, conforme al Art\u00edculo 302 del Reglamento de Tr\u00e1nsito\u2014 a respetar los l\u00edmites de velocidad en vialidades primarias (50 kil\u00f3metros por hora), calles secundarias (30 kil\u00f3metros por hora), as\u00ed como en Zonas 30.<\/div>\n<div><\/div>\n<div><\/div>\n<div>La presentaci\u00f3n de esta estrategia tambi\u00e9n cont\u00f3 con la participaci\u00f3n de Fernanda Huerta L\u00f3pez, Regidora Presidenta de la Comisi\u00f3n de Infraestructura, Movilidad y Servicios P\u00fablicos.<\/div>\n<\/div>\n<div class=\"yj6qo\"><\/div>\n<div class=\"adL\"><\/div>\n<\/div>\n<\/div>\n<div id=\":st\" class=\"hq gt\">\n<div id=\":su\" class=\"ho\"><span class=\"aVW\"><span id=\":sy\">5<\/span>\u00a0archivos adjuntos<\/span><\/div>\n<\/div>\n","protected":false},"excerpt":{"rendered":"<p>Los operativos de control y detenci\u00f3n se llevar\u00e1n a cabo seis d\u00edas a la semana en dos zonas simult\u00e1neas de monitoreo con radares de velocidad. Por una ciudad con \u201cVisi\u00f3n Cero\u201d, donde se prevengan las lesiones y muertes por hechos de tr\u00e1nsito; ese es el principal objetivo de la estrategia de cinem\u00f3metros que arrancar\u00e1 el pr\u00f3ximo lunes 22 de agosto, ya que, seg\u00fan datos presentados en rueda de prensa por Ad\u00e1n Dom\u00ednguez S\u00e1nchez, Gerente de Gobierno Municipal, hasta el 65 por ciento de la ciudadan\u00eda circula a exceso de velocidad por las calles de Puebla capital. Y es que tan s\u00f3lo en lo que va de este a\u00f1o 2022, se han registrado en la Angel\u00f3polis tres mil 358 accidentes viales, revel\u00f3 Consuelo Cruz Galindo, Secretaria&hellip;<\/p>\n<p class=\"excerpt-more\"><a class=\"blog-excerpt button\" href=\"https:\/\/www.aliadospuebla.com\/?p=74688\">Leer m\u00e1s&#8230;<\/a><\/p>\n","protected":false},"author":2,"featured_media":74689,"comment_status":"open","ping_status":"open","sticky":false,"template":"","format":"standard","meta":{"_monsterinsights_skip_tracking":false,"footnotes":""},"categories":[62],"tags":[19923,9526,17705,19922,19921,19626,1216,1514],"class_list":["post-74688","post","type-post","status-publish","format-standard","has-post-thumbnail","hentry","category-capital","tag-accidentes-viales","tag-acciones-preventivas","tag-adan-dominguez-sanchez","tag-cinemometros","tag-control-y-detencion","tag-exceso-de-velocidad","tag-monitoreo","tag-operativos"],"yoast_head":"<!-- This site is optimized with the Yoast SEO plugin v28.4 - https:\/\/yoast.com\/product\/yoast-seo-wordpress\/ -->\n<title>AYUNTAMIENTO DE PUEBLA INICIAR\u00c1 OPERATIVOS CON CINEM\u00d3METROS EL PR\u00d3XIMO LUNES 22 DE AGOSTO - AliadosPuebla<\/title>\n<meta name=\"robots\" content=\"index, follow, max-snippet:-1, max-image-preview:large, max-video-preview:-1\" \/>\n<link rel=\"canonical\" href=\"https:\/\/www.aliadospuebla.com\/?p=74688\" \/>\n<meta property=\"og:locale\" content=\"es_ES\" \/>\n<meta property=\"og:type\" content=\"article\" \/>\n<meta property=\"og:title\" content=\"AYUNTAMIENTO DE PUEBLA INICIAR\u00c1 OPERATIVOS CON CINEM\u00d3METROS EL PR\u00d3XIMO LUNES 22 DE AGOSTO - AliadosPuebla\" \/>\n<meta property=\"og:description\" content=\"Los operativos de control y detenci\u00f3n se llevar\u00e1n a cabo seis d\u00edas a la semana en dos zonas simult\u00e1neas de monitoreo con radares de velocidad. Por una ciudad con \u201cVisi\u00f3n Cero\u201d, donde se prevengan las lesiones y muertes por hechos de tr\u00e1nsito; ese es el principal objetivo de la estrategia de cinem\u00f3metros que arrancar\u00e1 el pr\u00f3ximo lunes 22 de agosto, ya que, seg\u00fan datos presentados en rueda de prensa por Ad\u00e1n Dom\u00ednguez S\u00e1nchez, Gerente de Gobierno Municipal, hasta el 65 por ciento de la ciudadan\u00eda circula a exceso de velocidad por las calles de Puebla capital. Y es que tan s\u00f3lo en lo que va de este a\u00f1o 2022, se han registrado en la Angel\u00f3polis tres mil 358 accidentes viales, revel\u00f3 Consuelo Cruz Galindo, Secretaria&hellip;Leer m\u00e1s...\" \/>\n<meta property=\"og:url\" content=\"https:\/\/www.aliadospuebla.com\/?p=74688\" \/>\n<meta property=\"og:site_name\" content=\"AliadosPuebla\" \/>\n<meta property=\"article:author\" content=\"https:\/\/www.facebook.com\/Aliados17Pue\" \/>\n<meta property=\"article:published_time\" content=\"2022-08-16T04:05:23+00:00\" \/>\n<meta property=\"og:image\" content=\"https:\/\/www.aliadospuebla.com\/web2017\/wp-content\/uploads\/2022\/08\/66.jpg\" \/>\n\t<meta property=\"og:image:width\" content=\"600\" \/>\n\t<meta property=\"og:image:height\" content=\"450\" \/>\n\t<meta property=\"og:image:type\" content=\"image\/jpeg\" \/>\n<meta name=\"author\" content=\"Aliados17\" \/>\n<meta name=\"twitter:card\" content=\"summary_large_image\" \/>\n<meta name=\"twitter:creator\" content=\"@AliadosPuebla\" \/>\n<meta name=\"twitter:label1\" content=\"Escrito por\" \/>\n\t<meta name=\"twitter:data1\" content=\"Aliados17\" \/>\n\t<meta name=\"twitter:label2\" content=\"Tiempo de lectura\" \/>\n\t<meta name=\"twitter:data2\" content=\"2 minutos\" \/>\n<script type=\"application\/ld+json\" class=\"yoast-schema-graph\">{\"@context\":\"https:\\\/\\\/schema.org\",\"@graph\":[{\"@type\":\"Article\",\"@id\":\"https:\\\/\\\/www.aliadospuebla.com\\\/?p=74688#article\",\"isPartOf\":{\"@id\":\"https:\\\/\\\/www.aliadospuebla.com\\\/?p=74688\"},\"author\":{\"name\":\"Aliados17\",\"@id\":\"https:\\\/\\\/www.aliadospuebla.com\\\/#\\\/schema\\\/person\\\/5da7dd09320bd4f392b710017ed5f8ad\"},\"headline\":\"AYUNTAMIENTO DE PUEBLA INICIAR\u00c1 OPERATIVOS CON CINEM\u00d3METROS EL PR\u00d3XIMO LUNES 22 DE AGOSTO\",\"datePublished\":\"2022-08-16T04:05:23+00:00\",\"mainEntityOfPage\":{\"@id\":\"https:\\\/\\\/www.aliadospuebla.com\\\/?p=74688\"},\"wordCount\":289,\"commentCount\":0,\"image\":{\"@id\":\"https:\\\/\\\/www.aliadospuebla.com\\\/?p=74688#primaryimage\"},\"thumbnailUrl\":\"https:\\\/\\\/www.aliadospuebla.com\\\/web2017\\\/wp-content\\\/uploads\\\/2022\\\/08\\\/66.jpg\",\"keywords\":[\"accidentes viales\",\"acciones preventivas\",\"Ad\u00e1n Dom\u00ednguez S\u00e1nchez\",\"cinem\u00f3metros\",\"control y detenci\u00f3n\",\"exceso de velocidad\",\"MONITOREO\",\"OPERATIVOS\"],\"articleSection\":[\"Capital\"],\"inLanguage\":\"es\",\"potentialAction\":[{\"@type\":\"CommentAction\",\"name\":\"Comment\",\"target\":[\"https:\\\/\\\/www.aliadospuebla.com\\\/?p=74688#respond\"]}]},{\"@type\":\"WebPage\",\"@id\":\"https:\\\/\\\/www.aliadospuebla.com\\\/?p=74688\",\"url\":\"https:\\\/\\\/www.aliadospuebla.com\\\/?p=74688\",\"name\":\"AYUNTAMIENTO DE PUEBLA INICIAR\u00c1 OPERATIVOS CON CINEM\u00d3METROS EL PR\u00d3XIMO LUNES 22 DE AGOSTO - AliadosPuebla\",\"isPartOf\":{\"@id\":\"https:\\\/\\\/www.aliadospuebla.com\\\/#website\"},\"primaryImageOfPage\":{\"@id\":\"https:\\\/\\\/www.aliadospuebla.com\\\/?p=74688#primaryimage\"},\"image\":{\"@id\":\"https:\\\/\\\/www.aliadospuebla.com\\\/?p=74688#primaryimage\"},\"thumbnailUrl\":\"https:\\\/\\\/www.aliadospuebla.com\\\/web2017\\\/wp-content\\\/uploads\\\/2022\\\/08\\\/66.jpg\",\"datePublished\":\"2022-08-16T04:05:23+00:00\",\"author\":{\"@id\":\"https:\\\/\\\/www.aliadospuebla.com\\\/#\\\/schema\\\/person\\\/5da7dd09320bd4f392b710017ed5f8ad\"},\"breadcrumb\":{\"@id\":\"https:\\\/\\\/www.aliadospuebla.com\\\/?p=74688#breadcrumb\"},\"inLanguage\":\"es\",\"potentialAction\":[{\"@type\":\"ReadAction\",\"target\":[\"https:\\\/\\\/www.aliadospuebla.com\\\/?p=74688\"]}]},{\"@type\":\"ImageObject\",\"inLanguage\":\"es\",\"@id\":\"https:\\\/\\\/www.aliadospuebla.com\\\/?p=74688#primaryimage\",\"url\":\"https:\\\/\\\/www.aliadospuebla.com\\\/web2017\\\/wp-content\\\/uploads\\\/2022\\\/08\\\/66.jpg\",\"contentUrl\":\"https:\\\/\\\/www.aliadospuebla.com\\\/web2017\\\/wp-content\\\/uploads\\\/2022\\\/08\\\/66.jpg\",\"width\":600,\"height\":450},{\"@type\":\"BreadcrumbList\",\"@id\":\"https:\\\/\\\/www.aliadospuebla.com\\\/?p=74688#breadcrumb\",\"itemListElement\":[{\"@type\":\"ListItem\",\"position\":1,\"name\":\"Portada\",\"item\":\"https:\\\/\\\/www.aliadospuebla.com\\\/\"},{\"@type\":\"ListItem\",\"position\":2,\"name\":\"AYUNTAMIENTO DE PUEBLA INICIAR\u00c1 OPERATIVOS CON CINEM\u00d3METROS EL PR\u00d3XIMO LUNES 22 DE AGOSTO\"}]},{\"@type\":\"WebSite\",\"@id\":\"https:\\\/\\\/www.aliadospuebla.com\\\/#website\",\"url\":\"https:\\\/\\\/www.aliadospuebla.com\\\/\",\"name\":\"AliadosPuebla\",\"description\":\"La informaci\u00f3n en tus manos\",\"potentialAction\":[{\"@type\":\"SearchAction\",\"target\":{\"@type\":\"EntryPoint\",\"urlTemplate\":\"https:\\\/\\\/www.aliadospuebla.com\\\/?s={search_term_string}\"},\"query-input\":{\"@type\":\"PropertyValueSpecification\",\"valueRequired\":true,\"valueName\":\"search_term_string\"}}],\"inLanguage\":\"es\"},{\"@type\":\"Person\",\"@id\":\"https:\\\/\\\/www.aliadospuebla.com\\\/#\\\/schema\\\/person\\\/5da7dd09320bd4f392b710017ed5f8ad\",\"name\":\"Aliados17\",\"image\":{\"@type\":\"ImageObject\",\"inLanguage\":\"es\",\"@id\":\"https:\\\/\\\/www.aliadospuebla.com\\\/web2017\\\/wp-content\\\/uploads\\\/2025\\\/03\\\/cropped-para-perfil-8-anos-1-96x96.jpg\",\"url\":\"https:\\\/\\\/www.aliadospuebla.com\\\/web2017\\\/wp-content\\\/uploads\\\/2025\\\/03\\\/cropped-para-perfil-8-anos-1-96x96.jpg\",\"contentUrl\":\"https:\\\/\\\/www.aliadospuebla.com\\\/web2017\\\/wp-content\\\/uploads\\\/2025\\\/03\\\/cropped-para-perfil-8-anos-1-96x96.jpg\",\"caption\":\"Aliados17\"},\"sameAs\":[\"https:\\\/\\\/www.aliados17.com\",\"https:\\\/\\\/www.facebook.com\\\/Aliados17Pue\",\"https:\\\/\\\/x.com\\\/AliadosPuebla\"],\"url\":\"https:\\\/\\\/www.aliadospuebla.com\\\/?author=2\"}]}<\/script>\n<!-- \/ Yoast SEO plugin. -->","yoast_head_json":{"title":"AYUNTAMIENTO DE PUEBLA INICIAR\u00c1 OPERATIVOS CON CINEM\u00d3METROS EL PR\u00d3XIMO LUNES 22 DE AGOSTO - AliadosPuebla","robots":{"index":"index","follow":"follow","max-snippet":"max-snippet:-1","max-image-preview":"max-image-preview:large","max-video-preview":"max-video-preview:-1"},"canonical":"https:\/\/www.aliadospuebla.com\/?p=74688","og_locale":"es_ES","og_type":"article","og_title":"AYUNTAMIENTO DE PUEBLA INICIAR\u00c1 OPERATIVOS CON CINEM\u00d3METROS EL PR\u00d3XIMO LUNES 22 DE AGOSTO - AliadosPuebla","og_description":"Los operativos de control y detenci\u00f3n se llevar\u00e1n a cabo seis d\u00edas a la semana en dos zonas simult\u00e1neas de monitoreo con radares de velocidad. Por una ciudad con \u201cVisi\u00f3n Cero\u201d, donde se prevengan las lesiones y muertes por hechos de tr\u00e1nsito; ese es el principal objetivo de la estrategia de cinem\u00f3metros que arrancar\u00e1 el pr\u00f3ximo lunes 22 de agosto, ya que, seg\u00fan datos presentados en rueda de prensa por Ad\u00e1n Dom\u00ednguez S\u00e1nchez, Gerente de Gobierno Municipal, hasta el 65 por ciento de la ciudadan\u00eda circula a exceso de velocidad por las calles de Puebla capital. Y es que tan s\u00f3lo en lo que va de este a\u00f1o 2022, se han registrado en la Angel\u00f3polis tres mil 358 accidentes viales, revel\u00f3 Consuelo Cruz Galindo, Secretaria&hellip;Leer m\u00e1s...","og_url":"https:\/\/www.aliadospuebla.com\/?p=74688","og_site_name":"AliadosPuebla","article_author":"https:\/\/www.facebook.com\/Aliados17Pue","article_published_time":"2022-08-16T04:05:23+00:00","og_image":[{"width":600,"height":450,"url":"https:\/\/www.aliadospuebla.com\/web2017\/wp-content\/uploads\/2022\/08\/66.jpg","type":"image\/jpeg"}],"author":"Aliados17","twitter_card":"summary_large_image","twitter_creator":"@AliadosPuebla","twitter_misc":{"Escrito por":"Aliados17","Tiempo de lectura":"2 minutos"},"schema":{"@context":"https:\/\/schema.org","@graph":[{"@type":"Article","@id":"https:\/\/www.aliadospuebla.com\/?p=74688#article","isPartOf":{"@id":"https:\/\/www.aliadospuebla.com\/?p=74688"},"author":{"name":"Aliados17","@id":"https:\/\/www.aliadospuebla.com\/#\/schema\/person\/5da7dd09320bd4f392b710017ed5f8ad"},"headline":"AYUNTAMIENTO DE PUEBLA INICIAR\u00c1 OPERATIVOS CON CINEM\u00d3METROS EL PR\u00d3XIMO LUNES 22 DE AGOSTO","datePublished":"2022-08-16T04:05:23+00:00","mainEntityOfPage":{"@id":"https:\/\/www.aliadospuebla.com\/?p=74688"},"wordCount":289,"commentCount":0,"image":{"@id":"https:\/\/www.aliadospuebla.com\/?p=74688#primaryimage"},"thumbnailUrl":"https:\/\/www.aliadospuebla.com\/web2017\/wp-content\/uploads\/2022\/08\/66.jpg","keywords":["accidentes viales","acciones preventivas","Ad\u00e1n Dom\u00ednguez S\u00e1nchez","cinem\u00f3metros","control y detenci\u00f3n","exceso de velocidad","MONITOREO","OPERATIVOS"],"articleSection":["Capital"],"inLanguage":"es","potentialAction":[{"@type":"CommentAction","name":"Comment","target":["https:\/\/www.aliadospuebla.com\/?p=74688#respond"]}]},{"@type":"WebPage","@id":"https:\/\/www.aliadospuebla.com\/?p=74688","url":"https:\/\/www.aliadospuebla.com\/?p=74688","name":"AYUNTAMIENTO DE PUEBLA INICIAR\u00c1 OPERATIVOS CON CINEM\u00d3METROS EL PR\u00d3XIMO LUNES 22 DE AGOSTO - AliadosPuebla","isPartOf":{"@id":"https:\/\/www.aliadospuebla.com\/#website"},"primaryImageOfPage":{"@id":"https:\/\/www.aliadospuebla.com\/?p=74688#primaryimage"},"image":{"@id":"https:\/\/www.aliadospuebla.com\/?p=74688#primaryimage"},"thumbnailUrl":"https:\/\/www.aliadospuebla.com\/web2017\/wp-content\/uploads\/2022\/08\/66.jpg","datePublished":"2022-08-16T04:05:23+00:00","author":{"@id":"https:\/\/www.aliadospuebla.com\/#\/schema\/person\/5da7dd09320bd4f392b710017ed5f8ad"},"breadcrumb":{"@id":"https:\/\/www.aliadospuebla.com\/?p=74688#breadcrumb"},"inLanguage":"es","potentialAction":[{"@type":"ReadAction","target":["https:\/\/www.aliadospuebla.com\/?p=74688"]}]},{"@type":"ImageObject","inLanguage":"es","@id":"https:\/\/www.aliadospuebla.com\/?p=74688#primaryimage","url":"https:\/\/www.aliadospuebla.com\/web2017\/wp-content\/uploads\/2022\/08\/66.jpg","contentUrl":"https:\/\/www.aliadospuebla.com\/web2017\/wp-content\/uploads\/2022\/08\/66.jpg","width":600,"height":450},{"@type":"BreadcrumbList","@id":"https:\/\/www.aliadospuebla.com\/?p=74688#breadcrumb","itemListElement":[{"@type":"ListItem","position":1,"name":"Portada","item":"https:\/\/www.aliadospuebla.com\/"},{"@type":"ListItem","position":2,"name":"AYUNTAMIENTO DE PUEBLA INICIAR\u00c1 OPERATIVOS CON CINEM\u00d3METROS EL PR\u00d3XIMO LUNES 22 DE AGOSTO"}]},{"@type":"WebSite","@id":"https:\/\/www.aliadospuebla.com\/#website","url":"https:\/\/www.aliadospuebla.com\/","name":"AliadosPuebla","description":"La informaci\u00f3n en tus manos","potentialAction":[{"@type":"SearchAction","target":{"@type":"EntryPoint","urlTemplate":"https:\/\/www.aliadospuebla.com\/?s={search_term_string}"},"query-input":{"@type":"PropertyValueSpecification","valueRequired":true,"valueName":"search_term_string"}}],"inLanguage":"es"},{"@type":"Person","@id":"https:\/\/www.aliadospuebla.com\/#\/schema\/person\/5da7dd09320bd4f392b710017ed5f8ad","name":"Aliados17","image":{"@type":"ImageObject","inLanguage":"es","@id":"https:\/\/www.aliadospuebla.com\/web2017\/wp-content\/uploads\/2025\/03\/cropped-para-perfil-8-anos-1-96x96.jpg","url":"https:\/\/www.aliadospuebla.com\/web2017\/wp-content\/uploads\/2025\/03\/cropped-para-perfil-8-anos-1-96x96.jpg","contentUrl":"https:\/\/www.aliadospuebla.com\/web2017\/wp-content\/uploads\/2025\/03\/cropped-para-perfil-8-anos-1-96x96.jpg","caption":"Aliados17"},"sameAs":["https:\/\/www.aliados17.com","https:\/\/www.facebook.com\/Aliados17Pue","https:\/\/x.com\/AliadosPuebla"],"url":"https:\/\/www.aliadospuebla.com\/?author=2"}]}},"views":8,"_links":{"self":[{"href":"https:\/\/www.aliadospuebla.com\/index.php?rest_route=\/wp\/v2\/posts\/74688","targetHints":{"allow":["GET"]}}],"collection":[{"href":"https:\/\/www.aliadospuebla.com\/index.php?rest_route=\/wp\/v2\/posts"}],"about":[{"href":"https:\/\/www.aliadospuebla.com\/index.php?rest_route=\/wp\/v2\/types\/post"}],"author":[{"embeddable":true,"href":"https:\/\/www.aliadospuebla.com\/index.php?rest_route=\/wp\/v2\/users\/2"}],"replies":[{"embeddable":true,"href":"https:\/\/www.aliadospuebla.com\/index.php?rest_route=%2Fwp%2Fv2%2Fcomments&post=74688"}],"version-history":[{"count":1,"href":"https:\/\/www.aliadospuebla.com\/index.php?rest_route=\/wp\/v2\/posts\/74688\/revisions"}],"predecessor-version":[{"id":74690,"href":"https:\/\/www.aliadospuebla.com\/index.php?rest_route=\/wp\/v2\/posts\/74688\/revisions\/74690"}],"wp:featuredmedia":[{"embeddable":true,"href":"https:\/\/www.aliadospuebla.com\/index.php?rest_route=\/wp\/v2\/media\/74689"}],"wp:attachment":[{"href":"https:\/\/www.aliadospuebla.com\/index.php?rest_route=%2Fwp%2Fv2%2Fmedia&parent=74688"}],"wp:term":[{"taxonomy":"category","embeddable":true,"href":"https:\/\/www.aliadospuebla.com\/index.php?rest_route=%2Fwp%2Fv2%2Fcategories&post=74688"},{"taxonomy":"post_tag","embeddable":true,"href":"https:\/\/www.aliadospuebla.com\/index.php?rest_route=%2Fwp%2Fv2%2Ftags&post=74688"}],"curies":[{"name":"wp","href":"https:\/\/api.w.org\/{rel}","templated":true}]}}