{"id":74468,"date":"2022-08-08T13:42:25","date_gmt":"2022-08-08T18:42:25","guid":{"rendered":"https:\/\/www.aliados17.com\/?p=74468"},"modified":"2022-08-08T13:42:25","modified_gmt":"2022-08-08T18:42:25","slug":"entrega-ayuntamiento-de-tlaxcala-donativo-a-la-cruz-roja","status":"publish","type":"post","link":"https:\/\/www.aliadospuebla.com\/?p=74468","title":{"rendered":"Entrega Ayuntamiento de Tlaxcala donativo a la Cruz Roja"},"content":{"rendered":"<ul>\n<li data-leveltext=\"\uf0b7\" data-font=\"Symbol\" data-listid=\"4\" data-list-defn-props=\"{&quot;335552541&quot;:1,&quot;335559684&quot;:-2,&quot;335559685&quot;:720,&quot;335559991&quot;:360,&quot;469769226&quot;:&quot;Symbol&quot;,&quot;469769242&quot;:[8226],&quot;469777803&quot;:&quot;left&quot;,&quot;469777804&quot;:&quot;\uf0b7&quot;,&quot;469777815&quot;:&quot;hybridMultilevel&quot;}\" aria-setsize=\"-1\" data-aria-posinset=\"1\" data-aria-level=\"1\">\n<h4><i><span data-contrast=\"auto\">Los servidores p\u00fablicos de la actual administraci\u00f3n municipal tenemos un compromiso con la benem\u00e9rita instituci\u00f3n: Jorge Corichi<\/span><\/i><span data-ccp-props=\"{&quot;201341983&quot;:0,&quot;335551550&quot;:6,&quot;335551620&quot;:6,&quot;335559739&quot;:200,&quot;335559740&quot;:276}\">\u00a0<\/span><\/h4>\n<\/li>\n<li data-leveltext=\"\uf0b7\" data-font=\"Symbol\" data-listid=\"4\" data-list-defn-props=\"{&quot;335552541&quot;:1,&quot;335559684&quot;:-2,&quot;335559685&quot;:720,&quot;335559991&quot;:360,&quot;469769226&quot;:&quot;Symbol&quot;,&quot;469769242&quot;:[8226],&quot;469777803&quot;:&quot;left&quot;,&quot;469777804&quot;:&quot;\uf0b7&quot;,&quot;469777815&quot;:&quot;hybridMultilevel&quot;}\" aria-setsize=\"-1\" data-aria-posinset=\"1\" data-aria-level=\"1\"><span data-contrast=\"auto\">En franca solidaridad con las tareas de auxilio y atenci\u00f3n m\u00e9dica <\/span><\/li>\n<li data-leveltext=\"\uf0b7\" data-font=\"Symbol\" data-listid=\"4\" data-list-defn-props=\"{&quot;335552541&quot;:1,&quot;335559684&quot;:-2,&quot;335559685&quot;:720,&quot;335559991&quot;:360,&quot;469769226&quot;:&quot;Symbol&quot;,&quot;469769242&quot;:[8226],&quot;469777803&quot;:&quot;left&quot;,&quot;469777804&quot;:&quot;\uf0b7&quot;,&quot;469777815&quot;:&quot;hybridMultilevel&quot;}\" aria-setsize=\"-1\" data-aria-posinset=\"1\" data-aria-level=\"1\"><span data-contrast=\"auto\">que la <strong>Cruz Roja Mexicana brinda<\/strong> a la ciudadan\u00eda capitalina,<\/span><\/li>\n<li data-leveltext=\"\uf0b7\" data-font=\"Symbol\" data-listid=\"4\" data-list-defn-props=\"{&quot;335552541&quot;:1,&quot;335559684&quot;:-2,&quot;335559685&quot;:720,&quot;335559991&quot;:360,&quot;469769226&quot;:&quot;Symbol&quot;,&quot;469769242&quot;:[8226],&quot;469777803&quot;:&quot;left&quot;,&quot;469777804&quot;:&quot;\uf0b7&quot;,&quot;469777815&quot;:&quot;hybridMultilevel&quot;}\" aria-setsize=\"-1\" data-aria-posinset=\"1\" data-aria-level=\"1\"><span data-contrast=\"auto\"> el<strong> Ayuntamiento de Tlaxcala<\/strong>, que preside el alcalde <strong>Jorge Corichi,<\/strong> <\/span><\/li>\n<li data-leveltext=\"\uf0b7\" data-font=\"Symbol\" data-listid=\"4\" data-list-defn-props=\"{&quot;335552541&quot;:1,&quot;335559684&quot;:-2,&quot;335559685&quot;:720,&quot;335559991&quot;:360,&quot;469769226&quot;:&quot;Symbol&quot;,&quot;469769242&quot;:[8226],&quot;469777803&quot;:&quot;left&quot;,&quot;469777804&quot;:&quot;\uf0b7&quot;,&quot;469777815&quot;:&quot;hybridMultilevel&quot;}\" aria-setsize=\"-1\" data-aria-posinset=\"1\" data-aria-level=\"1\"><span data-contrast=\"auto\">sum\u00f3 su apoyo a la Colecta Nacional 2022. <\/span><span data-ccp-props=\"{&quot;201341983&quot;:0,&quot;335551550&quot;:6,&quot;335551620&quot;:6,&quot;335559739&quot;:200,&quot;335559740&quot;:276}\">\u00a0<\/span><\/li>\n<\/ul>\n<p><span data-contrast=\"auto\">Al hacer entrega de un <strong>donativo<\/strong> por la cantidad de 180 mil 106 pesos con 60 centavos<\/span><\/p>\n<p><span data-contrast=\"auto\"> al delegado estatal de la <strong>Cruz Roja, Miguel Garc\u00eda M\u00e9ndez Salazar<\/strong>, <\/span><\/p>\n<p><span data-contrast=\"auto\">el edil destac\u00f3 la importante funci\u00f3n de este organismo de asistencia p\u00fablica, <\/span><span data-contrast=\"auto\">el cual cuenta<\/span><\/p>\n<p><span data-contrast=\"auto\"> con personal capacitado y equipo m\u00e9dico de calidad para actuar en las diferentes situaciones<\/span><\/p>\n<p><span data-contrast=\"auto\"> de emergencia donde est\u00e9 en riesgo la vida de las personas.<\/span><span data-ccp-props=\"{&quot;201341983&quot;:0,&quot;335551550&quot;:6,&quot;335551620&quot;:6,&quot;335559739&quot;:200,&quot;335559740&quot;:276}\">\u00a0<\/span><\/p>\n<h4><span data-contrast=\"auto\">Asimismo, reconoci\u00f3 la labor de los casi 200 voluntarios del Ayuntamiento que se sumaron a la colecta y contribuyeron con sus donativos para alcanzar la suma entregada a la organizaci\u00f3n humanitaria.<\/span><span data-ccp-props=\"{&quot;201341983&quot;:0,&quot;335551550&quot;:6,&quot;335551620&quot;:6,&quot;335559739&quot;:200,&quot;335559740&quot;:276}\">\u00a0<\/span><\/h4>\n<p><span data-contrast=\"auto\">\u201cPara nosotros es de una gran satisfacci\u00f3n lograr esta cantidad de poco m\u00e1s de 180 mil pesos<\/span><\/p>\n<p><span data-contrast=\"auto\"> que son producto de un gran esfuerzo por parte de los 191 voluntarios y compa\u00f1eros que se sumaron <\/span><\/p>\n<p><span data-contrast=\"auto\">a las acciones de esta <strong>colecta estatal<\/strong>\u201d, expres\u00f3 el presidente<strong> Corichi<\/strong> en la entrega simb\u00f3lica del cheque.\u00a0<\/span><span data-ccp-props=\"{&quot;201341983&quot;:0,&quot;335551550&quot;:6,&quot;335551620&quot;:6,&quot;335559739&quot;:200,&quot;335559740&quot;:276}\">\u00a0<\/span><\/p>\n<p><span data-contrast=\"auto\">Miguel Garc\u00eda M\u00e9ndez Salazar, delegado estatal de la Cruz Roja, agradeci\u00f3 el apoyo de las autoridades municipales en esta recaudaci\u00f3n econ\u00f3mica y recalc\u00f3 el esfuerzo solidario del Ayuntamiento Capitalino.<\/span><span data-ccp-props=\"{&quot;201341983&quot;:0,&quot;335551550&quot;:6,&quot;335551620&quot;:6,&quot;335559739&quot;:200,&quot;335559740&quot;:276}\">\u00a0<\/span><\/p>\n<p><span data-contrast=\"auto\">\u201cPara todo el equipo de la Cruz Roja de Tlaxcala es una enorme satisfacci\u00f3n saber que voluntarios del Ayuntamiento de Tlaxcala se sumaron a esta actividad, que no solo beneficia a la instituci\u00f3n, sino tambi\u00e9n beneficia directamente a nuestras comunidades\u201d, puntualiz\u00f3 el delegado estatal.<\/span><span data-ccp-props=\"{&quot;201341983&quot;:0,&quot;335551550&quot;:6,&quot;335551620&quot;:6,&quot;335559739&quot;:200,&quot;335559740&quot;:276}\">\u00a0<\/span><\/p>\n<p><span data-contrast=\"auto\">Al final, se realiz\u00f3 una entrega de reconocimientos por la labor de voluntariado al Ayuntamiento de Tlaxcala por parte de la Delegaci\u00f3n Estatal de la Cruz Roja Mexicana.\u00a0\u00a0<\/span><span data-ccp-props=\"{&quot;201341983&quot;:0,&quot;335551550&quot;:6,&quot;335551620&quot;:6,&quot;335559739&quot;:200,&quot;335559740&quot;:276}\">\u00a0<\/span><\/p>\n<p><span data-contrast=\"auto\">En la ceremonia de entrega estuvieron presentes la presidenta honor\u00edfica del Sistema DIF Municipal, Cecilia Herrej\u00f3n L\u00f3pez; la s\u00edndica municipal, Rosalba Salas Jaramillo; la directora de Bienestar Humano Municipal, Maribel P\u00e9rez Arenas; la coordinadora estatal de damas voluntarias, Evelyn Montero Jauregui, adem\u00e1s de integrantes del Cabildo, directores y personal del Ayuntamiento que particip\u00f3 voluntariamente en la colecta.<\/span><span data-ccp-props=\"{&quot;201341983&quot;:0,&quot;335551550&quot;:6,&quot;335551620&quot;:6,&quot;335559739&quot;:200,&quot;335559740&quot;:276}\">\u00a0<\/span><\/p>\n","protected":false},"excerpt":{"rendered":"<p>Los servidores p\u00fablicos de la actual administraci\u00f3n municipal tenemos un compromiso con la benem\u00e9rita instituci\u00f3n: Jorge Corichi\u00a0 En franca solidaridad con las tareas de auxilio y atenci\u00f3n m\u00e9dica que la Cruz Roja Mexicana brinda a la ciudadan\u00eda capitalina, el Ayuntamiento de Tlaxcala, que preside el alcalde Jorge Corichi, sum\u00f3 su apoyo a la Colecta Nacional 2022. \u00a0 Al hacer entrega de un donativo por la cantidad de 180 mil 106 pesos con 60 centavos al delegado estatal de la Cruz Roja, Miguel Garc\u00eda M\u00e9ndez Salazar, el edil destac\u00f3 la importante funci\u00f3n de este organismo de asistencia p\u00fablica, el cual cuenta con personal capacitado y equipo m\u00e9dico de calidad para actuar en las diferentes situaciones de emergencia donde est\u00e9 en riesgo la vida de las personas.\u00a0&hellip;<\/p>\n<p class=\"excerpt-more\"><a class=\"blog-excerpt button\" href=\"https:\/\/www.aliadospuebla.com\/?p=74468\">Leer m\u00e1s&#8230;<\/a><\/p>\n","protected":false},"author":2,"featured_media":74469,"comment_status":"open","ping_status":"open","sticky":false,"template":"","format":"standard","meta":{"_monsterinsights_skip_tracking":false,"footnotes":""},"categories":[8304],"tags":[19849,4219,16288,11417],"class_list":["post-74468","post","type-post","status-publish","format-standard","has-post-thumbnail","hentry","category-nacional","tag-colecta-estatal","tag-cruz-roja-mexicana","tag-jorge-corichi","tag-tlaxcala-capital"],"yoast_head":"<!-- This site is optimized with the Yoast SEO plugin v28.4 - https:\/\/yoast.com\/product\/yoast-seo-wordpress\/ -->\n<title>Entrega Ayuntamiento de Tlaxcala donativo a la Cruz Roja - AliadosPuebla<\/title>\n<meta name=\"robots\" content=\"index, follow, max-snippet:-1, max-image-preview:large, max-video-preview:-1\" \/>\n<link rel=\"canonical\" href=\"https:\/\/www.aliadospuebla.com\/?p=74468\" \/>\n<meta property=\"og:locale\" content=\"es_ES\" \/>\n<meta property=\"og:type\" content=\"article\" \/>\n<meta property=\"og:title\" content=\"Entrega Ayuntamiento de Tlaxcala donativo a la Cruz Roja - AliadosPuebla\" \/>\n<meta property=\"og:description\" content=\"Los servidores p\u00fablicos de la actual administraci\u00f3n municipal tenemos un compromiso con la benem\u00e9rita instituci\u00f3n: Jorge Corichi\u00a0 En franca solidaridad con las tareas de auxilio y atenci\u00f3n m\u00e9dica que la Cruz Roja Mexicana brinda a la ciudadan\u00eda capitalina, el Ayuntamiento de Tlaxcala, que preside el alcalde Jorge Corichi, sum\u00f3 su apoyo a la Colecta Nacional 2022. \u00a0 Al hacer entrega de un donativo por la cantidad de 180 mil 106 pesos con 60 centavos al delegado estatal de la Cruz Roja, Miguel Garc\u00eda M\u00e9ndez Salazar, el edil destac\u00f3 la importante funci\u00f3n de este organismo de asistencia p\u00fablica, el cual cuenta con personal capacitado y equipo m\u00e9dico de calidad para actuar en las diferentes situaciones de emergencia donde est\u00e9 en riesgo la vida de las personas.\u00a0&hellip;Leer m\u00e1s...\" \/>\n<meta property=\"og:url\" content=\"https:\/\/www.aliadospuebla.com\/?p=74468\" \/>\n<meta property=\"og:site_name\" content=\"AliadosPuebla\" \/>\n<meta property=\"article:author\" content=\"https:\/\/www.facebook.com\/Aliados17Pue\" \/>\n<meta property=\"article:published_time\" content=\"2022-08-08T18:42:25+00:00\" \/>\n<meta property=\"og:image\" content=\"https:\/\/www.aliadospuebla.com\/web2017\/wp-content\/uploads\/2022\/08\/06.jpg\" \/>\n\t<meta property=\"og:image:width\" content=\"600\" \/>\n\t<meta property=\"og:image:height\" content=\"450\" \/>\n\t<meta property=\"og:image:type\" content=\"image\/jpeg\" \/>\n<meta name=\"author\" content=\"Aliados17\" \/>\n<meta name=\"twitter:card\" content=\"summary_large_image\" \/>\n<meta name=\"twitter:creator\" content=\"@AliadosPuebla\" \/>\n<meta name=\"twitter:label1\" content=\"Escrito por\" \/>\n\t<meta name=\"twitter:data1\" content=\"Aliados17\" \/>\n\t<meta name=\"twitter:label2\" content=\"Tiempo de lectura\" \/>\n\t<meta name=\"twitter:data2\" content=\"2 minutos\" \/>\n<script type=\"application\/ld+json\" class=\"yoast-schema-graph\">{\"@context\":\"https:\\\/\\\/schema.org\",\"@graph\":[{\"@type\":\"Article\",\"@id\":\"https:\\\/\\\/www.aliadospuebla.com\\\/?p=74468#article\",\"isPartOf\":{\"@id\":\"https:\\\/\\\/www.aliadospuebla.com\\\/?p=74468\"},\"author\":{\"name\":\"Aliados17\",\"@id\":\"https:\\\/\\\/www.aliadospuebla.com\\\/#\\\/schema\\\/person\\\/5da7dd09320bd4f392b710017ed5f8ad\"},\"headline\":\"Entrega Ayuntamiento de Tlaxcala donativo a la Cruz Roja\",\"datePublished\":\"2022-08-08T18:42:25+00:00\",\"mainEntityOfPage\":{\"@id\":\"https:\\\/\\\/www.aliadospuebla.com\\\/?p=74468\"},\"wordCount\":398,\"commentCount\":0,\"image\":{\"@id\":\"https:\\\/\\\/www.aliadospuebla.com\\\/?p=74468#primaryimage\"},\"thumbnailUrl\":\"https:\\\/\\\/www.aliadospuebla.com\\\/web2017\\\/wp-content\\\/uploads\\\/2022\\\/08\\\/06.jpg\",\"keywords\":[\"colecta estatal\",\"CRUZ ROJA MEXICANA\",\"JORGE CORICHI\",\"TLAXCALA CAPITAL\"],\"articleSection\":[\"Nacional\"],\"inLanguage\":\"es\",\"potentialAction\":[{\"@type\":\"CommentAction\",\"name\":\"Comment\",\"target\":[\"https:\\\/\\\/www.aliadospuebla.com\\\/?p=74468#respond\"]}]},{\"@type\":\"WebPage\",\"@id\":\"https:\\\/\\\/www.aliadospuebla.com\\\/?p=74468\",\"url\":\"https:\\\/\\\/www.aliadospuebla.com\\\/?p=74468\",\"name\":\"Entrega Ayuntamiento de Tlaxcala donativo a la Cruz Roja - AliadosPuebla\",\"isPartOf\":{\"@id\":\"https:\\\/\\\/www.aliadospuebla.com\\\/#website\"},\"primaryImageOfPage\":{\"@id\":\"https:\\\/\\\/www.aliadospuebla.com\\\/?p=74468#primaryimage\"},\"image\":{\"@id\":\"https:\\\/\\\/www.aliadospuebla.com\\\/?p=74468#primaryimage\"},\"thumbnailUrl\":\"https:\\\/\\\/www.aliadospuebla.com\\\/web2017\\\/wp-content\\\/uploads\\\/2022\\\/08\\\/06.jpg\",\"datePublished\":\"2022-08-08T18:42:25+00:00\",\"author\":{\"@id\":\"https:\\\/\\\/www.aliadospuebla.com\\\/#\\\/schema\\\/person\\\/5da7dd09320bd4f392b710017ed5f8ad\"},\"breadcrumb\":{\"@id\":\"https:\\\/\\\/www.aliadospuebla.com\\\/?p=74468#breadcrumb\"},\"inLanguage\":\"es\",\"potentialAction\":[{\"@type\":\"ReadAction\",\"target\":[\"https:\\\/\\\/www.aliadospuebla.com\\\/?p=74468\"]}]},{\"@type\":\"ImageObject\",\"inLanguage\":\"es\",\"@id\":\"https:\\\/\\\/www.aliadospuebla.com\\\/?p=74468#primaryimage\",\"url\":\"https:\\\/\\\/www.aliadospuebla.com\\\/web2017\\\/wp-content\\\/uploads\\\/2022\\\/08\\\/06.jpg\",\"contentUrl\":\"https:\\\/\\\/www.aliadospuebla.com\\\/web2017\\\/wp-content\\\/uploads\\\/2022\\\/08\\\/06.jpg\",\"width\":600,\"height\":450},{\"@type\":\"BreadcrumbList\",\"@id\":\"https:\\\/\\\/www.aliadospuebla.com\\\/?p=74468#breadcrumb\",\"itemListElement\":[{\"@type\":\"ListItem\",\"position\":1,\"name\":\"Portada\",\"item\":\"https:\\\/\\\/www.aliadospuebla.com\\\/\"},{\"@type\":\"ListItem\",\"position\":2,\"name\":\"Entrega Ayuntamiento de Tlaxcala donativo a la Cruz Roja\"}]},{\"@type\":\"WebSite\",\"@id\":\"https:\\\/\\\/www.aliadospuebla.com\\\/#website\",\"url\":\"https:\\\/\\\/www.aliadospuebla.com\\\/\",\"name\":\"AliadosPuebla\",\"description\":\"La informaci\u00f3n en tus manos\",\"potentialAction\":[{\"@type\":\"SearchAction\",\"target\":{\"@type\":\"EntryPoint\",\"urlTemplate\":\"https:\\\/\\\/www.aliadospuebla.com\\\/?s={search_term_string}\"},\"query-input\":{\"@type\":\"PropertyValueSpecification\",\"valueRequired\":true,\"valueName\":\"search_term_string\"}}],\"inLanguage\":\"es\"},{\"@type\":\"Person\",\"@id\":\"https:\\\/\\\/www.aliadospuebla.com\\\/#\\\/schema\\\/person\\\/5da7dd09320bd4f392b710017ed5f8ad\",\"name\":\"Aliados17\",\"image\":{\"@type\":\"ImageObject\",\"inLanguage\":\"es\",\"@id\":\"https:\\\/\\\/www.aliadospuebla.com\\\/web2017\\\/wp-content\\\/uploads\\\/2025\\\/03\\\/cropped-para-perfil-8-anos-1-96x96.jpg\",\"url\":\"https:\\\/\\\/www.aliadospuebla.com\\\/web2017\\\/wp-content\\\/uploads\\\/2025\\\/03\\\/cropped-para-perfil-8-anos-1-96x96.jpg\",\"contentUrl\":\"https:\\\/\\\/www.aliadospuebla.com\\\/web2017\\\/wp-content\\\/uploads\\\/2025\\\/03\\\/cropped-para-perfil-8-anos-1-96x96.jpg\",\"caption\":\"Aliados17\"},\"sameAs\":[\"https:\\\/\\\/www.aliados17.com\",\"https:\\\/\\\/www.facebook.com\\\/Aliados17Pue\",\"https:\\\/\\\/x.com\\\/AliadosPuebla\"],\"url\":\"https:\\\/\\\/www.aliadospuebla.com\\\/?author=2\"}]}<\/script>\n<!-- \/ Yoast SEO plugin. -->","yoast_head_json":{"title":"Entrega Ayuntamiento de Tlaxcala donativo a la Cruz Roja - AliadosPuebla","robots":{"index":"index","follow":"follow","max-snippet":"max-snippet:-1","max-image-preview":"max-image-preview:large","max-video-preview":"max-video-preview:-1"},"canonical":"https:\/\/www.aliadospuebla.com\/?p=74468","og_locale":"es_ES","og_type":"article","og_title":"Entrega Ayuntamiento de Tlaxcala donativo a la Cruz Roja - AliadosPuebla","og_description":"Los servidores p\u00fablicos de la actual administraci\u00f3n municipal tenemos un compromiso con la benem\u00e9rita instituci\u00f3n: Jorge Corichi\u00a0 En franca solidaridad con las tareas de auxilio y atenci\u00f3n m\u00e9dica que la Cruz Roja Mexicana brinda a la ciudadan\u00eda capitalina, el Ayuntamiento de Tlaxcala, que preside el alcalde Jorge Corichi, sum\u00f3 su apoyo a la Colecta Nacional 2022. \u00a0 Al hacer entrega de un donativo por la cantidad de 180 mil 106 pesos con 60 centavos al delegado estatal de la Cruz Roja, Miguel Garc\u00eda M\u00e9ndez Salazar, el edil destac\u00f3 la importante funci\u00f3n de este organismo de asistencia p\u00fablica, el cual cuenta con personal capacitado y equipo m\u00e9dico de calidad para actuar en las diferentes situaciones de emergencia donde est\u00e9 en riesgo la vida de las personas.\u00a0&hellip;Leer m\u00e1s...","og_url":"https:\/\/www.aliadospuebla.com\/?p=74468","og_site_name":"AliadosPuebla","article_author":"https:\/\/www.facebook.com\/Aliados17Pue","article_published_time":"2022-08-08T18:42:25+00:00","og_image":[{"width":600,"height":450,"url":"https:\/\/www.aliadospuebla.com\/web2017\/wp-content\/uploads\/2022\/08\/06.jpg","type":"image\/jpeg"}],"author":"Aliados17","twitter_card":"summary_large_image","twitter_creator":"@AliadosPuebla","twitter_misc":{"Escrito por":"Aliados17","Tiempo de lectura":"2 minutos"},"schema":{"@context":"https:\/\/schema.org","@graph":[{"@type":"Article","@id":"https:\/\/www.aliadospuebla.com\/?p=74468#article","isPartOf":{"@id":"https:\/\/www.aliadospuebla.com\/?p=74468"},"author":{"name":"Aliados17","@id":"https:\/\/www.aliadospuebla.com\/#\/schema\/person\/5da7dd09320bd4f392b710017ed5f8ad"},"headline":"Entrega Ayuntamiento de Tlaxcala donativo a la Cruz Roja","datePublished":"2022-08-08T18:42:25+00:00","mainEntityOfPage":{"@id":"https:\/\/www.aliadospuebla.com\/?p=74468"},"wordCount":398,"commentCount":0,"image":{"@id":"https:\/\/www.aliadospuebla.com\/?p=74468#primaryimage"},"thumbnailUrl":"https:\/\/www.aliadospuebla.com\/web2017\/wp-content\/uploads\/2022\/08\/06.jpg","keywords":["colecta estatal","CRUZ ROJA MEXICANA","JORGE CORICHI","TLAXCALA CAPITAL"],"articleSection":["Nacional"],"inLanguage":"es","potentialAction":[{"@type":"CommentAction","name":"Comment","target":["https:\/\/www.aliadospuebla.com\/?p=74468#respond"]}]},{"@type":"WebPage","@id":"https:\/\/www.aliadospuebla.com\/?p=74468","url":"https:\/\/www.aliadospuebla.com\/?p=74468","name":"Entrega Ayuntamiento de Tlaxcala donativo a la Cruz Roja - AliadosPuebla","isPartOf":{"@id":"https:\/\/www.aliadospuebla.com\/#website"},"primaryImageOfPage":{"@id":"https:\/\/www.aliadospuebla.com\/?p=74468#primaryimage"},"image":{"@id":"https:\/\/www.aliadospuebla.com\/?p=74468#primaryimage"},"thumbnailUrl":"https:\/\/www.aliadospuebla.com\/web2017\/wp-content\/uploads\/2022\/08\/06.jpg","datePublished":"2022-08-08T18:42:25+00:00","author":{"@id":"https:\/\/www.aliadospuebla.com\/#\/schema\/person\/5da7dd09320bd4f392b710017ed5f8ad"},"breadcrumb":{"@id":"https:\/\/www.aliadospuebla.com\/?p=74468#breadcrumb"},"inLanguage":"es","potentialAction":[{"@type":"ReadAction","target":["https:\/\/www.aliadospuebla.com\/?p=74468"]}]},{"@type":"ImageObject","inLanguage":"es","@id":"https:\/\/www.aliadospuebla.com\/?p=74468#primaryimage","url":"https:\/\/www.aliadospuebla.com\/web2017\/wp-content\/uploads\/2022\/08\/06.jpg","contentUrl":"https:\/\/www.aliadospuebla.com\/web2017\/wp-content\/uploads\/2022\/08\/06.jpg","width":600,"height":450},{"@type":"BreadcrumbList","@id":"https:\/\/www.aliadospuebla.com\/?p=74468#breadcrumb","itemListElement":[{"@type":"ListItem","position":1,"name":"Portada","item":"https:\/\/www.aliadospuebla.com\/"},{"@type":"ListItem","position":2,"name":"Entrega Ayuntamiento de Tlaxcala donativo a la Cruz Roja"}]},{"@type":"WebSite","@id":"https:\/\/www.aliadospuebla.com\/#website","url":"https:\/\/www.aliadospuebla.com\/","name":"AliadosPuebla","description":"La informaci\u00f3n en tus manos","potentialAction":[{"@type":"SearchAction","target":{"@type":"EntryPoint","urlTemplate":"https:\/\/www.aliadospuebla.com\/?s={search_term_string}"},"query-input":{"@type":"PropertyValueSpecification","valueRequired":true,"valueName":"search_term_string"}}],"inLanguage":"es"},{"@type":"Person","@id":"https:\/\/www.aliadospuebla.com\/#\/schema\/person\/5da7dd09320bd4f392b710017ed5f8ad","name":"Aliados17","image":{"@type":"ImageObject","inLanguage":"es","@id":"https:\/\/www.aliadospuebla.com\/web2017\/wp-content\/uploads\/2025\/03\/cropped-para-perfil-8-anos-1-96x96.jpg","url":"https:\/\/www.aliadospuebla.com\/web2017\/wp-content\/uploads\/2025\/03\/cropped-para-perfil-8-anos-1-96x96.jpg","contentUrl":"https:\/\/www.aliadospuebla.com\/web2017\/wp-content\/uploads\/2025\/03\/cropped-para-perfil-8-anos-1-96x96.jpg","caption":"Aliados17"},"sameAs":["https:\/\/www.aliados17.com","https:\/\/www.facebook.com\/Aliados17Pue","https:\/\/x.com\/AliadosPuebla"],"url":"https:\/\/www.aliadospuebla.com\/?author=2"}]}},"views":14,"_links":{"self":[{"href":"https:\/\/www.aliadospuebla.com\/index.php?rest_route=\/wp\/v2\/posts\/74468","targetHints":{"allow":["GET"]}}],"collection":[{"href":"https:\/\/www.aliadospuebla.com\/index.php?rest_route=\/wp\/v2\/posts"}],"about":[{"href":"https:\/\/www.aliadospuebla.com\/index.php?rest_route=\/wp\/v2\/types\/post"}],"author":[{"embeddable":true,"href":"https:\/\/www.aliadospuebla.com\/index.php?rest_route=\/wp\/v2\/users\/2"}],"replies":[{"embeddable":true,"href":"https:\/\/www.aliadospuebla.com\/index.php?rest_route=%2Fwp%2Fv2%2Fcomments&post=74468"}],"version-history":[{"count":1,"href":"https:\/\/www.aliadospuebla.com\/index.php?rest_route=\/wp\/v2\/posts\/74468\/revisions"}],"predecessor-version":[{"id":74470,"href":"https:\/\/www.aliadospuebla.com\/index.php?rest_route=\/wp\/v2\/posts\/74468\/revisions\/74470"}],"wp:featuredmedia":[{"embeddable":true,"href":"https:\/\/www.aliadospuebla.com\/index.php?rest_route=\/wp\/v2\/media\/74469"}],"wp:attachment":[{"href":"https:\/\/www.aliadospuebla.com\/index.php?rest_route=%2Fwp%2Fv2%2Fmedia&parent=74468"}],"wp:term":[{"taxonomy":"category","embeddable":true,"href":"https:\/\/www.aliadospuebla.com\/index.php?rest_route=%2Fwp%2Fv2%2Fcategories&post=74468"},{"taxonomy":"post_tag","embeddable":true,"href":"https:\/\/www.aliadospuebla.com\/index.php?rest_route=%2Fwp%2Fv2%2Ftags&post=74468"}],"curies":[{"name":"wp","href":"https:\/\/api.w.org\/{rel}","templated":true}]}}