{"id":73628,"date":"2022-07-07T23:51:53","date_gmt":"2022-07-08T04:51:53","guid":{"rendered":"https:\/\/www.aliados17.com\/?p=73628"},"modified":"2022-07-07T23:51:53","modified_gmt":"2022-07-08T04:51:53","slug":"tonantzin-carvajal-karina-lizeth-lupita","status":"publish","type":"post","link":"https:\/\/www.aliadospuebla.com\/?p=73628","title":{"rendered":"Tonantzin, Carvajal, Karina, Lizeth, Lupita"},"content":{"rendered":"<h4>As\u00ed como se ven las cosas, ya est\u00e1n al menos, los perfiles de los relevos en los Ayuntamientos de la capital y su zona conurbada:<\/h4>\n<p><strong>Tonantzin Fern\u00e1ndez D\u00edaz<\/strong>, la diputada local para <strong>San Pedro Cholula<\/strong>.<br \/>\n<strong>Karina P\u00e9rez Popoca<\/strong>, la ex alcaldesa, para <strong>San Andr\u00e9s Cholula.<\/strong><br \/>\n<strong>Guadalupe Daniel Hern\u00e1ndez<\/strong>, la ex presidenta para <strong>Cuautlancingo<\/strong>.<br \/>\n<strong>Alejandro Carvajal Hidalgo<\/strong>, el diputado federal para <strong>Puebla<\/strong>.<br \/>\n<strong>Lizeth S\u00e1nchez Garc\u00eda<\/strong>, la secretaria de Bienestar para <strong>San Mart\u00edn Texmelucan.<\/strong><br \/>\nEstas mujeres y hombres mantienen su trabajo y presencia en su respectivos distritos o municipios.<br \/>\nObviamente NO han dicho: \u201cYo quiero\u201d o \u201cS\u00ed quiero\u201d.<br \/>\nPero en pol\u00edtica NO hay casualidades y siempre se siembra para cosechar.<br \/>\nEso que ni qu\u00e9.<br \/>\n<strong>San Andr\u00e9s Cholula<\/strong> NO ser\u00e1 f\u00e1cil para que Karina lo recupere.<\/p>\n<p>Ella continua trabajando, entregado despensas con costo de recuperaci\u00f3n (250 pesos, por una que vale 400 pesos, m\u00e1s-menos).<\/p>\n<p>Su presencia es permanente y mantiene la esperanza de regresar.<br \/>\n<strong>San Pedro Cholula<\/strong> ser\u00e1 m\u00e1s f\u00e1cil de recuperar para MORENA si la candidata es Tonantzin Fern\u00e1ndez.<\/p>\n<p>Mujer joven, entregada a su trabajo, descontaminada de grupos y mafias, identificada con la gente y con proyecto s\u00f3lido.<br \/>\n<strong>San Mart\u00edn Texmelucan<\/strong> es, \u201c<strong>Tierra Lay\u00f3n<\/strong>\u201d.<\/p>\n<p>Con la alcaldesa <strong>Norma Lay\u00f3n<\/strong> al frente la sucesi\u00f3n, quien se perfila para sucederla NO tendr\u00e1 el m\u00e1s m\u00ednimo problema para ganar.<\/p>\n<p>Lizeth S\u00e1nchez, podr\u00e1 cumplir otro m\u00e1s de sus sue\u00f1os pol\u00edticos: Gobernar Texmelucan, su pueblo.<br \/>\n<strong>Cuautlancingo<\/strong> est\u00e1 m\u00e1s nivelado. Guadalupe Daniel Hern\u00e1ndez, la ex presidenta municipal, es delegada pol\u00edtica de la Direcci\u00f3n de Gobierno para el distrito 9 federal.<\/p>\n<p>Si no es candidata a diputada, repetir\u00e1 para regresar al Palacio Municipal.<\/p>\n<p>Todo depender\u00e1 de sus n\u00fameros electorales.<br \/>\n<strong>Puebla<\/strong> tiene en Alejandro Carvajal a una de las opciones de la 4T m\u00e1s fuertes.<\/p>\n<p>Diputado federal ganador en las elecciones 2018 y 2021, tiene en sus resultados, en sus n\u00fameros, en sus preferencias, su mejor carta de presentaci\u00f3n.<br \/>\nPunto.<br \/>\nHe dicho y he escrito.<br \/>\n\u2026<\/p>\n<h4>Ni Obama<\/h4>\n<p>El \u201cdestape\u201d de la diputada federal por MORENA Julieta Vences, para la gubernatura de Puebla, no se la esperaba, ni Obama.<br \/>\n\u2026<\/p>\n<h4>El Verdugo<\/h4>\n<p>Pe\u00f1a Nieto NO ir\u00e1 a la c\u00e1rcel por el supuesto \u201clavado de dinero\u201d.<\/p>\n<p>Si lo encarcelan, en tres d\u00edas se acaba el esc\u00e1ndalo. El Verdugo dice: Y luego \u00bfQu\u00e9 vende el loquito de Palacio Nacional?<br \/>\n\u2026<\/p>\n<p><strong>De Buena Fuente<\/strong> No es la mejor columna pol\u00edtica, pero tiene a los mejores lectores.<\/p>\n<p>cmaciaspalma@yahoo.com.mx<br \/>\n@cmaciaspalma<br \/>\nFB: Carlos Macias Palma<\/p>\n","protected":false},"excerpt":{"rendered":"<p>As\u00ed como se ven las cosas, ya est\u00e1n al menos, los perfiles de los relevos en los Ayuntamientos de la capital y su zona conurbada: Tonantzin Fern\u00e1ndez D\u00edaz, la diputada local para San Pedro Cholula. Karina P\u00e9rez Popoca, la ex alcaldesa, para San Andr\u00e9s Cholula. Guadalupe Daniel Hern\u00e1ndez, la ex presidenta para Cuautlancingo. Alejandro Carvajal Hidalgo, el diputado federal para Puebla. Lizeth S\u00e1nchez Garc\u00eda, la secretaria de Bienestar para San Mart\u00edn Texmelucan. Estas mujeres y hombres mantienen su trabajo y presencia en su respectivos distritos o municipios. Obviamente NO han dicho: \u201cYo quiero\u201d o \u201cS\u00ed quiero\u201d. Pero en pol\u00edtica NO hay casualidades y siempre se siembra para cosechar. Eso que ni qu\u00e9. San Andr\u00e9s Cholula NO ser\u00e1 f\u00e1cil para que Karina lo recupere. Ella continua&hellip;<\/p>\n<p class=\"excerpt-more\"><a class=\"blog-excerpt button\" href=\"https:\/\/www.aliadospuebla.com\/?p=73628\">Leer m\u00e1s&#8230;<\/a><\/p>\n","protected":false},"author":2,"featured_media":73629,"comment_status":"open","ping_status":"open","sticky":false,"template":"","format":"standard","meta":{"_monsterinsights_skip_tracking":false,"footnotes":""},"categories":[9],"tags":[15618,18,6517,666,710,7394],"class_list":["post-73628","post","type-post","status-publish","format-standard","has-post-thumbnail","hentry","category-columnas","tag-alejandro-carvajal","tag-cuautlancingo","tag-karina-perez-popoca","tag-morena","tag-san-martin-texmelucan","tag-tonantzin-fernandez"],"yoast_head":"<!-- This site is optimized with the Yoast SEO plugin v28.4 - https:\/\/yoast.com\/product\/yoast-seo-wordpress\/ -->\n<title>Tonantzin, Carvajal, Karina, Lizeth, Lupita - AliadosPuebla<\/title>\n<meta name=\"robots\" content=\"index, follow, max-snippet:-1, max-image-preview:large, max-video-preview:-1\" \/>\n<link rel=\"canonical\" href=\"https:\/\/www.aliadospuebla.com\/?p=73628\" \/>\n<meta property=\"og:locale\" content=\"es_ES\" \/>\n<meta property=\"og:type\" content=\"article\" \/>\n<meta property=\"og:title\" content=\"Tonantzin, Carvajal, Karina, Lizeth, Lupita - AliadosPuebla\" \/>\n<meta property=\"og:description\" content=\"As\u00ed como se ven las cosas, ya est\u00e1n al menos, los perfiles de los relevos en los Ayuntamientos de la capital y su zona conurbada: Tonantzin Fern\u00e1ndez D\u00edaz, la diputada local para San Pedro Cholula. Karina P\u00e9rez Popoca, la ex alcaldesa, para San Andr\u00e9s Cholula. Guadalupe Daniel Hern\u00e1ndez, la ex presidenta para Cuautlancingo. Alejandro Carvajal Hidalgo, el diputado federal para Puebla. Lizeth S\u00e1nchez Garc\u00eda, la secretaria de Bienestar para San Mart\u00edn Texmelucan. Estas mujeres y hombres mantienen su trabajo y presencia en su respectivos distritos o municipios. Obviamente NO han dicho: \u201cYo quiero\u201d o \u201cS\u00ed quiero\u201d. Pero en pol\u00edtica NO hay casualidades y siempre se siembra para cosechar. Eso que ni qu\u00e9. San Andr\u00e9s Cholula NO ser\u00e1 f\u00e1cil para que Karina lo recupere. Ella continua&hellip;Leer m\u00e1s...\" \/>\n<meta property=\"og:url\" content=\"https:\/\/www.aliadospuebla.com\/?p=73628\" \/>\n<meta property=\"og:site_name\" content=\"AliadosPuebla\" \/>\n<meta property=\"article:author\" content=\"https:\/\/www.facebook.com\/Aliados17Pue\" \/>\n<meta property=\"article:published_time\" content=\"2022-07-08T04:51:53+00:00\" \/>\n<meta property=\"og:image\" content=\"https:\/\/www.aliadospuebla.com\/web2017\/wp-content\/uploads\/2022\/07\/013.jpg\" \/>\n\t<meta property=\"og:image:width\" content=\"600\" \/>\n\t<meta property=\"og:image:height\" content=\"450\" \/>\n\t<meta property=\"og:image:type\" content=\"image\/jpeg\" \/>\n<meta name=\"author\" content=\"Aliados17\" \/>\n<meta name=\"twitter:card\" content=\"summary_large_image\" \/>\n<meta name=\"twitter:creator\" content=\"@AliadosPuebla\" \/>\n<meta name=\"twitter:label1\" content=\"Escrito por\" \/>\n\t<meta name=\"twitter:data1\" content=\"Aliados17\" \/>\n\t<meta name=\"twitter:label2\" content=\"Tiempo de lectura\" \/>\n\t<meta name=\"twitter:data2\" content=\"2 minutos\" \/>\n<script type=\"application\/ld+json\" class=\"yoast-schema-graph\">{\"@context\":\"https:\\\/\\\/schema.org\",\"@graph\":[{\"@type\":\"Article\",\"@id\":\"https:\\\/\\\/www.aliadospuebla.com\\\/?p=73628#article\",\"isPartOf\":{\"@id\":\"https:\\\/\\\/www.aliadospuebla.com\\\/?p=73628\"},\"author\":{\"name\":\"Aliados17\",\"@id\":\"https:\\\/\\\/www.aliadospuebla.com\\\/#\\\/schema\\\/person\\\/5da7dd09320bd4f392b710017ed5f8ad\"},\"headline\":\"Tonantzin, Carvajal, Karina, Lizeth, Lupita\",\"datePublished\":\"2022-07-08T04:51:53+00:00\",\"mainEntityOfPage\":{\"@id\":\"https:\\\/\\\/www.aliadospuebla.com\\\/?p=73628\"},\"wordCount\":440,\"commentCount\":0,\"image\":{\"@id\":\"https:\\\/\\\/www.aliadospuebla.com\\\/?p=73628#primaryimage\"},\"thumbnailUrl\":\"https:\\\/\\\/www.aliadospuebla.com\\\/web2017\\\/wp-content\\\/uploads\\\/2022\\\/07\\\/013.jpg\",\"keywords\":[\"Alejandro Carvajal\",\"Cuautlancingo\",\"KARINA P\u00c9REZ POPOCA\",\"MORENA\",\"SAN MART\u00cdN TEXMELUCAN\",\"TONANTZIN FERN\u00c1NDEZ\"],\"articleSection\":[\"Columnas\"],\"inLanguage\":\"es\",\"potentialAction\":[{\"@type\":\"CommentAction\",\"name\":\"Comment\",\"target\":[\"https:\\\/\\\/www.aliadospuebla.com\\\/?p=73628#respond\"]}]},{\"@type\":\"WebPage\",\"@id\":\"https:\\\/\\\/www.aliadospuebla.com\\\/?p=73628\",\"url\":\"https:\\\/\\\/www.aliadospuebla.com\\\/?p=73628\",\"name\":\"Tonantzin, Carvajal, Karina, Lizeth, Lupita - AliadosPuebla\",\"isPartOf\":{\"@id\":\"https:\\\/\\\/www.aliadospuebla.com\\\/#website\"},\"primaryImageOfPage\":{\"@id\":\"https:\\\/\\\/www.aliadospuebla.com\\\/?p=73628#primaryimage\"},\"image\":{\"@id\":\"https:\\\/\\\/www.aliadospuebla.com\\\/?p=73628#primaryimage\"},\"thumbnailUrl\":\"https:\\\/\\\/www.aliadospuebla.com\\\/web2017\\\/wp-content\\\/uploads\\\/2022\\\/07\\\/013.jpg\",\"datePublished\":\"2022-07-08T04:51:53+00:00\",\"author\":{\"@id\":\"https:\\\/\\\/www.aliadospuebla.com\\\/#\\\/schema\\\/person\\\/5da7dd09320bd4f392b710017ed5f8ad\"},\"breadcrumb\":{\"@id\":\"https:\\\/\\\/www.aliadospuebla.com\\\/?p=73628#breadcrumb\"},\"inLanguage\":\"es\",\"potentialAction\":[{\"@type\":\"ReadAction\",\"target\":[\"https:\\\/\\\/www.aliadospuebla.com\\\/?p=73628\"]}]},{\"@type\":\"ImageObject\",\"inLanguage\":\"es\",\"@id\":\"https:\\\/\\\/www.aliadospuebla.com\\\/?p=73628#primaryimage\",\"url\":\"https:\\\/\\\/www.aliadospuebla.com\\\/web2017\\\/wp-content\\\/uploads\\\/2022\\\/07\\\/013.jpg\",\"contentUrl\":\"https:\\\/\\\/www.aliadospuebla.com\\\/web2017\\\/wp-content\\\/uploads\\\/2022\\\/07\\\/013.jpg\",\"width\":600,\"height\":450},{\"@type\":\"BreadcrumbList\",\"@id\":\"https:\\\/\\\/www.aliadospuebla.com\\\/?p=73628#breadcrumb\",\"itemListElement\":[{\"@type\":\"ListItem\",\"position\":1,\"name\":\"Portada\",\"item\":\"https:\\\/\\\/www.aliadospuebla.com\\\/\"},{\"@type\":\"ListItem\",\"position\":2,\"name\":\"Tonantzin, Carvajal, Karina, Lizeth, Lupita\"}]},{\"@type\":\"WebSite\",\"@id\":\"https:\\\/\\\/www.aliadospuebla.com\\\/#website\",\"url\":\"https:\\\/\\\/www.aliadospuebla.com\\\/\",\"name\":\"AliadosPuebla\",\"description\":\"La informaci\u00f3n en tus manos\",\"potentialAction\":[{\"@type\":\"SearchAction\",\"target\":{\"@type\":\"EntryPoint\",\"urlTemplate\":\"https:\\\/\\\/www.aliadospuebla.com\\\/?s={search_term_string}\"},\"query-input\":{\"@type\":\"PropertyValueSpecification\",\"valueRequired\":true,\"valueName\":\"search_term_string\"}}],\"inLanguage\":\"es\"},{\"@type\":\"Person\",\"@id\":\"https:\\\/\\\/www.aliadospuebla.com\\\/#\\\/schema\\\/person\\\/5da7dd09320bd4f392b710017ed5f8ad\",\"name\":\"Aliados17\",\"image\":{\"@type\":\"ImageObject\",\"inLanguage\":\"es\",\"@id\":\"https:\\\/\\\/www.aliadospuebla.com\\\/web2017\\\/wp-content\\\/uploads\\\/2025\\\/03\\\/cropped-para-perfil-8-anos-1-96x96.jpg\",\"url\":\"https:\\\/\\\/www.aliadospuebla.com\\\/web2017\\\/wp-content\\\/uploads\\\/2025\\\/03\\\/cropped-para-perfil-8-anos-1-96x96.jpg\",\"contentUrl\":\"https:\\\/\\\/www.aliadospuebla.com\\\/web2017\\\/wp-content\\\/uploads\\\/2025\\\/03\\\/cropped-para-perfil-8-anos-1-96x96.jpg\",\"caption\":\"Aliados17\"},\"sameAs\":[\"https:\\\/\\\/www.aliados17.com\",\"https:\\\/\\\/www.facebook.com\\\/Aliados17Pue\",\"https:\\\/\\\/x.com\\\/AliadosPuebla\"],\"url\":\"https:\\\/\\\/www.aliadospuebla.com\\\/?author=2\"}]}<\/script>\n<!-- \/ Yoast SEO plugin. -->","yoast_head_json":{"title":"Tonantzin, Carvajal, Karina, Lizeth, Lupita - AliadosPuebla","robots":{"index":"index","follow":"follow","max-snippet":"max-snippet:-1","max-image-preview":"max-image-preview:large","max-video-preview":"max-video-preview:-1"},"canonical":"https:\/\/www.aliadospuebla.com\/?p=73628","og_locale":"es_ES","og_type":"article","og_title":"Tonantzin, Carvajal, Karina, Lizeth, Lupita - AliadosPuebla","og_description":"As\u00ed como se ven las cosas, ya est\u00e1n al menos, los perfiles de los relevos en los Ayuntamientos de la capital y su zona conurbada: Tonantzin Fern\u00e1ndez D\u00edaz, la diputada local para San Pedro Cholula. Karina P\u00e9rez Popoca, la ex alcaldesa, para San Andr\u00e9s Cholula. Guadalupe Daniel Hern\u00e1ndez, la ex presidenta para Cuautlancingo. Alejandro Carvajal Hidalgo, el diputado federal para Puebla. Lizeth S\u00e1nchez Garc\u00eda, la secretaria de Bienestar para San Mart\u00edn Texmelucan. Estas mujeres y hombres mantienen su trabajo y presencia en su respectivos distritos o municipios. Obviamente NO han dicho: \u201cYo quiero\u201d o \u201cS\u00ed quiero\u201d. Pero en pol\u00edtica NO hay casualidades y siempre se siembra para cosechar. Eso que ni qu\u00e9. San Andr\u00e9s Cholula NO ser\u00e1 f\u00e1cil para que Karina lo recupere. Ella continua&hellip;Leer m\u00e1s...","og_url":"https:\/\/www.aliadospuebla.com\/?p=73628","og_site_name":"AliadosPuebla","article_author":"https:\/\/www.facebook.com\/Aliados17Pue","article_published_time":"2022-07-08T04:51:53+00:00","og_image":[{"width":600,"height":450,"url":"https:\/\/www.aliadospuebla.com\/web2017\/wp-content\/uploads\/2022\/07\/013.jpg","type":"image\/jpeg"}],"author":"Aliados17","twitter_card":"summary_large_image","twitter_creator":"@AliadosPuebla","twitter_misc":{"Escrito por":"Aliados17","Tiempo de lectura":"2 minutos"},"schema":{"@context":"https:\/\/schema.org","@graph":[{"@type":"Article","@id":"https:\/\/www.aliadospuebla.com\/?p=73628#article","isPartOf":{"@id":"https:\/\/www.aliadospuebla.com\/?p=73628"},"author":{"name":"Aliados17","@id":"https:\/\/www.aliadospuebla.com\/#\/schema\/person\/5da7dd09320bd4f392b710017ed5f8ad"},"headline":"Tonantzin, Carvajal, Karina, Lizeth, Lupita","datePublished":"2022-07-08T04:51:53+00:00","mainEntityOfPage":{"@id":"https:\/\/www.aliadospuebla.com\/?p=73628"},"wordCount":440,"commentCount":0,"image":{"@id":"https:\/\/www.aliadospuebla.com\/?p=73628#primaryimage"},"thumbnailUrl":"https:\/\/www.aliadospuebla.com\/web2017\/wp-content\/uploads\/2022\/07\/013.jpg","keywords":["Alejandro Carvajal","Cuautlancingo","KARINA P\u00c9REZ POPOCA","MORENA","SAN MART\u00cdN TEXMELUCAN","TONANTZIN FERN\u00c1NDEZ"],"articleSection":["Columnas"],"inLanguage":"es","potentialAction":[{"@type":"CommentAction","name":"Comment","target":["https:\/\/www.aliadospuebla.com\/?p=73628#respond"]}]},{"@type":"WebPage","@id":"https:\/\/www.aliadospuebla.com\/?p=73628","url":"https:\/\/www.aliadospuebla.com\/?p=73628","name":"Tonantzin, Carvajal, Karina, Lizeth, Lupita - AliadosPuebla","isPartOf":{"@id":"https:\/\/www.aliadospuebla.com\/#website"},"primaryImageOfPage":{"@id":"https:\/\/www.aliadospuebla.com\/?p=73628#primaryimage"},"image":{"@id":"https:\/\/www.aliadospuebla.com\/?p=73628#primaryimage"},"thumbnailUrl":"https:\/\/www.aliadospuebla.com\/web2017\/wp-content\/uploads\/2022\/07\/013.jpg","datePublished":"2022-07-08T04:51:53+00:00","author":{"@id":"https:\/\/www.aliadospuebla.com\/#\/schema\/person\/5da7dd09320bd4f392b710017ed5f8ad"},"breadcrumb":{"@id":"https:\/\/www.aliadospuebla.com\/?p=73628#breadcrumb"},"inLanguage":"es","potentialAction":[{"@type":"ReadAction","target":["https:\/\/www.aliadospuebla.com\/?p=73628"]}]},{"@type":"ImageObject","inLanguage":"es","@id":"https:\/\/www.aliadospuebla.com\/?p=73628#primaryimage","url":"https:\/\/www.aliadospuebla.com\/web2017\/wp-content\/uploads\/2022\/07\/013.jpg","contentUrl":"https:\/\/www.aliadospuebla.com\/web2017\/wp-content\/uploads\/2022\/07\/013.jpg","width":600,"height":450},{"@type":"BreadcrumbList","@id":"https:\/\/www.aliadospuebla.com\/?p=73628#breadcrumb","itemListElement":[{"@type":"ListItem","position":1,"name":"Portada","item":"https:\/\/www.aliadospuebla.com\/"},{"@type":"ListItem","position":2,"name":"Tonantzin, Carvajal, Karina, Lizeth, Lupita"}]},{"@type":"WebSite","@id":"https:\/\/www.aliadospuebla.com\/#website","url":"https:\/\/www.aliadospuebla.com\/","name":"AliadosPuebla","description":"La informaci\u00f3n en tus manos","potentialAction":[{"@type":"SearchAction","target":{"@type":"EntryPoint","urlTemplate":"https:\/\/www.aliadospuebla.com\/?s={search_term_string}"},"query-input":{"@type":"PropertyValueSpecification","valueRequired":true,"valueName":"search_term_string"}}],"inLanguage":"es"},{"@type":"Person","@id":"https:\/\/www.aliadospuebla.com\/#\/schema\/person\/5da7dd09320bd4f392b710017ed5f8ad","name":"Aliados17","image":{"@type":"ImageObject","inLanguage":"es","@id":"https:\/\/www.aliadospuebla.com\/web2017\/wp-content\/uploads\/2025\/03\/cropped-para-perfil-8-anos-1-96x96.jpg","url":"https:\/\/www.aliadospuebla.com\/web2017\/wp-content\/uploads\/2025\/03\/cropped-para-perfil-8-anos-1-96x96.jpg","contentUrl":"https:\/\/www.aliadospuebla.com\/web2017\/wp-content\/uploads\/2025\/03\/cropped-para-perfil-8-anos-1-96x96.jpg","caption":"Aliados17"},"sameAs":["https:\/\/www.aliados17.com","https:\/\/www.facebook.com\/Aliados17Pue","https:\/\/x.com\/AliadosPuebla"],"url":"https:\/\/www.aliadospuebla.com\/?author=2"}]}},"views":7,"_links":{"self":[{"href":"https:\/\/www.aliadospuebla.com\/index.php?rest_route=\/wp\/v2\/posts\/73628","targetHints":{"allow":["GET"]}}],"collection":[{"href":"https:\/\/www.aliadospuebla.com\/index.php?rest_route=\/wp\/v2\/posts"}],"about":[{"href":"https:\/\/www.aliadospuebla.com\/index.php?rest_route=\/wp\/v2\/types\/post"}],"author":[{"embeddable":true,"href":"https:\/\/www.aliadospuebla.com\/index.php?rest_route=\/wp\/v2\/users\/2"}],"replies":[{"embeddable":true,"href":"https:\/\/www.aliadospuebla.com\/index.php?rest_route=%2Fwp%2Fv2%2Fcomments&post=73628"}],"version-history":[{"count":1,"href":"https:\/\/www.aliadospuebla.com\/index.php?rest_route=\/wp\/v2\/posts\/73628\/revisions"}],"predecessor-version":[{"id":73630,"href":"https:\/\/www.aliadospuebla.com\/index.php?rest_route=\/wp\/v2\/posts\/73628\/revisions\/73630"}],"wp:featuredmedia":[{"embeddable":true,"href":"https:\/\/www.aliadospuebla.com\/index.php?rest_route=\/wp\/v2\/media\/73629"}],"wp:attachment":[{"href":"https:\/\/www.aliadospuebla.com\/index.php?rest_route=%2Fwp%2Fv2%2Fmedia&parent=73628"}],"wp:term":[{"taxonomy":"category","embeddable":true,"href":"https:\/\/www.aliadospuebla.com\/index.php?rest_route=%2Fwp%2Fv2%2Fcategories&post=73628"},{"taxonomy":"post_tag","embeddable":true,"href":"https:\/\/www.aliadospuebla.com\/index.php?rest_route=%2Fwp%2Fv2%2Ftags&post=73628"}],"curies":[{"name":"wp","href":"https:\/\/api.w.org\/{rel}","templated":true}]}}