{"id":73301,"date":"2022-06-28T17:42:22","date_gmt":"2022-06-28T22:42:22","guid":{"rendered":"https:\/\/www.aliados17.com\/?p=73301"},"modified":"2022-06-28T17:42:22","modified_gmt":"2022-06-28T22:42:22","slug":"en-el-ccme-puebla-nos-haces-falta-mujer-de-negocios-edhali-moreno","status":"publish","type":"post","link":"https:\/\/www.aliadospuebla.com\/?p=73301","title":{"rendered":"En el CCME-Puebla nos haces falta mujer de negocios: Edhal\u00ed Moreno"},"content":{"rendered":"<h4>Con 18 consejos instalados a nivel nacional y 100,300 integrantes, el CCME respalda el crecimiento de las mujeres emprendedoras y empresarias a nivel nacional<\/h4>\n<p>El CCME-Puebla esta en la b\u00fasqueda de mujeres lideresas que quieran ayudar y ayudarse a impulsar la econom\u00eda estatal y nacional<\/p>\n<p>&nbsp;<\/p>\n<p>Ante la necesidad de alcanzar <strong>mejores oportunidades<\/strong> de desarrollo<\/p>\n<p>en materia de <strong>Econom\u00eda y Comercio<\/strong>, se ha instalado en <strong>Puebla<\/strong> la sede<\/p>\n<p>del <strong>Consejo Coordinador de Mujeres Empresarias<\/strong> en su capitulo <strong>Puebla (CCME-Puebla<\/strong>)<\/p>\n<p>este organismo que cuenta con m\u00e1s de 18 consejos a nivel nacional,<\/p>\n<p><strong>mujeres empresarias voluntarias<\/strong> registradas y con los objetivos claros<\/p>\n<p>que requieren alcanzar las <strong>mujeres emprendedoras<\/strong> y las <strong>empresarias poblanas<\/strong> en general.<\/p>\n<p>Como aconteci\u00f3 el pasado <strong>16 de junio<\/strong>, en las oficinas centrales del Consejo en esta ciudad capital,<\/p>\n<p>enclavadas en la zona de Sonata Angel\u00f3polis, la presidente del <strong>CCME-Puebla Edhal\u00ed Moreno C\u00edntora<\/strong><\/p>\n<p>adem\u00e1s de dar inicio a las operaciones y labores de este nuevo organismo empresarial,<\/p>\n<p>cont\u00f3 con la presencia de las integrantes del consejo estatal y de la presidente nacional, <strong>Sofia P\u00e9rez Gasque.<\/strong><\/p>\n<p>Como se dijo en dicho evento, el organismo a partir de esa fecha,<\/p>\n<p>busca participar en la toma de decisiones de las mujeres que invierten tiempo,<\/p>\n<p>dinero y esfuerzo para consolidar sus empresas o emprendimientos con cursos,<\/p>\n<p>capacitaciones, asesor\u00edas estrat\u00e9gicas, de comercio, legales y de inversi\u00f3n econ\u00f3mica,<\/p>\n<p>adem\u00e1s de la conformaci\u00f3n del puente log\u00edstico, pol\u00edtico-social<\/p>\n<p>con las autoridades de los distintos niveles de gobierno.<\/p>\n<p>En su mensaje y en su calidad de presidente nacional del <strong>CCME Sof\u00eda P\u00e9rez Gasque,<\/strong><\/p>\n<p>afirm\u00f3 que uno de los principales programas de apoyo denominado <strong>\u201cPrograma Fortaleza\u201d<\/strong><\/p>\n<p>busca profesionalizar a mujeres emprendedoras que a la fecha no son formales,<\/p>\n<p>brindarles acceso a financiamientos productivos con caracter\u00edsticas especiales<\/p>\n<p>como el no necesitar garant\u00edas, plazos c\u00f3modos para pagar el capital, entre otras cosas.<\/p>\n<h4>Recalc\u00f3 que el CCME-Puebla, busca tambi\u00e9n profesionalizar a las mujeres empresarias<\/h4>\n<p>Sobre todo aquellas que a\u00fan van en el camino del crecimiento empresarial;<\/p>\n<p>contando con el apoyo de las miles de miembros que voluntariamente donan horas M\u00e9xico<\/p>\n<p>para ayudar a todas, creando redes de respaldo comercial.<\/p>\n<p>Por su parte, la presidente local del<strong> CCME-Puebla,<\/strong>\u00a0<strong>Edhal\u00ed Moreno C\u00edntora<\/strong>,<\/p>\n<p>reflexion\u00f3 en la importancia de encontrar el distintos campos o gremios a mujeres lideresas<\/p>\n<p>que representen a las mismas mujeres que tienen ganas de sobresalir con sus negocios,<\/p>\n<p>sin llegar al asistencialismo, buscando acortar la brecha entre la empresaria consolidada<\/p>\n<p>y la nueva <strong>mujer de negocios<\/strong>; con la idea de hacer nuevos espacios y crear m\u00e1s oportunidades para todas.<\/p>\n","protected":false},"excerpt":{"rendered":"<p>Con 18 consejos instalados a nivel nacional y 100,300 integrantes, el CCME respalda el crecimiento de las mujeres emprendedoras y empresarias a nivel nacional El CCME-Puebla esta en la b\u00fasqueda de mujeres lideresas que quieran ayudar y ayudarse a impulsar la econom\u00eda estatal y nacional &nbsp; Ante la necesidad de alcanzar mejores oportunidades de desarrollo en materia de Econom\u00eda y Comercio, se ha instalado en Puebla la sede del Consejo Coordinador de Mujeres Empresarias en su capitulo Puebla (CCME-Puebla) este organismo que cuenta con m\u00e1s de 18 consejos a nivel nacional, mujeres empresarias voluntarias registradas y con los objetivos claros que requieren alcanzar las mujeres emprendedoras y las empresarias poblanas en general. Como aconteci\u00f3 el pasado 16 de junio, en las oficinas centrales del Consejo&hellip;<\/p>\n<p class=\"excerpt-more\"><a class=\"blog-excerpt button\" href=\"https:\/\/www.aliadospuebla.com\/?p=73301\">Leer m\u00e1s&#8230;<\/a><\/p>\n","protected":false},"author":2,"featured_media":73306,"comment_status":"open","ping_status":"open","sticky":false,"template":"","format":"standard","meta":{"_monsterinsights_skip_tracking":false,"footnotes":""},"categories":[62],"tags":[7651,19630,19631,3101,19632],"class_list":["post-73301","post","type-post","status-publish","format-standard","has-post-thumbnail","hentry","category-capital","tag-capitulo-puebla","tag-ccme","tag-edhali-moreno-cintora","tag-mujeres-emprendedoras","tag-sofia-perez-gasque"],"yoast_head":"<!-- This site is optimized with the Yoast SEO plugin v28.3 - https:\/\/yoast.com\/product\/yoast-seo-wordpress\/ -->\n<title>En el CCME-Puebla nos haces falta mujer de negocios: Edhal\u00ed Moreno - AliadosPuebla<\/title>\n<meta name=\"robots\" content=\"index, follow, max-snippet:-1, max-image-preview:large, max-video-preview:-1\" \/>\n<link rel=\"canonical\" href=\"https:\/\/www.aliadospuebla.com\/?p=73301\" \/>\n<meta property=\"og:locale\" content=\"es_ES\" \/>\n<meta property=\"og:type\" content=\"article\" \/>\n<meta property=\"og:title\" content=\"En el CCME-Puebla nos haces falta mujer de negocios: Edhal\u00ed Moreno - AliadosPuebla\" \/>\n<meta property=\"og:description\" content=\"Con 18 consejos instalados a nivel nacional y 100,300 integrantes, el CCME respalda el crecimiento de las mujeres emprendedoras y empresarias a nivel nacional El CCME-Puebla esta en la b\u00fasqueda de mujeres lideresas que quieran ayudar y ayudarse a impulsar la econom\u00eda estatal y nacional &nbsp; Ante la necesidad de alcanzar mejores oportunidades de desarrollo en materia de Econom\u00eda y Comercio, se ha instalado en Puebla la sede del Consejo Coordinador de Mujeres Empresarias en su capitulo Puebla (CCME-Puebla) este organismo que cuenta con m\u00e1s de 18 consejos a nivel nacional, mujeres empresarias voluntarias registradas y con los objetivos claros que requieren alcanzar las mujeres emprendedoras y las empresarias poblanas en general. Como aconteci\u00f3 el pasado 16 de junio, en las oficinas centrales del Consejo&hellip;Leer m\u00e1s...\" \/>\n<meta property=\"og:url\" content=\"https:\/\/www.aliadospuebla.com\/?p=73301\" \/>\n<meta property=\"og:site_name\" content=\"AliadosPuebla\" \/>\n<meta property=\"article:author\" content=\"https:\/\/www.facebook.com\/Aliados17Pue\" \/>\n<meta property=\"article:published_time\" content=\"2022-06-28T22:42:22+00:00\" \/>\n<meta property=\"og:image\" content=\"https:\/\/www.aliadospuebla.com\/web2017\/wp-content\/uploads\/2022\/06\/156-edhali.jpg\" \/>\n\t<meta property=\"og:image:width\" content=\"600\" \/>\n\t<meta property=\"og:image:height\" content=\"450\" \/>\n\t<meta property=\"og:image:type\" content=\"image\/jpeg\" \/>\n<meta name=\"author\" content=\"Aliados17\" \/>\n<meta name=\"twitter:card\" content=\"summary_large_image\" \/>\n<meta name=\"twitter:creator\" content=\"@AliadosPuebla\" \/>\n<meta name=\"twitter:label1\" content=\"Escrito por\" \/>\n\t<meta name=\"twitter:data1\" content=\"Aliados17\" \/>\n\t<meta name=\"twitter:label2\" content=\"Tiempo de lectura\" \/>\n\t<meta name=\"twitter:data2\" content=\"2 minutos\" \/>\n<script type=\"application\/ld+json\" class=\"yoast-schema-graph\">{\"@context\":\"https:\\\/\\\/schema.org\",\"@graph\":[{\"@type\":\"Article\",\"@id\":\"https:\\\/\\\/www.aliadospuebla.com\\\/?p=73301#article\",\"isPartOf\":{\"@id\":\"https:\\\/\\\/www.aliadospuebla.com\\\/?p=73301\"},\"author\":{\"name\":\"Aliados17\",\"@id\":\"https:\\\/\\\/www.aliadospuebla.com\\\/#\\\/schema\\\/person\\\/5da7dd09320bd4f392b710017ed5f8ad\"},\"headline\":\"En el CCME-Puebla nos haces falta mujer de negocios: Edhal\u00ed Moreno\",\"datePublished\":\"2022-06-28T22:42:22+00:00\",\"mainEntityOfPage\":{\"@id\":\"https:\\\/\\\/www.aliadospuebla.com\\\/?p=73301\"},\"wordCount\":449,\"commentCount\":0,\"image\":{\"@id\":\"https:\\\/\\\/www.aliadospuebla.com\\\/?p=73301#primaryimage\"},\"thumbnailUrl\":\"https:\\\/\\\/www.aliadospuebla.com\\\/web2017\\\/wp-content\\\/uploads\\\/2022\\\/06\\\/156-edhali.jpg\",\"keywords\":[\"CAP\u00cdTULO PUEBLA\",\"CCME\",\"Edhal\u00ed Moreno Cintora\",\"MUJERES EMPRENDEDORAS\",\"Sof\u00eda P\u00e9rez Gasque\"],\"articleSection\":[\"Capital\"],\"inLanguage\":\"es\",\"potentialAction\":[{\"@type\":\"CommentAction\",\"name\":\"Comment\",\"target\":[\"https:\\\/\\\/www.aliadospuebla.com\\\/?p=73301#respond\"]}]},{\"@type\":\"WebPage\",\"@id\":\"https:\\\/\\\/www.aliadospuebla.com\\\/?p=73301\",\"url\":\"https:\\\/\\\/www.aliadospuebla.com\\\/?p=73301\",\"name\":\"En el CCME-Puebla nos haces falta mujer de negocios: Edhal\u00ed Moreno - AliadosPuebla\",\"isPartOf\":{\"@id\":\"https:\\\/\\\/www.aliadospuebla.com\\\/#website\"},\"primaryImageOfPage\":{\"@id\":\"https:\\\/\\\/www.aliadospuebla.com\\\/?p=73301#primaryimage\"},\"image\":{\"@id\":\"https:\\\/\\\/www.aliadospuebla.com\\\/?p=73301#primaryimage\"},\"thumbnailUrl\":\"https:\\\/\\\/www.aliadospuebla.com\\\/web2017\\\/wp-content\\\/uploads\\\/2022\\\/06\\\/156-edhali.jpg\",\"datePublished\":\"2022-06-28T22:42:22+00:00\",\"author\":{\"@id\":\"https:\\\/\\\/www.aliadospuebla.com\\\/#\\\/schema\\\/person\\\/5da7dd09320bd4f392b710017ed5f8ad\"},\"breadcrumb\":{\"@id\":\"https:\\\/\\\/www.aliadospuebla.com\\\/?p=73301#breadcrumb\"},\"inLanguage\":\"es\",\"potentialAction\":[{\"@type\":\"ReadAction\",\"target\":[\"https:\\\/\\\/www.aliadospuebla.com\\\/?p=73301\"]}]},{\"@type\":\"ImageObject\",\"inLanguage\":\"es\",\"@id\":\"https:\\\/\\\/www.aliadospuebla.com\\\/?p=73301#primaryimage\",\"url\":\"https:\\\/\\\/www.aliadospuebla.com\\\/web2017\\\/wp-content\\\/uploads\\\/2022\\\/06\\\/156-edhali.jpg\",\"contentUrl\":\"https:\\\/\\\/www.aliadospuebla.com\\\/web2017\\\/wp-content\\\/uploads\\\/2022\\\/06\\\/156-edhali.jpg\",\"width\":600,\"height\":450},{\"@type\":\"BreadcrumbList\",\"@id\":\"https:\\\/\\\/www.aliadospuebla.com\\\/?p=73301#breadcrumb\",\"itemListElement\":[{\"@type\":\"ListItem\",\"position\":1,\"name\":\"Portada\",\"item\":\"https:\\\/\\\/www.aliadospuebla.com\\\/\"},{\"@type\":\"ListItem\",\"position\":2,\"name\":\"En el CCME-Puebla nos haces falta mujer de negocios: Edhal\u00ed Moreno\"}]},{\"@type\":\"WebSite\",\"@id\":\"https:\\\/\\\/www.aliadospuebla.com\\\/#website\",\"url\":\"https:\\\/\\\/www.aliadospuebla.com\\\/\",\"name\":\"AliadosPuebla\",\"description\":\"La informaci\u00f3n en tus manos\",\"potentialAction\":[{\"@type\":\"SearchAction\",\"target\":{\"@type\":\"EntryPoint\",\"urlTemplate\":\"https:\\\/\\\/www.aliadospuebla.com\\\/?s={search_term_string}\"},\"query-input\":{\"@type\":\"PropertyValueSpecification\",\"valueRequired\":true,\"valueName\":\"search_term_string\"}}],\"inLanguage\":\"es\"},{\"@type\":\"Person\",\"@id\":\"https:\\\/\\\/www.aliadospuebla.com\\\/#\\\/schema\\\/person\\\/5da7dd09320bd4f392b710017ed5f8ad\",\"name\":\"Aliados17\",\"image\":{\"@type\":\"ImageObject\",\"inLanguage\":\"es\",\"@id\":\"https:\\\/\\\/www.aliadospuebla.com\\\/web2017\\\/wp-content\\\/uploads\\\/2025\\\/03\\\/cropped-para-perfil-8-anos-1-96x96.jpg\",\"url\":\"https:\\\/\\\/www.aliadospuebla.com\\\/web2017\\\/wp-content\\\/uploads\\\/2025\\\/03\\\/cropped-para-perfil-8-anos-1-96x96.jpg\",\"contentUrl\":\"https:\\\/\\\/www.aliadospuebla.com\\\/web2017\\\/wp-content\\\/uploads\\\/2025\\\/03\\\/cropped-para-perfil-8-anos-1-96x96.jpg\",\"caption\":\"Aliados17\"},\"sameAs\":[\"https:\\\/\\\/www.aliados17.com\",\"https:\\\/\\\/www.facebook.com\\\/Aliados17Pue\",\"https:\\\/\\\/x.com\\\/AliadosPuebla\"],\"url\":\"https:\\\/\\\/www.aliadospuebla.com\\\/?author=2\"}]}<\/script>\n<!-- \/ Yoast SEO plugin. -->","yoast_head_json":{"title":"En el CCME-Puebla nos haces falta mujer de negocios: Edhal\u00ed Moreno - AliadosPuebla","robots":{"index":"index","follow":"follow","max-snippet":"max-snippet:-1","max-image-preview":"max-image-preview:large","max-video-preview":"max-video-preview:-1"},"canonical":"https:\/\/www.aliadospuebla.com\/?p=73301","og_locale":"es_ES","og_type":"article","og_title":"En el CCME-Puebla nos haces falta mujer de negocios: Edhal\u00ed Moreno - AliadosPuebla","og_description":"Con 18 consejos instalados a nivel nacional y 100,300 integrantes, el CCME respalda el crecimiento de las mujeres emprendedoras y empresarias a nivel nacional El CCME-Puebla esta en la b\u00fasqueda de mujeres lideresas que quieran ayudar y ayudarse a impulsar la econom\u00eda estatal y nacional &nbsp; Ante la necesidad de alcanzar mejores oportunidades de desarrollo en materia de Econom\u00eda y Comercio, se ha instalado en Puebla la sede del Consejo Coordinador de Mujeres Empresarias en su capitulo Puebla (CCME-Puebla) este organismo que cuenta con m\u00e1s de 18 consejos a nivel nacional, mujeres empresarias voluntarias registradas y con los objetivos claros que requieren alcanzar las mujeres emprendedoras y las empresarias poblanas en general. Como aconteci\u00f3 el pasado 16 de junio, en las oficinas centrales del Consejo&hellip;Leer m\u00e1s...","og_url":"https:\/\/www.aliadospuebla.com\/?p=73301","og_site_name":"AliadosPuebla","article_author":"https:\/\/www.facebook.com\/Aliados17Pue","article_published_time":"2022-06-28T22:42:22+00:00","og_image":[{"width":600,"height":450,"url":"https:\/\/www.aliadospuebla.com\/web2017\/wp-content\/uploads\/2022\/06\/156-edhali.jpg","type":"image\/jpeg"}],"author":"Aliados17","twitter_card":"summary_large_image","twitter_creator":"@AliadosPuebla","twitter_misc":{"Escrito por":"Aliados17","Tiempo de lectura":"2 minutos"},"schema":{"@context":"https:\/\/schema.org","@graph":[{"@type":"Article","@id":"https:\/\/www.aliadospuebla.com\/?p=73301#article","isPartOf":{"@id":"https:\/\/www.aliadospuebla.com\/?p=73301"},"author":{"name":"Aliados17","@id":"https:\/\/www.aliadospuebla.com\/#\/schema\/person\/5da7dd09320bd4f392b710017ed5f8ad"},"headline":"En el CCME-Puebla nos haces falta mujer de negocios: Edhal\u00ed Moreno","datePublished":"2022-06-28T22:42:22+00:00","mainEntityOfPage":{"@id":"https:\/\/www.aliadospuebla.com\/?p=73301"},"wordCount":449,"commentCount":0,"image":{"@id":"https:\/\/www.aliadospuebla.com\/?p=73301#primaryimage"},"thumbnailUrl":"https:\/\/www.aliadospuebla.com\/web2017\/wp-content\/uploads\/2022\/06\/156-edhali.jpg","keywords":["CAP\u00cdTULO PUEBLA","CCME","Edhal\u00ed Moreno Cintora","MUJERES EMPRENDEDORAS","Sof\u00eda P\u00e9rez Gasque"],"articleSection":["Capital"],"inLanguage":"es","potentialAction":[{"@type":"CommentAction","name":"Comment","target":["https:\/\/www.aliadospuebla.com\/?p=73301#respond"]}]},{"@type":"WebPage","@id":"https:\/\/www.aliadospuebla.com\/?p=73301","url":"https:\/\/www.aliadospuebla.com\/?p=73301","name":"En el CCME-Puebla nos haces falta mujer de negocios: Edhal\u00ed Moreno - AliadosPuebla","isPartOf":{"@id":"https:\/\/www.aliadospuebla.com\/#website"},"primaryImageOfPage":{"@id":"https:\/\/www.aliadospuebla.com\/?p=73301#primaryimage"},"image":{"@id":"https:\/\/www.aliadospuebla.com\/?p=73301#primaryimage"},"thumbnailUrl":"https:\/\/www.aliadospuebla.com\/web2017\/wp-content\/uploads\/2022\/06\/156-edhali.jpg","datePublished":"2022-06-28T22:42:22+00:00","author":{"@id":"https:\/\/www.aliadospuebla.com\/#\/schema\/person\/5da7dd09320bd4f392b710017ed5f8ad"},"breadcrumb":{"@id":"https:\/\/www.aliadospuebla.com\/?p=73301#breadcrumb"},"inLanguage":"es","potentialAction":[{"@type":"ReadAction","target":["https:\/\/www.aliadospuebla.com\/?p=73301"]}]},{"@type":"ImageObject","inLanguage":"es","@id":"https:\/\/www.aliadospuebla.com\/?p=73301#primaryimage","url":"https:\/\/www.aliadospuebla.com\/web2017\/wp-content\/uploads\/2022\/06\/156-edhali.jpg","contentUrl":"https:\/\/www.aliadospuebla.com\/web2017\/wp-content\/uploads\/2022\/06\/156-edhali.jpg","width":600,"height":450},{"@type":"BreadcrumbList","@id":"https:\/\/www.aliadospuebla.com\/?p=73301#breadcrumb","itemListElement":[{"@type":"ListItem","position":1,"name":"Portada","item":"https:\/\/www.aliadospuebla.com\/"},{"@type":"ListItem","position":2,"name":"En el CCME-Puebla nos haces falta mujer de negocios: Edhal\u00ed Moreno"}]},{"@type":"WebSite","@id":"https:\/\/www.aliadospuebla.com\/#website","url":"https:\/\/www.aliadospuebla.com\/","name":"AliadosPuebla","description":"La informaci\u00f3n en tus manos","potentialAction":[{"@type":"SearchAction","target":{"@type":"EntryPoint","urlTemplate":"https:\/\/www.aliadospuebla.com\/?s={search_term_string}"},"query-input":{"@type":"PropertyValueSpecification","valueRequired":true,"valueName":"search_term_string"}}],"inLanguage":"es"},{"@type":"Person","@id":"https:\/\/www.aliadospuebla.com\/#\/schema\/person\/5da7dd09320bd4f392b710017ed5f8ad","name":"Aliados17","image":{"@type":"ImageObject","inLanguage":"es","@id":"https:\/\/www.aliadospuebla.com\/web2017\/wp-content\/uploads\/2025\/03\/cropped-para-perfil-8-anos-1-96x96.jpg","url":"https:\/\/www.aliadospuebla.com\/web2017\/wp-content\/uploads\/2025\/03\/cropped-para-perfil-8-anos-1-96x96.jpg","contentUrl":"https:\/\/www.aliadospuebla.com\/web2017\/wp-content\/uploads\/2025\/03\/cropped-para-perfil-8-anos-1-96x96.jpg","caption":"Aliados17"},"sameAs":["https:\/\/www.aliados17.com","https:\/\/www.facebook.com\/Aliados17Pue","https:\/\/x.com\/AliadosPuebla"],"url":"https:\/\/www.aliadospuebla.com\/?author=2"}]}},"views":11,"_links":{"self":[{"href":"https:\/\/www.aliadospuebla.com\/index.php?rest_route=\/wp\/v2\/posts\/73301","targetHints":{"allow":["GET"]}}],"collection":[{"href":"https:\/\/www.aliadospuebla.com\/index.php?rest_route=\/wp\/v2\/posts"}],"about":[{"href":"https:\/\/www.aliadospuebla.com\/index.php?rest_route=\/wp\/v2\/types\/post"}],"author":[{"embeddable":true,"href":"https:\/\/www.aliadospuebla.com\/index.php?rest_route=\/wp\/v2\/users\/2"}],"replies":[{"embeddable":true,"href":"https:\/\/www.aliadospuebla.com\/index.php?rest_route=%2Fwp%2Fv2%2Fcomments&post=73301"}],"version-history":[{"count":1,"href":"https:\/\/www.aliadospuebla.com\/index.php?rest_route=\/wp\/v2\/posts\/73301\/revisions"}],"predecessor-version":[{"id":73307,"href":"https:\/\/www.aliadospuebla.com\/index.php?rest_route=\/wp\/v2\/posts\/73301\/revisions\/73307"}],"wp:featuredmedia":[{"embeddable":true,"href":"https:\/\/www.aliadospuebla.com\/index.php?rest_route=\/wp\/v2\/media\/73306"}],"wp:attachment":[{"href":"https:\/\/www.aliadospuebla.com\/index.php?rest_route=%2Fwp%2Fv2%2Fmedia&parent=73301"}],"wp:term":[{"taxonomy":"category","embeddable":true,"href":"https:\/\/www.aliadospuebla.com\/index.php?rest_route=%2Fwp%2Fv2%2Fcategories&post=73301"},{"taxonomy":"post_tag","embeddable":true,"href":"https:\/\/www.aliadospuebla.com\/index.php?rest_route=%2Fwp%2Fv2%2Ftags&post=73301"}],"curies":[{"name":"wp","href":"https:\/\/api.w.org\/{rel}","templated":true}]}}