{"id":72997,"date":"2022-06-19T11:16:18","date_gmt":"2022-06-19T16:16:18","guid":{"rendered":"https:\/\/www.aliados17.com\/?p=72997"},"modified":"2022-06-19T11:16:18","modified_gmt":"2022-06-19T16:16:18","slug":"encabeza-paola-angon-inauguracion-de-feria-de-autoempleo-para-grupos-vulnerables","status":"publish","type":"post","link":"https:\/\/www.aliadospuebla.com\/?p=72997","title":{"rendered":"ENCABEZA PAOLA ANGON INAUGURACI\u00d3N DE FERIA DE AUTOEMPLEO PARA  GRUPOS VULNERABLES"},"content":{"rendered":"<p>San Pedro Cholula, Pue.- Con el objetivo de fomentar<\/p>\n<p>un estilo de <strong>gobierno incluyente<\/strong><\/p>\n<p>con todos los sectores de la sociedad,<\/p>\n<p>al tiempo de propiciar la <strong>autonom\u00eda econ\u00f3mica<\/strong><\/p>\n<p>de <strong>adultos mayores<\/strong> y <strong>personas con alguna discapacidad, <\/strong><\/p>\n<p>la presidenta <strong>Paola Angon<\/strong><\/p>\n<p>encabez\u00f3 la inauguraci\u00f3n de la \u00ab<strong>Feria del Autoempleo <\/strong><\/p>\n<p><strong>para Personas con Discapacidad y Adultos mayores<\/strong>\u00ab,<\/p>\n<p>en la <strong>Plaza de la Concordia<\/strong>.<\/p>\n<p>Durante su mensaje, la presidenta <strong>Angon Silva<\/strong> afirm\u00f3:<\/p>\n<p>\u201ccon la puesta en marcha de esta feria<\/p>\n<p>en <strong>San Pedro Cholula<\/strong> queremos ser ejemplo<\/p>\n<p>de un <strong>gobierno socialmente responsable<\/strong><\/p>\n<p>y con profundo sentido humano, que pone en marcha<\/p>\n<p>actividades y <strong>pol\u00edticas p\u00fablicas<\/strong><\/p>\n<p>para incentivar la integraci\u00f3n de todos los sectores<\/p>\n<p>que conforman nuestra poblaci\u00f3n\u00bb.<\/p>\n<p>Esta feria, iniciativa de la <strong>Comisi\u00f3n de Atenci\u00f3n a Grupos Vulnerables<\/strong>, que coordina el regidor<\/p>\n<p>David Castellanos, logr\u00f3 la convocatoria de m\u00e1s de 60 m\u00f3dulos de adultos mayores<\/p>\n<p>y personas con discapacidad, vecinos de la cabecera y las 13 Juntas Auxiliares,<\/p>\n<p>para ofrecer a cholultecas y turistas diversos productos, entre los que destacan artesan\u00edas,<\/p>\n<p>ropa, dulces t\u00edpicos, bebidas y alimentos, entre otros.<\/p>\n<h4>Durante el recorrido por los stands, <strong>Paola Angon<\/strong> refrend\u00f3 el compromiso de encabezar<\/h4>\n<h4>una administraci\u00f3n cercana, para brindar informaci\u00f3n sobre los programas y acciones municipales,<\/h4>\n<h4>estatales y federales, que mejoren la calidad de vida de las y los cholultecas.<\/h4>\n<p>En esta feria participaron los regidores Jannet Minto, Fabiola Torres, Mar\u00eda Eugenia Cer\u00f3n,<\/p>\n<p>Sandra Romano, Sonia Tolama, Priscila Madrid, Alejandro G\u00f3mez y Ram\u00f3n Blanca,<\/p>\n<p>as\u00ed como la Secretaria de Bienestar Sostenible y sustentable, Amelia Mungu\u00eda.<\/p>\n","protected":false},"excerpt":{"rendered":"<p>San Pedro Cholula, Pue.- Con el objetivo de fomentar un estilo de gobierno incluyente con todos los sectores de la sociedad, al tiempo de propiciar la autonom\u00eda econ\u00f3mica de adultos mayores y personas con alguna discapacidad, la presidenta Paola Angon encabez\u00f3 la inauguraci\u00f3n de la \u00abFeria del Autoempleo para Personas con Discapacidad y Adultos mayores\u00ab, en la Plaza de la Concordia. Durante su mensaje, la presidenta Angon Silva afirm\u00f3: \u201ccon la puesta en marcha de esta feria en San Pedro Cholula queremos ser ejemplo de un gobierno socialmente responsable y con profundo sentido humano, que pone en marcha actividades y pol\u00edticas p\u00fablicas para incentivar la integraci\u00f3n de todos los sectores que conforman nuestra poblaci\u00f3n\u00bb. Esta feria, iniciativa de la Comisi\u00f3n de Atenci\u00f3n a Grupos Vulnerables,&hellip;<\/p>\n<p class=\"excerpt-more\"><a class=\"blog-excerpt button\" href=\"https:\/\/www.aliadospuebla.com\/?p=72997\">Leer m\u00e1s&#8230;<\/a><\/p>\n","protected":false},"author":2,"featured_media":72998,"comment_status":"open","ping_status":"open","sticky":false,"template":"","format":"standard","meta":{"_monsterinsights_skip_tracking":false,"footnotes":""},"categories":[4],"tags":[1278,19566,15485,3218,387],"class_list":["post-72997","post","type-post","status-publish","format-standard","has-post-thumbnail","hentry","category-municipios","tag-adultos-mayores","tag-feria-de-autoempleo","tag-paola-angon-silva","tag-personas-con-discapacidad","tag-san-pedro-cholula"],"yoast_head":"<!-- This site is optimized with the Yoast SEO plugin v28.4 - https:\/\/yoast.com\/product\/yoast-seo-wordpress\/ -->\n<title>ENCABEZA PAOLA ANGON INAUGURACI\u00d3N DE FERIA DE AUTOEMPLEO PARA GRUPOS VULNERABLES - AliadosPuebla<\/title>\n<meta name=\"robots\" content=\"index, follow, max-snippet:-1, max-image-preview:large, max-video-preview:-1\" \/>\n<link rel=\"canonical\" href=\"https:\/\/www.aliadospuebla.com\/?p=72997\" \/>\n<meta property=\"og:locale\" content=\"es_ES\" \/>\n<meta property=\"og:type\" content=\"article\" \/>\n<meta property=\"og:title\" content=\"ENCABEZA PAOLA ANGON INAUGURACI\u00d3N DE FERIA DE AUTOEMPLEO PARA GRUPOS VULNERABLES - AliadosPuebla\" \/>\n<meta property=\"og:description\" content=\"San Pedro Cholula, Pue.- Con el objetivo de fomentar un estilo de gobierno incluyente con todos los sectores de la sociedad, al tiempo de propiciar la autonom\u00eda econ\u00f3mica de adultos mayores y personas con alguna discapacidad, la presidenta Paola Angon encabez\u00f3 la inauguraci\u00f3n de la \u00abFeria del Autoempleo para Personas con Discapacidad y Adultos mayores\u00ab, en la Plaza de la Concordia. Durante su mensaje, la presidenta Angon Silva afirm\u00f3: \u201ccon la puesta en marcha de esta feria en San Pedro Cholula queremos ser ejemplo de un gobierno socialmente responsable y con profundo sentido humano, que pone en marcha actividades y pol\u00edticas p\u00fablicas para incentivar la integraci\u00f3n de todos los sectores que conforman nuestra poblaci\u00f3n\u00bb. Esta feria, iniciativa de la Comisi\u00f3n de Atenci\u00f3n a Grupos Vulnerables,&hellip;Leer m\u00e1s...\" \/>\n<meta property=\"og:url\" content=\"https:\/\/www.aliadospuebla.com\/?p=72997\" \/>\n<meta property=\"og:site_name\" content=\"AliadosPuebla\" \/>\n<meta property=\"article:author\" content=\"https:\/\/www.facebook.com\/Aliados17Pue\" \/>\n<meta property=\"article:published_time\" content=\"2022-06-19T16:16:18+00:00\" \/>\n<meta property=\"og:image\" content=\"https:\/\/www.aliadospuebla.com\/web2017\/wp-content\/uploads\/2022\/06\/121-feria.jpg\" \/>\n\t<meta property=\"og:image:width\" content=\"600\" \/>\n\t<meta property=\"og:image:height\" content=\"450\" \/>\n\t<meta property=\"og:image:type\" content=\"image\/jpeg\" \/>\n<meta name=\"author\" content=\"Aliados17\" \/>\n<meta name=\"twitter:card\" content=\"summary_large_image\" \/>\n<meta name=\"twitter:creator\" content=\"@AliadosPuebla\" \/>\n<meta name=\"twitter:label1\" content=\"Escrito por\" \/>\n\t<meta name=\"twitter:data1\" content=\"Aliados17\" \/>\n\t<meta name=\"twitter:label2\" content=\"Tiempo de lectura\" \/>\n\t<meta name=\"twitter:data2\" content=\"2 minutos\" \/>\n<script type=\"application\/ld+json\" class=\"yoast-schema-graph\">{\"@context\":\"https:\\\/\\\/schema.org\",\"@graph\":[{\"@type\":\"Article\",\"@id\":\"https:\\\/\\\/www.aliadospuebla.com\\\/?p=72997#article\",\"isPartOf\":{\"@id\":\"https:\\\/\\\/www.aliadospuebla.com\\\/?p=72997\"},\"author\":{\"name\":\"Aliados17\",\"@id\":\"https:\\\/\\\/www.aliadospuebla.com\\\/#\\\/schema\\\/person\\\/5da7dd09320bd4f392b710017ed5f8ad\"},\"headline\":\"ENCABEZA PAOLA ANGON INAUGURACI\u00d3N DE FERIA DE AUTOEMPLEO PARA GRUPOS VULNERABLES\",\"datePublished\":\"2022-06-19T16:16:18+00:00\",\"mainEntityOfPage\":{\"@id\":\"https:\\\/\\\/www.aliadospuebla.com\\\/?p=72997\"},\"wordCount\":281,\"commentCount\":0,\"image\":{\"@id\":\"https:\\\/\\\/www.aliadospuebla.com\\\/?p=72997#primaryimage\"},\"thumbnailUrl\":\"https:\\\/\\\/www.aliadospuebla.com\\\/web2017\\\/wp-content\\\/uploads\\\/2022\\\/06\\\/121-feria.jpg\",\"keywords\":[\"ADULTOS MAYORES\",\"feria de autoempleo\",\"Paola Ang\u00f3n Silva\",\"PERSONAS CON DISCAPACIDAD\",\"SAN PEDRO CHOLULA\"],\"articleSection\":[\"Municipios\"],\"inLanguage\":\"es\",\"potentialAction\":[{\"@type\":\"CommentAction\",\"name\":\"Comment\",\"target\":[\"https:\\\/\\\/www.aliadospuebla.com\\\/?p=72997#respond\"]}]},{\"@type\":\"WebPage\",\"@id\":\"https:\\\/\\\/www.aliadospuebla.com\\\/?p=72997\",\"url\":\"https:\\\/\\\/www.aliadospuebla.com\\\/?p=72997\",\"name\":\"ENCABEZA PAOLA ANGON INAUGURACI\u00d3N DE FERIA DE AUTOEMPLEO PARA GRUPOS VULNERABLES - AliadosPuebla\",\"isPartOf\":{\"@id\":\"https:\\\/\\\/www.aliadospuebla.com\\\/#website\"},\"primaryImageOfPage\":{\"@id\":\"https:\\\/\\\/www.aliadospuebla.com\\\/?p=72997#primaryimage\"},\"image\":{\"@id\":\"https:\\\/\\\/www.aliadospuebla.com\\\/?p=72997#primaryimage\"},\"thumbnailUrl\":\"https:\\\/\\\/www.aliadospuebla.com\\\/web2017\\\/wp-content\\\/uploads\\\/2022\\\/06\\\/121-feria.jpg\",\"datePublished\":\"2022-06-19T16:16:18+00:00\",\"author\":{\"@id\":\"https:\\\/\\\/www.aliadospuebla.com\\\/#\\\/schema\\\/person\\\/5da7dd09320bd4f392b710017ed5f8ad\"},\"breadcrumb\":{\"@id\":\"https:\\\/\\\/www.aliadospuebla.com\\\/?p=72997#breadcrumb\"},\"inLanguage\":\"es\",\"potentialAction\":[{\"@type\":\"ReadAction\",\"target\":[\"https:\\\/\\\/www.aliadospuebla.com\\\/?p=72997\"]}]},{\"@type\":\"ImageObject\",\"inLanguage\":\"es\",\"@id\":\"https:\\\/\\\/www.aliadospuebla.com\\\/?p=72997#primaryimage\",\"url\":\"https:\\\/\\\/www.aliadospuebla.com\\\/web2017\\\/wp-content\\\/uploads\\\/2022\\\/06\\\/121-feria.jpg\",\"contentUrl\":\"https:\\\/\\\/www.aliadospuebla.com\\\/web2017\\\/wp-content\\\/uploads\\\/2022\\\/06\\\/121-feria.jpg\",\"width\":600,\"height\":450},{\"@type\":\"BreadcrumbList\",\"@id\":\"https:\\\/\\\/www.aliadospuebla.com\\\/?p=72997#breadcrumb\",\"itemListElement\":[{\"@type\":\"ListItem\",\"position\":1,\"name\":\"Portada\",\"item\":\"https:\\\/\\\/www.aliadospuebla.com\\\/\"},{\"@type\":\"ListItem\",\"position\":2,\"name\":\"ENCABEZA PAOLA ANGON INAUGURACI\u00d3N DE FERIA DE AUTOEMPLEO PARA GRUPOS VULNERABLES\"}]},{\"@type\":\"WebSite\",\"@id\":\"https:\\\/\\\/www.aliadospuebla.com\\\/#website\",\"url\":\"https:\\\/\\\/www.aliadospuebla.com\\\/\",\"name\":\"AliadosPuebla\",\"description\":\"La informaci\u00f3n en tus manos\",\"potentialAction\":[{\"@type\":\"SearchAction\",\"target\":{\"@type\":\"EntryPoint\",\"urlTemplate\":\"https:\\\/\\\/www.aliadospuebla.com\\\/?s={search_term_string}\"},\"query-input\":{\"@type\":\"PropertyValueSpecification\",\"valueRequired\":true,\"valueName\":\"search_term_string\"}}],\"inLanguage\":\"es\"},{\"@type\":\"Person\",\"@id\":\"https:\\\/\\\/www.aliadospuebla.com\\\/#\\\/schema\\\/person\\\/5da7dd09320bd4f392b710017ed5f8ad\",\"name\":\"Aliados17\",\"image\":{\"@type\":\"ImageObject\",\"inLanguage\":\"es\",\"@id\":\"https:\\\/\\\/www.aliadospuebla.com\\\/web2017\\\/wp-content\\\/uploads\\\/2025\\\/03\\\/cropped-para-perfil-8-anos-1-96x96.jpg\",\"url\":\"https:\\\/\\\/www.aliadospuebla.com\\\/web2017\\\/wp-content\\\/uploads\\\/2025\\\/03\\\/cropped-para-perfil-8-anos-1-96x96.jpg\",\"contentUrl\":\"https:\\\/\\\/www.aliadospuebla.com\\\/web2017\\\/wp-content\\\/uploads\\\/2025\\\/03\\\/cropped-para-perfil-8-anos-1-96x96.jpg\",\"caption\":\"Aliados17\"},\"sameAs\":[\"https:\\\/\\\/www.aliados17.com\",\"https:\\\/\\\/www.facebook.com\\\/Aliados17Pue\",\"https:\\\/\\\/x.com\\\/AliadosPuebla\"],\"url\":\"https:\\\/\\\/www.aliadospuebla.com\\\/?author=2\"}]}<\/script>\n<!-- \/ Yoast SEO plugin. -->","yoast_head_json":{"title":"ENCABEZA PAOLA ANGON INAUGURACI\u00d3N DE FERIA DE AUTOEMPLEO PARA GRUPOS VULNERABLES - AliadosPuebla","robots":{"index":"index","follow":"follow","max-snippet":"max-snippet:-1","max-image-preview":"max-image-preview:large","max-video-preview":"max-video-preview:-1"},"canonical":"https:\/\/www.aliadospuebla.com\/?p=72997","og_locale":"es_ES","og_type":"article","og_title":"ENCABEZA PAOLA ANGON INAUGURACI\u00d3N DE FERIA DE AUTOEMPLEO PARA GRUPOS VULNERABLES - AliadosPuebla","og_description":"San Pedro Cholula, Pue.- Con el objetivo de fomentar un estilo de gobierno incluyente con todos los sectores de la sociedad, al tiempo de propiciar la autonom\u00eda econ\u00f3mica de adultos mayores y personas con alguna discapacidad, la presidenta Paola Angon encabez\u00f3 la inauguraci\u00f3n de la \u00abFeria del Autoempleo para Personas con Discapacidad y Adultos mayores\u00ab, en la Plaza de la Concordia. Durante su mensaje, la presidenta Angon Silva afirm\u00f3: \u201ccon la puesta en marcha de esta feria en San Pedro Cholula queremos ser ejemplo de un gobierno socialmente responsable y con profundo sentido humano, que pone en marcha actividades y pol\u00edticas p\u00fablicas para incentivar la integraci\u00f3n de todos los sectores que conforman nuestra poblaci\u00f3n\u00bb. Esta feria, iniciativa de la Comisi\u00f3n de Atenci\u00f3n a Grupos Vulnerables,&hellip;Leer m\u00e1s...","og_url":"https:\/\/www.aliadospuebla.com\/?p=72997","og_site_name":"AliadosPuebla","article_author":"https:\/\/www.facebook.com\/Aliados17Pue","article_published_time":"2022-06-19T16:16:18+00:00","og_image":[{"width":600,"height":450,"url":"https:\/\/www.aliadospuebla.com\/web2017\/wp-content\/uploads\/2022\/06\/121-feria.jpg","type":"image\/jpeg"}],"author":"Aliados17","twitter_card":"summary_large_image","twitter_creator":"@AliadosPuebla","twitter_misc":{"Escrito por":"Aliados17","Tiempo de lectura":"2 minutos"},"schema":{"@context":"https:\/\/schema.org","@graph":[{"@type":"Article","@id":"https:\/\/www.aliadospuebla.com\/?p=72997#article","isPartOf":{"@id":"https:\/\/www.aliadospuebla.com\/?p=72997"},"author":{"name":"Aliados17","@id":"https:\/\/www.aliadospuebla.com\/#\/schema\/person\/5da7dd09320bd4f392b710017ed5f8ad"},"headline":"ENCABEZA PAOLA ANGON INAUGURACI\u00d3N DE FERIA DE AUTOEMPLEO PARA GRUPOS VULNERABLES","datePublished":"2022-06-19T16:16:18+00:00","mainEntityOfPage":{"@id":"https:\/\/www.aliadospuebla.com\/?p=72997"},"wordCount":281,"commentCount":0,"image":{"@id":"https:\/\/www.aliadospuebla.com\/?p=72997#primaryimage"},"thumbnailUrl":"https:\/\/www.aliadospuebla.com\/web2017\/wp-content\/uploads\/2022\/06\/121-feria.jpg","keywords":["ADULTOS MAYORES","feria de autoempleo","Paola Ang\u00f3n Silva","PERSONAS CON DISCAPACIDAD","SAN PEDRO CHOLULA"],"articleSection":["Municipios"],"inLanguage":"es","potentialAction":[{"@type":"CommentAction","name":"Comment","target":["https:\/\/www.aliadospuebla.com\/?p=72997#respond"]}]},{"@type":"WebPage","@id":"https:\/\/www.aliadospuebla.com\/?p=72997","url":"https:\/\/www.aliadospuebla.com\/?p=72997","name":"ENCABEZA PAOLA ANGON INAUGURACI\u00d3N DE FERIA DE AUTOEMPLEO PARA GRUPOS VULNERABLES - AliadosPuebla","isPartOf":{"@id":"https:\/\/www.aliadospuebla.com\/#website"},"primaryImageOfPage":{"@id":"https:\/\/www.aliadospuebla.com\/?p=72997#primaryimage"},"image":{"@id":"https:\/\/www.aliadospuebla.com\/?p=72997#primaryimage"},"thumbnailUrl":"https:\/\/www.aliadospuebla.com\/web2017\/wp-content\/uploads\/2022\/06\/121-feria.jpg","datePublished":"2022-06-19T16:16:18+00:00","author":{"@id":"https:\/\/www.aliadospuebla.com\/#\/schema\/person\/5da7dd09320bd4f392b710017ed5f8ad"},"breadcrumb":{"@id":"https:\/\/www.aliadospuebla.com\/?p=72997#breadcrumb"},"inLanguage":"es","potentialAction":[{"@type":"ReadAction","target":["https:\/\/www.aliadospuebla.com\/?p=72997"]}]},{"@type":"ImageObject","inLanguage":"es","@id":"https:\/\/www.aliadospuebla.com\/?p=72997#primaryimage","url":"https:\/\/www.aliadospuebla.com\/web2017\/wp-content\/uploads\/2022\/06\/121-feria.jpg","contentUrl":"https:\/\/www.aliadospuebla.com\/web2017\/wp-content\/uploads\/2022\/06\/121-feria.jpg","width":600,"height":450},{"@type":"BreadcrumbList","@id":"https:\/\/www.aliadospuebla.com\/?p=72997#breadcrumb","itemListElement":[{"@type":"ListItem","position":1,"name":"Portada","item":"https:\/\/www.aliadospuebla.com\/"},{"@type":"ListItem","position":2,"name":"ENCABEZA PAOLA ANGON INAUGURACI\u00d3N DE FERIA DE AUTOEMPLEO PARA GRUPOS VULNERABLES"}]},{"@type":"WebSite","@id":"https:\/\/www.aliadospuebla.com\/#website","url":"https:\/\/www.aliadospuebla.com\/","name":"AliadosPuebla","description":"La informaci\u00f3n en tus manos","potentialAction":[{"@type":"SearchAction","target":{"@type":"EntryPoint","urlTemplate":"https:\/\/www.aliadospuebla.com\/?s={search_term_string}"},"query-input":{"@type":"PropertyValueSpecification","valueRequired":true,"valueName":"search_term_string"}}],"inLanguage":"es"},{"@type":"Person","@id":"https:\/\/www.aliadospuebla.com\/#\/schema\/person\/5da7dd09320bd4f392b710017ed5f8ad","name":"Aliados17","image":{"@type":"ImageObject","inLanguage":"es","@id":"https:\/\/www.aliadospuebla.com\/web2017\/wp-content\/uploads\/2025\/03\/cropped-para-perfil-8-anos-1-96x96.jpg","url":"https:\/\/www.aliadospuebla.com\/web2017\/wp-content\/uploads\/2025\/03\/cropped-para-perfil-8-anos-1-96x96.jpg","contentUrl":"https:\/\/www.aliadospuebla.com\/web2017\/wp-content\/uploads\/2025\/03\/cropped-para-perfil-8-anos-1-96x96.jpg","caption":"Aliados17"},"sameAs":["https:\/\/www.aliados17.com","https:\/\/www.facebook.com\/Aliados17Pue","https:\/\/x.com\/AliadosPuebla"],"url":"https:\/\/www.aliadospuebla.com\/?author=2"}]}},"views":9,"_links":{"self":[{"href":"https:\/\/www.aliadospuebla.com\/index.php?rest_route=\/wp\/v2\/posts\/72997","targetHints":{"allow":["GET"]}}],"collection":[{"href":"https:\/\/www.aliadospuebla.com\/index.php?rest_route=\/wp\/v2\/posts"}],"about":[{"href":"https:\/\/www.aliadospuebla.com\/index.php?rest_route=\/wp\/v2\/types\/post"}],"author":[{"embeddable":true,"href":"https:\/\/www.aliadospuebla.com\/index.php?rest_route=\/wp\/v2\/users\/2"}],"replies":[{"embeddable":true,"href":"https:\/\/www.aliadospuebla.com\/index.php?rest_route=%2Fwp%2Fv2%2Fcomments&post=72997"}],"version-history":[{"count":1,"href":"https:\/\/www.aliadospuebla.com\/index.php?rest_route=\/wp\/v2\/posts\/72997\/revisions"}],"predecessor-version":[{"id":72999,"href":"https:\/\/www.aliadospuebla.com\/index.php?rest_route=\/wp\/v2\/posts\/72997\/revisions\/72999"}],"wp:featuredmedia":[{"embeddable":true,"href":"https:\/\/www.aliadospuebla.com\/index.php?rest_route=\/wp\/v2\/media\/72998"}],"wp:attachment":[{"href":"https:\/\/www.aliadospuebla.com\/index.php?rest_route=%2Fwp%2Fv2%2Fmedia&parent=72997"}],"wp:term":[{"taxonomy":"category","embeddable":true,"href":"https:\/\/www.aliadospuebla.com\/index.php?rest_route=%2Fwp%2Fv2%2Fcategories&post=72997"},{"taxonomy":"post_tag","embeddable":true,"href":"https:\/\/www.aliadospuebla.com\/index.php?rest_route=%2Fwp%2Fv2%2Ftags&post=72997"}],"curies":[{"name":"wp","href":"https:\/\/api.w.org\/{rel}","templated":true}]}}