{"id":72502,"date":"2022-06-05T18:03:30","date_gmt":"2022-06-05T23:03:30","guid":{"rendered":"https:\/\/www.aliados17.com\/?p=72502"},"modified":"2022-06-05T18:03:30","modified_gmt":"2022-06-05T23:03:30","slug":"comienzan-a-operar-los-parquimetros-en-la-capital-poblana","status":"publish","type":"post","link":"https:\/\/www.aliadospuebla.com\/?p=72502","title":{"rendered":"COMIENZAN A OPERAR LOS PARQU\u00cdMETROS EN LA CAPITAL POBLANA"},"content":{"rendered":"<h4>Durante el mes de junio ser\u00e1 etapa de adaptaci\u00f3n para que los poblanos conozcan su funcionamiento.<\/h4>\n<p>En los primeros d\u00edas de funcionamiento de los<strong> parqu\u00edmetros<\/strong> en el<strong> Centro Hist\u00f3rico<\/strong>,<\/p>\n<p>vecinos, locatarios, proveedores y visitantes comenzaron a familiarizarse con los <strong>m\u00e9todos de pago y operaci\u00f3n.<\/strong><\/p>\n<p>Para mejorar esta experiencia y orientar a nuevos usuarios,<\/p>\n<p>se reforzar\u00e1 la presencia del <strong>personal de Movilidad<\/strong>,<\/p>\n<p>con el fin de que esta aplicaci\u00f3n sea m\u00e1s amigable<\/p>\n<p>para todos los que tienen como punto de llegada el primer cuadro de la ciudad.<\/p>\n<p>El <strong>Gobierno Municipal<\/strong> recuerda a la ciudadan\u00eda en general<\/p>\n<p>que en junio no habr\u00e1 multas por incurrir en alguna falta ya que es un per\u00edodo de socializaci\u00f3n.<\/p>\n<p>Adem\u00e1s, el cobro del<strong> parqu\u00edmetro<\/strong> no aplica fuera del horario establecido,<\/p>\n<p>es decir de lunes a viernes antes de las 8:00 y despu\u00e9s de las 22:00 horas,<\/p>\n<p>mientras que los s\u00e1bados no estar\u00e1 en funcionamiento antes de las 8:00<\/p>\n<p>ni despu\u00e9s de las 14:00 horas y el domingo es libre.<\/p>\n<p>Pensando en la comodidad de las y los automovilistas se busca aumentar los <strong>puntos de cobro<\/strong><\/p>\n<p>en negocios autorizados, al tiempo de mantener un di\u00e1logo permanente con vecinos y locatarios<\/p>\n<p>del \u00e1rea para que conozcan los beneficios de este programa y sean m\u00e1s los que lo incorporen en su actividad diaria.<\/p>\n","protected":false},"excerpt":{"rendered":"<p>Durante el mes de junio ser\u00e1 etapa de adaptaci\u00f3n para que los poblanos conozcan su funcionamiento. En los primeros d\u00edas de funcionamiento de los parqu\u00edmetros en el Centro Hist\u00f3rico, vecinos, locatarios, proveedores y visitantes comenzaron a familiarizarse con los m\u00e9todos de pago y operaci\u00f3n. Para mejorar esta experiencia y orientar a nuevos usuarios, se reforzar\u00e1 la presencia del personal de Movilidad, con el fin de que esta aplicaci\u00f3n sea m\u00e1s amigable para todos los que tienen como punto de llegada el primer cuadro de la ciudad. El Gobierno Municipal recuerda a la ciudadan\u00eda en general que en junio no habr\u00e1 multas por incurrir en alguna falta ya que es un per\u00edodo de socializaci\u00f3n. Adem\u00e1s, el cobro del parqu\u00edmetro no aplica fuera del horario establecido, es&hellip;<\/p>\n<p class=\"excerpt-more\"><a class=\"blog-excerpt button\" href=\"https:\/\/www.aliadospuebla.com\/?p=72502\">Leer m\u00e1s&#8230;<\/a><\/p>\n","protected":false},"author":2,"featured_media":72503,"comment_status":"open","ping_status":"open","sticky":false,"template":"","format":"standard","meta":{"_monsterinsights_skip_tracking":false,"footnotes":""},"categories":[62],"tags":[19427,2101,302,1337,19426],"class_list":["post-72502","post","type-post","status-publish","format-standard","has-post-thumbnail","hentry","category-capital","tag-adaptacion","tag-centro-historico","tag-movilidad","tag-parquimetros","tag-puntos-de-pago"],"yoast_head":"<!-- This site is optimized with the Yoast SEO plugin v28.4 - https:\/\/yoast.com\/product\/yoast-seo-wordpress\/ -->\n<title>COMIENZAN A OPERAR LOS PARQU\u00cdMETROS EN LA CAPITAL POBLANA - AliadosPuebla<\/title>\n<meta name=\"robots\" content=\"index, follow, max-snippet:-1, max-image-preview:large, max-video-preview:-1\" \/>\n<link rel=\"canonical\" href=\"https:\/\/www.aliadospuebla.com\/?p=72502\" \/>\n<meta property=\"og:locale\" content=\"es_ES\" \/>\n<meta property=\"og:type\" content=\"article\" \/>\n<meta property=\"og:title\" content=\"COMIENZAN A OPERAR LOS PARQU\u00cdMETROS EN LA CAPITAL POBLANA - AliadosPuebla\" \/>\n<meta property=\"og:description\" content=\"Durante el mes de junio ser\u00e1 etapa de adaptaci\u00f3n para que los poblanos conozcan su funcionamiento. En los primeros d\u00edas de funcionamiento de los parqu\u00edmetros en el Centro Hist\u00f3rico, vecinos, locatarios, proveedores y visitantes comenzaron a familiarizarse con los m\u00e9todos de pago y operaci\u00f3n. Para mejorar esta experiencia y orientar a nuevos usuarios, se reforzar\u00e1 la presencia del personal de Movilidad, con el fin de que esta aplicaci\u00f3n sea m\u00e1s amigable para todos los que tienen como punto de llegada el primer cuadro de la ciudad. El Gobierno Municipal recuerda a la ciudadan\u00eda en general que en junio no habr\u00e1 multas por incurrir en alguna falta ya que es un per\u00edodo de socializaci\u00f3n. Adem\u00e1s, el cobro del parqu\u00edmetro no aplica fuera del horario establecido, es&hellip;Leer m\u00e1s...\" \/>\n<meta property=\"og:url\" content=\"https:\/\/www.aliadospuebla.com\/?p=72502\" \/>\n<meta property=\"og:site_name\" content=\"AliadosPuebla\" \/>\n<meta property=\"article:author\" content=\"https:\/\/www.facebook.com\/Aliados17Pue\" \/>\n<meta property=\"article:published_time\" content=\"2022-06-05T23:03:30+00:00\" \/>\n<meta property=\"og:image\" content=\"https:\/\/www.aliadospuebla.com\/web2017\/wp-content\/uploads\/2022\/06\/035-parquimetros.jpg\" \/>\n\t<meta property=\"og:image:width\" content=\"600\" \/>\n\t<meta property=\"og:image:height\" content=\"450\" \/>\n\t<meta property=\"og:image:type\" content=\"image\/jpeg\" \/>\n<meta name=\"author\" content=\"Aliados17\" \/>\n<meta name=\"twitter:card\" content=\"summary_large_image\" \/>\n<meta name=\"twitter:creator\" content=\"@AliadosPuebla\" \/>\n<meta name=\"twitter:label1\" content=\"Escrito por\" \/>\n\t<meta name=\"twitter:data1\" content=\"Aliados17\" \/>\n\t<meta name=\"twitter:label2\" content=\"Tiempo de lectura\" \/>\n\t<meta name=\"twitter:data2\" content=\"1 minuto\" \/>\n<script type=\"application\/ld+json\" class=\"yoast-schema-graph\">{\"@context\":\"https:\\\/\\\/schema.org\",\"@graph\":[{\"@type\":\"Article\",\"@id\":\"https:\\\/\\\/www.aliadospuebla.com\\\/?p=72502#article\",\"isPartOf\":{\"@id\":\"https:\\\/\\\/www.aliadospuebla.com\\\/?p=72502\"},\"author\":{\"name\":\"Aliados17\",\"@id\":\"https:\\\/\\\/www.aliadospuebla.com\\\/#\\\/schema\\\/person\\\/5da7dd09320bd4f392b710017ed5f8ad\"},\"headline\":\"COMIENZAN A OPERAR LOS PARQU\u00cdMETROS EN LA CAPITAL POBLANA\",\"datePublished\":\"2022-06-05T23:03:30+00:00\",\"mainEntityOfPage\":{\"@id\":\"https:\\\/\\\/www.aliadospuebla.com\\\/?p=72502\"},\"wordCount\":238,\"commentCount\":0,\"image\":{\"@id\":\"https:\\\/\\\/www.aliadospuebla.com\\\/?p=72502#primaryimage\"},\"thumbnailUrl\":\"https:\\\/\\\/www.aliadospuebla.com\\\/web2017\\\/wp-content\\\/uploads\\\/2022\\\/06\\\/035-parquimetros.jpg\",\"keywords\":[\"adaptaci\u00f3n\",\"CENTRO HIST\u00d3RICO\",\"Movilidad\",\"PARQU\u00cdMETROS\",\"puntos de pago\"],\"articleSection\":[\"Capital\"],\"inLanguage\":\"es\",\"potentialAction\":[{\"@type\":\"CommentAction\",\"name\":\"Comment\",\"target\":[\"https:\\\/\\\/www.aliadospuebla.com\\\/?p=72502#respond\"]}]},{\"@type\":\"WebPage\",\"@id\":\"https:\\\/\\\/www.aliadospuebla.com\\\/?p=72502\",\"url\":\"https:\\\/\\\/www.aliadospuebla.com\\\/?p=72502\",\"name\":\"COMIENZAN A OPERAR LOS PARQU\u00cdMETROS EN LA CAPITAL POBLANA - AliadosPuebla\",\"isPartOf\":{\"@id\":\"https:\\\/\\\/www.aliadospuebla.com\\\/#website\"},\"primaryImageOfPage\":{\"@id\":\"https:\\\/\\\/www.aliadospuebla.com\\\/?p=72502#primaryimage\"},\"image\":{\"@id\":\"https:\\\/\\\/www.aliadospuebla.com\\\/?p=72502#primaryimage\"},\"thumbnailUrl\":\"https:\\\/\\\/www.aliadospuebla.com\\\/web2017\\\/wp-content\\\/uploads\\\/2022\\\/06\\\/035-parquimetros.jpg\",\"datePublished\":\"2022-06-05T23:03:30+00:00\",\"author\":{\"@id\":\"https:\\\/\\\/www.aliadospuebla.com\\\/#\\\/schema\\\/person\\\/5da7dd09320bd4f392b710017ed5f8ad\"},\"breadcrumb\":{\"@id\":\"https:\\\/\\\/www.aliadospuebla.com\\\/?p=72502#breadcrumb\"},\"inLanguage\":\"es\",\"potentialAction\":[{\"@type\":\"ReadAction\",\"target\":[\"https:\\\/\\\/www.aliadospuebla.com\\\/?p=72502\"]}]},{\"@type\":\"ImageObject\",\"inLanguage\":\"es\",\"@id\":\"https:\\\/\\\/www.aliadospuebla.com\\\/?p=72502#primaryimage\",\"url\":\"https:\\\/\\\/www.aliadospuebla.com\\\/web2017\\\/wp-content\\\/uploads\\\/2022\\\/06\\\/035-parquimetros.jpg\",\"contentUrl\":\"https:\\\/\\\/www.aliadospuebla.com\\\/web2017\\\/wp-content\\\/uploads\\\/2022\\\/06\\\/035-parquimetros.jpg\",\"width\":600,\"height\":450},{\"@type\":\"BreadcrumbList\",\"@id\":\"https:\\\/\\\/www.aliadospuebla.com\\\/?p=72502#breadcrumb\",\"itemListElement\":[{\"@type\":\"ListItem\",\"position\":1,\"name\":\"Portada\",\"item\":\"https:\\\/\\\/www.aliadospuebla.com\\\/\"},{\"@type\":\"ListItem\",\"position\":2,\"name\":\"COMIENZAN A OPERAR LOS PARQU\u00cdMETROS EN LA CAPITAL POBLANA\"}]},{\"@type\":\"WebSite\",\"@id\":\"https:\\\/\\\/www.aliadospuebla.com\\\/#website\",\"url\":\"https:\\\/\\\/www.aliadospuebla.com\\\/\",\"name\":\"AliadosPuebla\",\"description\":\"La informaci\u00f3n en tus manos\",\"potentialAction\":[{\"@type\":\"SearchAction\",\"target\":{\"@type\":\"EntryPoint\",\"urlTemplate\":\"https:\\\/\\\/www.aliadospuebla.com\\\/?s={search_term_string}\"},\"query-input\":{\"@type\":\"PropertyValueSpecification\",\"valueRequired\":true,\"valueName\":\"search_term_string\"}}],\"inLanguage\":\"es\"},{\"@type\":\"Person\",\"@id\":\"https:\\\/\\\/www.aliadospuebla.com\\\/#\\\/schema\\\/person\\\/5da7dd09320bd4f392b710017ed5f8ad\",\"name\":\"Aliados17\",\"image\":{\"@type\":\"ImageObject\",\"inLanguage\":\"es\",\"@id\":\"https:\\\/\\\/www.aliadospuebla.com\\\/web2017\\\/wp-content\\\/uploads\\\/2025\\\/03\\\/cropped-para-perfil-8-anos-1-96x96.jpg\",\"url\":\"https:\\\/\\\/www.aliadospuebla.com\\\/web2017\\\/wp-content\\\/uploads\\\/2025\\\/03\\\/cropped-para-perfil-8-anos-1-96x96.jpg\",\"contentUrl\":\"https:\\\/\\\/www.aliadospuebla.com\\\/web2017\\\/wp-content\\\/uploads\\\/2025\\\/03\\\/cropped-para-perfil-8-anos-1-96x96.jpg\",\"caption\":\"Aliados17\"},\"sameAs\":[\"https:\\\/\\\/www.aliados17.com\",\"https:\\\/\\\/www.facebook.com\\\/Aliados17Pue\",\"https:\\\/\\\/x.com\\\/AliadosPuebla\"],\"url\":\"https:\\\/\\\/www.aliadospuebla.com\\\/?author=2\"}]}<\/script>\n<!-- \/ Yoast SEO plugin. -->","yoast_head_json":{"title":"COMIENZAN A OPERAR LOS PARQU\u00cdMETROS EN LA CAPITAL POBLANA - AliadosPuebla","robots":{"index":"index","follow":"follow","max-snippet":"max-snippet:-1","max-image-preview":"max-image-preview:large","max-video-preview":"max-video-preview:-1"},"canonical":"https:\/\/www.aliadospuebla.com\/?p=72502","og_locale":"es_ES","og_type":"article","og_title":"COMIENZAN A OPERAR LOS PARQU\u00cdMETROS EN LA CAPITAL POBLANA - AliadosPuebla","og_description":"Durante el mes de junio ser\u00e1 etapa de adaptaci\u00f3n para que los poblanos conozcan su funcionamiento. En los primeros d\u00edas de funcionamiento de los parqu\u00edmetros en el Centro Hist\u00f3rico, vecinos, locatarios, proveedores y visitantes comenzaron a familiarizarse con los m\u00e9todos de pago y operaci\u00f3n. Para mejorar esta experiencia y orientar a nuevos usuarios, se reforzar\u00e1 la presencia del personal de Movilidad, con el fin de que esta aplicaci\u00f3n sea m\u00e1s amigable para todos los que tienen como punto de llegada el primer cuadro de la ciudad. El Gobierno Municipal recuerda a la ciudadan\u00eda en general que en junio no habr\u00e1 multas por incurrir en alguna falta ya que es un per\u00edodo de socializaci\u00f3n. Adem\u00e1s, el cobro del parqu\u00edmetro no aplica fuera del horario establecido, es&hellip;Leer m\u00e1s...","og_url":"https:\/\/www.aliadospuebla.com\/?p=72502","og_site_name":"AliadosPuebla","article_author":"https:\/\/www.facebook.com\/Aliados17Pue","article_published_time":"2022-06-05T23:03:30+00:00","og_image":[{"width":600,"height":450,"url":"https:\/\/www.aliadospuebla.com\/web2017\/wp-content\/uploads\/2022\/06\/035-parquimetros.jpg","type":"image\/jpeg"}],"author":"Aliados17","twitter_card":"summary_large_image","twitter_creator":"@AliadosPuebla","twitter_misc":{"Escrito por":"Aliados17","Tiempo de lectura":"1 minuto"},"schema":{"@context":"https:\/\/schema.org","@graph":[{"@type":"Article","@id":"https:\/\/www.aliadospuebla.com\/?p=72502#article","isPartOf":{"@id":"https:\/\/www.aliadospuebla.com\/?p=72502"},"author":{"name":"Aliados17","@id":"https:\/\/www.aliadospuebla.com\/#\/schema\/person\/5da7dd09320bd4f392b710017ed5f8ad"},"headline":"COMIENZAN A OPERAR LOS PARQU\u00cdMETROS EN LA CAPITAL POBLANA","datePublished":"2022-06-05T23:03:30+00:00","mainEntityOfPage":{"@id":"https:\/\/www.aliadospuebla.com\/?p=72502"},"wordCount":238,"commentCount":0,"image":{"@id":"https:\/\/www.aliadospuebla.com\/?p=72502#primaryimage"},"thumbnailUrl":"https:\/\/www.aliadospuebla.com\/web2017\/wp-content\/uploads\/2022\/06\/035-parquimetros.jpg","keywords":["adaptaci\u00f3n","CENTRO HIST\u00d3RICO","Movilidad","PARQU\u00cdMETROS","puntos de pago"],"articleSection":["Capital"],"inLanguage":"es","potentialAction":[{"@type":"CommentAction","name":"Comment","target":["https:\/\/www.aliadospuebla.com\/?p=72502#respond"]}]},{"@type":"WebPage","@id":"https:\/\/www.aliadospuebla.com\/?p=72502","url":"https:\/\/www.aliadospuebla.com\/?p=72502","name":"COMIENZAN A OPERAR LOS PARQU\u00cdMETROS EN LA CAPITAL POBLANA - AliadosPuebla","isPartOf":{"@id":"https:\/\/www.aliadospuebla.com\/#website"},"primaryImageOfPage":{"@id":"https:\/\/www.aliadospuebla.com\/?p=72502#primaryimage"},"image":{"@id":"https:\/\/www.aliadospuebla.com\/?p=72502#primaryimage"},"thumbnailUrl":"https:\/\/www.aliadospuebla.com\/web2017\/wp-content\/uploads\/2022\/06\/035-parquimetros.jpg","datePublished":"2022-06-05T23:03:30+00:00","author":{"@id":"https:\/\/www.aliadospuebla.com\/#\/schema\/person\/5da7dd09320bd4f392b710017ed5f8ad"},"breadcrumb":{"@id":"https:\/\/www.aliadospuebla.com\/?p=72502#breadcrumb"},"inLanguage":"es","potentialAction":[{"@type":"ReadAction","target":["https:\/\/www.aliadospuebla.com\/?p=72502"]}]},{"@type":"ImageObject","inLanguage":"es","@id":"https:\/\/www.aliadospuebla.com\/?p=72502#primaryimage","url":"https:\/\/www.aliadospuebla.com\/web2017\/wp-content\/uploads\/2022\/06\/035-parquimetros.jpg","contentUrl":"https:\/\/www.aliadospuebla.com\/web2017\/wp-content\/uploads\/2022\/06\/035-parquimetros.jpg","width":600,"height":450},{"@type":"BreadcrumbList","@id":"https:\/\/www.aliadospuebla.com\/?p=72502#breadcrumb","itemListElement":[{"@type":"ListItem","position":1,"name":"Portada","item":"https:\/\/www.aliadospuebla.com\/"},{"@type":"ListItem","position":2,"name":"COMIENZAN A OPERAR LOS PARQU\u00cdMETROS EN LA CAPITAL POBLANA"}]},{"@type":"WebSite","@id":"https:\/\/www.aliadospuebla.com\/#website","url":"https:\/\/www.aliadospuebla.com\/","name":"AliadosPuebla","description":"La informaci\u00f3n en tus manos","potentialAction":[{"@type":"SearchAction","target":{"@type":"EntryPoint","urlTemplate":"https:\/\/www.aliadospuebla.com\/?s={search_term_string}"},"query-input":{"@type":"PropertyValueSpecification","valueRequired":true,"valueName":"search_term_string"}}],"inLanguage":"es"},{"@type":"Person","@id":"https:\/\/www.aliadospuebla.com\/#\/schema\/person\/5da7dd09320bd4f392b710017ed5f8ad","name":"Aliados17","image":{"@type":"ImageObject","inLanguage":"es","@id":"https:\/\/www.aliadospuebla.com\/web2017\/wp-content\/uploads\/2025\/03\/cropped-para-perfil-8-anos-1-96x96.jpg","url":"https:\/\/www.aliadospuebla.com\/web2017\/wp-content\/uploads\/2025\/03\/cropped-para-perfil-8-anos-1-96x96.jpg","contentUrl":"https:\/\/www.aliadospuebla.com\/web2017\/wp-content\/uploads\/2025\/03\/cropped-para-perfil-8-anos-1-96x96.jpg","caption":"Aliados17"},"sameAs":["https:\/\/www.aliados17.com","https:\/\/www.facebook.com\/Aliados17Pue","https:\/\/x.com\/AliadosPuebla"],"url":"https:\/\/www.aliadospuebla.com\/?author=2"}]}},"views":7,"_links":{"self":[{"href":"https:\/\/www.aliadospuebla.com\/index.php?rest_route=\/wp\/v2\/posts\/72502","targetHints":{"allow":["GET"]}}],"collection":[{"href":"https:\/\/www.aliadospuebla.com\/index.php?rest_route=\/wp\/v2\/posts"}],"about":[{"href":"https:\/\/www.aliadospuebla.com\/index.php?rest_route=\/wp\/v2\/types\/post"}],"author":[{"embeddable":true,"href":"https:\/\/www.aliadospuebla.com\/index.php?rest_route=\/wp\/v2\/users\/2"}],"replies":[{"embeddable":true,"href":"https:\/\/www.aliadospuebla.com\/index.php?rest_route=%2Fwp%2Fv2%2Fcomments&post=72502"}],"version-history":[{"count":1,"href":"https:\/\/www.aliadospuebla.com\/index.php?rest_route=\/wp\/v2\/posts\/72502\/revisions"}],"predecessor-version":[{"id":72504,"href":"https:\/\/www.aliadospuebla.com\/index.php?rest_route=\/wp\/v2\/posts\/72502\/revisions\/72504"}],"wp:featuredmedia":[{"embeddable":true,"href":"https:\/\/www.aliadospuebla.com\/index.php?rest_route=\/wp\/v2\/media\/72503"}],"wp:attachment":[{"href":"https:\/\/www.aliadospuebla.com\/index.php?rest_route=%2Fwp%2Fv2%2Fmedia&parent=72502"}],"wp:term":[{"taxonomy":"category","embeddable":true,"href":"https:\/\/www.aliadospuebla.com\/index.php?rest_route=%2Fwp%2Fv2%2Fcategories&post=72502"},{"taxonomy":"post_tag","embeddable":true,"href":"https:\/\/www.aliadospuebla.com\/index.php?rest_route=%2Fwp%2Fv2%2Ftags&post=72502"}],"curies":[{"name":"wp","href":"https:\/\/api.w.org\/{rel}","templated":true}]}}