{"id":72319,"date":"2022-05-31T21:51:01","date_gmt":"2022-06-01T02:51:01","guid":{"rendered":"https:\/\/www.aliados17.com\/?p=72319"},"modified":"2022-05-31T21:51:01","modified_gmt":"2022-06-01T02:51:01","slug":"ayuntamiento-de-puebla-pone-en-marcha-los-parquimetros-en-el-centro-historico","status":"publish","type":"post","link":"https:\/\/www.aliadospuebla.com\/?p=72319","title":{"rendered":"AYUNTAMIENTO DE PUEBLA PONE EN MARCHA LOS PARQU\u00cdMETROS EN EL CENTRO HIST\u00d3RICO"},"content":{"rendered":"<h4>Del 3 al 30 de junio ser\u00e1 el periodo de adaptaci\u00f3n para la ciudadan\u00eda, donde no habr\u00e1 multas en caso de cometer alguna infracci\u00f3n, s\u00f3lo una notificaci\u00f3n.<\/h4>\n<p>Para favorecer la <strong>movilidad<\/strong>, la reactivaci\u00f3n econ\u00f3mica, el turismo y el orden<\/p>\n<p>en el <strong>Centro Hist\u00f3rico de Puebla capital,<\/strong> en conferencia de prensa<\/p>\n<p>funcionarios municipales informaron los pormenores del funcionamiento de los<strong> parqu\u00edmetros<\/strong>,<\/p>\n<p>ya que a partir del viernes 3 de junio tres mil 600 cajones estar\u00e1n a disposici\u00f3n de visitantes,<\/p>\n<p>clientes y repartidores.<\/p>\n<p>En su intervenci\u00f3n, <strong>Ad\u00e1n Dom\u00ednguez S\u00e1nchez, Gerente Municipal,<\/strong> se\u00f1al\u00f3 que junio<\/p>\n<p>ser\u00e1 el periodo de adaptaci\u00f3n para los usuarios de los <strong>parqu\u00edmetros<\/strong>,<\/p>\n<p>pagar\u00e1n el costo de cada hora, pero en caso de incurrir en alguna falta<\/p>\n<p>\u00e9sta no ameritar\u00e1 multa, s\u00f3lo se colocar\u00e1n volantes en los parabrisas<\/p>\n<p>para notificar la falla correspondiente.<\/p>\n<p>En tanto, la regidora Fernanda Huerta L\u00f3pez, Presidenta de la Comisi\u00f3n de Infraestructura,<\/p>\n<p>Movilidad y Servicios P\u00fablicos destac\u00f3 que esta estrategia de los<strong> parqu\u00edmetros<\/strong> es la continuidad<\/p>\n<p>del trabajo que se ha estado realizando desde el <strong>Ayuntamiento de Puebla<\/strong>,<\/p>\n<p>para tener orden en la ciudad, iniciando por el<strong> Centro Hist\u00f3rico.<\/strong><\/p>\n<p>Para aclarar las dudas del funcionamiento de los <strong>parqu\u00edmetros<\/strong>, Rub\u00ed V\u00e1zquez Cruz,<\/p>\n<p>Subsecretaria de Movilidad explic\u00f3 que estos permitir\u00e1n estacionarse s\u00f3lo por un periodo de cuatro horas,<\/p>\n<p>siendo el costo m\u00e1ximo a pagar 20 pesos; la primera hora ser\u00e1 gratis, la segunda y tercera tendr\u00e1n un costo<\/p>\n<p>de cinco pesos cada una, mientras que la cuarta hora de 10 pesos.<\/p>\n<h4>Este sistema de estacionamiento rotativo estar\u00e1 en operaci\u00f3n de lunes a viernes de 8:00 a 22:00 horas, s\u00e1bados de 8:00 a 14:00 horas y domingos no aplicar\u00e1.<\/h4>\n<p>Los automovilistas tendr\u00e1n diversas <strong>opciones de pago<\/strong>, ya sea a trav\u00e9s de la aplicaci\u00f3n<\/p>\n<p>para celular de Parkimovil donde se debe registrar una tarjeta de d\u00e9bito o cr\u00e9dito,<\/p>\n<p>comprando saldo o pagando en efectivo en los negocios autorizados o por mensaje de texto<\/p>\n<p>al 25505 enviando PUE seguido de las placas del veh\u00edculo.<\/p>\n<p>El pago incluye un seguro para el auto por el tiempo que permanezca estacionado.<\/p>\n<p>\u00bfQu\u00e9 no se debe hacer? Invadir cajones destinados para personas con discapacidad,<\/p>\n<p>motociclistas, carga y descarga, estacionarse por m\u00e1s de cuatro horas,<\/p>\n<p>no registrar las placas del veh\u00edculo en la plataforma, estacionarse de forma inadecuada<\/p>\n<p>o fuera del l\u00edmite del caj\u00f3n y en cruces peatonales, ya que estos comportamientos<\/p>\n<p>ameritan una sanci\u00f3n econ\u00f3mica, la cual puede ir de 384 pesos hasta los nueve mil 622 pesos, seg\u00fan la falta.<\/p>\n<p>Cabe destacar que a partir del 1 de julio se iniciar\u00e1 la aplicaci\u00f3n de multas,<\/p>\n<p>mismas que entran en el esquema de descuentos del 50 por ciento por pronto pago,<\/p>\n<p>dentro de los primeros cinco d\u00edas naturales.<\/p>\n<p>V\u00e1zquez Cruz inform\u00f3 que los parqu\u00edmetros estar\u00e1n en funcionamiento en el pol\u00edgono<\/p>\n<p>de la 12 Poniente \u2013 Oriente, Bulevar 5 de Mayo, 17 Poniente \u2013 Oriente, 11 Sur y 13 Sur \u2013 Norte,<\/p>\n<p>donde habr\u00e1n tres mil 260 cajones para veh\u00edculos privados, 120 de accesibilidad,<\/p>\n<p>100 para motociclistas y 120 para carga y descarga, asimismo,<\/p>\n<p>habr\u00e1 espacios para vecinas y vecinos de la zona sin cochera, adem\u00e1s,<\/p>\n<p>en favor de los trabajadores del Centro Hist\u00f3rico se acordaron descuentos y pensiones a bajo costo con estacionamientos del \u00e1rea.<\/p>\n","protected":false},"excerpt":{"rendered":"<p>Del 3 al 30 de junio ser\u00e1 el periodo de adaptaci\u00f3n para la ciudadan\u00eda, donde no habr\u00e1 multas en caso de cometer alguna infracci\u00f3n, s\u00f3lo una notificaci\u00f3n. Para favorecer la movilidad, la reactivaci\u00f3n econ\u00f3mica, el turismo y el orden en el Centro Hist\u00f3rico de Puebla capital, en conferencia de prensa funcionarios municipales informaron los pormenores del funcionamiento de los parqu\u00edmetros, ya que a partir del viernes 3 de junio tres mil 600 cajones estar\u00e1n a disposici\u00f3n de visitantes, clientes y repartidores. En su intervenci\u00f3n, Ad\u00e1n Dom\u00ednguez S\u00e1nchez, Gerente Municipal, se\u00f1al\u00f3 que junio ser\u00e1 el periodo de adaptaci\u00f3n para los usuarios de los parqu\u00edmetros, pagar\u00e1n el costo de cada hora, pero en caso de incurrir en alguna falta \u00e9sta no ameritar\u00e1 multa, s\u00f3lo se colocar\u00e1n volantes&hellip;<\/p>\n<p class=\"excerpt-more\"><a class=\"blog-excerpt button\" href=\"https:\/\/www.aliadospuebla.com\/?p=72319\">Leer m\u00e1s&#8230;<\/a><\/p>\n","protected":false},"author":2,"featured_media":72320,"comment_status":"open","ping_status":"open","sticky":false,"template":"","format":"standard","meta":{"_monsterinsights_skip_tracking":false,"footnotes":""},"categories":[62],"tags":[2101,337,302,1337],"class_list":["post-72319","post","type-post","status-publish","format-standard","has-post-thumbnail","hentry","category-capital","tag-centro-historico","tag-infraestructura","tag-movilidad","tag-parquimetros"],"yoast_head":"<!-- This site is optimized with the Yoast SEO plugin v28.4 - https:\/\/yoast.com\/product\/yoast-seo-wordpress\/ -->\n<title>AYUNTAMIENTO DE PUEBLA PONE EN MARCHA LOS PARQU\u00cdMETROS EN EL CENTRO HIST\u00d3RICO - AliadosPuebla<\/title>\n<meta name=\"robots\" content=\"index, follow, max-snippet:-1, max-image-preview:large, max-video-preview:-1\" \/>\n<link rel=\"canonical\" href=\"https:\/\/www.aliadospuebla.com\/?p=72319\" \/>\n<meta property=\"og:locale\" content=\"es_ES\" \/>\n<meta property=\"og:type\" content=\"article\" \/>\n<meta property=\"og:title\" content=\"AYUNTAMIENTO DE PUEBLA PONE EN MARCHA LOS PARQU\u00cdMETROS EN EL CENTRO HIST\u00d3RICO - AliadosPuebla\" \/>\n<meta property=\"og:description\" content=\"Del 3 al 30 de junio ser\u00e1 el periodo de adaptaci\u00f3n para la ciudadan\u00eda, donde no habr\u00e1 multas en caso de cometer alguna infracci\u00f3n, s\u00f3lo una notificaci\u00f3n. Para favorecer la movilidad, la reactivaci\u00f3n econ\u00f3mica, el turismo y el orden en el Centro Hist\u00f3rico de Puebla capital, en conferencia de prensa funcionarios municipales informaron los pormenores del funcionamiento de los parqu\u00edmetros, ya que a partir del viernes 3 de junio tres mil 600 cajones estar\u00e1n a disposici\u00f3n de visitantes, clientes y repartidores. En su intervenci\u00f3n, Ad\u00e1n Dom\u00ednguez S\u00e1nchez, Gerente Municipal, se\u00f1al\u00f3 que junio ser\u00e1 el periodo de adaptaci\u00f3n para los usuarios de los parqu\u00edmetros, pagar\u00e1n el costo de cada hora, pero en caso de incurrir en alguna falta \u00e9sta no ameritar\u00e1 multa, s\u00f3lo se colocar\u00e1n volantes&hellip;Leer m\u00e1s...\" \/>\n<meta property=\"og:url\" content=\"https:\/\/www.aliadospuebla.com\/?p=72319\" \/>\n<meta property=\"og:site_name\" content=\"AliadosPuebla\" \/>\n<meta property=\"article:author\" content=\"https:\/\/www.facebook.com\/Aliados17Pue\" \/>\n<meta property=\"article:published_time\" content=\"2022-06-01T02:51:01+00:00\" \/>\n<meta property=\"og:image\" content=\"https:\/\/www.aliadospuebla.com\/web2017\/wp-content\/uploads\/2022\/05\/214-parquimketro.jpg\" \/>\n\t<meta property=\"og:image:width\" content=\"600\" \/>\n\t<meta property=\"og:image:height\" content=\"450\" \/>\n\t<meta property=\"og:image:type\" content=\"image\/jpeg\" \/>\n<meta name=\"author\" content=\"Aliados17\" \/>\n<meta name=\"twitter:card\" content=\"summary_large_image\" \/>\n<meta name=\"twitter:creator\" content=\"@AliadosPuebla\" \/>\n<meta name=\"twitter:label1\" content=\"Escrito por\" \/>\n\t<meta name=\"twitter:data1\" content=\"Aliados17\" \/>\n\t<meta name=\"twitter:label2\" content=\"Tiempo de lectura\" \/>\n\t<meta name=\"twitter:data2\" content=\"3 minutos\" \/>\n<script type=\"application\/ld+json\" class=\"yoast-schema-graph\">{\"@context\":\"https:\\\/\\\/schema.org\",\"@graph\":[{\"@type\":\"Article\",\"@id\":\"https:\\\/\\\/www.aliadospuebla.com\\\/?p=72319#article\",\"isPartOf\":{\"@id\":\"https:\\\/\\\/www.aliadospuebla.com\\\/?p=72319\"},\"author\":{\"name\":\"Aliados17\",\"@id\":\"https:\\\/\\\/www.aliadospuebla.com\\\/#\\\/schema\\\/person\\\/5da7dd09320bd4f392b710017ed5f8ad\"},\"headline\":\"AYUNTAMIENTO DE PUEBLA PONE EN MARCHA LOS PARQU\u00cdMETROS EN EL CENTRO HIST\u00d3RICO\",\"datePublished\":\"2022-06-01T02:51:01+00:00\",\"mainEntityOfPage\":{\"@id\":\"https:\\\/\\\/www.aliadospuebla.com\\\/?p=72319\"},\"wordCount\":574,\"commentCount\":0,\"image\":{\"@id\":\"https:\\\/\\\/www.aliadospuebla.com\\\/?p=72319#primaryimage\"},\"thumbnailUrl\":\"https:\\\/\\\/www.aliadospuebla.com\\\/web2017\\\/wp-content\\\/uploads\\\/2022\\\/05\\\/214-parquimketro.jpg\",\"keywords\":[\"CENTRO HIST\u00d3RICO\",\"INFRAESTRUCTURA\",\"Movilidad\",\"PARQU\u00cdMETROS\"],\"articleSection\":[\"Capital\"],\"inLanguage\":\"es\",\"potentialAction\":[{\"@type\":\"CommentAction\",\"name\":\"Comment\",\"target\":[\"https:\\\/\\\/www.aliadospuebla.com\\\/?p=72319#respond\"]}]},{\"@type\":\"WebPage\",\"@id\":\"https:\\\/\\\/www.aliadospuebla.com\\\/?p=72319\",\"url\":\"https:\\\/\\\/www.aliadospuebla.com\\\/?p=72319\",\"name\":\"AYUNTAMIENTO DE PUEBLA PONE EN MARCHA LOS PARQU\u00cdMETROS EN EL CENTRO HIST\u00d3RICO - AliadosPuebla\",\"isPartOf\":{\"@id\":\"https:\\\/\\\/www.aliadospuebla.com\\\/#website\"},\"primaryImageOfPage\":{\"@id\":\"https:\\\/\\\/www.aliadospuebla.com\\\/?p=72319#primaryimage\"},\"image\":{\"@id\":\"https:\\\/\\\/www.aliadospuebla.com\\\/?p=72319#primaryimage\"},\"thumbnailUrl\":\"https:\\\/\\\/www.aliadospuebla.com\\\/web2017\\\/wp-content\\\/uploads\\\/2022\\\/05\\\/214-parquimketro.jpg\",\"datePublished\":\"2022-06-01T02:51:01+00:00\",\"author\":{\"@id\":\"https:\\\/\\\/www.aliadospuebla.com\\\/#\\\/schema\\\/person\\\/5da7dd09320bd4f392b710017ed5f8ad\"},\"breadcrumb\":{\"@id\":\"https:\\\/\\\/www.aliadospuebla.com\\\/?p=72319#breadcrumb\"},\"inLanguage\":\"es\",\"potentialAction\":[{\"@type\":\"ReadAction\",\"target\":[\"https:\\\/\\\/www.aliadospuebla.com\\\/?p=72319\"]}]},{\"@type\":\"ImageObject\",\"inLanguage\":\"es\",\"@id\":\"https:\\\/\\\/www.aliadospuebla.com\\\/?p=72319#primaryimage\",\"url\":\"https:\\\/\\\/www.aliadospuebla.com\\\/web2017\\\/wp-content\\\/uploads\\\/2022\\\/05\\\/214-parquimketro.jpg\",\"contentUrl\":\"https:\\\/\\\/www.aliadospuebla.com\\\/web2017\\\/wp-content\\\/uploads\\\/2022\\\/05\\\/214-parquimketro.jpg\",\"width\":600,\"height\":450},{\"@type\":\"BreadcrumbList\",\"@id\":\"https:\\\/\\\/www.aliadospuebla.com\\\/?p=72319#breadcrumb\",\"itemListElement\":[{\"@type\":\"ListItem\",\"position\":1,\"name\":\"Portada\",\"item\":\"https:\\\/\\\/www.aliadospuebla.com\\\/\"},{\"@type\":\"ListItem\",\"position\":2,\"name\":\"AYUNTAMIENTO DE PUEBLA PONE EN MARCHA LOS PARQU\u00cdMETROS EN EL CENTRO HIST\u00d3RICO\"}]},{\"@type\":\"WebSite\",\"@id\":\"https:\\\/\\\/www.aliadospuebla.com\\\/#website\",\"url\":\"https:\\\/\\\/www.aliadospuebla.com\\\/\",\"name\":\"AliadosPuebla\",\"description\":\"La informaci\u00f3n en tus manos\",\"potentialAction\":[{\"@type\":\"SearchAction\",\"target\":{\"@type\":\"EntryPoint\",\"urlTemplate\":\"https:\\\/\\\/www.aliadospuebla.com\\\/?s={search_term_string}\"},\"query-input\":{\"@type\":\"PropertyValueSpecification\",\"valueRequired\":true,\"valueName\":\"search_term_string\"}}],\"inLanguage\":\"es\"},{\"@type\":\"Person\",\"@id\":\"https:\\\/\\\/www.aliadospuebla.com\\\/#\\\/schema\\\/person\\\/5da7dd09320bd4f392b710017ed5f8ad\",\"name\":\"Aliados17\",\"image\":{\"@type\":\"ImageObject\",\"inLanguage\":\"es\",\"@id\":\"https:\\\/\\\/www.aliadospuebla.com\\\/web2017\\\/wp-content\\\/uploads\\\/2025\\\/03\\\/cropped-para-perfil-8-anos-1-96x96.jpg\",\"url\":\"https:\\\/\\\/www.aliadospuebla.com\\\/web2017\\\/wp-content\\\/uploads\\\/2025\\\/03\\\/cropped-para-perfil-8-anos-1-96x96.jpg\",\"contentUrl\":\"https:\\\/\\\/www.aliadospuebla.com\\\/web2017\\\/wp-content\\\/uploads\\\/2025\\\/03\\\/cropped-para-perfil-8-anos-1-96x96.jpg\",\"caption\":\"Aliados17\"},\"sameAs\":[\"https:\\\/\\\/www.aliados17.com\",\"https:\\\/\\\/www.facebook.com\\\/Aliados17Pue\",\"https:\\\/\\\/x.com\\\/AliadosPuebla\"],\"url\":\"https:\\\/\\\/www.aliadospuebla.com\\\/?author=2\"}]}<\/script>\n<!-- \/ Yoast SEO plugin. -->","yoast_head_json":{"title":"AYUNTAMIENTO DE PUEBLA PONE EN MARCHA LOS PARQU\u00cdMETROS EN EL CENTRO HIST\u00d3RICO - AliadosPuebla","robots":{"index":"index","follow":"follow","max-snippet":"max-snippet:-1","max-image-preview":"max-image-preview:large","max-video-preview":"max-video-preview:-1"},"canonical":"https:\/\/www.aliadospuebla.com\/?p=72319","og_locale":"es_ES","og_type":"article","og_title":"AYUNTAMIENTO DE PUEBLA PONE EN MARCHA LOS PARQU\u00cdMETROS EN EL CENTRO HIST\u00d3RICO - AliadosPuebla","og_description":"Del 3 al 30 de junio ser\u00e1 el periodo de adaptaci\u00f3n para la ciudadan\u00eda, donde no habr\u00e1 multas en caso de cometer alguna infracci\u00f3n, s\u00f3lo una notificaci\u00f3n. Para favorecer la movilidad, la reactivaci\u00f3n econ\u00f3mica, el turismo y el orden en el Centro Hist\u00f3rico de Puebla capital, en conferencia de prensa funcionarios municipales informaron los pormenores del funcionamiento de los parqu\u00edmetros, ya que a partir del viernes 3 de junio tres mil 600 cajones estar\u00e1n a disposici\u00f3n de visitantes, clientes y repartidores. En su intervenci\u00f3n, Ad\u00e1n Dom\u00ednguez S\u00e1nchez, Gerente Municipal, se\u00f1al\u00f3 que junio ser\u00e1 el periodo de adaptaci\u00f3n para los usuarios de los parqu\u00edmetros, pagar\u00e1n el costo de cada hora, pero en caso de incurrir en alguna falta \u00e9sta no ameritar\u00e1 multa, s\u00f3lo se colocar\u00e1n volantes&hellip;Leer m\u00e1s...","og_url":"https:\/\/www.aliadospuebla.com\/?p=72319","og_site_name":"AliadosPuebla","article_author":"https:\/\/www.facebook.com\/Aliados17Pue","article_published_time":"2022-06-01T02:51:01+00:00","og_image":[{"width":600,"height":450,"url":"https:\/\/www.aliadospuebla.com\/web2017\/wp-content\/uploads\/2022\/05\/214-parquimketro.jpg","type":"image\/jpeg"}],"author":"Aliados17","twitter_card":"summary_large_image","twitter_creator":"@AliadosPuebla","twitter_misc":{"Escrito por":"Aliados17","Tiempo de lectura":"3 minutos"},"schema":{"@context":"https:\/\/schema.org","@graph":[{"@type":"Article","@id":"https:\/\/www.aliadospuebla.com\/?p=72319#article","isPartOf":{"@id":"https:\/\/www.aliadospuebla.com\/?p=72319"},"author":{"name":"Aliados17","@id":"https:\/\/www.aliadospuebla.com\/#\/schema\/person\/5da7dd09320bd4f392b710017ed5f8ad"},"headline":"AYUNTAMIENTO DE PUEBLA PONE EN MARCHA LOS PARQU\u00cdMETROS EN EL CENTRO HIST\u00d3RICO","datePublished":"2022-06-01T02:51:01+00:00","mainEntityOfPage":{"@id":"https:\/\/www.aliadospuebla.com\/?p=72319"},"wordCount":574,"commentCount":0,"image":{"@id":"https:\/\/www.aliadospuebla.com\/?p=72319#primaryimage"},"thumbnailUrl":"https:\/\/www.aliadospuebla.com\/web2017\/wp-content\/uploads\/2022\/05\/214-parquimketro.jpg","keywords":["CENTRO HIST\u00d3RICO","INFRAESTRUCTURA","Movilidad","PARQU\u00cdMETROS"],"articleSection":["Capital"],"inLanguage":"es","potentialAction":[{"@type":"CommentAction","name":"Comment","target":["https:\/\/www.aliadospuebla.com\/?p=72319#respond"]}]},{"@type":"WebPage","@id":"https:\/\/www.aliadospuebla.com\/?p=72319","url":"https:\/\/www.aliadospuebla.com\/?p=72319","name":"AYUNTAMIENTO DE PUEBLA PONE EN MARCHA LOS PARQU\u00cdMETROS EN EL CENTRO HIST\u00d3RICO - AliadosPuebla","isPartOf":{"@id":"https:\/\/www.aliadospuebla.com\/#website"},"primaryImageOfPage":{"@id":"https:\/\/www.aliadospuebla.com\/?p=72319#primaryimage"},"image":{"@id":"https:\/\/www.aliadospuebla.com\/?p=72319#primaryimage"},"thumbnailUrl":"https:\/\/www.aliadospuebla.com\/web2017\/wp-content\/uploads\/2022\/05\/214-parquimketro.jpg","datePublished":"2022-06-01T02:51:01+00:00","author":{"@id":"https:\/\/www.aliadospuebla.com\/#\/schema\/person\/5da7dd09320bd4f392b710017ed5f8ad"},"breadcrumb":{"@id":"https:\/\/www.aliadospuebla.com\/?p=72319#breadcrumb"},"inLanguage":"es","potentialAction":[{"@type":"ReadAction","target":["https:\/\/www.aliadospuebla.com\/?p=72319"]}]},{"@type":"ImageObject","inLanguage":"es","@id":"https:\/\/www.aliadospuebla.com\/?p=72319#primaryimage","url":"https:\/\/www.aliadospuebla.com\/web2017\/wp-content\/uploads\/2022\/05\/214-parquimketro.jpg","contentUrl":"https:\/\/www.aliadospuebla.com\/web2017\/wp-content\/uploads\/2022\/05\/214-parquimketro.jpg","width":600,"height":450},{"@type":"BreadcrumbList","@id":"https:\/\/www.aliadospuebla.com\/?p=72319#breadcrumb","itemListElement":[{"@type":"ListItem","position":1,"name":"Portada","item":"https:\/\/www.aliadospuebla.com\/"},{"@type":"ListItem","position":2,"name":"AYUNTAMIENTO DE PUEBLA PONE EN MARCHA LOS PARQU\u00cdMETROS EN EL CENTRO HIST\u00d3RICO"}]},{"@type":"WebSite","@id":"https:\/\/www.aliadospuebla.com\/#website","url":"https:\/\/www.aliadospuebla.com\/","name":"AliadosPuebla","description":"La informaci\u00f3n en tus manos","potentialAction":[{"@type":"SearchAction","target":{"@type":"EntryPoint","urlTemplate":"https:\/\/www.aliadospuebla.com\/?s={search_term_string}"},"query-input":{"@type":"PropertyValueSpecification","valueRequired":true,"valueName":"search_term_string"}}],"inLanguage":"es"},{"@type":"Person","@id":"https:\/\/www.aliadospuebla.com\/#\/schema\/person\/5da7dd09320bd4f392b710017ed5f8ad","name":"Aliados17","image":{"@type":"ImageObject","inLanguage":"es","@id":"https:\/\/www.aliadospuebla.com\/web2017\/wp-content\/uploads\/2025\/03\/cropped-para-perfil-8-anos-1-96x96.jpg","url":"https:\/\/www.aliadospuebla.com\/web2017\/wp-content\/uploads\/2025\/03\/cropped-para-perfil-8-anos-1-96x96.jpg","contentUrl":"https:\/\/www.aliadospuebla.com\/web2017\/wp-content\/uploads\/2025\/03\/cropped-para-perfil-8-anos-1-96x96.jpg","caption":"Aliados17"},"sameAs":["https:\/\/www.aliados17.com","https:\/\/www.facebook.com\/Aliados17Pue","https:\/\/x.com\/AliadosPuebla"],"url":"https:\/\/www.aliadospuebla.com\/?author=2"}]}},"views":7,"_links":{"self":[{"href":"https:\/\/www.aliadospuebla.com\/index.php?rest_route=\/wp\/v2\/posts\/72319","targetHints":{"allow":["GET"]}}],"collection":[{"href":"https:\/\/www.aliadospuebla.com\/index.php?rest_route=\/wp\/v2\/posts"}],"about":[{"href":"https:\/\/www.aliadospuebla.com\/index.php?rest_route=\/wp\/v2\/types\/post"}],"author":[{"embeddable":true,"href":"https:\/\/www.aliadospuebla.com\/index.php?rest_route=\/wp\/v2\/users\/2"}],"replies":[{"embeddable":true,"href":"https:\/\/www.aliadospuebla.com\/index.php?rest_route=%2Fwp%2Fv2%2Fcomments&post=72319"}],"version-history":[{"count":1,"href":"https:\/\/www.aliadospuebla.com\/index.php?rest_route=\/wp\/v2\/posts\/72319\/revisions"}],"predecessor-version":[{"id":72321,"href":"https:\/\/www.aliadospuebla.com\/index.php?rest_route=\/wp\/v2\/posts\/72319\/revisions\/72321"}],"wp:featuredmedia":[{"embeddable":true,"href":"https:\/\/www.aliadospuebla.com\/index.php?rest_route=\/wp\/v2\/media\/72320"}],"wp:attachment":[{"href":"https:\/\/www.aliadospuebla.com\/index.php?rest_route=%2Fwp%2Fv2%2Fmedia&parent=72319"}],"wp:term":[{"taxonomy":"category","embeddable":true,"href":"https:\/\/www.aliadospuebla.com\/index.php?rest_route=%2Fwp%2Fv2%2Fcategories&post=72319"},{"taxonomy":"post_tag","embeddable":true,"href":"https:\/\/www.aliadospuebla.com\/index.php?rest_route=%2Fwp%2Fv2%2Ftags&post=72319"}],"curies":[{"name":"wp","href":"https:\/\/api.w.org\/{rel}","templated":true}]}}