{"id":72301,"date":"2022-05-31T20:41:06","date_gmt":"2022-06-01T01:41:06","guid":{"rendered":"https:\/\/www.aliados17.com\/?p=72301"},"modified":"2022-05-31T20:41:06","modified_gmt":"2022-06-01T01:41:06","slug":"armenta-propone-fortalecer-las-capacidades-de-los-policias-en-los-municipios-del-pais","status":"publish","type":"post","link":"https:\/\/www.aliadospuebla.com\/?p=72301","title":{"rendered":"ARMENTA PROPONE FORTALECER LAS CAPACIDADES DE LOS POLIC\u00cdAS EN LOS MUNICIPIOS DEL PA\u00cdS"},"content":{"rendered":"<h4>En estos casi 4 a\u00f1os de gobierno de L\u00f3pez Obrador, se han registrado avances importantes en el combate a la inseguridad en el pa\u00eds asegur\u00f3 el senador poblano de Morena.<\/h4>\n<p>Ciudad de M\u00e9xico. Al presentar la<strong> iniciativa para el fortalecimiento de las polic\u00edas municipales<\/strong><\/p>\n<p>con la <strong>Guardia Nacional,<\/strong> el senador de <strong>Morena Alejandro Armenta<\/strong> puntualiz\u00f3 que<br \/>\nla<strong> seguridad<\/strong> es el reto que se tiene para darle certeza a las familias mexicanas<\/p>\n<p>y resguardar su integridad en los estados de la rep\u00fablica.<\/p>\n<p>El tambi\u00e9n <strong>presidente de la Comisi\u00f3n de Hacienda y Cr\u00e9dito P\u00fablico<\/strong><\/p>\n<p>precis\u00f3 que la iniciativa que presentada \u201cbusca modificar el Art. 5\u00ba, 9\u00ba, 89\u00ba y 92\u00ba<\/p>\n<p>de la <strong>Ley de la Guardia Nacional<\/strong>, adem\u00e1s del 7\u00ba y 42\u00ba de la Ley General<\/p>\n<p>del <strong>Sistema Nacional de Seguridad P\u00fablica<\/strong>, para fortalecer no s\u00f3lo en materia de coordinaci\u00f3n,<\/p>\n<p>sino lograr que en los consejos y en las mesas de seguridad participen los municipios, el Estado y la Federaci\u00f3n\u201d.<\/p>\n<p>El <strong>senador de Puebla<\/strong> reiter\u00f3 que, de esa manera se fortalecer\u00edan los esquemas de <strong>seguridad<\/strong>,<\/p>\n<p>contemplando una mayor cantidad de recursos en los municipios, a trav\u00e9s de la descentralizaci\u00f3n de los mismos,<\/p>\n<h4>\u201ccapacitando a los polic\u00edas en los 2 mil 469 municipios del pa\u00eds, tomando en cuenta que tenemos mil 200 municipios donde la dispersi\u00f3n poblacional es uno de los retos a vencer\u201d.<\/h4>\n<p><strong>Alejandro Armenta<\/strong> hizo hincapi\u00e9 en la capacitaci\u00f3n con coordinaci\u00f3n, con transferencia tecnol\u00f3gica<\/p>\n<p>y con acceso a la investigaci\u00f3n de inteligencia estrat\u00e9gica y t\u00e1ctica que tiene la <strong>Guardia Nacional<\/strong><\/p>\n<p>para que los Estados lo extienda a los municipios, \u201ctomando en cuenta la seguridad en una escuela,<\/p>\n<p>en un municipio, en una comunidad y\/o rancher\u00eda; es invertir el paradigma de la seguridad<\/p>\n<p>para hacerla desde la base de la organizaci\u00f3n territorial\u201d.<\/p>\n<p>Dijo que, en estos casi 4 a\u00f1os de gobierno, se han registrado avances importantes<\/p>\n<p>en el combate a la inseguridad en el pa\u00eds, tales como:<br \/>\n\u2022 El robo de hidrocarburos que disminuy\u00f3 un 94%, de 72 mil barriles al d\u00eda en 2018 a 4 mil en 2022;<\/p>\n<p>significa un ahorro diario de 165 millones 300 mil pesos.<br \/>\n\u2022 El bloqueo de 36 mil 854 cuentas con un valor de 13 mil 456 millones de pesos en operaciones il\u00edcitas.<br \/>\n\u2022 Los feminicidios tambi\u00e9n se redujeron un 32% en comparaci\u00f3n con el m\u00e1ximo hist\u00f3rico de agosto del 2021; 5 meses seguidos a la baja.<br \/>\n\u2022 Baj\u00f3 un 41% los delitos de fuero federal en comparaci\u00f3n al 2018; en 2018 9 mil 62 delitos y, en 2022 se registraron 5 mil 313.<\/p>\n","protected":false},"excerpt":{"rendered":"<p>En estos casi 4 a\u00f1os de gobierno de L\u00f3pez Obrador, se han registrado avances importantes en el combate a la inseguridad en el pa\u00eds asegur\u00f3 el senador poblano de Morena. Ciudad de M\u00e9xico. Al presentar la iniciativa para el fortalecimiento de las polic\u00edas municipales con la Guardia Nacional, el senador de Morena Alejandro Armenta puntualiz\u00f3 que la seguridad es el reto que se tiene para darle certeza a las familias mexicanas y resguardar su integridad en los estados de la rep\u00fablica. El tambi\u00e9n presidente de la Comisi\u00f3n de Hacienda y Cr\u00e9dito P\u00fablico precis\u00f3 que la iniciativa que presentada \u201cbusca modificar el Art. 5\u00ba, 9\u00ba, 89\u00ba y 92\u00ba de la Ley de la Guardia Nacional, adem\u00e1s del 7\u00ba y 42\u00ba de la Ley General del Sistema&hellip;<\/p>\n<p class=\"excerpt-more\"><a class=\"blog-excerpt button\" href=\"https:\/\/www.aliadospuebla.com\/?p=72301\">Leer m\u00e1s&#8230;<\/a><\/p>\n","protected":false},"author":2,"featured_media":72307,"comment_status":"open","ping_status":"open","sticky":false,"template":"","format":"standard","meta":{"_monsterinsights_skip_tracking":false,"footnotes":""},"categories":[6],"tags":[4780,19383,7890,259,666,775,3310],"class_list":["post-72301","post","type-post","status-publish","format-standard","has-post-thumbnail","hentry","category-politica","tag-alejandro-armenta","tag-fortalecer-capacidades","tag-guardia-nacional","tag-iniciativa","tag-morena","tag-policias","tag-sistema-nacional-de-seguridad-publica"],"yoast_head":"<!-- This site is optimized with the Yoast SEO plugin v28.4 - https:\/\/yoast.com\/product\/yoast-seo-wordpress\/ -->\n<title>ARMENTA PROPONE FORTALECER LAS CAPACIDADES DE LOS POLIC\u00cdAS EN LOS MUNICIPIOS DEL PA\u00cdS - AliadosPuebla<\/title>\n<meta name=\"robots\" content=\"index, follow, max-snippet:-1, max-image-preview:large, max-video-preview:-1\" \/>\n<link rel=\"canonical\" href=\"https:\/\/www.aliadospuebla.com\/?p=72301\" \/>\n<meta property=\"og:locale\" content=\"es_ES\" \/>\n<meta property=\"og:type\" content=\"article\" \/>\n<meta property=\"og:title\" content=\"ARMENTA PROPONE FORTALECER LAS CAPACIDADES DE LOS POLIC\u00cdAS EN LOS MUNICIPIOS DEL PA\u00cdS - AliadosPuebla\" \/>\n<meta property=\"og:description\" content=\"En estos casi 4 a\u00f1os de gobierno de L\u00f3pez Obrador, se han registrado avances importantes en el combate a la inseguridad en el pa\u00eds asegur\u00f3 el senador poblano de Morena. Ciudad de M\u00e9xico. Al presentar la iniciativa para el fortalecimiento de las polic\u00edas municipales con la Guardia Nacional, el senador de Morena Alejandro Armenta puntualiz\u00f3 que la seguridad es el reto que se tiene para darle certeza a las familias mexicanas y resguardar su integridad en los estados de la rep\u00fablica. El tambi\u00e9n presidente de la Comisi\u00f3n de Hacienda y Cr\u00e9dito P\u00fablico precis\u00f3 que la iniciativa que presentada \u201cbusca modificar el Art. 5\u00ba, 9\u00ba, 89\u00ba y 92\u00ba de la Ley de la Guardia Nacional, adem\u00e1s del 7\u00ba y 42\u00ba de la Ley General del Sistema&hellip;Leer m\u00e1s...\" \/>\n<meta property=\"og:url\" content=\"https:\/\/www.aliadospuebla.com\/?p=72301\" \/>\n<meta property=\"og:site_name\" content=\"AliadosPuebla\" \/>\n<meta property=\"article:author\" content=\"https:\/\/www.facebook.com\/Aliados17Pue\" \/>\n<meta property=\"article:published_time\" content=\"2022-06-01T01:41:06+00:00\" \/>\n<meta property=\"og:image\" content=\"https:\/\/www.aliadospuebla.com\/web2017\/wp-content\/uploads\/2022\/05\/211-Alejandro-Armenta.jpg\" \/>\n\t<meta property=\"og:image:width\" content=\"600\" \/>\n\t<meta property=\"og:image:height\" content=\"450\" \/>\n\t<meta property=\"og:image:type\" content=\"image\/jpeg\" \/>\n<meta name=\"author\" content=\"Aliados17\" \/>\n<meta name=\"twitter:card\" content=\"summary_large_image\" \/>\n<meta name=\"twitter:creator\" content=\"@AliadosPuebla\" \/>\n<meta name=\"twitter:label1\" content=\"Escrito por\" \/>\n\t<meta name=\"twitter:data1\" content=\"Aliados17\" \/>\n\t<meta name=\"twitter:label2\" content=\"Tiempo de lectura\" \/>\n\t<meta name=\"twitter:data2\" content=\"2 minutos\" \/>\n<script type=\"application\/ld+json\" class=\"yoast-schema-graph\">{\"@context\":\"https:\\\/\\\/schema.org\",\"@graph\":[{\"@type\":\"Article\",\"@id\":\"https:\\\/\\\/www.aliadospuebla.com\\\/?p=72301#article\",\"isPartOf\":{\"@id\":\"https:\\\/\\\/www.aliadospuebla.com\\\/?p=72301\"},\"author\":{\"name\":\"Aliados17\",\"@id\":\"https:\\\/\\\/www.aliadospuebla.com\\\/#\\\/schema\\\/person\\\/5da7dd09320bd4f392b710017ed5f8ad\"},\"headline\":\"ARMENTA PROPONE FORTALECER LAS CAPACIDADES DE LOS POLIC\u00cdAS EN LOS MUNICIPIOS DEL PA\u00cdS\",\"datePublished\":\"2022-06-01T01:41:06+00:00\",\"mainEntityOfPage\":{\"@id\":\"https:\\\/\\\/www.aliadospuebla.com\\\/?p=72301\"},\"wordCount\":435,\"commentCount\":0,\"image\":{\"@id\":\"https:\\\/\\\/www.aliadospuebla.com\\\/?p=72301#primaryimage\"},\"thumbnailUrl\":\"https:\\\/\\\/www.aliadospuebla.com\\\/web2017\\\/wp-content\\\/uploads\\\/2022\\\/05\\\/211-Alejandro-Armenta.jpg\",\"keywords\":[\"ALEJANDRO ARMENTA\",\"fortalecer capacidades\",\"GUARDIA NACIONAL\",\"iniciativa\",\"MORENA\",\"POLICIAS\",\"SISTEMA NACIONAL DE SEGURIDAD P\u00daBLICA\"],\"articleSection\":[\"Pol\u00edtica\"],\"inLanguage\":\"es\",\"potentialAction\":[{\"@type\":\"CommentAction\",\"name\":\"Comment\",\"target\":[\"https:\\\/\\\/www.aliadospuebla.com\\\/?p=72301#respond\"]}]},{\"@type\":\"WebPage\",\"@id\":\"https:\\\/\\\/www.aliadospuebla.com\\\/?p=72301\",\"url\":\"https:\\\/\\\/www.aliadospuebla.com\\\/?p=72301\",\"name\":\"ARMENTA PROPONE FORTALECER LAS CAPACIDADES DE LOS POLIC\u00cdAS EN LOS MUNICIPIOS DEL PA\u00cdS - AliadosPuebla\",\"isPartOf\":{\"@id\":\"https:\\\/\\\/www.aliadospuebla.com\\\/#website\"},\"primaryImageOfPage\":{\"@id\":\"https:\\\/\\\/www.aliadospuebla.com\\\/?p=72301#primaryimage\"},\"image\":{\"@id\":\"https:\\\/\\\/www.aliadospuebla.com\\\/?p=72301#primaryimage\"},\"thumbnailUrl\":\"https:\\\/\\\/www.aliadospuebla.com\\\/web2017\\\/wp-content\\\/uploads\\\/2022\\\/05\\\/211-Alejandro-Armenta.jpg\",\"datePublished\":\"2022-06-01T01:41:06+00:00\",\"author\":{\"@id\":\"https:\\\/\\\/www.aliadospuebla.com\\\/#\\\/schema\\\/person\\\/5da7dd09320bd4f392b710017ed5f8ad\"},\"breadcrumb\":{\"@id\":\"https:\\\/\\\/www.aliadospuebla.com\\\/?p=72301#breadcrumb\"},\"inLanguage\":\"es\",\"potentialAction\":[{\"@type\":\"ReadAction\",\"target\":[\"https:\\\/\\\/www.aliadospuebla.com\\\/?p=72301\"]}]},{\"@type\":\"ImageObject\",\"inLanguage\":\"es\",\"@id\":\"https:\\\/\\\/www.aliadospuebla.com\\\/?p=72301#primaryimage\",\"url\":\"https:\\\/\\\/www.aliadospuebla.com\\\/web2017\\\/wp-content\\\/uploads\\\/2022\\\/05\\\/211-Alejandro-Armenta.jpg\",\"contentUrl\":\"https:\\\/\\\/www.aliadospuebla.com\\\/web2017\\\/wp-content\\\/uploads\\\/2022\\\/05\\\/211-Alejandro-Armenta.jpg\",\"width\":600,\"height\":450},{\"@type\":\"BreadcrumbList\",\"@id\":\"https:\\\/\\\/www.aliadospuebla.com\\\/?p=72301#breadcrumb\",\"itemListElement\":[{\"@type\":\"ListItem\",\"position\":1,\"name\":\"Portada\",\"item\":\"https:\\\/\\\/www.aliadospuebla.com\\\/\"},{\"@type\":\"ListItem\",\"position\":2,\"name\":\"ARMENTA PROPONE FORTALECER LAS CAPACIDADES DE LOS POLIC\u00cdAS EN LOS MUNICIPIOS DEL PA\u00cdS\"}]},{\"@type\":\"WebSite\",\"@id\":\"https:\\\/\\\/www.aliadospuebla.com\\\/#website\",\"url\":\"https:\\\/\\\/www.aliadospuebla.com\\\/\",\"name\":\"AliadosPuebla\",\"description\":\"La informaci\u00f3n en tus manos\",\"potentialAction\":[{\"@type\":\"SearchAction\",\"target\":{\"@type\":\"EntryPoint\",\"urlTemplate\":\"https:\\\/\\\/www.aliadospuebla.com\\\/?s={search_term_string}\"},\"query-input\":{\"@type\":\"PropertyValueSpecification\",\"valueRequired\":true,\"valueName\":\"search_term_string\"}}],\"inLanguage\":\"es\"},{\"@type\":\"Person\",\"@id\":\"https:\\\/\\\/www.aliadospuebla.com\\\/#\\\/schema\\\/person\\\/5da7dd09320bd4f392b710017ed5f8ad\",\"name\":\"Aliados17\",\"image\":{\"@type\":\"ImageObject\",\"inLanguage\":\"es\",\"@id\":\"https:\\\/\\\/www.aliadospuebla.com\\\/web2017\\\/wp-content\\\/uploads\\\/2025\\\/03\\\/cropped-para-perfil-8-anos-1-96x96.jpg\",\"url\":\"https:\\\/\\\/www.aliadospuebla.com\\\/web2017\\\/wp-content\\\/uploads\\\/2025\\\/03\\\/cropped-para-perfil-8-anos-1-96x96.jpg\",\"contentUrl\":\"https:\\\/\\\/www.aliadospuebla.com\\\/web2017\\\/wp-content\\\/uploads\\\/2025\\\/03\\\/cropped-para-perfil-8-anos-1-96x96.jpg\",\"caption\":\"Aliados17\"},\"sameAs\":[\"https:\\\/\\\/www.aliados17.com\",\"https:\\\/\\\/www.facebook.com\\\/Aliados17Pue\",\"https:\\\/\\\/x.com\\\/AliadosPuebla\"],\"url\":\"https:\\\/\\\/www.aliadospuebla.com\\\/?author=2\"}]}<\/script>\n<!-- \/ Yoast SEO plugin. -->","yoast_head_json":{"title":"ARMENTA PROPONE FORTALECER LAS CAPACIDADES DE LOS POLIC\u00cdAS EN LOS MUNICIPIOS DEL PA\u00cdS - AliadosPuebla","robots":{"index":"index","follow":"follow","max-snippet":"max-snippet:-1","max-image-preview":"max-image-preview:large","max-video-preview":"max-video-preview:-1"},"canonical":"https:\/\/www.aliadospuebla.com\/?p=72301","og_locale":"es_ES","og_type":"article","og_title":"ARMENTA PROPONE FORTALECER LAS CAPACIDADES DE LOS POLIC\u00cdAS EN LOS MUNICIPIOS DEL PA\u00cdS - AliadosPuebla","og_description":"En estos casi 4 a\u00f1os de gobierno de L\u00f3pez Obrador, se han registrado avances importantes en el combate a la inseguridad en el pa\u00eds asegur\u00f3 el senador poblano de Morena. Ciudad de M\u00e9xico. Al presentar la iniciativa para el fortalecimiento de las polic\u00edas municipales con la Guardia Nacional, el senador de Morena Alejandro Armenta puntualiz\u00f3 que la seguridad es el reto que se tiene para darle certeza a las familias mexicanas y resguardar su integridad en los estados de la rep\u00fablica. El tambi\u00e9n presidente de la Comisi\u00f3n de Hacienda y Cr\u00e9dito P\u00fablico precis\u00f3 que la iniciativa que presentada \u201cbusca modificar el Art. 5\u00ba, 9\u00ba, 89\u00ba y 92\u00ba de la Ley de la Guardia Nacional, adem\u00e1s del 7\u00ba y 42\u00ba de la Ley General del Sistema&hellip;Leer m\u00e1s...","og_url":"https:\/\/www.aliadospuebla.com\/?p=72301","og_site_name":"AliadosPuebla","article_author":"https:\/\/www.facebook.com\/Aliados17Pue","article_published_time":"2022-06-01T01:41:06+00:00","og_image":[{"width":600,"height":450,"url":"https:\/\/www.aliadospuebla.com\/web2017\/wp-content\/uploads\/2022\/05\/211-Alejandro-Armenta.jpg","type":"image\/jpeg"}],"author":"Aliados17","twitter_card":"summary_large_image","twitter_creator":"@AliadosPuebla","twitter_misc":{"Escrito por":"Aliados17","Tiempo de lectura":"2 minutos"},"schema":{"@context":"https:\/\/schema.org","@graph":[{"@type":"Article","@id":"https:\/\/www.aliadospuebla.com\/?p=72301#article","isPartOf":{"@id":"https:\/\/www.aliadospuebla.com\/?p=72301"},"author":{"name":"Aliados17","@id":"https:\/\/www.aliadospuebla.com\/#\/schema\/person\/5da7dd09320bd4f392b710017ed5f8ad"},"headline":"ARMENTA PROPONE FORTALECER LAS CAPACIDADES DE LOS POLIC\u00cdAS EN LOS MUNICIPIOS DEL PA\u00cdS","datePublished":"2022-06-01T01:41:06+00:00","mainEntityOfPage":{"@id":"https:\/\/www.aliadospuebla.com\/?p=72301"},"wordCount":435,"commentCount":0,"image":{"@id":"https:\/\/www.aliadospuebla.com\/?p=72301#primaryimage"},"thumbnailUrl":"https:\/\/www.aliadospuebla.com\/web2017\/wp-content\/uploads\/2022\/05\/211-Alejandro-Armenta.jpg","keywords":["ALEJANDRO ARMENTA","fortalecer capacidades","GUARDIA NACIONAL","iniciativa","MORENA","POLICIAS","SISTEMA NACIONAL DE SEGURIDAD P\u00daBLICA"],"articleSection":["Pol\u00edtica"],"inLanguage":"es","potentialAction":[{"@type":"CommentAction","name":"Comment","target":["https:\/\/www.aliadospuebla.com\/?p=72301#respond"]}]},{"@type":"WebPage","@id":"https:\/\/www.aliadospuebla.com\/?p=72301","url":"https:\/\/www.aliadospuebla.com\/?p=72301","name":"ARMENTA PROPONE FORTALECER LAS CAPACIDADES DE LOS POLIC\u00cdAS EN LOS MUNICIPIOS DEL PA\u00cdS - AliadosPuebla","isPartOf":{"@id":"https:\/\/www.aliadospuebla.com\/#website"},"primaryImageOfPage":{"@id":"https:\/\/www.aliadospuebla.com\/?p=72301#primaryimage"},"image":{"@id":"https:\/\/www.aliadospuebla.com\/?p=72301#primaryimage"},"thumbnailUrl":"https:\/\/www.aliadospuebla.com\/web2017\/wp-content\/uploads\/2022\/05\/211-Alejandro-Armenta.jpg","datePublished":"2022-06-01T01:41:06+00:00","author":{"@id":"https:\/\/www.aliadospuebla.com\/#\/schema\/person\/5da7dd09320bd4f392b710017ed5f8ad"},"breadcrumb":{"@id":"https:\/\/www.aliadospuebla.com\/?p=72301#breadcrumb"},"inLanguage":"es","potentialAction":[{"@type":"ReadAction","target":["https:\/\/www.aliadospuebla.com\/?p=72301"]}]},{"@type":"ImageObject","inLanguage":"es","@id":"https:\/\/www.aliadospuebla.com\/?p=72301#primaryimage","url":"https:\/\/www.aliadospuebla.com\/web2017\/wp-content\/uploads\/2022\/05\/211-Alejandro-Armenta.jpg","contentUrl":"https:\/\/www.aliadospuebla.com\/web2017\/wp-content\/uploads\/2022\/05\/211-Alejandro-Armenta.jpg","width":600,"height":450},{"@type":"BreadcrumbList","@id":"https:\/\/www.aliadospuebla.com\/?p=72301#breadcrumb","itemListElement":[{"@type":"ListItem","position":1,"name":"Portada","item":"https:\/\/www.aliadospuebla.com\/"},{"@type":"ListItem","position":2,"name":"ARMENTA PROPONE FORTALECER LAS CAPACIDADES DE LOS POLIC\u00cdAS EN LOS MUNICIPIOS DEL PA\u00cdS"}]},{"@type":"WebSite","@id":"https:\/\/www.aliadospuebla.com\/#website","url":"https:\/\/www.aliadospuebla.com\/","name":"AliadosPuebla","description":"La informaci\u00f3n en tus manos","potentialAction":[{"@type":"SearchAction","target":{"@type":"EntryPoint","urlTemplate":"https:\/\/www.aliadospuebla.com\/?s={search_term_string}"},"query-input":{"@type":"PropertyValueSpecification","valueRequired":true,"valueName":"search_term_string"}}],"inLanguage":"es"},{"@type":"Person","@id":"https:\/\/www.aliadospuebla.com\/#\/schema\/person\/5da7dd09320bd4f392b710017ed5f8ad","name":"Aliados17","image":{"@type":"ImageObject","inLanguage":"es","@id":"https:\/\/www.aliadospuebla.com\/web2017\/wp-content\/uploads\/2025\/03\/cropped-para-perfil-8-anos-1-96x96.jpg","url":"https:\/\/www.aliadospuebla.com\/web2017\/wp-content\/uploads\/2025\/03\/cropped-para-perfil-8-anos-1-96x96.jpg","contentUrl":"https:\/\/www.aliadospuebla.com\/web2017\/wp-content\/uploads\/2025\/03\/cropped-para-perfil-8-anos-1-96x96.jpg","caption":"Aliados17"},"sameAs":["https:\/\/www.aliados17.com","https:\/\/www.facebook.com\/Aliados17Pue","https:\/\/x.com\/AliadosPuebla"],"url":"https:\/\/www.aliadospuebla.com\/?author=2"}]}},"views":7,"_links":{"self":[{"href":"https:\/\/www.aliadospuebla.com\/index.php?rest_route=\/wp\/v2\/posts\/72301","targetHints":{"allow":["GET"]}}],"collection":[{"href":"https:\/\/www.aliadospuebla.com\/index.php?rest_route=\/wp\/v2\/posts"}],"about":[{"href":"https:\/\/www.aliadospuebla.com\/index.php?rest_route=\/wp\/v2\/types\/post"}],"author":[{"embeddable":true,"href":"https:\/\/www.aliadospuebla.com\/index.php?rest_route=\/wp\/v2\/users\/2"}],"replies":[{"embeddable":true,"href":"https:\/\/www.aliadospuebla.com\/index.php?rest_route=%2Fwp%2Fv2%2Fcomments&post=72301"}],"version-history":[{"count":1,"href":"https:\/\/www.aliadospuebla.com\/index.php?rest_route=\/wp\/v2\/posts\/72301\/revisions"}],"predecessor-version":[{"id":72308,"href":"https:\/\/www.aliadospuebla.com\/index.php?rest_route=\/wp\/v2\/posts\/72301\/revisions\/72308"}],"wp:featuredmedia":[{"embeddable":true,"href":"https:\/\/www.aliadospuebla.com\/index.php?rest_route=\/wp\/v2\/media\/72307"}],"wp:attachment":[{"href":"https:\/\/www.aliadospuebla.com\/index.php?rest_route=%2Fwp%2Fv2%2Fmedia&parent=72301"}],"wp:term":[{"taxonomy":"category","embeddable":true,"href":"https:\/\/www.aliadospuebla.com\/index.php?rest_route=%2Fwp%2Fv2%2Fcategories&post=72301"},{"taxonomy":"post_tag","embeddable":true,"href":"https:\/\/www.aliadospuebla.com\/index.php?rest_route=%2Fwp%2Fv2%2Ftags&post=72301"}],"curies":[{"name":"wp","href":"https:\/\/api.w.org\/{rel}","templated":true}]}}