{"id":71800,"date":"2022-05-17T18:30:30","date_gmt":"2022-05-17T23:30:30","guid":{"rendered":"https:\/\/www.aliados17.com\/?p=71800"},"modified":"2022-05-17T18:30:30","modified_gmt":"2022-05-17T23:30:30","slug":"rehabilita-ayuntamiento-de-tlaxcala-el-parque-tematico-de-tizatlan","status":"publish","type":"post","link":"https:\/\/www.aliadospuebla.com\/?p=71800","title":{"rendered":"Rehabilita Ayuntamiento de Tlaxcala el Parque Tem\u00e1tico de Tizatl\u00e1n"},"content":{"rendered":"<h4><em>Se trabaja arduamente en la recuperaci\u00f3n del espacio que permaneci\u00f3 cerrado al p\u00fablico a causa de la emergencia sanitaria<\/em><\/h4>\n<p>El <strong>Ayuntamiento de Tlaxcala<\/strong> efect\u00faa trabajos de rehabilitaci\u00f3n<\/p>\n<p>del <strong>Parque Tem\u00e1tico de Tizatl\u00e1n<\/strong>, luego de que el espacio<\/p>\n<p>permaneci\u00f3 cerrado al p\u00fablico por dos a\u00f1os, a causa de la emergencia sanitaria<\/p>\n<p>causada por la enfermedad COVID19.<\/p>\n<p>Tras un an\u00e1lisis minucioso para detectar desperfectos, se determinaron acciones prioritarias para el rescate del parque.<\/p>\n<p>De este modo se iniciaron jornadas de limpieza, deshierbe y pintura en las \u00e1reas verdes y jardines;<\/p>\n<p>rehabilitaci\u00f3n de redes hidr\u00e1ulicas y de drenaje en sanitarios; mantenimiento de la red de energ\u00eda el\u00e9ctrica<\/p>\n<p>e iluminaci\u00f3n, mantenimiento en oficinas, teatro al aire libre y sala de espera;<\/p>\n<p>as\u00ed como la sustituci\u00f3n de fibra \u00f3ptica y actualizaci\u00f3n de los equipos de c\u00f3mputo en las salas interactivas.<\/p>\n<p>Para los equipos de realidad virtual al interior del Avi\u00f3n Boeing 727,<\/p>\n<p>se realiz\u00f3 un diagnostico integran de su estado actual y se procedi\u00f3 a su actualizaci\u00f3n, limpieza,<\/p>\n<p>sincronizaci\u00f3n e instalaci\u00f3n de las aplicaciones tecnol\u00f3gicas necesarias<\/p>\n<p>para brindar una experiencia completa de simulaci\u00f3n de vuelo.<\/p>\n<p>El Ayuntamiento de Tlaxcala agradece la colaboraci\u00f3n en las labores de limpieza<\/p>\n<p>por parte de elementos de nuestras fuerzas armadas adscritos a la 23 zona militar.<\/p>\n<p>Ser\u00e1 en pr\u00f3xima fecha cuando se abra de nueva cuenta el <strong>Parque Tem\u00e1tico de Tizatl\u00e1n<\/strong><\/p>\n<p>y se promueva como uno de los principales atractivos tur\u00edsticos de la<strong> Ciudad de Tlaxcala<\/strong>,<\/p>\n<p>tanto para visitantes locales, nacionales y extranjeros.<\/p>\n","protected":false},"excerpt":{"rendered":"<p>Se trabaja arduamente en la recuperaci\u00f3n del espacio que permaneci\u00f3 cerrado al p\u00fablico a causa de la emergencia sanitaria El Ayuntamiento de Tlaxcala efect\u00faa trabajos de rehabilitaci\u00f3n del Parque Tem\u00e1tico de Tizatl\u00e1n, luego de que el espacio permaneci\u00f3 cerrado al p\u00fablico por dos a\u00f1os, a causa de la emergencia sanitaria causada por la enfermedad COVID19. Tras un an\u00e1lisis minucioso para detectar desperfectos, se determinaron acciones prioritarias para el rescate del parque. De este modo se iniciaron jornadas de limpieza, deshierbe y pintura en las \u00e1reas verdes y jardines; rehabilitaci\u00f3n de redes hidr\u00e1ulicas y de drenaje en sanitarios; mantenimiento de la red de energ\u00eda el\u00e9ctrica e iluminaci\u00f3n, mantenimiento en oficinas, teatro al aire libre y sala de espera; as\u00ed como la sustituci\u00f3n de fibra \u00f3ptica y&hellip;<\/p>\n<p class=\"excerpt-more\"><a class=\"blog-excerpt button\" href=\"https:\/\/www.aliadospuebla.com\/?p=71800\">Leer m\u00e1s&#8230;<\/a><\/p>\n","protected":false},"author":2,"featured_media":71801,"comment_status":"open","ping_status":"open","sticky":false,"template":"","format":"standard","meta":{"_monsterinsights_skip_tracking":false,"footnotes":""},"categories":[8304],"tags":[622,1076,19227,11417,127],"class_list":["post-71800","post","type-post","status-publish","format-standard","has-post-thumbnail","hentry","category-nacional","tag-limpieza","tag-rehabilitacion","tag-tizatlan","tag-tlaxcala-capital","tag-turismo"],"yoast_head":"<!-- This site is optimized with the Yoast SEO plugin v28.4 - https:\/\/yoast.com\/product\/yoast-seo-wordpress\/ -->\n<title>Rehabilita Ayuntamiento de Tlaxcala el Parque Tem\u00e1tico de Tizatl\u00e1n - AliadosPuebla<\/title>\n<meta name=\"robots\" content=\"index, follow, max-snippet:-1, max-image-preview:large, max-video-preview:-1\" \/>\n<link rel=\"canonical\" href=\"https:\/\/www.aliadospuebla.com\/?p=71800\" \/>\n<meta property=\"og:locale\" content=\"es_ES\" \/>\n<meta property=\"og:type\" content=\"article\" \/>\n<meta property=\"og:title\" content=\"Rehabilita Ayuntamiento de Tlaxcala el Parque Tem\u00e1tico de Tizatl\u00e1n - AliadosPuebla\" \/>\n<meta property=\"og:description\" content=\"Se trabaja arduamente en la recuperaci\u00f3n del espacio que permaneci\u00f3 cerrado al p\u00fablico a causa de la emergencia sanitaria El Ayuntamiento de Tlaxcala efect\u00faa trabajos de rehabilitaci\u00f3n del Parque Tem\u00e1tico de Tizatl\u00e1n, luego de que el espacio permaneci\u00f3 cerrado al p\u00fablico por dos a\u00f1os, a causa de la emergencia sanitaria causada por la enfermedad COVID19. Tras un an\u00e1lisis minucioso para detectar desperfectos, se determinaron acciones prioritarias para el rescate del parque. De este modo se iniciaron jornadas de limpieza, deshierbe y pintura en las \u00e1reas verdes y jardines; rehabilitaci\u00f3n de redes hidr\u00e1ulicas y de drenaje en sanitarios; mantenimiento de la red de energ\u00eda el\u00e9ctrica e iluminaci\u00f3n, mantenimiento en oficinas, teatro al aire libre y sala de espera; as\u00ed como la sustituci\u00f3n de fibra \u00f3ptica y&hellip;Leer m\u00e1s...\" \/>\n<meta property=\"og:url\" content=\"https:\/\/www.aliadospuebla.com\/?p=71800\" \/>\n<meta property=\"og:site_name\" content=\"AliadosPuebla\" \/>\n<meta property=\"article:author\" content=\"https:\/\/www.facebook.com\/Aliados17Pue\" \/>\n<meta property=\"article:published_time\" content=\"2022-05-17T23:30:30+00:00\" \/>\n<meta property=\"og:image\" content=\"https:\/\/www.aliadospuebla.com\/web2017\/wp-content\/uploads\/2022\/05\/119-turismo.jpg\" \/>\n\t<meta property=\"og:image:width\" content=\"600\" \/>\n\t<meta property=\"og:image:height\" content=\"450\" \/>\n\t<meta property=\"og:image:type\" content=\"image\/jpeg\" \/>\n<meta name=\"author\" content=\"Aliados17\" \/>\n<meta name=\"twitter:card\" content=\"summary_large_image\" \/>\n<meta name=\"twitter:creator\" content=\"@AliadosPuebla\" \/>\n<meta name=\"twitter:label1\" content=\"Escrito por\" \/>\n\t<meta name=\"twitter:data1\" content=\"Aliados17\" \/>\n\t<meta name=\"twitter:label2\" content=\"Tiempo de lectura\" \/>\n\t<meta name=\"twitter:data2\" content=\"1 minuto\" \/>\n<script type=\"application\/ld+json\" class=\"yoast-schema-graph\">{\"@context\":\"https:\\\/\\\/schema.org\",\"@graph\":[{\"@type\":\"Article\",\"@id\":\"https:\\\/\\\/www.aliadospuebla.com\\\/?p=71800#article\",\"isPartOf\":{\"@id\":\"https:\\\/\\\/www.aliadospuebla.com\\\/?p=71800\"},\"author\":{\"name\":\"Aliados17\",\"@id\":\"https:\\\/\\\/www.aliadospuebla.com\\\/#\\\/schema\\\/person\\\/5da7dd09320bd4f392b710017ed5f8ad\"},\"headline\":\"Rehabilita Ayuntamiento de Tlaxcala el Parque Tem\u00e1tico de Tizatl\u00e1n\",\"datePublished\":\"2022-05-17T23:30:30+00:00\",\"mainEntityOfPage\":{\"@id\":\"https:\\\/\\\/www.aliadospuebla.com\\\/?p=71800\"},\"wordCount\":280,\"commentCount\":0,\"image\":{\"@id\":\"https:\\\/\\\/www.aliadospuebla.com\\\/?p=71800#primaryimage\"},\"thumbnailUrl\":\"https:\\\/\\\/www.aliadospuebla.com\\\/web2017\\\/wp-content\\\/uploads\\\/2022\\\/05\\\/119-turismo.jpg\",\"keywords\":[\"LIMPIEZA\",\"REHABILITACI\u00d3N\",\"Tizatl\u00e1n\",\"TLAXCALA CAPITAL\",\"turismo\"],\"articleSection\":[\"Nacional\"],\"inLanguage\":\"es\",\"potentialAction\":[{\"@type\":\"CommentAction\",\"name\":\"Comment\",\"target\":[\"https:\\\/\\\/www.aliadospuebla.com\\\/?p=71800#respond\"]}]},{\"@type\":\"WebPage\",\"@id\":\"https:\\\/\\\/www.aliadospuebla.com\\\/?p=71800\",\"url\":\"https:\\\/\\\/www.aliadospuebla.com\\\/?p=71800\",\"name\":\"Rehabilita Ayuntamiento de Tlaxcala el Parque Tem\u00e1tico de Tizatl\u00e1n - AliadosPuebla\",\"isPartOf\":{\"@id\":\"https:\\\/\\\/www.aliadospuebla.com\\\/#website\"},\"primaryImageOfPage\":{\"@id\":\"https:\\\/\\\/www.aliadospuebla.com\\\/?p=71800#primaryimage\"},\"image\":{\"@id\":\"https:\\\/\\\/www.aliadospuebla.com\\\/?p=71800#primaryimage\"},\"thumbnailUrl\":\"https:\\\/\\\/www.aliadospuebla.com\\\/web2017\\\/wp-content\\\/uploads\\\/2022\\\/05\\\/119-turismo.jpg\",\"datePublished\":\"2022-05-17T23:30:30+00:00\",\"author\":{\"@id\":\"https:\\\/\\\/www.aliadospuebla.com\\\/#\\\/schema\\\/person\\\/5da7dd09320bd4f392b710017ed5f8ad\"},\"breadcrumb\":{\"@id\":\"https:\\\/\\\/www.aliadospuebla.com\\\/?p=71800#breadcrumb\"},\"inLanguage\":\"es\",\"potentialAction\":[{\"@type\":\"ReadAction\",\"target\":[\"https:\\\/\\\/www.aliadospuebla.com\\\/?p=71800\"]}]},{\"@type\":\"ImageObject\",\"inLanguage\":\"es\",\"@id\":\"https:\\\/\\\/www.aliadospuebla.com\\\/?p=71800#primaryimage\",\"url\":\"https:\\\/\\\/www.aliadospuebla.com\\\/web2017\\\/wp-content\\\/uploads\\\/2022\\\/05\\\/119-turismo.jpg\",\"contentUrl\":\"https:\\\/\\\/www.aliadospuebla.com\\\/web2017\\\/wp-content\\\/uploads\\\/2022\\\/05\\\/119-turismo.jpg\",\"width\":600,\"height\":450},{\"@type\":\"BreadcrumbList\",\"@id\":\"https:\\\/\\\/www.aliadospuebla.com\\\/?p=71800#breadcrumb\",\"itemListElement\":[{\"@type\":\"ListItem\",\"position\":1,\"name\":\"Portada\",\"item\":\"https:\\\/\\\/www.aliadospuebla.com\\\/\"},{\"@type\":\"ListItem\",\"position\":2,\"name\":\"Rehabilita Ayuntamiento de Tlaxcala el Parque Tem\u00e1tico de Tizatl\u00e1n\"}]},{\"@type\":\"WebSite\",\"@id\":\"https:\\\/\\\/www.aliadospuebla.com\\\/#website\",\"url\":\"https:\\\/\\\/www.aliadospuebla.com\\\/\",\"name\":\"AliadosPuebla\",\"description\":\"La informaci\u00f3n en tus manos\",\"potentialAction\":[{\"@type\":\"SearchAction\",\"target\":{\"@type\":\"EntryPoint\",\"urlTemplate\":\"https:\\\/\\\/www.aliadospuebla.com\\\/?s={search_term_string}\"},\"query-input\":{\"@type\":\"PropertyValueSpecification\",\"valueRequired\":true,\"valueName\":\"search_term_string\"}}],\"inLanguage\":\"es\"},{\"@type\":\"Person\",\"@id\":\"https:\\\/\\\/www.aliadospuebla.com\\\/#\\\/schema\\\/person\\\/5da7dd09320bd4f392b710017ed5f8ad\",\"name\":\"Aliados17\",\"image\":{\"@type\":\"ImageObject\",\"inLanguage\":\"es\",\"@id\":\"https:\\\/\\\/www.aliadospuebla.com\\\/web2017\\\/wp-content\\\/uploads\\\/2025\\\/03\\\/cropped-para-perfil-8-anos-1-96x96.jpg\",\"url\":\"https:\\\/\\\/www.aliadospuebla.com\\\/web2017\\\/wp-content\\\/uploads\\\/2025\\\/03\\\/cropped-para-perfil-8-anos-1-96x96.jpg\",\"contentUrl\":\"https:\\\/\\\/www.aliadospuebla.com\\\/web2017\\\/wp-content\\\/uploads\\\/2025\\\/03\\\/cropped-para-perfil-8-anos-1-96x96.jpg\",\"caption\":\"Aliados17\"},\"sameAs\":[\"https:\\\/\\\/www.aliados17.com\",\"https:\\\/\\\/www.facebook.com\\\/Aliados17Pue\",\"https:\\\/\\\/x.com\\\/AliadosPuebla\"],\"url\":\"https:\\\/\\\/www.aliadospuebla.com\\\/?author=2\"}]}<\/script>\n<!-- \/ Yoast SEO plugin. -->","yoast_head_json":{"title":"Rehabilita Ayuntamiento de Tlaxcala el Parque Tem\u00e1tico de Tizatl\u00e1n - AliadosPuebla","robots":{"index":"index","follow":"follow","max-snippet":"max-snippet:-1","max-image-preview":"max-image-preview:large","max-video-preview":"max-video-preview:-1"},"canonical":"https:\/\/www.aliadospuebla.com\/?p=71800","og_locale":"es_ES","og_type":"article","og_title":"Rehabilita Ayuntamiento de Tlaxcala el Parque Tem\u00e1tico de Tizatl\u00e1n - AliadosPuebla","og_description":"Se trabaja arduamente en la recuperaci\u00f3n del espacio que permaneci\u00f3 cerrado al p\u00fablico a causa de la emergencia sanitaria El Ayuntamiento de Tlaxcala efect\u00faa trabajos de rehabilitaci\u00f3n del Parque Tem\u00e1tico de Tizatl\u00e1n, luego de que el espacio permaneci\u00f3 cerrado al p\u00fablico por dos a\u00f1os, a causa de la emergencia sanitaria causada por la enfermedad COVID19. Tras un an\u00e1lisis minucioso para detectar desperfectos, se determinaron acciones prioritarias para el rescate del parque. De este modo se iniciaron jornadas de limpieza, deshierbe y pintura en las \u00e1reas verdes y jardines; rehabilitaci\u00f3n de redes hidr\u00e1ulicas y de drenaje en sanitarios; mantenimiento de la red de energ\u00eda el\u00e9ctrica e iluminaci\u00f3n, mantenimiento en oficinas, teatro al aire libre y sala de espera; as\u00ed como la sustituci\u00f3n de fibra \u00f3ptica y&hellip;Leer m\u00e1s...","og_url":"https:\/\/www.aliadospuebla.com\/?p=71800","og_site_name":"AliadosPuebla","article_author":"https:\/\/www.facebook.com\/Aliados17Pue","article_published_time":"2022-05-17T23:30:30+00:00","og_image":[{"width":600,"height":450,"url":"https:\/\/www.aliadospuebla.com\/web2017\/wp-content\/uploads\/2022\/05\/119-turismo.jpg","type":"image\/jpeg"}],"author":"Aliados17","twitter_card":"summary_large_image","twitter_creator":"@AliadosPuebla","twitter_misc":{"Escrito por":"Aliados17","Tiempo de lectura":"1 minuto"},"schema":{"@context":"https:\/\/schema.org","@graph":[{"@type":"Article","@id":"https:\/\/www.aliadospuebla.com\/?p=71800#article","isPartOf":{"@id":"https:\/\/www.aliadospuebla.com\/?p=71800"},"author":{"name":"Aliados17","@id":"https:\/\/www.aliadospuebla.com\/#\/schema\/person\/5da7dd09320bd4f392b710017ed5f8ad"},"headline":"Rehabilita Ayuntamiento de Tlaxcala el Parque Tem\u00e1tico de Tizatl\u00e1n","datePublished":"2022-05-17T23:30:30+00:00","mainEntityOfPage":{"@id":"https:\/\/www.aliadospuebla.com\/?p=71800"},"wordCount":280,"commentCount":0,"image":{"@id":"https:\/\/www.aliadospuebla.com\/?p=71800#primaryimage"},"thumbnailUrl":"https:\/\/www.aliadospuebla.com\/web2017\/wp-content\/uploads\/2022\/05\/119-turismo.jpg","keywords":["LIMPIEZA","REHABILITACI\u00d3N","Tizatl\u00e1n","TLAXCALA CAPITAL","turismo"],"articleSection":["Nacional"],"inLanguage":"es","potentialAction":[{"@type":"CommentAction","name":"Comment","target":["https:\/\/www.aliadospuebla.com\/?p=71800#respond"]}]},{"@type":"WebPage","@id":"https:\/\/www.aliadospuebla.com\/?p=71800","url":"https:\/\/www.aliadospuebla.com\/?p=71800","name":"Rehabilita Ayuntamiento de Tlaxcala el Parque Tem\u00e1tico de Tizatl\u00e1n - AliadosPuebla","isPartOf":{"@id":"https:\/\/www.aliadospuebla.com\/#website"},"primaryImageOfPage":{"@id":"https:\/\/www.aliadospuebla.com\/?p=71800#primaryimage"},"image":{"@id":"https:\/\/www.aliadospuebla.com\/?p=71800#primaryimage"},"thumbnailUrl":"https:\/\/www.aliadospuebla.com\/web2017\/wp-content\/uploads\/2022\/05\/119-turismo.jpg","datePublished":"2022-05-17T23:30:30+00:00","author":{"@id":"https:\/\/www.aliadospuebla.com\/#\/schema\/person\/5da7dd09320bd4f392b710017ed5f8ad"},"breadcrumb":{"@id":"https:\/\/www.aliadospuebla.com\/?p=71800#breadcrumb"},"inLanguage":"es","potentialAction":[{"@type":"ReadAction","target":["https:\/\/www.aliadospuebla.com\/?p=71800"]}]},{"@type":"ImageObject","inLanguage":"es","@id":"https:\/\/www.aliadospuebla.com\/?p=71800#primaryimage","url":"https:\/\/www.aliadospuebla.com\/web2017\/wp-content\/uploads\/2022\/05\/119-turismo.jpg","contentUrl":"https:\/\/www.aliadospuebla.com\/web2017\/wp-content\/uploads\/2022\/05\/119-turismo.jpg","width":600,"height":450},{"@type":"BreadcrumbList","@id":"https:\/\/www.aliadospuebla.com\/?p=71800#breadcrumb","itemListElement":[{"@type":"ListItem","position":1,"name":"Portada","item":"https:\/\/www.aliadospuebla.com\/"},{"@type":"ListItem","position":2,"name":"Rehabilita Ayuntamiento de Tlaxcala el Parque Tem\u00e1tico de Tizatl\u00e1n"}]},{"@type":"WebSite","@id":"https:\/\/www.aliadospuebla.com\/#website","url":"https:\/\/www.aliadospuebla.com\/","name":"AliadosPuebla","description":"La informaci\u00f3n en tus manos","potentialAction":[{"@type":"SearchAction","target":{"@type":"EntryPoint","urlTemplate":"https:\/\/www.aliadospuebla.com\/?s={search_term_string}"},"query-input":{"@type":"PropertyValueSpecification","valueRequired":true,"valueName":"search_term_string"}}],"inLanguage":"es"},{"@type":"Person","@id":"https:\/\/www.aliadospuebla.com\/#\/schema\/person\/5da7dd09320bd4f392b710017ed5f8ad","name":"Aliados17","image":{"@type":"ImageObject","inLanguage":"es","@id":"https:\/\/www.aliadospuebla.com\/web2017\/wp-content\/uploads\/2025\/03\/cropped-para-perfil-8-anos-1-96x96.jpg","url":"https:\/\/www.aliadospuebla.com\/web2017\/wp-content\/uploads\/2025\/03\/cropped-para-perfil-8-anos-1-96x96.jpg","contentUrl":"https:\/\/www.aliadospuebla.com\/web2017\/wp-content\/uploads\/2025\/03\/cropped-para-perfil-8-anos-1-96x96.jpg","caption":"Aliados17"},"sameAs":["https:\/\/www.aliados17.com","https:\/\/www.facebook.com\/Aliados17Pue","https:\/\/x.com\/AliadosPuebla"],"url":"https:\/\/www.aliadospuebla.com\/?author=2"}]}},"views":15,"_links":{"self":[{"href":"https:\/\/www.aliadospuebla.com\/index.php?rest_route=\/wp\/v2\/posts\/71800","targetHints":{"allow":["GET"]}}],"collection":[{"href":"https:\/\/www.aliadospuebla.com\/index.php?rest_route=\/wp\/v2\/posts"}],"about":[{"href":"https:\/\/www.aliadospuebla.com\/index.php?rest_route=\/wp\/v2\/types\/post"}],"author":[{"embeddable":true,"href":"https:\/\/www.aliadospuebla.com\/index.php?rest_route=\/wp\/v2\/users\/2"}],"replies":[{"embeddable":true,"href":"https:\/\/www.aliadospuebla.com\/index.php?rest_route=%2Fwp%2Fv2%2Fcomments&post=71800"}],"version-history":[{"count":1,"href":"https:\/\/www.aliadospuebla.com\/index.php?rest_route=\/wp\/v2\/posts\/71800\/revisions"}],"predecessor-version":[{"id":71802,"href":"https:\/\/www.aliadospuebla.com\/index.php?rest_route=\/wp\/v2\/posts\/71800\/revisions\/71802"}],"wp:featuredmedia":[{"embeddable":true,"href":"https:\/\/www.aliadospuebla.com\/index.php?rest_route=\/wp\/v2\/media\/71801"}],"wp:attachment":[{"href":"https:\/\/www.aliadospuebla.com\/index.php?rest_route=%2Fwp%2Fv2%2Fmedia&parent=71800"}],"wp:term":[{"taxonomy":"category","embeddable":true,"href":"https:\/\/www.aliadospuebla.com\/index.php?rest_route=%2Fwp%2Fv2%2Fcategories&post=71800"},{"taxonomy":"post_tag","embeddable":true,"href":"https:\/\/www.aliadospuebla.com\/index.php?rest_route=%2Fwp%2Fv2%2Ftags&post=71800"}],"curies":[{"name":"wp","href":"https:\/\/api.w.org\/{rel}","templated":true}]}}