{"id":71797,"date":"2022-05-17T18:15:48","date_gmt":"2022-05-17T23:15:48","guid":{"rendered":"https:\/\/www.aliados17.com\/?p=71797"},"modified":"2022-05-17T18:15:48","modified_gmt":"2022-05-17T23:15:48","slug":"piden-regidores-de-la-4t-medidas-para-prevenir-la-discriminacion-a-la-comunidad-lgbtttiq","status":"publish","type":"post","link":"https:\/\/www.aliadospuebla.com\/?p=71797","title":{"rendered":"PIDEN REGIDORES DE LA 4T MEDIDAS PARA PREVENIR LA DISCRIMINACI\u00d3N A LA COMUNIDAD LGBTTTIQ"},"content":{"rendered":"<h4>De acuerdo con el Informe Anual de Violencia, en Puebla se registraron ocho cr\u00edmenes de odio contra personas de la comunidad LGBTTTIQ entre 2020 y 2021<\/h4>\n<p>En el marco del <strong>D\u00eda Internacional contra la Homofobia, la Lesbifobia, <\/strong><\/p>\n<p><strong>la Transfobia y la Bifobia<\/strong>, las y los regidores de la Coalici\u00f3n J<strong>untos Haremos Historia<\/strong>,<\/p>\n<p>acompa\u00f1ados de diversas organizaciones y colectivos ciudadanos<\/p>\n<p>se pronunciaron a favor de mantener los <strong>mecanismos legales<\/strong> y de pol\u00edticas p\u00fablicas<\/p>\n<p>para impulsar una vida digna y sin violencia.<\/p>\n<p>La Regidora <strong>Carmen Mar\u00eda Palma Ben\u00edtez<\/strong> record\u00f3 que esta fecha<\/p>\n<p>se conmemora a 32 a\u00f1os de que se eliminara la homosexualidad de la clasificaci\u00f3n internacional<\/p>\n<p>de enfermedades mentales por la Asamblea General de la Organizaci\u00f3n Mundial de la Salud, en 1990.<\/p>\n<p>Asimismo, lament\u00f3 que en el municipio de <strong>Puebla<\/strong> los cr\u00edmenes de odio ocurran con frecuencia<\/p>\n<p>y record\u00f3 que el 1 de enero de 2022 se registr\u00f3 el primero de ellos, por lo que es indispensable<\/p>\n<p>reforzar las pol\u00edticas p\u00fablicas dirigidas a respetar la diversidad y los derechos fundamentales.<\/p>\n<p>\u201cQueremos reconocer la lucha de distintos colectivos, no para apropiarnos de ella, sino para ponernos a su servicio y alzar la voz en defensa de sus derechos, aceptar la diversidad y reconocer los derechos de las personas, creando una sociedad de respeto en el municipio de Puebla\u201d<\/p>\n<p>Por su parte, el activista Joaqu\u00edn Sosa Osorio \u2013integrante de las organizaciones<\/p>\n<p>Cambiemos, Batichicka, Coalici\u00f3n Agnes Puebla, Grupo Transg\u00e9nero y Lupito el Cerdito<\/p>\n<p>\u2013 hizo un llamado al Presidente Municipal <strong>Eduardo Rivera P\u00e9rez<\/strong> a destinar un presupuesto adecuado<\/p>\n<p>al \u00e1rea de <strong>Diversidad Sexual de la Secretar\u00eda para la Igualdad Sustantiva de G\u00e9nero<\/strong><\/p>\n<p>para la realizaci\u00f3n de programas, proyectos y l\u00edneas de acci\u00f3n a favor de esta comunidad.<\/p>\n<p>El Grupo Transg\u00e9nero Puebla dio a conocer que la <strong>poblaci\u00f3n LQBTTTIQ<\/strong><\/p>\n<p>es una de las m\u00e1s discriminadas, violentadas y con menos posibilidades de desarrollo.<\/p>\n<p>\u201cLa esperanza de vida para una persona trans es de 35 a 40 a\u00f1os<\/p>\n<p>debido a las condiciones violentas que le rodean\u201d,<\/p>\n<p>revel\u00f3 la dirigente de la organizaci\u00f3n, Gabriela Chumacero Rodr\u00edguez.<\/p>\n<p>El coordinador de los Regidores de <strong>Juntos Haremos Historia<\/strong>, <strong>Leobardo Rodr\u00edguez Ju\u00e1rez<\/strong><\/p>\n<p>afirm\u00f3 que Puebla hoy es un municipio que reconoce los derechos humanos de las personas,<\/p>\n<p>muy lejos del mito conservador que se le quiso imponer por muchos a\u00f1os a nuestra sociedad,<\/p>\n<p>por lo que el trabajo a favor del reconocimiento y respeto de las diversidades se mantendr\u00e1 con rigor y fuerza.<\/p>\n<p>Al encuentro p\u00fablico asistieron las y los regidores <strong>Ana Laura Mart\u00ednez Escobar, <\/strong><\/p>\n<p><strong>\u00c1ngel Rivera P\u00e9rez, Ernesto Aguilar \u201cYordi\u201d y Elisa Molina Rivera, <\/strong><\/p>\n<p>quienes se pronunciaron por trabajar para zanjar cualquier acci\u00f3n que atente contra los derechos humanos de las personas.<\/p>\n","protected":false},"excerpt":{"rendered":"<p>De acuerdo con el Informe Anual de Violencia, en Puebla se registraron ocho cr\u00edmenes de odio contra personas de la comunidad LGBTTTIQ entre 2020 y 2021 En el marco del D\u00eda Internacional contra la Homofobia, la Lesbifobia, la Transfobia y la Bifobia, las y los regidores de la Coalici\u00f3n Juntos Haremos Historia, acompa\u00f1ados de diversas organizaciones y colectivos ciudadanos se pronunciaron a favor de mantener los mecanismos legales y de pol\u00edticas p\u00fablicas para impulsar una vida digna y sin violencia. La Regidora Carmen Mar\u00eda Palma Ben\u00edtez record\u00f3 que esta fecha se conmemora a 32 a\u00f1os de que se eliminara la homosexualidad de la clasificaci\u00f3n internacional de enfermedades mentales por la Asamblea General de la Organizaci\u00f3n Mundial de la Salud, en 1990. Asimismo, lament\u00f3 que en&hellip;<\/p>\n<p class=\"excerpt-more\"><a class=\"blog-excerpt button\" href=\"https:\/\/www.aliadospuebla.com\/?p=71797\">Leer m\u00e1s&#8230;<\/a><\/p>\n","protected":false},"author":2,"featured_media":71798,"comment_status":"open","ping_status":"open","sticky":false,"template":"","format":"standard","meta":{"_monsterinsights_skip_tracking":false,"footnotes":""},"categories":[6],"tags":[10006,53,19226,836,4799,12364,1695,3002],"class_list":["post-71797","post","type-post","status-publish","format-standard","has-post-thumbnail","hentry","category-politica","tag-4t","tag-discriminacion","tag-diversidad","tag-igualdad","tag-juntos-haremos-historia","tag-leobardo-rodriguez-juarez","tag-regidoras","tag-regidores"],"yoast_head":"<!-- This site is optimized with the Yoast SEO plugin v28.3 - https:\/\/yoast.com\/product\/yoast-seo-wordpress\/ -->\n<title>PIDEN REGIDORES DE LA 4T MEDIDAS PARA PREVENIR LA DISCRIMINACI\u00d3N A LA COMUNIDAD LGBTTTIQ - AliadosPuebla<\/title>\n<meta name=\"robots\" content=\"index, follow, max-snippet:-1, max-image-preview:large, max-video-preview:-1\" \/>\n<link rel=\"canonical\" href=\"https:\/\/www.aliadospuebla.com\/?p=71797\" \/>\n<meta property=\"og:locale\" content=\"es_ES\" \/>\n<meta property=\"og:type\" content=\"article\" \/>\n<meta property=\"og:title\" content=\"PIDEN REGIDORES DE LA 4T MEDIDAS PARA PREVENIR LA DISCRIMINACI\u00d3N A LA COMUNIDAD LGBTTTIQ - AliadosPuebla\" \/>\n<meta property=\"og:description\" content=\"De acuerdo con el Informe Anual de Violencia, en Puebla se registraron ocho cr\u00edmenes de odio contra personas de la comunidad LGBTTTIQ entre 2020 y 2021 En el marco del D\u00eda Internacional contra la Homofobia, la Lesbifobia, la Transfobia y la Bifobia, las y los regidores de la Coalici\u00f3n Juntos Haremos Historia, acompa\u00f1ados de diversas organizaciones y colectivos ciudadanos se pronunciaron a favor de mantener los mecanismos legales y de pol\u00edticas p\u00fablicas para impulsar una vida digna y sin violencia. La Regidora Carmen Mar\u00eda Palma Ben\u00edtez record\u00f3 que esta fecha se conmemora a 32 a\u00f1os de que se eliminara la homosexualidad de la clasificaci\u00f3n internacional de enfermedades mentales por la Asamblea General de la Organizaci\u00f3n Mundial de la Salud, en 1990. Asimismo, lament\u00f3 que en&hellip;Leer m\u00e1s...\" \/>\n<meta property=\"og:url\" content=\"https:\/\/www.aliadospuebla.com\/?p=71797\" \/>\n<meta property=\"og:site_name\" content=\"AliadosPuebla\" \/>\n<meta property=\"article:author\" content=\"https:\/\/www.facebook.com\/Aliados17Pue\" \/>\n<meta property=\"article:published_time\" content=\"2022-05-17T23:15:48+00:00\" \/>\n<meta property=\"og:image\" content=\"https:\/\/www.aliadospuebla.com\/web2017\/wp-content\/uploads\/2022\/05\/118-4T.jpg\" \/>\n\t<meta property=\"og:image:width\" content=\"600\" \/>\n\t<meta property=\"og:image:height\" content=\"450\" \/>\n\t<meta property=\"og:image:type\" content=\"image\/jpeg\" \/>\n<meta name=\"author\" content=\"Aliados17\" \/>\n<meta name=\"twitter:card\" content=\"summary_large_image\" \/>\n<meta name=\"twitter:creator\" content=\"@AliadosPuebla\" \/>\n<meta name=\"twitter:label1\" content=\"Escrito por\" \/>\n\t<meta name=\"twitter:data1\" content=\"Aliados17\" \/>\n\t<meta name=\"twitter:label2\" content=\"Tiempo de lectura\" \/>\n\t<meta name=\"twitter:data2\" content=\"3 minutos\" \/>\n<script type=\"application\/ld+json\" class=\"yoast-schema-graph\">{\"@context\":\"https:\\\/\\\/schema.org\",\"@graph\":[{\"@type\":\"Article\",\"@id\":\"https:\\\/\\\/www.aliadospuebla.com\\\/?p=71797#article\",\"isPartOf\":{\"@id\":\"https:\\\/\\\/www.aliadospuebla.com\\\/?p=71797\"},\"author\":{\"name\":\"Aliados17\",\"@id\":\"https:\\\/\\\/www.aliadospuebla.com\\\/#\\\/schema\\\/person\\\/5da7dd09320bd4f392b710017ed5f8ad\"},\"headline\":\"PIDEN REGIDORES DE LA 4T MEDIDAS PARA PREVENIR LA DISCRIMINACI\u00d3N A LA COMUNIDAD LGBTTTIQ\",\"datePublished\":\"2022-05-17T23:15:48+00:00\",\"mainEntityOfPage\":{\"@id\":\"https:\\\/\\\/www.aliadospuebla.com\\\/?p=71797\"},\"wordCount\":483,\"commentCount\":0,\"image\":{\"@id\":\"https:\\\/\\\/www.aliadospuebla.com\\\/?p=71797#primaryimage\"},\"thumbnailUrl\":\"https:\\\/\\\/www.aliadospuebla.com\\\/web2017\\\/wp-content\\\/uploads\\\/2022\\\/05\\\/118-4T.jpg\",\"keywords\":[\"4T\",\"discriminacion\",\"diversidad\",\"IGUALDAD\",\"JUNTOS HAREMOS HISTORIA\",\"Leobardo Rodr\u00edguez Ju\u00e1rez\",\"REGIDORAS\",\"REGIDORES\"],\"articleSection\":[\"Pol\u00edtica\"],\"inLanguage\":\"es\",\"potentialAction\":[{\"@type\":\"CommentAction\",\"name\":\"Comment\",\"target\":[\"https:\\\/\\\/www.aliadospuebla.com\\\/?p=71797#respond\"]}]},{\"@type\":\"WebPage\",\"@id\":\"https:\\\/\\\/www.aliadospuebla.com\\\/?p=71797\",\"url\":\"https:\\\/\\\/www.aliadospuebla.com\\\/?p=71797\",\"name\":\"PIDEN REGIDORES DE LA 4T MEDIDAS PARA PREVENIR LA DISCRIMINACI\u00d3N A LA COMUNIDAD LGBTTTIQ - AliadosPuebla\",\"isPartOf\":{\"@id\":\"https:\\\/\\\/www.aliadospuebla.com\\\/#website\"},\"primaryImageOfPage\":{\"@id\":\"https:\\\/\\\/www.aliadospuebla.com\\\/?p=71797#primaryimage\"},\"image\":{\"@id\":\"https:\\\/\\\/www.aliadospuebla.com\\\/?p=71797#primaryimage\"},\"thumbnailUrl\":\"https:\\\/\\\/www.aliadospuebla.com\\\/web2017\\\/wp-content\\\/uploads\\\/2022\\\/05\\\/118-4T.jpg\",\"datePublished\":\"2022-05-17T23:15:48+00:00\",\"author\":{\"@id\":\"https:\\\/\\\/www.aliadospuebla.com\\\/#\\\/schema\\\/person\\\/5da7dd09320bd4f392b710017ed5f8ad\"},\"breadcrumb\":{\"@id\":\"https:\\\/\\\/www.aliadospuebla.com\\\/?p=71797#breadcrumb\"},\"inLanguage\":\"es\",\"potentialAction\":[{\"@type\":\"ReadAction\",\"target\":[\"https:\\\/\\\/www.aliadospuebla.com\\\/?p=71797\"]}]},{\"@type\":\"ImageObject\",\"inLanguage\":\"es\",\"@id\":\"https:\\\/\\\/www.aliadospuebla.com\\\/?p=71797#primaryimage\",\"url\":\"https:\\\/\\\/www.aliadospuebla.com\\\/web2017\\\/wp-content\\\/uploads\\\/2022\\\/05\\\/118-4T.jpg\",\"contentUrl\":\"https:\\\/\\\/www.aliadospuebla.com\\\/web2017\\\/wp-content\\\/uploads\\\/2022\\\/05\\\/118-4T.jpg\",\"width\":600,\"height\":450},{\"@type\":\"BreadcrumbList\",\"@id\":\"https:\\\/\\\/www.aliadospuebla.com\\\/?p=71797#breadcrumb\",\"itemListElement\":[{\"@type\":\"ListItem\",\"position\":1,\"name\":\"Portada\",\"item\":\"https:\\\/\\\/www.aliadospuebla.com\\\/\"},{\"@type\":\"ListItem\",\"position\":2,\"name\":\"PIDEN REGIDORES DE LA 4T MEDIDAS PARA PREVENIR LA DISCRIMINACI\u00d3N A LA COMUNIDAD LGBTTTIQ\"}]},{\"@type\":\"WebSite\",\"@id\":\"https:\\\/\\\/www.aliadospuebla.com\\\/#website\",\"url\":\"https:\\\/\\\/www.aliadospuebla.com\\\/\",\"name\":\"AliadosPuebla\",\"description\":\"La informaci\u00f3n en tus manos\",\"potentialAction\":[{\"@type\":\"SearchAction\",\"target\":{\"@type\":\"EntryPoint\",\"urlTemplate\":\"https:\\\/\\\/www.aliadospuebla.com\\\/?s={search_term_string}\"},\"query-input\":{\"@type\":\"PropertyValueSpecification\",\"valueRequired\":true,\"valueName\":\"search_term_string\"}}],\"inLanguage\":\"es\"},{\"@type\":\"Person\",\"@id\":\"https:\\\/\\\/www.aliadospuebla.com\\\/#\\\/schema\\\/person\\\/5da7dd09320bd4f392b710017ed5f8ad\",\"name\":\"Aliados17\",\"image\":{\"@type\":\"ImageObject\",\"inLanguage\":\"es\",\"@id\":\"https:\\\/\\\/www.aliadospuebla.com\\\/web2017\\\/wp-content\\\/uploads\\\/2025\\\/03\\\/cropped-para-perfil-8-anos-1-96x96.jpg\",\"url\":\"https:\\\/\\\/www.aliadospuebla.com\\\/web2017\\\/wp-content\\\/uploads\\\/2025\\\/03\\\/cropped-para-perfil-8-anos-1-96x96.jpg\",\"contentUrl\":\"https:\\\/\\\/www.aliadospuebla.com\\\/web2017\\\/wp-content\\\/uploads\\\/2025\\\/03\\\/cropped-para-perfil-8-anos-1-96x96.jpg\",\"caption\":\"Aliados17\"},\"sameAs\":[\"https:\\\/\\\/www.aliados17.com\",\"https:\\\/\\\/www.facebook.com\\\/Aliados17Pue\",\"https:\\\/\\\/x.com\\\/AliadosPuebla\"],\"url\":\"https:\\\/\\\/www.aliadospuebla.com\\\/?author=2\"}]}<\/script>\n<!-- \/ Yoast SEO plugin. -->","yoast_head_json":{"title":"PIDEN REGIDORES DE LA 4T MEDIDAS PARA PREVENIR LA DISCRIMINACI\u00d3N A LA COMUNIDAD LGBTTTIQ - AliadosPuebla","robots":{"index":"index","follow":"follow","max-snippet":"max-snippet:-1","max-image-preview":"max-image-preview:large","max-video-preview":"max-video-preview:-1"},"canonical":"https:\/\/www.aliadospuebla.com\/?p=71797","og_locale":"es_ES","og_type":"article","og_title":"PIDEN REGIDORES DE LA 4T MEDIDAS PARA PREVENIR LA DISCRIMINACI\u00d3N A LA COMUNIDAD LGBTTTIQ - AliadosPuebla","og_description":"De acuerdo con el Informe Anual de Violencia, en Puebla se registraron ocho cr\u00edmenes de odio contra personas de la comunidad LGBTTTIQ entre 2020 y 2021 En el marco del D\u00eda Internacional contra la Homofobia, la Lesbifobia, la Transfobia y la Bifobia, las y los regidores de la Coalici\u00f3n Juntos Haremos Historia, acompa\u00f1ados de diversas organizaciones y colectivos ciudadanos se pronunciaron a favor de mantener los mecanismos legales y de pol\u00edticas p\u00fablicas para impulsar una vida digna y sin violencia. La Regidora Carmen Mar\u00eda Palma Ben\u00edtez record\u00f3 que esta fecha se conmemora a 32 a\u00f1os de que se eliminara la homosexualidad de la clasificaci\u00f3n internacional de enfermedades mentales por la Asamblea General de la Organizaci\u00f3n Mundial de la Salud, en 1990. Asimismo, lament\u00f3 que en&hellip;Leer m\u00e1s...","og_url":"https:\/\/www.aliadospuebla.com\/?p=71797","og_site_name":"AliadosPuebla","article_author":"https:\/\/www.facebook.com\/Aliados17Pue","article_published_time":"2022-05-17T23:15:48+00:00","og_image":[{"width":600,"height":450,"url":"https:\/\/www.aliadospuebla.com\/web2017\/wp-content\/uploads\/2022\/05\/118-4T.jpg","type":"image\/jpeg"}],"author":"Aliados17","twitter_card":"summary_large_image","twitter_creator":"@AliadosPuebla","twitter_misc":{"Escrito por":"Aliados17","Tiempo de lectura":"3 minutos"},"schema":{"@context":"https:\/\/schema.org","@graph":[{"@type":"Article","@id":"https:\/\/www.aliadospuebla.com\/?p=71797#article","isPartOf":{"@id":"https:\/\/www.aliadospuebla.com\/?p=71797"},"author":{"name":"Aliados17","@id":"https:\/\/www.aliadospuebla.com\/#\/schema\/person\/5da7dd09320bd4f392b710017ed5f8ad"},"headline":"PIDEN REGIDORES DE LA 4T MEDIDAS PARA PREVENIR LA DISCRIMINACI\u00d3N A LA COMUNIDAD LGBTTTIQ","datePublished":"2022-05-17T23:15:48+00:00","mainEntityOfPage":{"@id":"https:\/\/www.aliadospuebla.com\/?p=71797"},"wordCount":483,"commentCount":0,"image":{"@id":"https:\/\/www.aliadospuebla.com\/?p=71797#primaryimage"},"thumbnailUrl":"https:\/\/www.aliadospuebla.com\/web2017\/wp-content\/uploads\/2022\/05\/118-4T.jpg","keywords":["4T","discriminacion","diversidad","IGUALDAD","JUNTOS HAREMOS HISTORIA","Leobardo Rodr\u00edguez Ju\u00e1rez","REGIDORAS","REGIDORES"],"articleSection":["Pol\u00edtica"],"inLanguage":"es","potentialAction":[{"@type":"CommentAction","name":"Comment","target":["https:\/\/www.aliadospuebla.com\/?p=71797#respond"]}]},{"@type":"WebPage","@id":"https:\/\/www.aliadospuebla.com\/?p=71797","url":"https:\/\/www.aliadospuebla.com\/?p=71797","name":"PIDEN REGIDORES DE LA 4T MEDIDAS PARA PREVENIR LA DISCRIMINACI\u00d3N A LA COMUNIDAD LGBTTTIQ - AliadosPuebla","isPartOf":{"@id":"https:\/\/www.aliadospuebla.com\/#website"},"primaryImageOfPage":{"@id":"https:\/\/www.aliadospuebla.com\/?p=71797#primaryimage"},"image":{"@id":"https:\/\/www.aliadospuebla.com\/?p=71797#primaryimage"},"thumbnailUrl":"https:\/\/www.aliadospuebla.com\/web2017\/wp-content\/uploads\/2022\/05\/118-4T.jpg","datePublished":"2022-05-17T23:15:48+00:00","author":{"@id":"https:\/\/www.aliadospuebla.com\/#\/schema\/person\/5da7dd09320bd4f392b710017ed5f8ad"},"breadcrumb":{"@id":"https:\/\/www.aliadospuebla.com\/?p=71797#breadcrumb"},"inLanguage":"es","potentialAction":[{"@type":"ReadAction","target":["https:\/\/www.aliadospuebla.com\/?p=71797"]}]},{"@type":"ImageObject","inLanguage":"es","@id":"https:\/\/www.aliadospuebla.com\/?p=71797#primaryimage","url":"https:\/\/www.aliadospuebla.com\/web2017\/wp-content\/uploads\/2022\/05\/118-4T.jpg","contentUrl":"https:\/\/www.aliadospuebla.com\/web2017\/wp-content\/uploads\/2022\/05\/118-4T.jpg","width":600,"height":450},{"@type":"BreadcrumbList","@id":"https:\/\/www.aliadospuebla.com\/?p=71797#breadcrumb","itemListElement":[{"@type":"ListItem","position":1,"name":"Portada","item":"https:\/\/www.aliadospuebla.com\/"},{"@type":"ListItem","position":2,"name":"PIDEN REGIDORES DE LA 4T MEDIDAS PARA PREVENIR LA DISCRIMINACI\u00d3N A LA COMUNIDAD LGBTTTIQ"}]},{"@type":"WebSite","@id":"https:\/\/www.aliadospuebla.com\/#website","url":"https:\/\/www.aliadospuebla.com\/","name":"AliadosPuebla","description":"La informaci\u00f3n en tus manos","potentialAction":[{"@type":"SearchAction","target":{"@type":"EntryPoint","urlTemplate":"https:\/\/www.aliadospuebla.com\/?s={search_term_string}"},"query-input":{"@type":"PropertyValueSpecification","valueRequired":true,"valueName":"search_term_string"}}],"inLanguage":"es"},{"@type":"Person","@id":"https:\/\/www.aliadospuebla.com\/#\/schema\/person\/5da7dd09320bd4f392b710017ed5f8ad","name":"Aliados17","image":{"@type":"ImageObject","inLanguage":"es","@id":"https:\/\/www.aliadospuebla.com\/web2017\/wp-content\/uploads\/2025\/03\/cropped-para-perfil-8-anos-1-96x96.jpg","url":"https:\/\/www.aliadospuebla.com\/web2017\/wp-content\/uploads\/2025\/03\/cropped-para-perfil-8-anos-1-96x96.jpg","contentUrl":"https:\/\/www.aliadospuebla.com\/web2017\/wp-content\/uploads\/2025\/03\/cropped-para-perfil-8-anos-1-96x96.jpg","caption":"Aliados17"},"sameAs":["https:\/\/www.aliados17.com","https:\/\/www.facebook.com\/Aliados17Pue","https:\/\/x.com\/AliadosPuebla"],"url":"https:\/\/www.aliadospuebla.com\/?author=2"}]}},"views":14,"_links":{"self":[{"href":"https:\/\/www.aliadospuebla.com\/index.php?rest_route=\/wp\/v2\/posts\/71797","targetHints":{"allow":["GET"]}}],"collection":[{"href":"https:\/\/www.aliadospuebla.com\/index.php?rest_route=\/wp\/v2\/posts"}],"about":[{"href":"https:\/\/www.aliadospuebla.com\/index.php?rest_route=\/wp\/v2\/types\/post"}],"author":[{"embeddable":true,"href":"https:\/\/www.aliadospuebla.com\/index.php?rest_route=\/wp\/v2\/users\/2"}],"replies":[{"embeddable":true,"href":"https:\/\/www.aliadospuebla.com\/index.php?rest_route=%2Fwp%2Fv2%2Fcomments&post=71797"}],"version-history":[{"count":1,"href":"https:\/\/www.aliadospuebla.com\/index.php?rest_route=\/wp\/v2\/posts\/71797\/revisions"}],"predecessor-version":[{"id":71799,"href":"https:\/\/www.aliadospuebla.com\/index.php?rest_route=\/wp\/v2\/posts\/71797\/revisions\/71799"}],"wp:featuredmedia":[{"embeddable":true,"href":"https:\/\/www.aliadospuebla.com\/index.php?rest_route=\/wp\/v2\/media\/71798"}],"wp:attachment":[{"href":"https:\/\/www.aliadospuebla.com\/index.php?rest_route=%2Fwp%2Fv2%2Fmedia&parent=71797"}],"wp:term":[{"taxonomy":"category","embeddable":true,"href":"https:\/\/www.aliadospuebla.com\/index.php?rest_route=%2Fwp%2Fv2%2Fcategories&post=71797"},{"taxonomy":"post_tag","embeddable":true,"href":"https:\/\/www.aliadospuebla.com\/index.php?rest_route=%2Fwp%2Fv2%2Ftags&post=71797"}],"curies":[{"name":"wp","href":"https:\/\/api.w.org\/{rel}","templated":true}]}}