{"id":71663,"date":"2022-05-12T20:55:56","date_gmt":"2022-05-13T01:55:56","guid":{"rendered":"https:\/\/www.aliados17.com\/?p=71663"},"modified":"2022-05-12T20:55:56","modified_gmt":"2022-05-13T01:55:56","slug":"la-papa-caliente","status":"publish","type":"post","link":"https:\/\/www.aliadospuebla.com\/?p=71663","title":{"rendered":"LA PAPA CALIENTE"},"content":{"rendered":"<p>El patrimonio p\u00fablico de los texmeluquenses se encuentra desprotegido, pues un gran porcentaje<br \/>\nde los bienes inmuebles propiedad del municipio, no cuentan con escrituras p\u00fablicas que les den<br \/>\ncerteza jur\u00eddica. El Ayuntamiento de Texmelucan durante varias administraciones ha dado cuenta<br \/>\nde inmuebles entre los que destacan unidades deportivas de posesi\u00f3n municipal, que est\u00e1n sin<br \/>\nescriturar, o con doble escritura p\u00fablica, es decir que no tienen documento alguno que pruebe que<br \/>\nsu due\u00f1o es el municipio y muchas veces existe un particular como propietario.<br \/>\nAunque la alcald\u00eda tiene la posesi\u00f3n de los inmuebles, la falta de certeza jur\u00eddica al no tener una<br \/>\nescritura p\u00fablica, ha tra\u00eddo como consecuencia que el ayuntamiento se vea imposibilitado para<br \/>\ngestionar recursos de la federaci\u00f3n y del estado a fin de dignificar estos espacios, situaci\u00f3n que<br \/>\npodr\u00eda exponer tarde o temprano a los predios a que sean invadidos por alg\u00fan particular y que el<br \/>\nmunicipio no los pueda recuperar.<br \/>\nEn ese tenor, la semana pasada en nuestro municipio la presidenta Municipal, Norma Lay\u00f3n,<br \/>\ninaugur\u00f3 la primera cancha de f\u00fatbol, con pasto sint\u00e9tico en la junta auxiliar de San Buenaventura<br \/>\nTecaltzingo con una inversi\u00f3n de m\u00e1s de 1 mill\u00f3n 700 mil pesos provenientes del Fondo FORTAMUN<br \/>\ny recursos fiscales 2021,situaci\u00f3n que es de aplaudir en nuestro municipio, pues derivado de la falta<br \/>\nde certeza legal nos hemos visto imposibilitados a tener instalaciones como las donadas por RASSINI<br \/>\nFrenos con el Parque Felicidad en Temaxcalac.<br \/>\nEs de vital importancia la estrategia jur\u00eddica, que tenga que hacer la sindicatura municipal para<br \/>\npoder rescatar los predios y unidades deportivas que tienen conflictos jur\u00eddicos, y solamente<br \/>\nhablando de este rubro, pues sabemos de sobra que otros inmuebles destinados a otros servicios<br \/>\ntambi\u00e9n los tienen, por lo que es necesario en t\u00e9rminos de procedimientos legales el deber moral<br \/>\nde darle legitimidad a los ciudadanos de Texmelucan, y no nuevamente heredar el problema a otra<br \/>\nadministraci\u00f3n porque la papa caliente tarde o temprano le caer\u00e1 a alguien y los \u00fanicos afectados<br \/>\nseremos nosotros como ciudadanos.<\/p>\n<p>Y para finalizar esta intervenci\u00f3n, es necesario mencionar como lo hicimos en investigaciones<br \/>\nperiod\u00edsticas en otras administraciones sobre la situaci\u00f3n de litigio del predio de San Dami\u00e1n del<br \/>\njuicio reivindicatorio de fecha 26 de mayo del 2008, querella que qued\u00f3 asentada en el expediente<br \/>\n1643\/2008 del Juzgado Primero de lo Civil de Huejotzingo por un particular, y que de buena fuente<br \/>\nlegal tendr\u00e1 un desenlace interesante e hist\u00f3rico en las siguientes semanas para la presente<br \/>\nadministraci\u00f3n.<br \/>\nPero de eso platicaremos m\u00e1s adelante muy al estilo del peri\u00f3dico DESDE LAS CALLES<\/p>\n","protected":false},"excerpt":{"rendered":"<p>El patrimonio p\u00fablico de los texmeluquenses se encuentra desprotegido, pues un gran porcentaje de los bienes inmuebles propiedad del municipio, no cuentan con escrituras p\u00fablicas que les den certeza jur\u00eddica. El Ayuntamiento de Texmelucan durante varias administraciones ha dado cuenta de inmuebles entre los que destacan unidades deportivas de posesi\u00f3n municipal, que est\u00e1n sin escriturar, o con doble escritura p\u00fablica, es decir que no tienen documento alguno que pruebe que su due\u00f1o es el municipio y muchas veces existe un particular como propietario. Aunque la alcald\u00eda tiene la posesi\u00f3n de los inmuebles, la falta de certeza jur\u00eddica al no tener una escritura p\u00fablica, ha tra\u00eddo como consecuencia que el ayuntamiento se vea imposibilitado para gestionar recursos de la federaci\u00f3n y del estado a fin de&hellip;<\/p>\n<p class=\"excerpt-more\"><a class=\"blog-excerpt button\" href=\"https:\/\/www.aliadospuebla.com\/?p=71663\">Leer m\u00e1s&#8230;<\/a><\/p>\n","protected":false},"author":2,"featured_media":71666,"comment_status":"open","ping_status":"open","sticky":false,"template":"","format":"standard","meta":{"_monsterinsights_skip_tracking":false,"footnotes":""},"categories":[9],"tags":[19170,1309,15907,19171,710],"class_list":["post-71663","post","type-post","status-publish","format-standard","has-post-thumbnail","hentry","category-columnas","tag-bienes-inmuebles","tag-certeza-juridica","tag-desde-las-calles","tag-escrituras-publicas","tag-san-martin-texmelucan"],"yoast_head":"<!-- This site is optimized with the Yoast SEO plugin v28.4 - https:\/\/yoast.com\/product\/yoast-seo-wordpress\/ -->\n<title>LA PAPA CALIENTE - AliadosPuebla<\/title>\n<meta name=\"robots\" content=\"index, follow, max-snippet:-1, max-image-preview:large, max-video-preview:-1\" \/>\n<link rel=\"canonical\" href=\"https:\/\/www.aliadospuebla.com\/?p=71663\" \/>\n<meta property=\"og:locale\" content=\"es_ES\" \/>\n<meta property=\"og:type\" content=\"article\" \/>\n<meta property=\"og:title\" content=\"LA PAPA CALIENTE - AliadosPuebla\" \/>\n<meta property=\"og:description\" content=\"El patrimonio p\u00fablico de los texmeluquenses se encuentra desprotegido, pues un gran porcentaje de los bienes inmuebles propiedad del municipio, no cuentan con escrituras p\u00fablicas que les den certeza jur\u00eddica. El Ayuntamiento de Texmelucan durante varias administraciones ha dado cuenta de inmuebles entre los que destacan unidades deportivas de posesi\u00f3n municipal, que est\u00e1n sin escriturar, o con doble escritura p\u00fablica, es decir que no tienen documento alguno que pruebe que su due\u00f1o es el municipio y muchas veces existe un particular como propietario. Aunque la alcald\u00eda tiene la posesi\u00f3n de los inmuebles, la falta de certeza jur\u00eddica al no tener una escritura p\u00fablica, ha tra\u00eddo como consecuencia que el ayuntamiento se vea imposibilitado para gestionar recursos de la federaci\u00f3n y del estado a fin de&hellip;Leer m\u00e1s...\" \/>\n<meta property=\"og:url\" content=\"https:\/\/www.aliadospuebla.com\/?p=71663\" \/>\n<meta property=\"og:site_name\" content=\"AliadosPuebla\" \/>\n<meta property=\"article:author\" content=\"https:\/\/www.facebook.com\/Aliados17Pue\" \/>\n<meta property=\"article:published_time\" content=\"2022-05-13T01:55:56+00:00\" \/>\n<meta property=\"og:image\" content=\"https:\/\/www.aliadospuebla.com\/web2017\/wp-content\/uploads\/2022\/05\/79-papa.jpg\" \/>\n\t<meta property=\"og:image:width\" content=\"600\" \/>\n\t<meta property=\"og:image:height\" content=\"450\" \/>\n\t<meta property=\"og:image:type\" content=\"image\/jpeg\" \/>\n<meta name=\"author\" content=\"Aliados17\" \/>\n<meta name=\"twitter:card\" content=\"summary_large_image\" \/>\n<meta name=\"twitter:creator\" content=\"@AliadosPuebla\" \/>\n<meta name=\"twitter:label1\" content=\"Escrito por\" \/>\n\t<meta name=\"twitter:data1\" content=\"Aliados17\" \/>\n\t<meta name=\"twitter:label2\" content=\"Tiempo de lectura\" \/>\n\t<meta name=\"twitter:data2\" content=\"2 minutos\" \/>\n<script type=\"application\/ld+json\" class=\"yoast-schema-graph\">{\"@context\":\"https:\\\/\\\/schema.org\",\"@graph\":[{\"@type\":\"Article\",\"@id\":\"https:\\\/\\\/www.aliadospuebla.com\\\/?p=71663#article\",\"isPartOf\":{\"@id\":\"https:\\\/\\\/www.aliadospuebla.com\\\/?p=71663\"},\"author\":{\"name\":\"Aliados17\",\"@id\":\"https:\\\/\\\/www.aliadospuebla.com\\\/#\\\/schema\\\/person\\\/5da7dd09320bd4f392b710017ed5f8ad\"},\"headline\":\"LA PAPA CALIENTE\",\"datePublished\":\"2022-05-13T01:55:56+00:00\",\"mainEntityOfPage\":{\"@id\":\"https:\\\/\\\/www.aliadospuebla.com\\\/?p=71663\"},\"wordCount\":456,\"commentCount\":0,\"image\":{\"@id\":\"https:\\\/\\\/www.aliadospuebla.com\\\/?p=71663#primaryimage\"},\"thumbnailUrl\":\"https:\\\/\\\/www.aliadospuebla.com\\\/web2017\\\/wp-content\\\/uploads\\\/2022\\\/05\\\/79-papa.jpg\",\"keywords\":[\"bienes inmuebles\",\"CERTEZA JUR\u00cdDICA\",\"Desde las calles\",\"escrituras p\u00fablicas\",\"SAN MART\u00cdN TEXMELUCAN\"],\"articleSection\":[\"Columnas\"],\"inLanguage\":\"es\",\"potentialAction\":[{\"@type\":\"CommentAction\",\"name\":\"Comment\",\"target\":[\"https:\\\/\\\/www.aliadospuebla.com\\\/?p=71663#respond\"]}]},{\"@type\":\"WebPage\",\"@id\":\"https:\\\/\\\/www.aliadospuebla.com\\\/?p=71663\",\"url\":\"https:\\\/\\\/www.aliadospuebla.com\\\/?p=71663\",\"name\":\"LA PAPA CALIENTE - AliadosPuebla\",\"isPartOf\":{\"@id\":\"https:\\\/\\\/www.aliadospuebla.com\\\/#website\"},\"primaryImageOfPage\":{\"@id\":\"https:\\\/\\\/www.aliadospuebla.com\\\/?p=71663#primaryimage\"},\"image\":{\"@id\":\"https:\\\/\\\/www.aliadospuebla.com\\\/?p=71663#primaryimage\"},\"thumbnailUrl\":\"https:\\\/\\\/www.aliadospuebla.com\\\/web2017\\\/wp-content\\\/uploads\\\/2022\\\/05\\\/79-papa.jpg\",\"datePublished\":\"2022-05-13T01:55:56+00:00\",\"author\":{\"@id\":\"https:\\\/\\\/www.aliadospuebla.com\\\/#\\\/schema\\\/person\\\/5da7dd09320bd4f392b710017ed5f8ad\"},\"breadcrumb\":{\"@id\":\"https:\\\/\\\/www.aliadospuebla.com\\\/?p=71663#breadcrumb\"},\"inLanguage\":\"es\",\"potentialAction\":[{\"@type\":\"ReadAction\",\"target\":[\"https:\\\/\\\/www.aliadospuebla.com\\\/?p=71663\"]}]},{\"@type\":\"ImageObject\",\"inLanguage\":\"es\",\"@id\":\"https:\\\/\\\/www.aliadospuebla.com\\\/?p=71663#primaryimage\",\"url\":\"https:\\\/\\\/www.aliadospuebla.com\\\/web2017\\\/wp-content\\\/uploads\\\/2022\\\/05\\\/79-papa.jpg\",\"contentUrl\":\"https:\\\/\\\/www.aliadospuebla.com\\\/web2017\\\/wp-content\\\/uploads\\\/2022\\\/05\\\/79-papa.jpg\",\"width\":600,\"height\":450},{\"@type\":\"BreadcrumbList\",\"@id\":\"https:\\\/\\\/www.aliadospuebla.com\\\/?p=71663#breadcrumb\",\"itemListElement\":[{\"@type\":\"ListItem\",\"position\":1,\"name\":\"Portada\",\"item\":\"https:\\\/\\\/www.aliadospuebla.com\\\/\"},{\"@type\":\"ListItem\",\"position\":2,\"name\":\"LA PAPA CALIENTE\"}]},{\"@type\":\"WebSite\",\"@id\":\"https:\\\/\\\/www.aliadospuebla.com\\\/#website\",\"url\":\"https:\\\/\\\/www.aliadospuebla.com\\\/\",\"name\":\"AliadosPuebla\",\"description\":\"La informaci\u00f3n en tus manos\",\"potentialAction\":[{\"@type\":\"SearchAction\",\"target\":{\"@type\":\"EntryPoint\",\"urlTemplate\":\"https:\\\/\\\/www.aliadospuebla.com\\\/?s={search_term_string}\"},\"query-input\":{\"@type\":\"PropertyValueSpecification\",\"valueRequired\":true,\"valueName\":\"search_term_string\"}}],\"inLanguage\":\"es\"},{\"@type\":\"Person\",\"@id\":\"https:\\\/\\\/www.aliadospuebla.com\\\/#\\\/schema\\\/person\\\/5da7dd09320bd4f392b710017ed5f8ad\",\"name\":\"Aliados17\",\"image\":{\"@type\":\"ImageObject\",\"inLanguage\":\"es\",\"@id\":\"https:\\\/\\\/www.aliadospuebla.com\\\/web2017\\\/wp-content\\\/uploads\\\/2025\\\/03\\\/cropped-para-perfil-8-anos-1-96x96.jpg\",\"url\":\"https:\\\/\\\/www.aliadospuebla.com\\\/web2017\\\/wp-content\\\/uploads\\\/2025\\\/03\\\/cropped-para-perfil-8-anos-1-96x96.jpg\",\"contentUrl\":\"https:\\\/\\\/www.aliadospuebla.com\\\/web2017\\\/wp-content\\\/uploads\\\/2025\\\/03\\\/cropped-para-perfil-8-anos-1-96x96.jpg\",\"caption\":\"Aliados17\"},\"sameAs\":[\"https:\\\/\\\/www.aliados17.com\",\"https:\\\/\\\/www.facebook.com\\\/Aliados17Pue\",\"https:\\\/\\\/x.com\\\/AliadosPuebla\"],\"url\":\"https:\\\/\\\/www.aliadospuebla.com\\\/?author=2\"}]}<\/script>\n<!-- \/ Yoast SEO plugin. -->","yoast_head_json":{"title":"LA PAPA CALIENTE - AliadosPuebla","robots":{"index":"index","follow":"follow","max-snippet":"max-snippet:-1","max-image-preview":"max-image-preview:large","max-video-preview":"max-video-preview:-1"},"canonical":"https:\/\/www.aliadospuebla.com\/?p=71663","og_locale":"es_ES","og_type":"article","og_title":"LA PAPA CALIENTE - AliadosPuebla","og_description":"El patrimonio p\u00fablico de los texmeluquenses se encuentra desprotegido, pues un gran porcentaje de los bienes inmuebles propiedad del municipio, no cuentan con escrituras p\u00fablicas que les den certeza jur\u00eddica. El Ayuntamiento de Texmelucan durante varias administraciones ha dado cuenta de inmuebles entre los que destacan unidades deportivas de posesi\u00f3n municipal, que est\u00e1n sin escriturar, o con doble escritura p\u00fablica, es decir que no tienen documento alguno que pruebe que su due\u00f1o es el municipio y muchas veces existe un particular como propietario. Aunque la alcald\u00eda tiene la posesi\u00f3n de los inmuebles, la falta de certeza jur\u00eddica al no tener una escritura p\u00fablica, ha tra\u00eddo como consecuencia que el ayuntamiento se vea imposibilitado para gestionar recursos de la federaci\u00f3n y del estado a fin de&hellip;Leer m\u00e1s...","og_url":"https:\/\/www.aliadospuebla.com\/?p=71663","og_site_name":"AliadosPuebla","article_author":"https:\/\/www.facebook.com\/Aliados17Pue","article_published_time":"2022-05-13T01:55:56+00:00","og_image":[{"width":600,"height":450,"url":"https:\/\/www.aliadospuebla.com\/web2017\/wp-content\/uploads\/2022\/05\/79-papa.jpg","type":"image\/jpeg"}],"author":"Aliados17","twitter_card":"summary_large_image","twitter_creator":"@AliadosPuebla","twitter_misc":{"Escrito por":"Aliados17","Tiempo de lectura":"2 minutos"},"schema":{"@context":"https:\/\/schema.org","@graph":[{"@type":"Article","@id":"https:\/\/www.aliadospuebla.com\/?p=71663#article","isPartOf":{"@id":"https:\/\/www.aliadospuebla.com\/?p=71663"},"author":{"name":"Aliados17","@id":"https:\/\/www.aliadospuebla.com\/#\/schema\/person\/5da7dd09320bd4f392b710017ed5f8ad"},"headline":"LA PAPA CALIENTE","datePublished":"2022-05-13T01:55:56+00:00","mainEntityOfPage":{"@id":"https:\/\/www.aliadospuebla.com\/?p=71663"},"wordCount":456,"commentCount":0,"image":{"@id":"https:\/\/www.aliadospuebla.com\/?p=71663#primaryimage"},"thumbnailUrl":"https:\/\/www.aliadospuebla.com\/web2017\/wp-content\/uploads\/2022\/05\/79-papa.jpg","keywords":["bienes inmuebles","CERTEZA JUR\u00cdDICA","Desde las calles","escrituras p\u00fablicas","SAN MART\u00cdN TEXMELUCAN"],"articleSection":["Columnas"],"inLanguage":"es","potentialAction":[{"@type":"CommentAction","name":"Comment","target":["https:\/\/www.aliadospuebla.com\/?p=71663#respond"]}]},{"@type":"WebPage","@id":"https:\/\/www.aliadospuebla.com\/?p=71663","url":"https:\/\/www.aliadospuebla.com\/?p=71663","name":"LA PAPA CALIENTE - AliadosPuebla","isPartOf":{"@id":"https:\/\/www.aliadospuebla.com\/#website"},"primaryImageOfPage":{"@id":"https:\/\/www.aliadospuebla.com\/?p=71663#primaryimage"},"image":{"@id":"https:\/\/www.aliadospuebla.com\/?p=71663#primaryimage"},"thumbnailUrl":"https:\/\/www.aliadospuebla.com\/web2017\/wp-content\/uploads\/2022\/05\/79-papa.jpg","datePublished":"2022-05-13T01:55:56+00:00","author":{"@id":"https:\/\/www.aliadospuebla.com\/#\/schema\/person\/5da7dd09320bd4f392b710017ed5f8ad"},"breadcrumb":{"@id":"https:\/\/www.aliadospuebla.com\/?p=71663#breadcrumb"},"inLanguage":"es","potentialAction":[{"@type":"ReadAction","target":["https:\/\/www.aliadospuebla.com\/?p=71663"]}]},{"@type":"ImageObject","inLanguage":"es","@id":"https:\/\/www.aliadospuebla.com\/?p=71663#primaryimage","url":"https:\/\/www.aliadospuebla.com\/web2017\/wp-content\/uploads\/2022\/05\/79-papa.jpg","contentUrl":"https:\/\/www.aliadospuebla.com\/web2017\/wp-content\/uploads\/2022\/05\/79-papa.jpg","width":600,"height":450},{"@type":"BreadcrumbList","@id":"https:\/\/www.aliadospuebla.com\/?p=71663#breadcrumb","itemListElement":[{"@type":"ListItem","position":1,"name":"Portada","item":"https:\/\/www.aliadospuebla.com\/"},{"@type":"ListItem","position":2,"name":"LA PAPA CALIENTE"}]},{"@type":"WebSite","@id":"https:\/\/www.aliadospuebla.com\/#website","url":"https:\/\/www.aliadospuebla.com\/","name":"AliadosPuebla","description":"La informaci\u00f3n en tus manos","potentialAction":[{"@type":"SearchAction","target":{"@type":"EntryPoint","urlTemplate":"https:\/\/www.aliadospuebla.com\/?s={search_term_string}"},"query-input":{"@type":"PropertyValueSpecification","valueRequired":true,"valueName":"search_term_string"}}],"inLanguage":"es"},{"@type":"Person","@id":"https:\/\/www.aliadospuebla.com\/#\/schema\/person\/5da7dd09320bd4f392b710017ed5f8ad","name":"Aliados17","image":{"@type":"ImageObject","inLanguage":"es","@id":"https:\/\/www.aliadospuebla.com\/web2017\/wp-content\/uploads\/2025\/03\/cropped-para-perfil-8-anos-1-96x96.jpg","url":"https:\/\/www.aliadospuebla.com\/web2017\/wp-content\/uploads\/2025\/03\/cropped-para-perfil-8-anos-1-96x96.jpg","contentUrl":"https:\/\/www.aliadospuebla.com\/web2017\/wp-content\/uploads\/2025\/03\/cropped-para-perfil-8-anos-1-96x96.jpg","caption":"Aliados17"},"sameAs":["https:\/\/www.aliados17.com","https:\/\/www.facebook.com\/Aliados17Pue","https:\/\/x.com\/AliadosPuebla"],"url":"https:\/\/www.aliadospuebla.com\/?author=2"}]}},"views":8,"_links":{"self":[{"href":"https:\/\/www.aliadospuebla.com\/index.php?rest_route=\/wp\/v2\/posts\/71663","targetHints":{"allow":["GET"]}}],"collection":[{"href":"https:\/\/www.aliadospuebla.com\/index.php?rest_route=\/wp\/v2\/posts"}],"about":[{"href":"https:\/\/www.aliadospuebla.com\/index.php?rest_route=\/wp\/v2\/types\/post"}],"author":[{"embeddable":true,"href":"https:\/\/www.aliadospuebla.com\/index.php?rest_route=\/wp\/v2\/users\/2"}],"replies":[{"embeddable":true,"href":"https:\/\/www.aliadospuebla.com\/index.php?rest_route=%2Fwp%2Fv2%2Fcomments&post=71663"}],"version-history":[{"count":1,"href":"https:\/\/www.aliadospuebla.com\/index.php?rest_route=\/wp\/v2\/posts\/71663\/revisions"}],"predecessor-version":[{"id":71667,"href":"https:\/\/www.aliadospuebla.com\/index.php?rest_route=\/wp\/v2\/posts\/71663\/revisions\/71667"}],"wp:featuredmedia":[{"embeddable":true,"href":"https:\/\/www.aliadospuebla.com\/index.php?rest_route=\/wp\/v2\/media\/71666"}],"wp:attachment":[{"href":"https:\/\/www.aliadospuebla.com\/index.php?rest_route=%2Fwp%2Fv2%2Fmedia&parent=71663"}],"wp:term":[{"taxonomy":"category","embeddable":true,"href":"https:\/\/www.aliadospuebla.com\/index.php?rest_route=%2Fwp%2Fv2%2Fcategories&post=71663"},{"taxonomy":"post_tag","embeddable":true,"href":"https:\/\/www.aliadospuebla.com\/index.php?rest_route=%2Fwp%2Fv2%2Ftags&post=71663"}],"curies":[{"name":"wp","href":"https:\/\/api.w.org\/{rel}","templated":true}]}}