{"id":71192,"date":"2022-04-27T19:26:10","date_gmt":"2022-04-28T00:26:10","guid":{"rendered":"https:\/\/www.aliados17.com\/?p=71192"},"modified":"2022-04-27T19:26:10","modified_gmt":"2022-04-28T00:26:10","slug":"tono-lopez-apoya-a-ninas-y-ninos-con-donacion-de-mobiliario-y-materiales-didacticos-en-escuelas","status":"publish","type":"post","link":"https:\/\/www.aliadospuebla.com\/?p=71192","title":{"rendered":"TO\u00d1O L\u00d3PEZ APOYA A NI\u00d1AS Y NI\u00d1OS CON DONACI\u00d3N DE MOBILIARIO Y MATERIALES DID\u00c1CTICOS EN ESCUELAS"},"content":{"rendered":"<p style=\"font-weight: 400;\">A trav\u00e9s de sus redes sociales, el Diputado Jos\u00e9 Antonio L\u00f3pez Ruiz ha informado sobre la donaci\u00f3n de mobiliario y materiales did\u00e1cticos al preescolar\u00a0\u201cCEPI TLANEXTLI\u201d y al Jard\u00edn de \u201cNi\u00f1os Jaime Nuno Roca\u201d, ambos ubicados en el Distrito 20 del Sur del Municipio de Puebla de Zaragoza.<\/p>\n<p style=\"font-weight: 400;\">\n<p style=\"font-weight: 400;\">En ambas actividades reiter\u00f3 la importancia de trabajar por la primera infancia. En palabras de To\u00f1o L\u00f3pez:\u00a0\u201cConvivir con peque\u00f1as y peque\u00f1os fortalece mi compromiso de seguir trabajando. Estamos ayudando a quienes ser\u00e1n el futuro de Puebla y de M\u00e9xico\u201d.<\/p>\n<p style=\"font-weight: 400;\">\n<p style=\"font-weight: 400;\">De igual forma, asegur\u00f3 que estas actividades est\u00e1n relacionadas con sus convicciones de generar una sociedad con mayor igualdad y sin pobreza: \u201cDonar mobiliario y material did\u00e1ctico es tan importante porque en cada ni\u00f1a y ni\u00f1o se encuentran personas ejemplares. (\u2026) Estoy convencido que la mejor manera de generar igualdad y combatir la pobreza es con mejor educaci\u00f3n\u201d.<\/p>\n<p style=\"font-weight: 400;\">\n<p style=\"font-weight: 400;\">Finalmente, el Diputado To\u00f1o L\u00f3pez inform\u00f3 que seguir\u00e1 con estas actividades, adem\u00e1s de generar un evento importante para que madres y padres puedan convivir con sus familias en el D\u00eda de la Ni\u00f1a y del Ni\u00f1o.<\/p>\n","protected":false},"excerpt":{"rendered":"<p>A trav\u00e9s de sus redes sociales, el Diputado Jos\u00e9 Antonio L\u00f3pez Ruiz ha informado sobre la donaci\u00f3n de mobiliario y materiales did\u00e1cticos al preescolar\u00a0\u201cCEPI TLANEXTLI\u201d y al Jard\u00edn de \u201cNi\u00f1os Jaime Nuno Roca\u201d, ambos ubicados en el Distrito 20 del Sur del Municipio de Puebla de Zaragoza. En ambas actividades reiter\u00f3 la importancia de trabajar por la primera infancia. En palabras de To\u00f1o L\u00f3pez:\u00a0\u201cConvivir con peque\u00f1as y peque\u00f1os fortalece mi compromiso de seguir trabajando. Estamos ayudando a quienes ser\u00e1n el futuro de Puebla y de M\u00e9xico\u201d. De igual forma, asegur\u00f3 que estas actividades est\u00e1n relacionadas con sus convicciones de generar una sociedad con mayor igualdad y sin pobreza: \u201cDonar mobiliario y material did\u00e1ctico es tan importante porque en cada ni\u00f1a y ni\u00f1o se encuentran personas&hellip;<\/p>\n<p class=\"excerpt-more\"><a class=\"blog-excerpt button\" href=\"https:\/\/www.aliadospuebla.com\/?p=71192\">Leer m\u00e1s&#8230;<\/a><\/p>\n","protected":false},"author":2,"featured_media":71193,"comment_status":"open","ping_status":"open","sticky":false,"template":"","format":"standard","meta":{"_monsterinsights_skip_tracking":false,"footnotes":""},"categories":[6],"tags":[19068,18840,19067,2096,13188,15430],"class_list":["post-71192","post","type-post","status-publish","format-standard","has-post-thumbnail","hentry","category-politica","tag-diputado-puebla","tag-estado-de-puebla-politica","tag-lopez-diputado","tag-politica","tag-politica-puebla","tag-tono-lopez"],"yoast_head":"<!-- This site is optimized with the Yoast SEO plugin v28.4 - https:\/\/yoast.com\/product\/yoast-seo-wordpress\/ -->\n<title>TO\u00d1O L\u00d3PEZ APOYA A NI\u00d1AS Y NI\u00d1OS CON DONACI\u00d3N DE MOBILIARIO Y MATERIALES DID\u00c1CTICOS EN ESCUELAS - AliadosPuebla<\/title>\n<meta name=\"description\" content=\"A trav\u00e9s de sus redes sociales, el Diputado Jos\u00e9 Antonio L\u00f3pez Ruiz ha informado sobre la donaci\u00f3n de mobiliario y materiales....\" \/>\n<meta name=\"robots\" content=\"index, follow, max-snippet:-1, max-image-preview:large, max-video-preview:-1\" \/>\n<link rel=\"canonical\" href=\"https:\/\/www.aliadospuebla.com\/?p=71192\" \/>\n<meta property=\"og:locale\" content=\"es_ES\" \/>\n<meta property=\"og:type\" content=\"article\" \/>\n<meta property=\"og:title\" content=\"TO\u00d1O L\u00d3PEZ APOYA A NI\u00d1AS Y NI\u00d1OS CON DONACI\u00d3N DE MOBILIARIO Y MATERIALES DID\u00c1CTICOS EN ESCUELAS - AliadosPuebla\" \/>\n<meta property=\"og:description\" content=\"A trav\u00e9s de sus redes sociales, el Diputado Jos\u00e9 Antonio L\u00f3pez Ruiz ha informado sobre la donaci\u00f3n de mobiliario y materiales....\" \/>\n<meta property=\"og:url\" content=\"https:\/\/www.aliadospuebla.com\/?p=71192\" \/>\n<meta property=\"og:site_name\" content=\"AliadosPuebla\" \/>\n<meta property=\"article:author\" content=\"https:\/\/www.facebook.com\/Aliados17Pue\" \/>\n<meta property=\"article:published_time\" content=\"2022-04-28T00:26:10+00:00\" \/>\n<meta property=\"og:image\" content=\"https:\/\/www.aliadospuebla.com\/web2017\/wp-content\/uploads\/2022\/04\/114-TONO.jpg\" \/>\n\t<meta property=\"og:image:width\" content=\"600\" \/>\n\t<meta property=\"og:image:height\" content=\"450\" \/>\n\t<meta property=\"og:image:type\" content=\"image\/jpeg\" \/>\n<meta name=\"author\" content=\"Aliados17\" \/>\n<meta name=\"twitter:card\" content=\"summary_large_image\" \/>\n<meta name=\"twitter:creator\" content=\"@AliadosPuebla\" \/>\n<meta name=\"twitter:label1\" content=\"Escrito por\" \/>\n\t<meta name=\"twitter:data1\" content=\"Aliados17\" \/>\n\t<meta name=\"twitter:label2\" content=\"Tiempo de lectura\" \/>\n\t<meta name=\"twitter:data2\" content=\"1 minuto\" \/>\n<script type=\"application\/ld+json\" class=\"yoast-schema-graph\">{\"@context\":\"https:\\\/\\\/schema.org\",\"@graph\":[{\"@type\":\"Article\",\"@id\":\"https:\\\/\\\/www.aliadospuebla.com\\\/?p=71192#article\",\"isPartOf\":{\"@id\":\"https:\\\/\\\/www.aliadospuebla.com\\\/?p=71192\"},\"author\":{\"name\":\"Aliados17\",\"@id\":\"https:\\\/\\\/www.aliadospuebla.com\\\/#\\\/schema\\\/person\\\/5da7dd09320bd4f392b710017ed5f8ad\"},\"headline\":\"TO\u00d1O L\u00d3PEZ APOYA A NI\u00d1AS Y NI\u00d1OS CON DONACI\u00d3N DE MOBILIARIO Y MATERIALES DID\u00c1CTICOS EN ESCUELAS\",\"datePublished\":\"2022-04-28T00:26:10+00:00\",\"mainEntityOfPage\":{\"@id\":\"https:\\\/\\\/www.aliadospuebla.com\\\/?p=71192\"},\"wordCount\":225,\"commentCount\":0,\"image\":{\"@id\":\"https:\\\/\\\/www.aliadospuebla.com\\\/?p=71192#primaryimage\"},\"thumbnailUrl\":\"https:\\\/\\\/www.aliadospuebla.com\\\/web2017\\\/wp-content\\\/uploads\\\/2022\\\/04\\\/114-TONO.jpg\",\"keywords\":[\"Diputado Puebla\",\"Estado de Puebla Politica\",\"Lopez Diputado\",\"POL\u00cdTICA\",\"Politica Puebla\",\"To\u00f1o L\u00f3pez\"],\"articleSection\":[\"Pol\u00edtica\"],\"inLanguage\":\"es\",\"potentialAction\":[{\"@type\":\"CommentAction\",\"name\":\"Comment\",\"target\":[\"https:\\\/\\\/www.aliadospuebla.com\\\/?p=71192#respond\"]}]},{\"@type\":\"WebPage\",\"@id\":\"https:\\\/\\\/www.aliadospuebla.com\\\/?p=71192\",\"url\":\"https:\\\/\\\/www.aliadospuebla.com\\\/?p=71192\",\"name\":\"TO\u00d1O L\u00d3PEZ APOYA A NI\u00d1AS Y NI\u00d1OS CON DONACI\u00d3N DE MOBILIARIO Y MATERIALES DID\u00c1CTICOS EN ESCUELAS - AliadosPuebla\",\"isPartOf\":{\"@id\":\"https:\\\/\\\/www.aliadospuebla.com\\\/#website\"},\"primaryImageOfPage\":{\"@id\":\"https:\\\/\\\/www.aliadospuebla.com\\\/?p=71192#primaryimage\"},\"image\":{\"@id\":\"https:\\\/\\\/www.aliadospuebla.com\\\/?p=71192#primaryimage\"},\"thumbnailUrl\":\"https:\\\/\\\/www.aliadospuebla.com\\\/web2017\\\/wp-content\\\/uploads\\\/2022\\\/04\\\/114-TONO.jpg\",\"datePublished\":\"2022-04-28T00:26:10+00:00\",\"author\":{\"@id\":\"https:\\\/\\\/www.aliadospuebla.com\\\/#\\\/schema\\\/person\\\/5da7dd09320bd4f392b710017ed5f8ad\"},\"description\":\"A trav\u00e9s de sus redes sociales, el Diputado Jos\u00e9 Antonio L\u00f3pez Ruiz ha informado sobre la donaci\u00f3n de mobiliario y materiales....\",\"breadcrumb\":{\"@id\":\"https:\\\/\\\/www.aliadospuebla.com\\\/?p=71192#breadcrumb\"},\"inLanguage\":\"es\",\"potentialAction\":[{\"@type\":\"ReadAction\",\"target\":[\"https:\\\/\\\/www.aliadospuebla.com\\\/?p=71192\"]}]},{\"@type\":\"ImageObject\",\"inLanguage\":\"es\",\"@id\":\"https:\\\/\\\/www.aliadospuebla.com\\\/?p=71192#primaryimage\",\"url\":\"https:\\\/\\\/www.aliadospuebla.com\\\/web2017\\\/wp-content\\\/uploads\\\/2022\\\/04\\\/114-TONO.jpg\",\"contentUrl\":\"https:\\\/\\\/www.aliadospuebla.com\\\/web2017\\\/wp-content\\\/uploads\\\/2022\\\/04\\\/114-TONO.jpg\",\"width\":600,\"height\":450},{\"@type\":\"BreadcrumbList\",\"@id\":\"https:\\\/\\\/www.aliadospuebla.com\\\/?p=71192#breadcrumb\",\"itemListElement\":[{\"@type\":\"ListItem\",\"position\":1,\"name\":\"Portada\",\"item\":\"https:\\\/\\\/www.aliadospuebla.com\\\/\"},{\"@type\":\"ListItem\",\"position\":2,\"name\":\"TO\u00d1O L\u00d3PEZ APOYA A NI\u00d1AS Y NI\u00d1OS CON DONACI\u00d3N DE MOBILIARIO Y MATERIALES DID\u00c1CTICOS EN ESCUELAS\"}]},{\"@type\":\"WebSite\",\"@id\":\"https:\\\/\\\/www.aliadospuebla.com\\\/#website\",\"url\":\"https:\\\/\\\/www.aliadospuebla.com\\\/\",\"name\":\"AliadosPuebla\",\"description\":\"La informaci\u00f3n en tus manos\",\"potentialAction\":[{\"@type\":\"SearchAction\",\"target\":{\"@type\":\"EntryPoint\",\"urlTemplate\":\"https:\\\/\\\/www.aliadospuebla.com\\\/?s={search_term_string}\"},\"query-input\":{\"@type\":\"PropertyValueSpecification\",\"valueRequired\":true,\"valueName\":\"search_term_string\"}}],\"inLanguage\":\"es\"},{\"@type\":\"Person\",\"@id\":\"https:\\\/\\\/www.aliadospuebla.com\\\/#\\\/schema\\\/person\\\/5da7dd09320bd4f392b710017ed5f8ad\",\"name\":\"Aliados17\",\"image\":{\"@type\":\"ImageObject\",\"inLanguage\":\"es\",\"@id\":\"https:\\\/\\\/www.aliadospuebla.com\\\/web2017\\\/wp-content\\\/uploads\\\/2025\\\/03\\\/cropped-para-perfil-8-anos-1-96x96.jpg\",\"url\":\"https:\\\/\\\/www.aliadospuebla.com\\\/web2017\\\/wp-content\\\/uploads\\\/2025\\\/03\\\/cropped-para-perfil-8-anos-1-96x96.jpg\",\"contentUrl\":\"https:\\\/\\\/www.aliadospuebla.com\\\/web2017\\\/wp-content\\\/uploads\\\/2025\\\/03\\\/cropped-para-perfil-8-anos-1-96x96.jpg\",\"caption\":\"Aliados17\"},\"sameAs\":[\"https:\\\/\\\/www.aliados17.com\",\"https:\\\/\\\/www.facebook.com\\\/Aliados17Pue\",\"https:\\\/\\\/x.com\\\/AliadosPuebla\"],\"url\":\"https:\\\/\\\/www.aliadospuebla.com\\\/?author=2\"}]}<\/script>\n<!-- \/ Yoast SEO plugin. -->","yoast_head_json":{"title":"TO\u00d1O L\u00d3PEZ APOYA A NI\u00d1AS Y NI\u00d1OS CON DONACI\u00d3N DE MOBILIARIO Y MATERIALES DID\u00c1CTICOS EN ESCUELAS - AliadosPuebla","description":"A trav\u00e9s de sus redes sociales, el Diputado Jos\u00e9 Antonio L\u00f3pez Ruiz ha informado sobre la donaci\u00f3n de mobiliario y materiales....","robots":{"index":"index","follow":"follow","max-snippet":"max-snippet:-1","max-image-preview":"max-image-preview:large","max-video-preview":"max-video-preview:-1"},"canonical":"https:\/\/www.aliadospuebla.com\/?p=71192","og_locale":"es_ES","og_type":"article","og_title":"TO\u00d1O L\u00d3PEZ APOYA A NI\u00d1AS Y NI\u00d1OS CON DONACI\u00d3N DE MOBILIARIO Y MATERIALES DID\u00c1CTICOS EN ESCUELAS - AliadosPuebla","og_description":"A trav\u00e9s de sus redes sociales, el Diputado Jos\u00e9 Antonio L\u00f3pez Ruiz ha informado sobre la donaci\u00f3n de mobiliario y materiales....","og_url":"https:\/\/www.aliadospuebla.com\/?p=71192","og_site_name":"AliadosPuebla","article_author":"https:\/\/www.facebook.com\/Aliados17Pue","article_published_time":"2022-04-28T00:26:10+00:00","og_image":[{"width":600,"height":450,"url":"https:\/\/www.aliadospuebla.com\/web2017\/wp-content\/uploads\/2022\/04\/114-TONO.jpg","type":"image\/jpeg"}],"author":"Aliados17","twitter_card":"summary_large_image","twitter_creator":"@AliadosPuebla","twitter_misc":{"Escrito por":"Aliados17","Tiempo de lectura":"1 minuto"},"schema":{"@context":"https:\/\/schema.org","@graph":[{"@type":"Article","@id":"https:\/\/www.aliadospuebla.com\/?p=71192#article","isPartOf":{"@id":"https:\/\/www.aliadospuebla.com\/?p=71192"},"author":{"name":"Aliados17","@id":"https:\/\/www.aliadospuebla.com\/#\/schema\/person\/5da7dd09320bd4f392b710017ed5f8ad"},"headline":"TO\u00d1O L\u00d3PEZ APOYA A NI\u00d1AS Y NI\u00d1OS CON DONACI\u00d3N DE MOBILIARIO Y MATERIALES DID\u00c1CTICOS EN ESCUELAS","datePublished":"2022-04-28T00:26:10+00:00","mainEntityOfPage":{"@id":"https:\/\/www.aliadospuebla.com\/?p=71192"},"wordCount":225,"commentCount":0,"image":{"@id":"https:\/\/www.aliadospuebla.com\/?p=71192#primaryimage"},"thumbnailUrl":"https:\/\/www.aliadospuebla.com\/web2017\/wp-content\/uploads\/2022\/04\/114-TONO.jpg","keywords":["Diputado Puebla","Estado de Puebla Politica","Lopez Diputado","POL\u00cdTICA","Politica Puebla","To\u00f1o L\u00f3pez"],"articleSection":["Pol\u00edtica"],"inLanguage":"es","potentialAction":[{"@type":"CommentAction","name":"Comment","target":["https:\/\/www.aliadospuebla.com\/?p=71192#respond"]}]},{"@type":"WebPage","@id":"https:\/\/www.aliadospuebla.com\/?p=71192","url":"https:\/\/www.aliadospuebla.com\/?p=71192","name":"TO\u00d1O L\u00d3PEZ APOYA A NI\u00d1AS Y NI\u00d1OS CON DONACI\u00d3N DE MOBILIARIO Y MATERIALES DID\u00c1CTICOS EN ESCUELAS - AliadosPuebla","isPartOf":{"@id":"https:\/\/www.aliadospuebla.com\/#website"},"primaryImageOfPage":{"@id":"https:\/\/www.aliadospuebla.com\/?p=71192#primaryimage"},"image":{"@id":"https:\/\/www.aliadospuebla.com\/?p=71192#primaryimage"},"thumbnailUrl":"https:\/\/www.aliadospuebla.com\/web2017\/wp-content\/uploads\/2022\/04\/114-TONO.jpg","datePublished":"2022-04-28T00:26:10+00:00","author":{"@id":"https:\/\/www.aliadospuebla.com\/#\/schema\/person\/5da7dd09320bd4f392b710017ed5f8ad"},"description":"A trav\u00e9s de sus redes sociales, el Diputado Jos\u00e9 Antonio L\u00f3pez Ruiz ha informado sobre la donaci\u00f3n de mobiliario y materiales....","breadcrumb":{"@id":"https:\/\/www.aliadospuebla.com\/?p=71192#breadcrumb"},"inLanguage":"es","potentialAction":[{"@type":"ReadAction","target":["https:\/\/www.aliadospuebla.com\/?p=71192"]}]},{"@type":"ImageObject","inLanguage":"es","@id":"https:\/\/www.aliadospuebla.com\/?p=71192#primaryimage","url":"https:\/\/www.aliadospuebla.com\/web2017\/wp-content\/uploads\/2022\/04\/114-TONO.jpg","contentUrl":"https:\/\/www.aliadospuebla.com\/web2017\/wp-content\/uploads\/2022\/04\/114-TONO.jpg","width":600,"height":450},{"@type":"BreadcrumbList","@id":"https:\/\/www.aliadospuebla.com\/?p=71192#breadcrumb","itemListElement":[{"@type":"ListItem","position":1,"name":"Portada","item":"https:\/\/www.aliadospuebla.com\/"},{"@type":"ListItem","position":2,"name":"TO\u00d1O L\u00d3PEZ APOYA A NI\u00d1AS Y NI\u00d1OS CON DONACI\u00d3N DE MOBILIARIO Y MATERIALES DID\u00c1CTICOS EN ESCUELAS"}]},{"@type":"WebSite","@id":"https:\/\/www.aliadospuebla.com\/#website","url":"https:\/\/www.aliadospuebla.com\/","name":"AliadosPuebla","description":"La informaci\u00f3n en tus manos","potentialAction":[{"@type":"SearchAction","target":{"@type":"EntryPoint","urlTemplate":"https:\/\/www.aliadospuebla.com\/?s={search_term_string}"},"query-input":{"@type":"PropertyValueSpecification","valueRequired":true,"valueName":"search_term_string"}}],"inLanguage":"es"},{"@type":"Person","@id":"https:\/\/www.aliadospuebla.com\/#\/schema\/person\/5da7dd09320bd4f392b710017ed5f8ad","name":"Aliados17","image":{"@type":"ImageObject","inLanguage":"es","@id":"https:\/\/www.aliadospuebla.com\/web2017\/wp-content\/uploads\/2025\/03\/cropped-para-perfil-8-anos-1-96x96.jpg","url":"https:\/\/www.aliadospuebla.com\/web2017\/wp-content\/uploads\/2025\/03\/cropped-para-perfil-8-anos-1-96x96.jpg","contentUrl":"https:\/\/www.aliadospuebla.com\/web2017\/wp-content\/uploads\/2025\/03\/cropped-para-perfil-8-anos-1-96x96.jpg","caption":"Aliados17"},"sameAs":["https:\/\/www.aliados17.com","https:\/\/www.facebook.com\/Aliados17Pue","https:\/\/x.com\/AliadosPuebla"],"url":"https:\/\/www.aliadospuebla.com\/?author=2"}]}},"views":8,"_links":{"self":[{"href":"https:\/\/www.aliadospuebla.com\/index.php?rest_route=\/wp\/v2\/posts\/71192","targetHints":{"allow":["GET"]}}],"collection":[{"href":"https:\/\/www.aliadospuebla.com\/index.php?rest_route=\/wp\/v2\/posts"}],"about":[{"href":"https:\/\/www.aliadospuebla.com\/index.php?rest_route=\/wp\/v2\/types\/post"}],"author":[{"embeddable":true,"href":"https:\/\/www.aliadospuebla.com\/index.php?rest_route=\/wp\/v2\/users\/2"}],"replies":[{"embeddable":true,"href":"https:\/\/www.aliadospuebla.com\/index.php?rest_route=%2Fwp%2Fv2%2Fcomments&post=71192"}],"version-history":[{"count":1,"href":"https:\/\/www.aliadospuebla.com\/index.php?rest_route=\/wp\/v2\/posts\/71192\/revisions"}],"predecessor-version":[{"id":71194,"href":"https:\/\/www.aliadospuebla.com\/index.php?rest_route=\/wp\/v2\/posts\/71192\/revisions\/71194"}],"wp:featuredmedia":[{"embeddable":true,"href":"https:\/\/www.aliadospuebla.com\/index.php?rest_route=\/wp\/v2\/media\/71193"}],"wp:attachment":[{"href":"https:\/\/www.aliadospuebla.com\/index.php?rest_route=%2Fwp%2Fv2%2Fmedia&parent=71192"}],"wp:term":[{"taxonomy":"category","embeddable":true,"href":"https:\/\/www.aliadospuebla.com\/index.php?rest_route=%2Fwp%2Fv2%2Fcategories&post=71192"},{"taxonomy":"post_tag","embeddable":true,"href":"https:\/\/www.aliadospuebla.com\/index.php?rest_route=%2Fwp%2Fv2%2Ftags&post=71192"}],"curies":[{"name":"wp","href":"https:\/\/api.w.org\/{rel}","templated":true}]}}