{"id":70828,"date":"2022-04-19T13:11:23","date_gmt":"2022-04-19T18:11:23","guid":{"rendered":"https:\/\/www.aliados17.com\/?p=70828"},"modified":"2022-04-19T13:11:23","modified_gmt":"2022-04-19T18:11:23","slug":"conmemoran-aniversario-luctuoso-de-camarena-en-amozoc","status":"publish","type":"post","link":"https:\/\/www.aliadospuebla.com\/?p=70828","title":{"rendered":"Conmemoran Aniversario Luctuoso de Camarena en Amozoc"},"content":{"rendered":"<p>Amozoc, Puebla.- El presidente municipal de<strong> Amozoc<\/strong>, <strong>Mario de la Rosa Romero<\/strong><\/p>\n<p>encabez\u00f3 la ceremonia en conmemoraci\u00f3n de<strong> LVII Aniversario Luctuoso<\/strong><\/p>\n<p>del gran cient\u00edfico mexicano, inventor de la televisi\u00f3n a color, el ingeniero <strong>Guillermo Gonz\u00e1lez Camarena.<\/strong><\/p>\n<p>Fue en compa\u00f1\u00eda de regidores, directivos y el se\u00f1or <strong>Enrique Castro<\/strong> (familiar) que se realiz\u00f3 una guardia de honor.<\/p>\n<p>Durante la ceremonia, el presidente municipal de <strong>Amozoc, Mario de la Rosa Romero<\/strong>,<\/p>\n<p>mencion\u00f3 la importancia de recordar el legado que dej\u00f3 uno de los personajes m\u00e1s ilustres de <strong>M\u00e9xico.<\/strong><\/p>\n<p>Detall\u00f3 que no es un festejo, sino una conmemoraci\u00f3n, d\u00f3nde con afecto y respeto<\/p>\n<p>se recuerda el aporte que dio el <strong>Ingeniero Guillermo Gonz\u00e1lez Camarena<\/strong> a M\u00e9xico y al mundo.<\/p>\n<p>Fue el <strong>18 de abril de 1965<\/strong> cuando muri\u00f3 <strong>Gonz\u00e1lez Camarena<\/strong>,<\/p>\n<p>tras un accidente automovil\u00edstico en <strong>Amozoc, Puebla,<\/strong> cuando regresaba de inspeccionar<\/p>\n<p>un transmisor repetidor del Canal 5.<\/p>\n<p>Fue uno de los inventores m\u00e1s prol\u00edficos del siglo XX, produjo el <strong>Sistema Tricrom\u00e1tico Secuencial de Campos<\/strong><\/p>\n<p>y el primero de la transmisi\u00f3n a color para la televisi\u00f3n mundial.<\/p>\n","protected":false},"excerpt":{"rendered":"<p>Amozoc, Puebla.- El presidente municipal de Amozoc, Mario de la Rosa Romero encabez\u00f3 la ceremonia en conmemoraci\u00f3n de LVII Aniversario Luctuoso del gran cient\u00edfico mexicano, inventor de la televisi\u00f3n a color, el ingeniero Guillermo Gonz\u00e1lez Camarena. Fue en compa\u00f1\u00eda de regidores, directivos y el se\u00f1or Enrique Castro (familiar) que se realiz\u00f3 una guardia de honor. Durante la ceremonia, el presidente municipal de Amozoc, Mario de la Rosa Romero, mencion\u00f3 la importancia de recordar el legado que dej\u00f3 uno de los personajes m\u00e1s ilustres de M\u00e9xico. Detall\u00f3 que no es un festejo, sino una conmemoraci\u00f3n, d\u00f3nde con afecto y respeto se recuerda el aporte que dio el Ingeniero Guillermo Gonz\u00e1lez Camarena a M\u00e9xico y al mundo. Fue el 18 de abril de 1965 cuando muri\u00f3 Gonz\u00e1lez&hellip;<\/p>\n<p class=\"excerpt-more\"><a class=\"blog-excerpt button\" href=\"https:\/\/www.aliadospuebla.com\/?p=70828\">Leer m\u00e1s&#8230;<\/a><\/p>\n","protected":false},"author":2,"featured_media":70829,"comment_status":"open","ping_status":"open","sticky":false,"template":"","format":"standard","meta":{"_monsterinsights_skip_tracking":false,"footnotes":""},"categories":[4],"tags":[1667,976,18980,18979,8898],"class_list":["post-70828","post","type-post","status-publish","format-standard","has-post-thumbnail","hentry","category-municipios","tag-amozoc","tag-aniversario-luctuoso","tag-enrique-castro","tag-guillermo-gonzalez-camarena","tag-mario-de-la-rosa-romero"],"yoast_head":"<!-- This site is optimized with the Yoast SEO plugin v28.3 - https:\/\/yoast.com\/product\/yoast-seo-wordpress\/ -->\n<title>Conmemoran Aniversario Luctuoso de Camarena en Amozoc - AliadosPuebla<\/title>\n<meta name=\"robots\" content=\"index, follow, max-snippet:-1, max-image-preview:large, max-video-preview:-1\" \/>\n<link rel=\"canonical\" href=\"https:\/\/www.aliadospuebla.com\/?p=70828\" \/>\n<meta property=\"og:locale\" content=\"es_ES\" \/>\n<meta property=\"og:type\" content=\"article\" \/>\n<meta property=\"og:title\" content=\"Conmemoran Aniversario Luctuoso de Camarena en Amozoc - AliadosPuebla\" \/>\n<meta property=\"og:description\" content=\"Amozoc, Puebla.- El presidente municipal de Amozoc, Mario de la Rosa Romero encabez\u00f3 la ceremonia en conmemoraci\u00f3n de LVII Aniversario Luctuoso del gran cient\u00edfico mexicano, inventor de la televisi\u00f3n a color, el ingeniero Guillermo Gonz\u00e1lez Camarena. Fue en compa\u00f1\u00eda de regidores, directivos y el se\u00f1or Enrique Castro (familiar) que se realiz\u00f3 una guardia de honor. Durante la ceremonia, el presidente municipal de Amozoc, Mario de la Rosa Romero, mencion\u00f3 la importancia de recordar el legado que dej\u00f3 uno de los personajes m\u00e1s ilustres de M\u00e9xico. Detall\u00f3 que no es un festejo, sino una conmemoraci\u00f3n, d\u00f3nde con afecto y respeto se recuerda el aporte que dio el Ingeniero Guillermo Gonz\u00e1lez Camarena a M\u00e9xico y al mundo. Fue el 18 de abril de 1965 cuando muri\u00f3 Gonz\u00e1lez&hellip;Leer m\u00e1s...\" \/>\n<meta property=\"og:url\" content=\"https:\/\/www.aliadospuebla.com\/?p=70828\" \/>\n<meta property=\"og:site_name\" content=\"AliadosPuebla\" \/>\n<meta property=\"article:author\" content=\"https:\/\/www.facebook.com\/Aliados17Pue\" \/>\n<meta property=\"article:published_time\" content=\"2022-04-19T18:11:23+00:00\" \/>\n<meta property=\"og:image\" content=\"https:\/\/www.aliadospuebla.com\/web2017\/wp-content\/uploads\/2022\/04\/110-amozoc.jpg\" \/>\n\t<meta property=\"og:image:width\" content=\"600\" \/>\n\t<meta property=\"og:image:height\" content=\"450\" \/>\n\t<meta property=\"og:image:type\" content=\"image\/jpeg\" \/>\n<meta name=\"author\" content=\"Aliados17\" \/>\n<meta name=\"twitter:card\" content=\"summary_large_image\" \/>\n<meta name=\"twitter:creator\" content=\"@AliadosPuebla\" \/>\n<meta name=\"twitter:label1\" content=\"Escrito por\" \/>\n\t<meta name=\"twitter:data1\" content=\"Aliados17\" \/>\n\t<meta name=\"twitter:label2\" content=\"Tiempo de lectura\" \/>\n\t<meta name=\"twitter:data2\" content=\"1 minuto\" \/>\n<script type=\"application\/ld+json\" class=\"yoast-schema-graph\">{\"@context\":\"https:\\\/\\\/schema.org\",\"@graph\":[{\"@type\":\"Article\",\"@id\":\"https:\\\/\\\/www.aliadospuebla.com\\\/?p=70828#article\",\"isPartOf\":{\"@id\":\"https:\\\/\\\/www.aliadospuebla.com\\\/?p=70828\"},\"author\":{\"name\":\"Aliados17\",\"@id\":\"https:\\\/\\\/www.aliadospuebla.com\\\/#\\\/schema\\\/person\\\/5da7dd09320bd4f392b710017ed5f8ad\"},\"headline\":\"Conmemoran Aniversario Luctuoso de Camarena en Amozoc\",\"datePublished\":\"2022-04-19T18:11:23+00:00\",\"mainEntityOfPage\":{\"@id\":\"https:\\\/\\\/www.aliadospuebla.com\\\/?p=70828\"},\"wordCount\":196,\"commentCount\":0,\"image\":{\"@id\":\"https:\\\/\\\/www.aliadospuebla.com\\\/?p=70828#primaryimage\"},\"thumbnailUrl\":\"https:\\\/\\\/www.aliadospuebla.com\\\/web2017\\\/wp-content\\\/uploads\\\/2022\\\/04\\\/110-amozoc.jpg\",\"keywords\":[\"AMOZOC\",\"ANIVERSARIO LUCTUOSO\",\"Enrique Castro\",\"Guillermo Gonz\u00e1lez Camarena\",\"MARIO DE LA ROSA ROMERO\"],\"articleSection\":[\"Municipios\"],\"inLanguage\":\"es\",\"potentialAction\":[{\"@type\":\"CommentAction\",\"name\":\"Comment\",\"target\":[\"https:\\\/\\\/www.aliadospuebla.com\\\/?p=70828#respond\"]}]},{\"@type\":\"WebPage\",\"@id\":\"https:\\\/\\\/www.aliadospuebla.com\\\/?p=70828\",\"url\":\"https:\\\/\\\/www.aliadospuebla.com\\\/?p=70828\",\"name\":\"Conmemoran Aniversario Luctuoso de Camarena en Amozoc - AliadosPuebla\",\"isPartOf\":{\"@id\":\"https:\\\/\\\/www.aliadospuebla.com\\\/#website\"},\"primaryImageOfPage\":{\"@id\":\"https:\\\/\\\/www.aliadospuebla.com\\\/?p=70828#primaryimage\"},\"image\":{\"@id\":\"https:\\\/\\\/www.aliadospuebla.com\\\/?p=70828#primaryimage\"},\"thumbnailUrl\":\"https:\\\/\\\/www.aliadospuebla.com\\\/web2017\\\/wp-content\\\/uploads\\\/2022\\\/04\\\/110-amozoc.jpg\",\"datePublished\":\"2022-04-19T18:11:23+00:00\",\"author\":{\"@id\":\"https:\\\/\\\/www.aliadospuebla.com\\\/#\\\/schema\\\/person\\\/5da7dd09320bd4f392b710017ed5f8ad\"},\"breadcrumb\":{\"@id\":\"https:\\\/\\\/www.aliadospuebla.com\\\/?p=70828#breadcrumb\"},\"inLanguage\":\"es\",\"potentialAction\":[{\"@type\":\"ReadAction\",\"target\":[\"https:\\\/\\\/www.aliadospuebla.com\\\/?p=70828\"]}]},{\"@type\":\"ImageObject\",\"inLanguage\":\"es\",\"@id\":\"https:\\\/\\\/www.aliadospuebla.com\\\/?p=70828#primaryimage\",\"url\":\"https:\\\/\\\/www.aliadospuebla.com\\\/web2017\\\/wp-content\\\/uploads\\\/2022\\\/04\\\/110-amozoc.jpg\",\"contentUrl\":\"https:\\\/\\\/www.aliadospuebla.com\\\/web2017\\\/wp-content\\\/uploads\\\/2022\\\/04\\\/110-amozoc.jpg\",\"width\":600,\"height\":450},{\"@type\":\"BreadcrumbList\",\"@id\":\"https:\\\/\\\/www.aliadospuebla.com\\\/?p=70828#breadcrumb\",\"itemListElement\":[{\"@type\":\"ListItem\",\"position\":1,\"name\":\"Portada\",\"item\":\"https:\\\/\\\/www.aliadospuebla.com\\\/\"},{\"@type\":\"ListItem\",\"position\":2,\"name\":\"Conmemoran Aniversario Luctuoso de Camarena en Amozoc\"}]},{\"@type\":\"WebSite\",\"@id\":\"https:\\\/\\\/www.aliadospuebla.com\\\/#website\",\"url\":\"https:\\\/\\\/www.aliadospuebla.com\\\/\",\"name\":\"AliadosPuebla\",\"description\":\"La informaci\u00f3n en tus manos\",\"potentialAction\":[{\"@type\":\"SearchAction\",\"target\":{\"@type\":\"EntryPoint\",\"urlTemplate\":\"https:\\\/\\\/www.aliadospuebla.com\\\/?s={search_term_string}\"},\"query-input\":{\"@type\":\"PropertyValueSpecification\",\"valueRequired\":true,\"valueName\":\"search_term_string\"}}],\"inLanguage\":\"es\"},{\"@type\":\"Person\",\"@id\":\"https:\\\/\\\/www.aliadospuebla.com\\\/#\\\/schema\\\/person\\\/5da7dd09320bd4f392b710017ed5f8ad\",\"name\":\"Aliados17\",\"image\":{\"@type\":\"ImageObject\",\"inLanguage\":\"es\",\"@id\":\"https:\\\/\\\/www.aliadospuebla.com\\\/web2017\\\/wp-content\\\/uploads\\\/2025\\\/03\\\/cropped-para-perfil-8-anos-1-96x96.jpg\",\"url\":\"https:\\\/\\\/www.aliadospuebla.com\\\/web2017\\\/wp-content\\\/uploads\\\/2025\\\/03\\\/cropped-para-perfil-8-anos-1-96x96.jpg\",\"contentUrl\":\"https:\\\/\\\/www.aliadospuebla.com\\\/web2017\\\/wp-content\\\/uploads\\\/2025\\\/03\\\/cropped-para-perfil-8-anos-1-96x96.jpg\",\"caption\":\"Aliados17\"},\"sameAs\":[\"https:\\\/\\\/www.aliados17.com\",\"https:\\\/\\\/www.facebook.com\\\/Aliados17Pue\",\"https:\\\/\\\/x.com\\\/AliadosPuebla\"],\"url\":\"https:\\\/\\\/www.aliadospuebla.com\\\/?author=2\"}]}<\/script>\n<!-- \/ Yoast SEO plugin. -->","yoast_head_json":{"title":"Conmemoran Aniversario Luctuoso de Camarena en Amozoc - AliadosPuebla","robots":{"index":"index","follow":"follow","max-snippet":"max-snippet:-1","max-image-preview":"max-image-preview:large","max-video-preview":"max-video-preview:-1"},"canonical":"https:\/\/www.aliadospuebla.com\/?p=70828","og_locale":"es_ES","og_type":"article","og_title":"Conmemoran Aniversario Luctuoso de Camarena en Amozoc - AliadosPuebla","og_description":"Amozoc, Puebla.- El presidente municipal de Amozoc, Mario de la Rosa Romero encabez\u00f3 la ceremonia en conmemoraci\u00f3n de LVII Aniversario Luctuoso del gran cient\u00edfico mexicano, inventor de la televisi\u00f3n a color, el ingeniero Guillermo Gonz\u00e1lez Camarena. Fue en compa\u00f1\u00eda de regidores, directivos y el se\u00f1or Enrique Castro (familiar) que se realiz\u00f3 una guardia de honor. Durante la ceremonia, el presidente municipal de Amozoc, Mario de la Rosa Romero, mencion\u00f3 la importancia de recordar el legado que dej\u00f3 uno de los personajes m\u00e1s ilustres de M\u00e9xico. Detall\u00f3 que no es un festejo, sino una conmemoraci\u00f3n, d\u00f3nde con afecto y respeto se recuerda el aporte que dio el Ingeniero Guillermo Gonz\u00e1lez Camarena a M\u00e9xico y al mundo. Fue el 18 de abril de 1965 cuando muri\u00f3 Gonz\u00e1lez&hellip;Leer m\u00e1s...","og_url":"https:\/\/www.aliadospuebla.com\/?p=70828","og_site_name":"AliadosPuebla","article_author":"https:\/\/www.facebook.com\/Aliados17Pue","article_published_time":"2022-04-19T18:11:23+00:00","og_image":[{"width":600,"height":450,"url":"https:\/\/www.aliadospuebla.com\/web2017\/wp-content\/uploads\/2022\/04\/110-amozoc.jpg","type":"image\/jpeg"}],"author":"Aliados17","twitter_card":"summary_large_image","twitter_creator":"@AliadosPuebla","twitter_misc":{"Escrito por":"Aliados17","Tiempo de lectura":"1 minuto"},"schema":{"@context":"https:\/\/schema.org","@graph":[{"@type":"Article","@id":"https:\/\/www.aliadospuebla.com\/?p=70828#article","isPartOf":{"@id":"https:\/\/www.aliadospuebla.com\/?p=70828"},"author":{"name":"Aliados17","@id":"https:\/\/www.aliadospuebla.com\/#\/schema\/person\/5da7dd09320bd4f392b710017ed5f8ad"},"headline":"Conmemoran Aniversario Luctuoso de Camarena en Amozoc","datePublished":"2022-04-19T18:11:23+00:00","mainEntityOfPage":{"@id":"https:\/\/www.aliadospuebla.com\/?p=70828"},"wordCount":196,"commentCount":0,"image":{"@id":"https:\/\/www.aliadospuebla.com\/?p=70828#primaryimage"},"thumbnailUrl":"https:\/\/www.aliadospuebla.com\/web2017\/wp-content\/uploads\/2022\/04\/110-amozoc.jpg","keywords":["AMOZOC","ANIVERSARIO LUCTUOSO","Enrique Castro","Guillermo Gonz\u00e1lez Camarena","MARIO DE LA ROSA ROMERO"],"articleSection":["Municipios"],"inLanguage":"es","potentialAction":[{"@type":"CommentAction","name":"Comment","target":["https:\/\/www.aliadospuebla.com\/?p=70828#respond"]}]},{"@type":"WebPage","@id":"https:\/\/www.aliadospuebla.com\/?p=70828","url":"https:\/\/www.aliadospuebla.com\/?p=70828","name":"Conmemoran Aniversario Luctuoso de Camarena en Amozoc - AliadosPuebla","isPartOf":{"@id":"https:\/\/www.aliadospuebla.com\/#website"},"primaryImageOfPage":{"@id":"https:\/\/www.aliadospuebla.com\/?p=70828#primaryimage"},"image":{"@id":"https:\/\/www.aliadospuebla.com\/?p=70828#primaryimage"},"thumbnailUrl":"https:\/\/www.aliadospuebla.com\/web2017\/wp-content\/uploads\/2022\/04\/110-amozoc.jpg","datePublished":"2022-04-19T18:11:23+00:00","author":{"@id":"https:\/\/www.aliadospuebla.com\/#\/schema\/person\/5da7dd09320bd4f392b710017ed5f8ad"},"breadcrumb":{"@id":"https:\/\/www.aliadospuebla.com\/?p=70828#breadcrumb"},"inLanguage":"es","potentialAction":[{"@type":"ReadAction","target":["https:\/\/www.aliadospuebla.com\/?p=70828"]}]},{"@type":"ImageObject","inLanguage":"es","@id":"https:\/\/www.aliadospuebla.com\/?p=70828#primaryimage","url":"https:\/\/www.aliadospuebla.com\/web2017\/wp-content\/uploads\/2022\/04\/110-amozoc.jpg","contentUrl":"https:\/\/www.aliadospuebla.com\/web2017\/wp-content\/uploads\/2022\/04\/110-amozoc.jpg","width":600,"height":450},{"@type":"BreadcrumbList","@id":"https:\/\/www.aliadospuebla.com\/?p=70828#breadcrumb","itemListElement":[{"@type":"ListItem","position":1,"name":"Portada","item":"https:\/\/www.aliadospuebla.com\/"},{"@type":"ListItem","position":2,"name":"Conmemoran Aniversario Luctuoso de Camarena en Amozoc"}]},{"@type":"WebSite","@id":"https:\/\/www.aliadospuebla.com\/#website","url":"https:\/\/www.aliadospuebla.com\/","name":"AliadosPuebla","description":"La informaci\u00f3n en tus manos","potentialAction":[{"@type":"SearchAction","target":{"@type":"EntryPoint","urlTemplate":"https:\/\/www.aliadospuebla.com\/?s={search_term_string}"},"query-input":{"@type":"PropertyValueSpecification","valueRequired":true,"valueName":"search_term_string"}}],"inLanguage":"es"},{"@type":"Person","@id":"https:\/\/www.aliadospuebla.com\/#\/schema\/person\/5da7dd09320bd4f392b710017ed5f8ad","name":"Aliados17","image":{"@type":"ImageObject","inLanguage":"es","@id":"https:\/\/www.aliadospuebla.com\/web2017\/wp-content\/uploads\/2025\/03\/cropped-para-perfil-8-anos-1-96x96.jpg","url":"https:\/\/www.aliadospuebla.com\/web2017\/wp-content\/uploads\/2025\/03\/cropped-para-perfil-8-anos-1-96x96.jpg","contentUrl":"https:\/\/www.aliadospuebla.com\/web2017\/wp-content\/uploads\/2025\/03\/cropped-para-perfil-8-anos-1-96x96.jpg","caption":"Aliados17"},"sameAs":["https:\/\/www.aliados17.com","https:\/\/www.facebook.com\/Aliados17Pue","https:\/\/x.com\/AliadosPuebla"],"url":"https:\/\/www.aliadospuebla.com\/?author=2"}]}},"views":4,"_links":{"self":[{"href":"https:\/\/www.aliadospuebla.com\/index.php?rest_route=\/wp\/v2\/posts\/70828","targetHints":{"allow":["GET"]}}],"collection":[{"href":"https:\/\/www.aliadospuebla.com\/index.php?rest_route=\/wp\/v2\/posts"}],"about":[{"href":"https:\/\/www.aliadospuebla.com\/index.php?rest_route=\/wp\/v2\/types\/post"}],"author":[{"embeddable":true,"href":"https:\/\/www.aliadospuebla.com\/index.php?rest_route=\/wp\/v2\/users\/2"}],"replies":[{"embeddable":true,"href":"https:\/\/www.aliadospuebla.com\/index.php?rest_route=%2Fwp%2Fv2%2Fcomments&post=70828"}],"version-history":[{"count":1,"href":"https:\/\/www.aliadospuebla.com\/index.php?rest_route=\/wp\/v2\/posts\/70828\/revisions"}],"predecessor-version":[{"id":70830,"href":"https:\/\/www.aliadospuebla.com\/index.php?rest_route=\/wp\/v2\/posts\/70828\/revisions\/70830"}],"wp:featuredmedia":[{"embeddable":true,"href":"https:\/\/www.aliadospuebla.com\/index.php?rest_route=\/wp\/v2\/media\/70829"}],"wp:attachment":[{"href":"https:\/\/www.aliadospuebla.com\/index.php?rest_route=%2Fwp%2Fv2%2Fmedia&parent=70828"}],"wp:term":[{"taxonomy":"category","embeddable":true,"href":"https:\/\/www.aliadospuebla.com\/index.php?rest_route=%2Fwp%2Fv2%2Fcategories&post=70828"},{"taxonomy":"post_tag","embeddable":true,"href":"https:\/\/www.aliadospuebla.com\/index.php?rest_route=%2Fwp%2Fv2%2Ftags&post=70828"}],"curies":[{"name":"wp","href":"https:\/\/api.w.org\/{rel}","templated":true}]}}