{"id":70706,"date":"2022-04-14T14:59:54","date_gmt":"2022-04-14T19:59:54","guid":{"rendered":"https:\/\/www.aliados17.com\/?p=70706"},"modified":"2022-04-14T14:59:54","modified_gmt":"2022-04-14T19:59:54","slug":"presidente-del-prd-puebla-llama-a-diputados-federales-a-no-dejar-pasar-la-reforma-electrica","status":"publish","type":"post","link":"https:\/\/www.aliadospuebla.com\/?p=70706","title":{"rendered":"Presidente del PRD Puebla llama a diputados federales a no dejar pasar la reforma el\u00e9ctrica"},"content":{"rendered":"<div id=\":pt\" class=\"ii gt\">\n<div id=\":ps\" class=\"a3s aiL \">\n<div dir=\"ltr\">\n<p>Puebla, Pue.- El Presidente del Partido Revoluci\u00f3n Democr\u00e1tica (PRD) en Puebla, Carlos Mart\u00ednez Amador se\u00f1al\u00f3 que la reforma el\u00e9ctrica que desea impulsar Morena en el Congreso de la Uni\u00f3n, le ha generado un serio problema, toda vez que no ayuda a los mexicanos y va contra el medio ambiente.<\/p>\n<p>&nbsp;<\/p>\n<p>En este sentido, el l\u00edder del PRD en Puebla, dijo que ve con preocupaci\u00f3n que el Gobierno de Morena quiere impulsar una reforma que alienta a una energ\u00eda contaminada, con la complacencia del Partido Verde Ecologista de M\u00e9xico, \u201cquieren limitar las ventas de energ\u00eda de proyectos privados extranjeros\u201d.<\/p>\n<p>&nbsp;<\/p>\n<p>\u201cDe entrar en vigor, esto podr\u00eda traducirse en tarifas finales de suministro el\u00e9ctrico m\u00e1s altas, que deber\u00e1n pagar los consumidores y\/o el gobierno mediante subsidios\u201d, asever\u00f3 el Presidente del PRD poblano.<\/p>\n<p>&nbsp;<\/p>\n<p>Por lo anterior, Carlos Mart\u00ednez hizo un llamado a los diputados federales del PRD a cerrar filas y no dejar pasar la reforma, asimismo, felicit\u00f3 a las y los legisladores federales de la alianza Va por Puebla, quienes en un acto in\u00e9dito se agruparon para votar en contra.<\/p>\n<\/div>\n<div class=\"yj6qo\"><\/div>\n<div class=\"adL\"><\/div>\n<\/div>\n<\/div>\n<div id=\":wl\" class=\"hq gt\"><\/div>\n","protected":false},"excerpt":{"rendered":"<p>Puebla, Pue.- El Presidente del Partido Revoluci\u00f3n Democr\u00e1tica (PRD) en Puebla, Carlos Mart\u00ednez Amador se\u00f1al\u00f3 que la reforma el\u00e9ctrica que desea impulsar Morena en el Congreso de la Uni\u00f3n, le ha generado un serio problema, toda vez que no ayuda a los mexicanos y va contra el medio ambiente. &nbsp; En este sentido, el l\u00edder del PRD en Puebla, dijo que ve con preocupaci\u00f3n que el Gobierno de Morena quiere impulsar una reforma que alienta a una energ\u00eda contaminada, con la complacencia del Partido Verde Ecologista de M\u00e9xico, \u201cquieren limitar las ventas de energ\u00eda de proyectos privados extranjeros\u201d. &nbsp; \u201cDe entrar en vigor, esto podr\u00eda traducirse en tarifas finales de suministro el\u00e9ctrico m\u00e1s altas, que deber\u00e1n pagar los consumidores y\/o el gobierno mediante subsidios\u201d, asever\u00f3&hellip;<\/p>\n<p class=\"excerpt-more\"><a class=\"blog-excerpt button\" href=\"https:\/\/www.aliadospuebla.com\/?p=70706\">Leer m\u00e1s&#8230;<\/a><\/p>\n","protected":false},"author":2,"featured_media":70707,"comment_status":"open","ping_status":"open","sticky":false,"template":"","format":"standard","meta":{"_monsterinsights_skip_tracking":false,"footnotes":""},"categories":[6],"tags":[2086,11026,10636,18949,18951,1487,18950,72],"class_list":["post-70706","post","type-post","status-publish","format-standard","has-post-thumbnail","hentry","category-politica","tag-ayuntamiento-de-puebla","tag-ciudad-de-puebla","tag-estado-de-puebla","tag-gobierno-depuebla","tag-politica-prd","tag-prd","tag-prd-politica","tag-puebla"],"yoast_head":"<!-- This site is optimized with the Yoast SEO plugin v28.4 - https:\/\/yoast.com\/product\/yoast-seo-wordpress\/ -->\n<title>Presidente del PRD Puebla llama a diputados federales a no dejar pasar la reforma el\u00e9ctrica - AliadosPuebla<\/title>\n<meta name=\"robots\" content=\"index, follow, max-snippet:-1, max-image-preview:large, max-video-preview:-1\" \/>\n<link rel=\"canonical\" href=\"https:\/\/www.aliadospuebla.com\/?p=70706\" \/>\n<meta property=\"og:locale\" content=\"es_ES\" \/>\n<meta property=\"og:type\" content=\"article\" \/>\n<meta property=\"og:title\" content=\"Presidente del PRD Puebla llama a diputados federales a no dejar pasar la reforma el\u00e9ctrica - AliadosPuebla\" \/>\n<meta property=\"og:description\" content=\"Puebla, Pue.- El Presidente del Partido Revoluci\u00f3n Democr\u00e1tica (PRD) en Puebla, Carlos Mart\u00ednez Amador se\u00f1al\u00f3 que la reforma el\u00e9ctrica que desea impulsar Morena en el Congreso de la Uni\u00f3n, le ha generado un serio problema, toda vez que no ayuda a los mexicanos y va contra el medio ambiente. &nbsp; En este sentido, el l\u00edder del PRD en Puebla, dijo que ve con preocupaci\u00f3n que el Gobierno de Morena quiere impulsar una reforma que alienta a una energ\u00eda contaminada, con la complacencia del Partido Verde Ecologista de M\u00e9xico, \u201cquieren limitar las ventas de energ\u00eda de proyectos privados extranjeros\u201d. &nbsp; \u201cDe entrar en vigor, esto podr\u00eda traducirse en tarifas finales de suministro el\u00e9ctrico m\u00e1s altas, que deber\u00e1n pagar los consumidores y\/o el gobierno mediante subsidios\u201d, asever\u00f3&hellip;Leer m\u00e1s...\" \/>\n<meta property=\"og:url\" content=\"https:\/\/www.aliadospuebla.com\/?p=70706\" \/>\n<meta property=\"og:site_name\" content=\"AliadosPuebla\" \/>\n<meta property=\"article:author\" content=\"https:\/\/www.facebook.com\/Aliados17Pue\" \/>\n<meta property=\"article:published_time\" content=\"2022-04-14T19:59:54+00:00\" \/>\n<meta property=\"og:image\" content=\"https:\/\/www.aliadospuebla.com\/web2017\/wp-content\/uploads\/2022\/04\/46-prd.jpg\" \/>\n\t<meta property=\"og:image:width\" content=\"600\" \/>\n\t<meta property=\"og:image:height\" content=\"450\" \/>\n\t<meta property=\"og:image:type\" content=\"image\/jpeg\" \/>\n<meta name=\"author\" content=\"Aliados17\" \/>\n<meta name=\"twitter:card\" content=\"summary_large_image\" \/>\n<meta name=\"twitter:creator\" content=\"@AliadosPuebla\" \/>\n<meta name=\"twitter:label1\" content=\"Escrito por\" \/>\n\t<meta name=\"twitter:data1\" content=\"Aliados17\" \/>\n\t<meta name=\"twitter:label2\" content=\"Tiempo de lectura\" \/>\n\t<meta name=\"twitter:data2\" content=\"1 minuto\" \/>\n<script type=\"application\/ld+json\" class=\"yoast-schema-graph\">{\"@context\":\"https:\\\/\\\/schema.org\",\"@graph\":[{\"@type\":\"Article\",\"@id\":\"https:\\\/\\\/www.aliadospuebla.com\\\/?p=70706#article\",\"isPartOf\":{\"@id\":\"https:\\\/\\\/www.aliadospuebla.com\\\/?p=70706\"},\"author\":{\"name\":\"Aliados17\",\"@id\":\"https:\\\/\\\/www.aliadospuebla.com\\\/#\\\/schema\\\/person\\\/5da7dd09320bd4f392b710017ed5f8ad\"},\"headline\":\"Presidente del PRD Puebla llama a diputados federales a no dejar pasar la reforma el\u00e9ctrica\",\"datePublished\":\"2022-04-14T19:59:54+00:00\",\"mainEntityOfPage\":{\"@id\":\"https:\\\/\\\/www.aliadospuebla.com\\\/?p=70706\"},\"wordCount\":214,\"commentCount\":0,\"image\":{\"@id\":\"https:\\\/\\\/www.aliadospuebla.com\\\/?p=70706#primaryimage\"},\"thumbnailUrl\":\"https:\\\/\\\/www.aliadospuebla.com\\\/web2017\\\/wp-content\\\/uploads\\\/2022\\\/04\\\/46-prd.jpg\",\"keywords\":[\"AYUNTAMIENTO DE PUEBLA\",\"CIUDAD DE PUEBLA\",\"ESTADO DE PUEBLA\",\"Gobierno dePuebla\",\"Politica PRD\",\"PRD\",\"PRD Politica\",\"Puebla\"],\"articleSection\":[\"Pol\u00edtica\"],\"inLanguage\":\"es\",\"potentialAction\":[{\"@type\":\"CommentAction\",\"name\":\"Comment\",\"target\":[\"https:\\\/\\\/www.aliadospuebla.com\\\/?p=70706#respond\"]}]},{\"@type\":\"WebPage\",\"@id\":\"https:\\\/\\\/www.aliadospuebla.com\\\/?p=70706\",\"url\":\"https:\\\/\\\/www.aliadospuebla.com\\\/?p=70706\",\"name\":\"Presidente del PRD Puebla llama a diputados federales a no dejar pasar la reforma el\u00e9ctrica - AliadosPuebla\",\"isPartOf\":{\"@id\":\"https:\\\/\\\/www.aliadospuebla.com\\\/#website\"},\"primaryImageOfPage\":{\"@id\":\"https:\\\/\\\/www.aliadospuebla.com\\\/?p=70706#primaryimage\"},\"image\":{\"@id\":\"https:\\\/\\\/www.aliadospuebla.com\\\/?p=70706#primaryimage\"},\"thumbnailUrl\":\"https:\\\/\\\/www.aliadospuebla.com\\\/web2017\\\/wp-content\\\/uploads\\\/2022\\\/04\\\/46-prd.jpg\",\"datePublished\":\"2022-04-14T19:59:54+00:00\",\"author\":{\"@id\":\"https:\\\/\\\/www.aliadospuebla.com\\\/#\\\/schema\\\/person\\\/5da7dd09320bd4f392b710017ed5f8ad\"},\"breadcrumb\":{\"@id\":\"https:\\\/\\\/www.aliadospuebla.com\\\/?p=70706#breadcrumb\"},\"inLanguage\":\"es\",\"potentialAction\":[{\"@type\":\"ReadAction\",\"target\":[\"https:\\\/\\\/www.aliadospuebla.com\\\/?p=70706\"]}]},{\"@type\":\"ImageObject\",\"inLanguage\":\"es\",\"@id\":\"https:\\\/\\\/www.aliadospuebla.com\\\/?p=70706#primaryimage\",\"url\":\"https:\\\/\\\/www.aliadospuebla.com\\\/web2017\\\/wp-content\\\/uploads\\\/2022\\\/04\\\/46-prd.jpg\",\"contentUrl\":\"https:\\\/\\\/www.aliadospuebla.com\\\/web2017\\\/wp-content\\\/uploads\\\/2022\\\/04\\\/46-prd.jpg\",\"width\":600,\"height\":450},{\"@type\":\"BreadcrumbList\",\"@id\":\"https:\\\/\\\/www.aliadospuebla.com\\\/?p=70706#breadcrumb\",\"itemListElement\":[{\"@type\":\"ListItem\",\"position\":1,\"name\":\"Portada\",\"item\":\"https:\\\/\\\/www.aliadospuebla.com\\\/\"},{\"@type\":\"ListItem\",\"position\":2,\"name\":\"Presidente del PRD Puebla llama a diputados federales a no dejar pasar la reforma el\u00e9ctrica\"}]},{\"@type\":\"WebSite\",\"@id\":\"https:\\\/\\\/www.aliadospuebla.com\\\/#website\",\"url\":\"https:\\\/\\\/www.aliadospuebla.com\\\/\",\"name\":\"AliadosPuebla\",\"description\":\"La informaci\u00f3n en tus manos\",\"potentialAction\":[{\"@type\":\"SearchAction\",\"target\":{\"@type\":\"EntryPoint\",\"urlTemplate\":\"https:\\\/\\\/www.aliadospuebla.com\\\/?s={search_term_string}\"},\"query-input\":{\"@type\":\"PropertyValueSpecification\",\"valueRequired\":true,\"valueName\":\"search_term_string\"}}],\"inLanguage\":\"es\"},{\"@type\":\"Person\",\"@id\":\"https:\\\/\\\/www.aliadospuebla.com\\\/#\\\/schema\\\/person\\\/5da7dd09320bd4f392b710017ed5f8ad\",\"name\":\"Aliados17\",\"image\":{\"@type\":\"ImageObject\",\"inLanguage\":\"es\",\"@id\":\"https:\\\/\\\/www.aliadospuebla.com\\\/web2017\\\/wp-content\\\/uploads\\\/2025\\\/03\\\/cropped-para-perfil-8-anos-1-96x96.jpg\",\"url\":\"https:\\\/\\\/www.aliadospuebla.com\\\/web2017\\\/wp-content\\\/uploads\\\/2025\\\/03\\\/cropped-para-perfil-8-anos-1-96x96.jpg\",\"contentUrl\":\"https:\\\/\\\/www.aliadospuebla.com\\\/web2017\\\/wp-content\\\/uploads\\\/2025\\\/03\\\/cropped-para-perfil-8-anos-1-96x96.jpg\",\"caption\":\"Aliados17\"},\"sameAs\":[\"https:\\\/\\\/www.aliados17.com\",\"https:\\\/\\\/www.facebook.com\\\/Aliados17Pue\",\"https:\\\/\\\/x.com\\\/AliadosPuebla\"],\"url\":\"https:\\\/\\\/www.aliadospuebla.com\\\/?author=2\"}]}<\/script>\n<!-- \/ Yoast SEO plugin. -->","yoast_head_json":{"title":"Presidente del PRD Puebla llama a diputados federales a no dejar pasar la reforma el\u00e9ctrica - AliadosPuebla","robots":{"index":"index","follow":"follow","max-snippet":"max-snippet:-1","max-image-preview":"max-image-preview:large","max-video-preview":"max-video-preview:-1"},"canonical":"https:\/\/www.aliadospuebla.com\/?p=70706","og_locale":"es_ES","og_type":"article","og_title":"Presidente del PRD Puebla llama a diputados federales a no dejar pasar la reforma el\u00e9ctrica - AliadosPuebla","og_description":"Puebla, Pue.- El Presidente del Partido Revoluci\u00f3n Democr\u00e1tica (PRD) en Puebla, Carlos Mart\u00ednez Amador se\u00f1al\u00f3 que la reforma el\u00e9ctrica que desea impulsar Morena en el Congreso de la Uni\u00f3n, le ha generado un serio problema, toda vez que no ayuda a los mexicanos y va contra el medio ambiente. &nbsp; En este sentido, el l\u00edder del PRD en Puebla, dijo que ve con preocupaci\u00f3n que el Gobierno de Morena quiere impulsar una reforma que alienta a una energ\u00eda contaminada, con la complacencia del Partido Verde Ecologista de M\u00e9xico, \u201cquieren limitar las ventas de energ\u00eda de proyectos privados extranjeros\u201d. &nbsp; \u201cDe entrar en vigor, esto podr\u00eda traducirse en tarifas finales de suministro el\u00e9ctrico m\u00e1s altas, que deber\u00e1n pagar los consumidores y\/o el gobierno mediante subsidios\u201d, asever\u00f3&hellip;Leer m\u00e1s...","og_url":"https:\/\/www.aliadospuebla.com\/?p=70706","og_site_name":"AliadosPuebla","article_author":"https:\/\/www.facebook.com\/Aliados17Pue","article_published_time":"2022-04-14T19:59:54+00:00","og_image":[{"width":600,"height":450,"url":"https:\/\/www.aliadospuebla.com\/web2017\/wp-content\/uploads\/2022\/04\/46-prd.jpg","type":"image\/jpeg"}],"author":"Aliados17","twitter_card":"summary_large_image","twitter_creator":"@AliadosPuebla","twitter_misc":{"Escrito por":"Aliados17","Tiempo de lectura":"1 minuto"},"schema":{"@context":"https:\/\/schema.org","@graph":[{"@type":"Article","@id":"https:\/\/www.aliadospuebla.com\/?p=70706#article","isPartOf":{"@id":"https:\/\/www.aliadospuebla.com\/?p=70706"},"author":{"name":"Aliados17","@id":"https:\/\/www.aliadospuebla.com\/#\/schema\/person\/5da7dd09320bd4f392b710017ed5f8ad"},"headline":"Presidente del PRD Puebla llama a diputados federales a no dejar pasar la reforma el\u00e9ctrica","datePublished":"2022-04-14T19:59:54+00:00","mainEntityOfPage":{"@id":"https:\/\/www.aliadospuebla.com\/?p=70706"},"wordCount":214,"commentCount":0,"image":{"@id":"https:\/\/www.aliadospuebla.com\/?p=70706#primaryimage"},"thumbnailUrl":"https:\/\/www.aliadospuebla.com\/web2017\/wp-content\/uploads\/2022\/04\/46-prd.jpg","keywords":["AYUNTAMIENTO DE PUEBLA","CIUDAD DE PUEBLA","ESTADO DE PUEBLA","Gobierno dePuebla","Politica PRD","PRD","PRD Politica","Puebla"],"articleSection":["Pol\u00edtica"],"inLanguage":"es","potentialAction":[{"@type":"CommentAction","name":"Comment","target":["https:\/\/www.aliadospuebla.com\/?p=70706#respond"]}]},{"@type":"WebPage","@id":"https:\/\/www.aliadospuebla.com\/?p=70706","url":"https:\/\/www.aliadospuebla.com\/?p=70706","name":"Presidente del PRD Puebla llama a diputados federales a no dejar pasar la reforma el\u00e9ctrica - AliadosPuebla","isPartOf":{"@id":"https:\/\/www.aliadospuebla.com\/#website"},"primaryImageOfPage":{"@id":"https:\/\/www.aliadospuebla.com\/?p=70706#primaryimage"},"image":{"@id":"https:\/\/www.aliadospuebla.com\/?p=70706#primaryimage"},"thumbnailUrl":"https:\/\/www.aliadospuebla.com\/web2017\/wp-content\/uploads\/2022\/04\/46-prd.jpg","datePublished":"2022-04-14T19:59:54+00:00","author":{"@id":"https:\/\/www.aliadospuebla.com\/#\/schema\/person\/5da7dd09320bd4f392b710017ed5f8ad"},"breadcrumb":{"@id":"https:\/\/www.aliadospuebla.com\/?p=70706#breadcrumb"},"inLanguage":"es","potentialAction":[{"@type":"ReadAction","target":["https:\/\/www.aliadospuebla.com\/?p=70706"]}]},{"@type":"ImageObject","inLanguage":"es","@id":"https:\/\/www.aliadospuebla.com\/?p=70706#primaryimage","url":"https:\/\/www.aliadospuebla.com\/web2017\/wp-content\/uploads\/2022\/04\/46-prd.jpg","contentUrl":"https:\/\/www.aliadospuebla.com\/web2017\/wp-content\/uploads\/2022\/04\/46-prd.jpg","width":600,"height":450},{"@type":"BreadcrumbList","@id":"https:\/\/www.aliadospuebla.com\/?p=70706#breadcrumb","itemListElement":[{"@type":"ListItem","position":1,"name":"Portada","item":"https:\/\/www.aliadospuebla.com\/"},{"@type":"ListItem","position":2,"name":"Presidente del PRD Puebla llama a diputados federales a no dejar pasar la reforma el\u00e9ctrica"}]},{"@type":"WebSite","@id":"https:\/\/www.aliadospuebla.com\/#website","url":"https:\/\/www.aliadospuebla.com\/","name":"AliadosPuebla","description":"La informaci\u00f3n en tus manos","potentialAction":[{"@type":"SearchAction","target":{"@type":"EntryPoint","urlTemplate":"https:\/\/www.aliadospuebla.com\/?s={search_term_string}"},"query-input":{"@type":"PropertyValueSpecification","valueRequired":true,"valueName":"search_term_string"}}],"inLanguage":"es"},{"@type":"Person","@id":"https:\/\/www.aliadospuebla.com\/#\/schema\/person\/5da7dd09320bd4f392b710017ed5f8ad","name":"Aliados17","image":{"@type":"ImageObject","inLanguage":"es","@id":"https:\/\/www.aliadospuebla.com\/web2017\/wp-content\/uploads\/2025\/03\/cropped-para-perfil-8-anos-1-96x96.jpg","url":"https:\/\/www.aliadospuebla.com\/web2017\/wp-content\/uploads\/2025\/03\/cropped-para-perfil-8-anos-1-96x96.jpg","contentUrl":"https:\/\/www.aliadospuebla.com\/web2017\/wp-content\/uploads\/2025\/03\/cropped-para-perfil-8-anos-1-96x96.jpg","caption":"Aliados17"},"sameAs":["https:\/\/www.aliados17.com","https:\/\/www.facebook.com\/Aliados17Pue","https:\/\/x.com\/AliadosPuebla"],"url":"https:\/\/www.aliadospuebla.com\/?author=2"}]}},"views":10,"_links":{"self":[{"href":"https:\/\/www.aliadospuebla.com\/index.php?rest_route=\/wp\/v2\/posts\/70706","targetHints":{"allow":["GET"]}}],"collection":[{"href":"https:\/\/www.aliadospuebla.com\/index.php?rest_route=\/wp\/v2\/posts"}],"about":[{"href":"https:\/\/www.aliadospuebla.com\/index.php?rest_route=\/wp\/v2\/types\/post"}],"author":[{"embeddable":true,"href":"https:\/\/www.aliadospuebla.com\/index.php?rest_route=\/wp\/v2\/users\/2"}],"replies":[{"embeddable":true,"href":"https:\/\/www.aliadospuebla.com\/index.php?rest_route=%2Fwp%2Fv2%2Fcomments&post=70706"}],"version-history":[{"count":1,"href":"https:\/\/www.aliadospuebla.com\/index.php?rest_route=\/wp\/v2\/posts\/70706\/revisions"}],"predecessor-version":[{"id":70708,"href":"https:\/\/www.aliadospuebla.com\/index.php?rest_route=\/wp\/v2\/posts\/70706\/revisions\/70708"}],"wp:featuredmedia":[{"embeddable":true,"href":"https:\/\/www.aliadospuebla.com\/index.php?rest_route=\/wp\/v2\/media\/70707"}],"wp:attachment":[{"href":"https:\/\/www.aliadospuebla.com\/index.php?rest_route=%2Fwp%2Fv2%2Fmedia&parent=70706"}],"wp:term":[{"taxonomy":"category","embeddable":true,"href":"https:\/\/www.aliadospuebla.com\/index.php?rest_route=%2Fwp%2Fv2%2Fcategories&post=70706"},{"taxonomy":"post_tag","embeddable":true,"href":"https:\/\/www.aliadospuebla.com\/index.php?rest_route=%2Fwp%2Fv2%2Ftags&post=70706"}],"curies":[{"name":"wp","href":"https:\/\/api.w.org\/{rel}","templated":true}]}}